
{"id":1082825,"date":"2023-03-02T13:54:40","date_gmt":"2023-03-02T12:54:40","guid":{"rendered":"https:\/\/webalkans.eu\/news\/eu-ambassador-visits-municipality-of-kolasin-e9-million-for-kolasins-infrastructural-problems\/"},"modified":"2023-04-06T15:27:42","modified_gmt":"2023-04-06T13:27:42","slug":"eu-ambassador-visits-municipality-of-kolasin-e9-million-for-kolasins-infrastructural-problems","status":"publish","type":"post","link":"https:\/\/webalkans.eu\/sq\/news\/eu-ambassador-visits-municipality-of-kolasin-e9-million-for-kolasins-infrastructural-problems\/","title":{"rendered":"Ambasadori i BE-s\u00eb viziton Bashkin\u00eb e Kolashinit: 9 milion\u00eb Euro p\u00ebr problemet infrastrukturore t\u00eb Kolashinit"},"content":{"rendered":"<p style=\"font-weight: 400;\">Projektet e shumta me t\u00eb cilat Bashkimi Evropian mb\u00ebshtet Bashkin\u00eb e Kolashinit dhe m\u00ebnyrat se si mund t\u00eb vazhdohet kjo mb\u00ebshtetje ishin temat e trajtuara gjat\u00eb vizit\u00ebs s\u00eb shefit t\u00eb Delegacionit t\u00eb Bashkimit Evropian n\u00eb Mal t\u00eb Zi, n\u00eb Kolashin. Ambasadorja Oana Cristina Popa takoi kryetarin e bashkis\u00eb, Vladimir Martinovic, dhe p\u00ebrfituesit e fondeve t\u00eb BE-s\u00eb nga zona e Bashkis\u00eb s\u00eb Kolashinit. Ata diskutuan p\u00ebr mb\u00ebshtetjen e vazhdueshme t\u00eb BE-s\u00eb p\u00ebr komunitetin lokal dhe p\u00ebr mund\u00ebsit\u00eb e p\u00ebrpjekjeve t\u00eb p\u00ebrbashk\u00ebta p\u00ebr t\u00eb ndihmuar popullsin\u00eb lokale dhe zhvillimin e Kolashinit.<\/p>\n<p>&nbsp;<\/p>\n<p style=\"font-weight: 400;\">Ambasadorja Popa tha se aksesueshm\u00ebria e duhur dhe infrastruktura e besueshme e transportit jan\u00eb thelb\u00ebsore p\u00ebr ekonomin\u00eb n\u00eb rritje t\u00eb Kolashinit, ve\u00e7an\u00ebrisht p\u00ebr turizmin, duke deklaruar se Bashkimi Evropian i ofron mb\u00ebshtetje Bashkis\u00eb p\u00ebr \u00e7do segment t\u00eb zhvillimit. Bashkimi Evropian investoi mbi 9 milion\u00eb euro p\u00ebr rind\u00ebrtimin e dy segmenteve t\u00eb hekurudh\u00ebs Beograd-Tivar n\u00eb territorin e Bashkis\u00eb dhe nj\u00eb shum\u00eb e nj\u00ebjt\u00eb u akordua p\u00ebr problemet infrastrukturore t\u00eb qytetit. \u201cP\u00ebr sa i p\u00ebrket infrastruktur\u00ebs komunale, q\u00eb \u00ebsht\u00eb e nevojshme, si p\u00ebr t\u00eb p\u00ebrmir\u00ebsuar cil\u00ebsin\u00eb e jet\u00ebs s\u00eb popullsis\u00eb lokale, ashtu dhe p\u00ebr t&#8217;i sh\u00ebrbyer numrit n\u00eb rritje t\u00eb vizitor\u00ebve, BE-ja ka akorduar gati 9 milion\u00eb euro p\u00ebr ta ndihmuar Bashkin\u00eb t\u00eb p\u00ebrmir\u00ebsoj\u00eb sistemin uj\u00ebsjell\u00ebs dhe t\u00eb nd\u00ebrtoj\u00eb nj\u00eb impiant trajtimi t\u00eb uj\u00ebrave t\u00eb ndotura dhe nj\u00eb rrjet t\u00eb uj\u00ebrave t\u00eb zeza\u201d, shpjegoi Popa.<\/p>\n<p>&nbsp;<\/p>\n<p style=\"font-weight: 400;\">Ambasadori Popa vizitoi edhe resortin e zot\u00ebruar nga shteti t\u00eb skive, Kolashin 1600, dhe i ftoi t\u00eb gjith\u00eb ata q\u00eb kan\u00eb mund\u00ebsi, q\u00eb t\u00eb p\u00ebrfitojn\u00eb nga sezoni me temperatura t\u00eb ulura t\u00eb dimrit p\u00ebr t\u00eb shijuar pistat e skive dhe mikpritjen e kolashinasve. Ambasadorja Popa tha se mb\u00ebshtetja e BE-s\u00eb p\u00ebr p\u00ebrpjekjet e komunitetit lokal p\u00ebr ta b\u00ebr\u00eb Kolashinin nj\u00eb vend edhe m\u00eb t\u00eb k\u00ebndsh\u00ebm p\u00ebr t\u00eb jetuar dhe p\u00ebr t\u2019u vizituar do t\u00eb vazhdoj\u00eb.<\/p>\n","protected":false},"excerpt":{"rendered":"<p>Projektet e shumta me t\u00eb cilat Bashkimi Evropian mb\u00ebshtet Bashkin\u00eb e Kolashinit dhe m\u00ebnyrat se si mund t\u00eb vazhdohet kjo mb\u00ebshtetje ishin temat e trajtuara <\/p>\n","protected":false},"author":152227,"featured_media":1051577,"comment_status":"closed","ping_status":"closed","sticky":false,"template":"","format":"standard","meta":{"_acf_changed":false,"_monsterinsights_skip_tracking":false,"_monsterinsights_sitenote_active":false,"_monsterinsights_sitenote_note":"","_monsterinsights_sitenote_category":0,"footnotes":""},"country-for-news":[431],"class_list":["post-1082825","post","type-post","status-publish","format-standard","has-post-thumbnail","hentry","wb_theme-connectivity","country-for-news-montenegro"],"acf":[],"yoast_head":"<!-- This site is optimized with the Yoast SEO plugin v25.3.1 - https:\/\/yoast.com\/wordpress\/plugins\/seo\/ -->\n<title>Ambasadori i BE-s\u00eb viziton Bashkin\u00eb e Kolashinit: 9 milion\u00eb Euro p\u00ebr problemet infrastrukturore t\u00eb Kolashinit News | WeBalkans<\/title>\n<meta name=\"description\" content=\"Ambasadori i BE-s\u00eb viziton Bashkin\u00eb e Kolashinit: 9 milion\u00eb Euro p\u00ebr problemet infrastrukturore t\u00eb Kolashinit\" \/>\n<meta name=\"robots\" content=\"index, follow, max-snippet:-1, max-image-preview:large, max-video-preview:-1\" \/>\n<link rel=\"canonical\" href=\"https:\/\/webalkans.eu\/sq\/news\/eu-ambassador-visits-municipality-of-kolasin-e9-million-for-kolasins-infrastructural-problems\/\" \/>\n<meta property=\"og:locale\" content=\"sq_AL\" \/>\n<meta property=\"og:type\" content=\"article\" \/>\n<meta property=\"og:title\" content=\"Ambasadori i BE-s\u00eb viziton Bashkin\u00eb e Kolashinit: 9 milion\u00eb Euro p\u00ebr problemet infrastrukturore t\u00eb Kolashinit News | WeBalkans\" \/>\n<meta property=\"og:description\" content=\"Ambasadori i BE-s\u00eb viziton Bashkin\u00eb e Kolashinit: 9 milion\u00eb Euro p\u00ebr problemet infrastrukturore t\u00eb Kolashinit\" \/>\n<meta property=\"og:url\" content=\"https:\/\/webalkans.eu\/sq\/news\/eu-ambassador-visits-municipality-of-kolasin-e9-million-for-kolasins-infrastructural-problems\/\" \/>\n<meta property=\"og:site_name\" content=\"WeBalkans | EU Projects in the Western Balkans\" \/>\n<meta property=\"article:publisher\" content=\"https:\/\/www.facebook.com\/webalkans.eu\" \/>\n<meta property=\"article:published_time\" content=\"2023-03-02T12:54:40+00:00\" \/>\n<meta property=\"article:modified_time\" content=\"2023-04-06T13:27:42+00:00\" \/>\n<meta property=\"og:image\" content=\"https:\/\/webalkans.eu\/wp-content\/uploads\/2023\/03\/9.jpeg\" \/>\n\t<meta property=\"og:image:width\" content=\"2000\" \/>\n\t<meta property=\"og:image:height\" content=\"1333\" \/>\n\t<meta property=\"og:image:type\" content=\"image\/jpeg\" \/>\n<meta name=\"author\" content=\"007designstudio@gmail.com\" \/>\n<meta name=\"twitter:card\" content=\"summary_large_image\" \/>\n<meta name=\"twitter:creator\" content=\"@WeBalkans\" \/>\n<meta name=\"twitter:site\" content=\"@WeBalkans\" \/>\n<meta name=\"twitter:label1\" content=\"Written by\" \/>\n\t<meta name=\"twitter:data1\" content=\"007designstudio@gmail.com\" \/>\n\t<meta name=\"twitter:label2\" content=\"Est. reading time\" \/>\n\t<meta name=\"twitter:data2\" content=\"2 minutes\" \/>\n<script type=\"application\/ld+json\" class=\"yoast-schema-graph\">{\"@context\":\"https:\/\/schema.org\",\"@graph\":[{\"@type\":\"Article\",\"@id\":\"https:\/\/webalkans.eu\/sq\/news\/eu-ambassador-visits-municipality-of-kolasin-e9-million-for-kolasins-infrastructural-problems\/#article\",\"isPartOf\":{\"@id\":\"https:\/\/webalkans.eu\/sq\/news\/eu-ambassador-visits-municipality-of-kolasin-e9-million-for-kolasins-infrastructural-problems\/\"},\"author\":{\"name\":\"007designstudio@gmail.com\",\"@id\":\"https:\/\/webalkans.eu\/sq\/#\/schema\/person\/95a8ea19ef21de3b7766e9b65ffdb4da\"},\"headline\":\"Ambasadori i BE-s\u00eb viziton Bashkin\u00eb e Kolashinit: 9 milion\u00eb Euro p\u00ebr problemet infrastrukturore t\u00eb Kolashinit\",\"datePublished\":\"2023-03-02T12:54:40+00:00\",\"dateModified\":\"2023-04-06T13:27:42+00:00\",\"mainEntityOfPage\":{\"@id\":\"https:\/\/webalkans.eu\/sq\/news\/eu-ambassador-visits-municipality-of-kolasin-e9-million-for-kolasins-infrastructural-problems\/\"},\"wordCount\":372,\"publisher\":{\"@id\":\"https:\/\/webalkans.eu\/sq\/#organization\"},\"image\":{\"@id\":\"https:\/\/webalkans.eu\/sq\/news\/eu-ambassador-visits-municipality-of-kolasin-e9-million-for-kolasins-infrastructural-problems\/#primaryimage\"},\"thumbnailUrl\":\"https:\/\/webalkans.eu\/wp-content\/uploads\/2023\/03\/9.jpeg\",\"inLanguage\":\"sq-AL\"},{\"@type\":\"WebPage\",\"@id\":\"https:\/\/webalkans.eu\/sq\/news\/eu-ambassador-visits-municipality-of-kolasin-e9-million-for-kolasins-infrastructural-problems\/\",\"url\":\"https:\/\/webalkans.eu\/sq\/news\/eu-ambassador-visits-municipality-of-kolasin-e9-million-for-kolasins-infrastructural-problems\/\",\"name\":\"Ambasadori i BE-s\u00eb viziton Bashkin\u00eb e Kolashinit: 9 milion\u00eb Euro p\u00ebr problemet infrastrukturore t\u00eb Kolashinit News | WeBalkans\",\"isPartOf\":{\"@id\":\"https:\/\/webalkans.eu\/sq\/#website\"},\"primaryImageOfPage\":{\"@id\":\"https:\/\/webalkans.eu\/sq\/news\/eu-ambassador-visits-municipality-of-kolasin-e9-million-for-kolasins-infrastructural-problems\/#primaryimage\"},\"image\":{\"@id\":\"https:\/\/webalkans.eu\/sq\/news\/eu-ambassador-visits-municipality-of-kolasin-e9-million-for-kolasins-infrastructural-problems\/#primaryimage\"},\"thumbnailUrl\":\"https:\/\/webalkans.eu\/wp-content\/uploads\/2023\/03\/9.jpeg\",\"datePublished\":\"2023-03-02T12:54:40+00:00\",\"dateModified\":\"2023-04-06T13:27:42+00:00\",\"description\":\"Ambasadori i BE-s\u00eb viziton Bashkin\u00eb e Kolashinit: 9 milion\u00eb Euro p\u00ebr problemet infrastrukturore t\u00eb Kolashinit\",\"breadcrumb\":{\"@id\":\"https:\/\/webalkans.eu\/sq\/news\/eu-ambassador-visits-municipality-of-kolasin-e9-million-for-kolasins-infrastructural-problems\/#breadcrumb\"},\"inLanguage\":\"sq-AL\",\"potentialAction\":[{\"@type\":\"ReadAction\",\"target\":[\"https:\/\/webalkans.eu\/sq\/news\/eu-ambassador-visits-municipality-of-kolasin-e9-million-for-kolasins-infrastructural-problems\/\"]}]},{\"@type\":\"ImageObject\",\"inLanguage\":\"sq-AL\",\"@id\":\"https:\/\/webalkans.eu\/sq\/news\/eu-ambassador-visits-municipality-of-kolasin-e9-million-for-kolasins-infrastructural-problems\/#primaryimage\",\"url\":\"https:\/\/webalkans.eu\/wp-content\/uploads\/2023\/03\/9.jpeg\",\"contentUrl\":\"https:\/\/webalkans.eu\/wp-content\/uploads\/2023\/03\/9.jpeg\",\"width\":2000,\"height\":1333},{\"@type\":\"BreadcrumbList\",\"@id\":\"https:\/\/webalkans.eu\/sq\/news\/eu-ambassador-visits-municipality-of-kolasin-e9-million-for-kolasins-infrastructural-problems\/#breadcrumb\",\"itemListElement\":[{\"@type\":\"ListItem\",\"position\":1,\"name\":\"Home\",\"item\":\"https:\/\/webalkans.eu\/sq\/homepage\/\"},{\"@type\":\"ListItem\",\"position\":2,\"name\":\"Ambasadori i BE-s\u00eb viziton Bashkin\u00eb e Kolashinit: 9 milion\u00eb Euro p\u00ebr problemet infrastrukturore t\u00eb Kolashinit\"}]},{\"@type\":\"WebSite\",\"@id\":\"https:\/\/webalkans.eu\/sq\/#website\",\"url\":\"https:\/\/webalkans.eu\/sq\/\",\"name\":\"WeBalkans | EU Projects in the Western Balkans\",\"description\":\"\",\"publisher\":{\"@id\":\"https:\/\/webalkans.eu\/sq\/#organization\"},\"potentialAction\":[{\"@type\":\"SearchAction\",\"target\":{\"@type\":\"EntryPoint\",\"urlTemplate\":\"https:\/\/webalkans.eu\/sq\/?s={search_term_string}\"},\"query-input\":{\"@type\":\"PropertyValueSpecification\",\"valueRequired\":true,\"valueName\":\"search_term_string\"}}],\"inLanguage\":\"sq-AL\"},{\"@type\":\"Organization\",\"@id\":\"https:\/\/webalkans.eu\/sq\/#organization\",\"name\":\"European Union\",\"url\":\"https:\/\/webalkans.eu\/sq\/\",\"logo\":{\"@type\":\"ImageObject\",\"inLanguage\":\"sq-AL\",\"@id\":\"https:\/\/webalkans.eu\/sq\/#\/schema\/logo\/image\/\",\"url\":\"https:\/\/webalkans.eu\/wp-content\/uploads\/2020\/11\/eu_flag.jpg\",\"contentUrl\":\"https:\/\/webalkans.eu\/wp-content\/uploads\/2020\/11\/eu_flag.jpg\",\"width\":600,\"height\":401,\"caption\":\"European Union\"},\"image\":{\"@id\":\"https:\/\/webalkans.eu\/sq\/#\/schema\/logo\/image\/\"},\"sameAs\":[\"https:\/\/www.facebook.com\/webalkans.eu\",\"https:\/\/x.com\/WeBalkans\"]},{\"@type\":\"Person\",\"@id\":\"https:\/\/webalkans.eu\/sq\/#\/schema\/person\/95a8ea19ef21de3b7766e9b65ffdb4da\",\"name\":\"007designstudio@gmail.com\"}]}<\/script>\n<!-- \/ Yoast SEO plugin. -->","yoast_head_json":{"title":"Ambasadori i BE-s\u00eb viziton Bashkin\u00eb e Kolashinit: 9 milion\u00eb Euro p\u00ebr problemet infrastrukturore t\u00eb Kolashinit News | WeBalkans","description":"Ambasadori i BE-s\u00eb viziton Bashkin\u00eb e Kolashinit: 9 milion\u00eb Euro p\u00ebr problemet infrastrukturore t\u00eb Kolashinit","robots":{"index":"index","follow":"follow","max-snippet":"max-snippet:-1","max-image-preview":"max-image-preview:large","max-video-preview":"max-video-preview:-1"},"canonical":"https:\/\/webalkans.eu\/sq\/news\/eu-ambassador-visits-municipality-of-kolasin-e9-million-for-kolasins-infrastructural-problems\/","og_locale":"sq_AL","og_type":"article","og_title":"Ambasadori i BE-s\u00eb viziton Bashkin\u00eb e Kolashinit: 9 milion\u00eb Euro p\u00ebr problemet infrastrukturore t\u00eb Kolashinit News | WeBalkans","og_description":"Ambasadori i BE-s\u00eb viziton Bashkin\u00eb e Kolashinit: 9 milion\u00eb Euro p\u00ebr problemet infrastrukturore t\u00eb Kolashinit","og_url":"https:\/\/webalkans.eu\/sq\/news\/eu-ambassador-visits-municipality-of-kolasin-e9-million-for-kolasins-infrastructural-problems\/","og_site_name":"WeBalkans | EU Projects in the Western Balkans","article_publisher":"https:\/\/www.facebook.com\/webalkans.eu","article_published_time":"2023-03-02T12:54:40+00:00","article_modified_time":"2023-04-06T13:27:42+00:00","og_image":[{"width":2000,"height":1333,"url":"https:\/\/webalkans.eu\/wp-content\/uploads\/2023\/03\/9.jpeg","type":"image\/jpeg"}],"author":"007designstudio@gmail.com","twitter_card":"summary_large_image","twitter_creator":"@WeBalkans","twitter_site":"@WeBalkans","twitter_misc":{"Written by":"007designstudio@gmail.com","Est. reading time":"2 minutes"},"schema":{"@context":"https:\/\/schema.org","@graph":[{"@type":"Article","@id":"https:\/\/webalkans.eu\/sq\/news\/eu-ambassador-visits-municipality-of-kolasin-e9-million-for-kolasins-infrastructural-problems\/#article","isPartOf":{"@id":"https:\/\/webalkans.eu\/sq\/news\/eu-ambassador-visits-municipality-of-kolasin-e9-million-for-kolasins-infrastructural-problems\/"},"author":{"name":"007designstudio@gmail.com","@id":"https:\/\/webalkans.eu\/sq\/#\/schema\/person\/95a8ea19ef21de3b7766e9b65ffdb4da"},"headline":"Ambasadori i BE-s\u00eb viziton Bashkin\u00eb e Kolashinit: 9 milion\u00eb Euro p\u00ebr problemet infrastrukturore t\u00eb Kolashinit","datePublished":"2023-03-02T12:54:40+00:00","dateModified":"2023-04-06T13:27:42+00:00","mainEntityOfPage":{"@id":"https:\/\/webalkans.eu\/sq\/news\/eu-ambassador-visits-municipality-of-kolasin-e9-million-for-kolasins-infrastructural-problems\/"},"wordCount":372,"publisher":{"@id":"https:\/\/webalkans.eu\/sq\/#organization"},"image":{"@id":"https:\/\/webalkans.eu\/sq\/news\/eu-ambassador-visits-municipality-of-kolasin-e9-million-for-kolasins-infrastructural-problems\/#primaryimage"},"thumbnailUrl":"https:\/\/webalkans.eu\/wp-content\/uploads\/2023\/03\/9.jpeg","inLanguage":"sq-AL"},{"@type":"WebPage","@id":"https:\/\/webalkans.eu\/sq\/news\/eu-ambassador-visits-municipality-of-kolasin-e9-million-for-kolasins-infrastructural-problems\/","url":"https:\/\/webalkans.eu\/sq\/news\/eu-ambassador-visits-municipality-of-kolasin-e9-million-for-kolasins-infrastructural-problems\/","name":"Ambasadori i BE-s\u00eb viziton Bashkin\u00eb e Kolashinit: 9 milion\u00eb Euro p\u00ebr problemet infrastrukturore t\u00eb Kolashinit News | WeBalkans","isPartOf":{"@id":"https:\/\/webalkans.eu\/sq\/#website"},"primaryImageOfPage":{"@id":"https:\/\/webalkans.eu\/sq\/news\/eu-ambassador-visits-municipality-of-kolasin-e9-million-for-kolasins-infrastructural-problems\/#primaryimage"},"image":{"@id":"https:\/\/webalkans.eu\/sq\/news\/eu-ambassador-visits-municipality-of-kolasin-e9-million-for-kolasins-infrastructural-problems\/#primaryimage"},"thumbnailUrl":"https:\/\/webalkans.eu\/wp-content\/uploads\/2023\/03\/9.jpeg","datePublished":"2023-03-02T12:54:40+00:00","dateModified":"2023-04-06T13:27:42+00:00","description":"Ambasadori i BE-s\u00eb viziton Bashkin\u00eb e Kolashinit: 9 milion\u00eb Euro p\u00ebr problemet infrastrukturore t\u00eb Kolashinit","breadcrumb":{"@id":"https:\/\/webalkans.eu\/sq\/news\/eu-ambassador-visits-municipality-of-kolasin-e9-million-for-kolasins-infrastructural-problems\/#breadcrumb"},"inLanguage":"sq-AL","potentialAction":[{"@type":"ReadAction","target":["https:\/\/webalkans.eu\/sq\/news\/eu-ambassador-visits-municipality-of-kolasin-e9-million-for-kolasins-infrastructural-problems\/"]}]},{"@type":"ImageObject","inLanguage":"sq-AL","@id":"https:\/\/webalkans.eu\/sq\/news\/eu-ambassador-visits-municipality-of-kolasin-e9-million-for-kolasins-infrastructural-problems\/#primaryimage","url":"https:\/\/webalkans.eu\/wp-content\/uploads\/2023\/03\/9.jpeg","contentUrl":"https:\/\/webalkans.eu\/wp-content\/uploads\/2023\/03\/9.jpeg","width":2000,"height":1333},{"@type":"BreadcrumbList","@id":"https:\/\/webalkans.eu\/sq\/news\/eu-ambassador-visits-municipality-of-kolasin-e9-million-for-kolasins-infrastructural-problems\/#breadcrumb","itemListElement":[{"@type":"ListItem","position":1,"name":"Home","item":"https:\/\/webalkans.eu\/sq\/homepage\/"},{"@type":"ListItem","position":2,"name":"Ambasadori i BE-s\u00eb viziton Bashkin\u00eb e Kolashinit: 9 milion\u00eb Euro p\u00ebr problemet infrastrukturore t\u00eb Kolashinit"}]},{"@type":"WebSite","@id":"https:\/\/webalkans.eu\/sq\/#website","url":"https:\/\/webalkans.eu\/sq\/","name":"WeBalkans | EU Projects in the Western Balkans","description":"","publisher":{"@id":"https:\/\/webalkans.eu\/sq\/#organization"},"potentialAction":[{"@type":"SearchAction","target":{"@type":"EntryPoint","urlTemplate":"https:\/\/webalkans.eu\/sq\/?s={search_term_string}"},"query-input":{"@type":"PropertyValueSpecification","valueRequired":true,"valueName":"search_term_string"}}],"inLanguage":"sq-AL"},{"@type":"Organization","@id":"https:\/\/webalkans.eu\/sq\/#organization","name":"European Union","url":"https:\/\/webalkans.eu\/sq\/","logo":{"@type":"ImageObject","inLanguage":"sq-AL","@id":"https:\/\/webalkans.eu\/sq\/#\/schema\/logo\/image\/","url":"https:\/\/webalkans.eu\/wp-content\/uploads\/2020\/11\/eu_flag.jpg","contentUrl":"https:\/\/webalkans.eu\/wp-content\/uploads\/2020\/11\/eu_flag.jpg","width":600,"height":401,"caption":"European Union"},"image":{"@id":"https:\/\/webalkans.eu\/sq\/#\/schema\/logo\/image\/"},"sameAs":["https:\/\/www.facebook.com\/webalkans.eu","https:\/\/x.com\/WeBalkans"]},{"@type":"Person","@id":"https:\/\/webalkans.eu\/sq\/#\/schema\/person\/95a8ea19ef21de3b7766e9b65ffdb4da","name":"007designstudio@gmail.com"}]}},"_links":{"self":[{"href":"https:\/\/webalkans.eu\/sq\/wp-json\/wp\/v2\/posts\/1082825"}],"collection":[{"href":"https:\/\/webalkans.eu\/sq\/wp-json\/wp\/v2\/posts"}],"about":[{"href":"https:\/\/webalkans.eu\/sq\/wp-json\/wp\/v2\/types\/post"}],"author":[{"embeddable":true,"href":"https:\/\/webalkans.eu\/sq\/wp-json\/wp\/v2\/users\/152227"}],"replies":[{"embeddable":true,"href":"https:\/\/webalkans.eu\/sq\/wp-json\/wp\/v2\/comments?post=1082825"}],"version-history":[{"count":0,"href":"https:\/\/webalkans.eu\/sq\/wp-json\/wp\/v2\/posts\/1082825\/revisions"}],"wp:featuredmedia":[{"embeddable":true,"href":"https:\/\/webalkans.eu\/sq\/wp-json\/wp\/v2\/media\/1051577"}],"wp:attachment":[{"href":"https:\/\/webalkans.eu\/sq\/wp-json\/wp\/v2\/media?parent=1082825"}],"wp:term":[{"taxonomy":"country-for-news","embeddable":true,"href":"https:\/\/webalkans.eu\/sq\/wp-json\/wp\/v2\/country-for-news?post=1082825"}],"curies":[{"name":"wp","href":"https:\/\/api.w.org\/{rel}","templated":true}]}}