
{"id":1026415,"date":"2023-01-23T11:28:34","date_gmt":"2023-01-23T10:28:34","guid":{"rendered":"https:\/\/webalkans.eu\/news\/rcc-launches-a-campaign-to-encourage-young-women-and-girls-across-the-western-balkans-to-choose-careers-in-stem\/"},"modified":"2023-01-28T13:31:17","modified_gmt":"2023-01-28T12:31:17","slug":"rcc-launches-a-campaign-to-encourage-young-women-and-girls-across-the-western-balkans-to-choose-careers-in-stem","status":"publish","type":"post","link":"https:\/\/webalkans.eu\/sq\/news\/rcc-launches-a-campaign-to-encourage-young-women-and-girls-across-the-western-balkans-to-choose-careers-in-stem\/","title":{"rendered":"RCC-ja nis nj\u00eb fushat\u00eb p\u00ebr inkurajimin e grave t\u00eb reja dhe vajzave n\u00eb Ballkanin Per\u00ebndimor p\u00ebr t\u00eb ndjekur karriera n\u00eb STEM"},"content":{"rendered":"<div>\n<p><span lang=\"SQ\">P\u00ebr t\u00eb inkurajuar grat\u00eb e reja dhe vajzat q\u00eb t\u00eb ndjekin karriera n\u00eb STEM (Shkenc\u00eb, Teknologji, Inxhinieri dhe Matematik\u00eb), K\u00ebshilli i Bashk\u00ebpunimit Rajonal (RCC) ka nisur nj\u00eb fushat\u00eb t\u00eb quajtur <strong>\u201cChoose STEM Future\u201d. Fushata prezanton<\/strong> modele grash t\u00eb suksesshme n\u00eb profesionet e STEM-it nga Ballkani Per\u00ebndimor dhe u krijua si pjes\u00eb e Grave rajonale n\u00eb Rrjetin STEM, nj\u00eb iniciativ\u00eb e p\u00ebrbashk\u00ebt e RCC-s\u00eb dhe Programit t\u00eb Kombeve t\u00eb Bashkuara p\u00ebr Zhvillim -(UNDP).<\/span><\/p>\n<p>&nbsp;<\/p>\n<\/div>\n<div>\n<p><span lang=\"SQ\"><br \/>\n\u201c65% e f\u00ebmij\u00ebve t\u00eb sot\u00ebm, nj\u00eb dit\u00eb, do t\u00eb pun\u00ebsohen n\u00eb nj\u00eb profesion q\u00eb nuk ekziston ende sot. Deri n\u00eb 2030-\u00ebn, 40 deri n\u00eb 160 milion\u00eb gra duhet t\u00eb ken\u00eb kaluar n\u00eb role q\u00eb k\u00ebrkojn\u00eb aft\u00ebsi m\u00eb t\u00eb nd\u00ebrlikuara digjitale, sociale, dhe emocionale. N\u00eb rang global, vet\u00ebm nj\u00eb nd\u00ebr pes\u00eb profesionist\u00eb t\u00eb fushave m\u00eb t\u00eb fundit teknologjike si inteligjenca artificiale \u00ebsht\u00eb grua. Rritja dhe p\u00ebrshtatja e aft\u00ebsive tona dhe p\u00ebrdit\u00ebsimi me teknologjit\u00eb e reja \u00ebsht\u00eb jasht\u00ebzakonisht shum\u00eb e r\u00ebnd\u00ebsishme p\u00ebr t\u00eb rinjt\u00eb &#8211; n\u00eb ve\u00e7anti grat\u00eb &#8211; dhe po k\u00ebshtu \u00ebsht\u00eb dhe t\u00eb qenit krijues dhe mendjehapur, sepse puna e tyre e s\u00eb ardhmes mund t\u00eb mos ekzistoj\u00eb ende.\u202fNdaj, n\u00ebse d\u00ebshironi t\u00eb keni mund\u00ebsi m\u00eb t\u00eb mira pun\u00ebsimi p\u00ebr t\u00eb zgjedhur, t\u00eb fitoni m\u00eb shum\u00eb e t\u00eb jetoni m\u00eb mir\u00eb, si Anica, Anila, Jana, Jasminka, Valentina dhe Zana, me t\u00eb cilat do t\u00eb njiheni n\u00ebp\u00ebrmjet historive q\u00eb do t\u2019ju tregojm\u00eb n\u00eb dit\u00ebt e ardhme, Zgjidhni T\u00eb Ardhmen STEM. Kjo \u00ebsht\u00eb k\u00ebshilla m\u00eb e mir\u00eb q\u00eb mund t\u2019u jap,\u201c tha Sekretarja e P\u00ebrgjithshme e RCC-s\u00eb <strong>Majlinda Bregu\u00a0<\/strong>duke shpallur fillimin e fushat\u00ebs \u201cChoose STEM future\u201d.<\/span><\/p>\n<\/div>\n","protected":false},"excerpt":{"rendered":"<p>P\u00ebr t\u00eb inkurajuar grat\u00eb e reja dhe vajzat q\u00eb t\u00eb ndjekin karriera n\u00eb STEM (Shkenc\u00eb, Teknologji, Inxhinieri dhe Matematik\u00eb), K\u00ebshilli i Bashk\u00ebpunimit Rajonal (RCC) ka <\/p>\n","protected":false},"author":152227,"featured_media":1022006,"comment_status":"closed","ping_status":"closed","sticky":false,"template":"","format":"standard","meta":{"_acf_changed":false,"_monsterinsights_skip_tracking":false,"_monsterinsights_sitenote_active":false,"_monsterinsights_sitenote_note":"","_monsterinsights_sitenote_category":0,"footnotes":""},"country-for-news":[431,437,441,415,421,428],"class_list":["post-1026415","post","type-post","status-publish","format-standard","has-post-thumbnail","hentry","wb_theme-equality-and-fair-society","wb_theme-innovation-and-skills","country-for-news-montenegro","country-for-news-north-macedonia","country-for-news-serbia","country-for-news-albania","country-for-news-bosnia-and-herzegovina","country-for-news-kosovo"],"acf":[],"yoast_head":"<!-- This site is optimized with the Yoast SEO plugin v25.3.1 - https:\/\/yoast.com\/wordpress\/plugins\/seo\/ -->\n<title>RCC-ja nis nj\u00eb fushat\u00eb p\u00ebr inkurajimin e grave t\u00eb reja dhe vajzave n\u00eb Ballkanin Per\u00ebndimor p\u00ebr t\u00eb ndjekur karriera n\u00eb STEM News | WeBalkans<\/title>\n<meta name=\"robots\" content=\"index, follow, max-snippet:-1, max-image-preview:large, max-video-preview:-1\" \/>\n<link rel=\"canonical\" href=\"https:\/\/webalkans.eu\/sq\/news\/rcc-launches-a-campaign-to-encourage-young-women-and-girls-across-the-western-balkans-to-choose-careers-in-stem\/\" \/>\n<meta property=\"og:locale\" content=\"sq_AL\" \/>\n<meta property=\"og:type\" content=\"article\" \/>\n<meta property=\"og:title\" content=\"RCC-ja nis nj\u00eb fushat\u00eb p\u00ebr inkurajimin e grave t\u00eb reja dhe vajzave n\u00eb Ballkanin Per\u00ebndimor p\u00ebr t\u00eb ndjekur karriera n\u00eb STEM News | WeBalkans\" \/>\n<meta property=\"og:description\" content=\"P\u00ebr t\u00eb inkurajuar grat\u00eb e reja dhe vajzat q\u00eb t\u00eb ndjekin karriera n\u00eb STEM (Shkenc\u00eb, Teknologji, Inxhinieri dhe Matematik\u00eb), K\u00ebshilli i Bashk\u00ebpunimit Rajonal (RCC) ka\" \/>\n<meta property=\"og:url\" content=\"https:\/\/webalkans.eu\/sq\/news\/rcc-launches-a-campaign-to-encourage-young-women-and-girls-across-the-western-balkans-to-choose-careers-in-stem\/\" \/>\n<meta property=\"og:site_name\" content=\"WeBalkans | EU Projects in the Western Balkans\" \/>\n<meta property=\"article:publisher\" content=\"https:\/\/www.facebook.com\/webalkans.eu\" \/>\n<meta property=\"article:published_time\" content=\"2023-01-23T10:28:34+00:00\" \/>\n<meta property=\"article:modified_time\" content=\"2023-01-28T12:31:17+00:00\" \/>\n<meta property=\"og:image\" content=\"https:\/\/webalkans.eu\/wp-content\/uploads\/2023\/01\/3-2.jpeg\" \/>\n\t<meta property=\"og:image:width\" content=\"1920\" \/>\n\t<meta property=\"og:image:height\" content=\"1080\" \/>\n\t<meta property=\"og:image:type\" content=\"image\/jpeg\" \/>\n<meta name=\"author\" content=\"007designstudio@gmail.com\" \/>\n<meta name=\"twitter:card\" content=\"summary_large_image\" \/>\n<meta name=\"twitter:creator\" content=\"@WeBalkans\" \/>\n<meta name=\"twitter:site\" content=\"@WeBalkans\" \/>\n<meta name=\"twitter:label1\" content=\"Written by\" \/>\n\t<meta name=\"twitter:data1\" content=\"007designstudio@gmail.com\" \/>\n\t<meta name=\"twitter:label2\" content=\"Est. reading time\" \/>\n\t<meta name=\"twitter:data2\" content=\"1 minute\" \/>\n<script type=\"application\/ld+json\" class=\"yoast-schema-graph\">{\"@context\":\"https:\/\/schema.org\",\"@graph\":[{\"@type\":\"Article\",\"@id\":\"https:\/\/webalkans.eu\/sq\/news\/rcc-launches-a-campaign-to-encourage-young-women-and-girls-across-the-western-balkans-to-choose-careers-in-stem\/#article\",\"isPartOf\":{\"@id\":\"https:\/\/webalkans.eu\/sq\/news\/rcc-launches-a-campaign-to-encourage-young-women-and-girls-across-the-western-balkans-to-choose-careers-in-stem\/\"},\"author\":{\"name\":\"007designstudio@gmail.com\",\"@id\":\"https:\/\/webalkans.eu\/sq\/#\/schema\/person\/95a8ea19ef21de3b7766e9b65ffdb4da\"},\"headline\":\"RCC-ja nis nj\u00eb fushat\u00eb p\u00ebr inkurajimin e grave t\u00eb reja dhe vajzave n\u00eb Ballkanin Per\u00ebndimor p\u00ebr t\u00eb ndjekur karriera n\u00eb STEM\",\"datePublished\":\"2023-01-23T10:28:34+00:00\",\"dateModified\":\"2023-01-28T12:31:17+00:00\",\"mainEntityOfPage\":{\"@id\":\"https:\/\/webalkans.eu\/sq\/news\/rcc-launches-a-campaign-to-encourage-young-women-and-girls-across-the-western-balkans-to-choose-careers-in-stem\/\"},\"wordCount\":320,\"publisher\":{\"@id\":\"https:\/\/webalkans.eu\/sq\/#organization\"},\"image\":{\"@id\":\"https:\/\/webalkans.eu\/sq\/news\/rcc-launches-a-campaign-to-encourage-young-women-and-girls-across-the-western-balkans-to-choose-careers-in-stem\/#primaryimage\"},\"thumbnailUrl\":\"https:\/\/webalkans.eu\/wp-content\/uploads\/2023\/01\/3-2.jpeg\",\"inLanguage\":\"sq-AL\"},{\"@type\":\"WebPage\",\"@id\":\"https:\/\/webalkans.eu\/sq\/news\/rcc-launches-a-campaign-to-encourage-young-women-and-girls-across-the-western-balkans-to-choose-careers-in-stem\/\",\"url\":\"https:\/\/webalkans.eu\/sq\/news\/rcc-launches-a-campaign-to-encourage-young-women-and-girls-across-the-western-balkans-to-choose-careers-in-stem\/\",\"name\":\"RCC-ja nis nj\u00eb fushat\u00eb p\u00ebr inkurajimin e grave t\u00eb reja dhe vajzave n\u00eb Ballkanin Per\u00ebndimor p\u00ebr t\u00eb ndjekur karriera n\u00eb STEM News | WeBalkans\",\"isPartOf\":{\"@id\":\"https:\/\/webalkans.eu\/sq\/#website\"},\"primaryImageOfPage\":{\"@id\":\"https:\/\/webalkans.eu\/sq\/news\/rcc-launches-a-campaign-to-encourage-young-women-and-girls-across-the-western-balkans-to-choose-careers-in-stem\/#primaryimage\"},\"image\":{\"@id\":\"https:\/\/webalkans.eu\/sq\/news\/rcc-launches-a-campaign-to-encourage-young-women-and-girls-across-the-western-balkans-to-choose-careers-in-stem\/#primaryimage\"},\"thumbnailUrl\":\"https:\/\/webalkans.eu\/wp-content\/uploads\/2023\/01\/3-2.jpeg\",\"datePublished\":\"2023-01-23T10:28:34+00:00\",\"dateModified\":\"2023-01-28T12:31:17+00:00\",\"breadcrumb\":{\"@id\":\"https:\/\/webalkans.eu\/sq\/news\/rcc-launches-a-campaign-to-encourage-young-women-and-girls-across-the-western-balkans-to-choose-careers-in-stem\/#breadcrumb\"},\"inLanguage\":\"sq-AL\",\"potentialAction\":[{\"@type\":\"ReadAction\",\"target\":[\"https:\/\/webalkans.eu\/sq\/news\/rcc-launches-a-campaign-to-encourage-young-women-and-girls-across-the-western-balkans-to-choose-careers-in-stem\/\"]}]},{\"@type\":\"ImageObject\",\"inLanguage\":\"sq-AL\",\"@id\":\"https:\/\/webalkans.eu\/sq\/news\/rcc-launches-a-campaign-to-encourage-young-women-and-girls-across-the-western-balkans-to-choose-careers-in-stem\/#primaryimage\",\"url\":\"https:\/\/webalkans.eu\/wp-content\/uploads\/2023\/01\/3-2.jpeg\",\"contentUrl\":\"https:\/\/webalkans.eu\/wp-content\/uploads\/2023\/01\/3-2.jpeg\",\"width\":1920,\"height\":1080},{\"@type\":\"BreadcrumbList\",\"@id\":\"https:\/\/webalkans.eu\/sq\/news\/rcc-launches-a-campaign-to-encourage-young-women-and-girls-across-the-western-balkans-to-choose-careers-in-stem\/#breadcrumb\",\"itemListElement\":[{\"@type\":\"ListItem\",\"position\":1,\"name\":\"Home\",\"item\":\"https:\/\/webalkans.eu\/sq\/homepage\/\"},{\"@type\":\"ListItem\",\"position\":2,\"name\":\"RCC-ja nis nj\u00eb fushat\u00eb p\u00ebr inkurajimin e grave t\u00eb reja dhe vajzave n\u00eb Ballkanin Per\u00ebndimor p\u00ebr t\u00eb ndjekur karriera n\u00eb STEM\"}]},{\"@type\":\"WebSite\",\"@id\":\"https:\/\/webalkans.eu\/sq\/#website\",\"url\":\"https:\/\/webalkans.eu\/sq\/\",\"name\":\"WeBalkans | EU Projects in the Western Balkans\",\"description\":\"\",\"publisher\":{\"@id\":\"https:\/\/webalkans.eu\/sq\/#organization\"},\"potentialAction\":[{\"@type\":\"SearchAction\",\"target\":{\"@type\":\"EntryPoint\",\"urlTemplate\":\"https:\/\/webalkans.eu\/sq\/?s={search_term_string}\"},\"query-input\":{\"@type\":\"PropertyValueSpecification\",\"valueRequired\":true,\"valueName\":\"search_term_string\"}}],\"inLanguage\":\"sq-AL\"},{\"@type\":\"Organization\",\"@id\":\"https:\/\/webalkans.eu\/sq\/#organization\",\"name\":\"European Union\",\"url\":\"https:\/\/webalkans.eu\/sq\/\",\"logo\":{\"@type\":\"ImageObject\",\"inLanguage\":\"sq-AL\",\"@id\":\"https:\/\/webalkans.eu\/sq\/#\/schema\/logo\/image\/\",\"url\":\"https:\/\/webalkans.eu\/wp-content\/uploads\/2020\/11\/eu_flag.jpg\",\"contentUrl\":\"https:\/\/webalkans.eu\/wp-content\/uploads\/2020\/11\/eu_flag.jpg\",\"width\":600,\"height\":401,\"caption\":\"European Union\"},\"image\":{\"@id\":\"https:\/\/webalkans.eu\/sq\/#\/schema\/logo\/image\/\"},\"sameAs\":[\"https:\/\/www.facebook.com\/webalkans.eu\",\"https:\/\/x.com\/WeBalkans\"]},{\"@type\":\"Person\",\"@id\":\"https:\/\/webalkans.eu\/sq\/#\/schema\/person\/95a8ea19ef21de3b7766e9b65ffdb4da\",\"name\":\"007designstudio@gmail.com\"}]}<\/script>\n<!-- \/ Yoast SEO plugin. -->","yoast_head_json":{"title":"RCC-ja nis nj\u00eb fushat\u00eb p\u00ebr inkurajimin e grave t\u00eb reja dhe vajzave n\u00eb Ballkanin Per\u00ebndimor p\u00ebr t\u00eb ndjekur karriera n\u00eb STEM News | WeBalkans","robots":{"index":"index","follow":"follow","max-snippet":"max-snippet:-1","max-image-preview":"max-image-preview:large","max-video-preview":"max-video-preview:-1"},"canonical":"https:\/\/webalkans.eu\/sq\/news\/rcc-launches-a-campaign-to-encourage-young-women-and-girls-across-the-western-balkans-to-choose-careers-in-stem\/","og_locale":"sq_AL","og_type":"article","og_title":"RCC-ja nis nj\u00eb fushat\u00eb p\u00ebr inkurajimin e grave t\u00eb reja dhe vajzave n\u00eb Ballkanin Per\u00ebndimor p\u00ebr t\u00eb ndjekur karriera n\u00eb STEM News | WeBalkans","og_description":"P\u00ebr t\u00eb inkurajuar grat\u00eb e reja dhe vajzat q\u00eb t\u00eb ndjekin karriera n\u00eb STEM (Shkenc\u00eb, Teknologji, Inxhinieri dhe Matematik\u00eb), K\u00ebshilli i Bashk\u00ebpunimit Rajonal (RCC) ka","og_url":"https:\/\/webalkans.eu\/sq\/news\/rcc-launches-a-campaign-to-encourage-young-women-and-girls-across-the-western-balkans-to-choose-careers-in-stem\/","og_site_name":"WeBalkans | EU Projects in the Western Balkans","article_publisher":"https:\/\/www.facebook.com\/webalkans.eu","article_published_time":"2023-01-23T10:28:34+00:00","article_modified_time":"2023-01-28T12:31:17+00:00","og_image":[{"width":1920,"height":1080,"url":"https:\/\/webalkans.eu\/wp-content\/uploads\/2023\/01\/3-2.jpeg","type":"image\/jpeg"}],"author":"007designstudio@gmail.com","twitter_card":"summary_large_image","twitter_creator":"@WeBalkans","twitter_site":"@WeBalkans","twitter_misc":{"Written by":"007designstudio@gmail.com","Est. reading time":"1 minute"},"schema":{"@context":"https:\/\/schema.org","@graph":[{"@type":"Article","@id":"https:\/\/webalkans.eu\/sq\/news\/rcc-launches-a-campaign-to-encourage-young-women-and-girls-across-the-western-balkans-to-choose-careers-in-stem\/#article","isPartOf":{"@id":"https:\/\/webalkans.eu\/sq\/news\/rcc-launches-a-campaign-to-encourage-young-women-and-girls-across-the-western-balkans-to-choose-careers-in-stem\/"},"author":{"name":"007designstudio@gmail.com","@id":"https:\/\/webalkans.eu\/sq\/#\/schema\/person\/95a8ea19ef21de3b7766e9b65ffdb4da"},"headline":"RCC-ja nis nj\u00eb fushat\u00eb p\u00ebr inkurajimin e grave t\u00eb reja dhe vajzave n\u00eb Ballkanin Per\u00ebndimor p\u00ebr t\u00eb ndjekur karriera n\u00eb STEM","datePublished":"2023-01-23T10:28:34+00:00","dateModified":"2023-01-28T12:31:17+00:00","mainEntityOfPage":{"@id":"https:\/\/webalkans.eu\/sq\/news\/rcc-launches-a-campaign-to-encourage-young-women-and-girls-across-the-western-balkans-to-choose-careers-in-stem\/"},"wordCount":320,"publisher":{"@id":"https:\/\/webalkans.eu\/sq\/#organization"},"image":{"@id":"https:\/\/webalkans.eu\/sq\/news\/rcc-launches-a-campaign-to-encourage-young-women-and-girls-across-the-western-balkans-to-choose-careers-in-stem\/#primaryimage"},"thumbnailUrl":"https:\/\/webalkans.eu\/wp-content\/uploads\/2023\/01\/3-2.jpeg","inLanguage":"sq-AL"},{"@type":"WebPage","@id":"https:\/\/webalkans.eu\/sq\/news\/rcc-launches-a-campaign-to-encourage-young-women-and-girls-across-the-western-balkans-to-choose-careers-in-stem\/","url":"https:\/\/webalkans.eu\/sq\/news\/rcc-launches-a-campaign-to-encourage-young-women-and-girls-across-the-western-balkans-to-choose-careers-in-stem\/","name":"RCC-ja nis nj\u00eb fushat\u00eb p\u00ebr inkurajimin e grave t\u00eb reja dhe vajzave n\u00eb Ballkanin Per\u00ebndimor p\u00ebr t\u00eb ndjekur karriera n\u00eb STEM News | WeBalkans","isPartOf":{"@id":"https:\/\/webalkans.eu\/sq\/#website"},"primaryImageOfPage":{"@id":"https:\/\/webalkans.eu\/sq\/news\/rcc-launches-a-campaign-to-encourage-young-women-and-girls-across-the-western-balkans-to-choose-careers-in-stem\/#primaryimage"},"image":{"@id":"https:\/\/webalkans.eu\/sq\/news\/rcc-launches-a-campaign-to-encourage-young-women-and-girls-across-the-western-balkans-to-choose-careers-in-stem\/#primaryimage"},"thumbnailUrl":"https:\/\/webalkans.eu\/wp-content\/uploads\/2023\/01\/3-2.jpeg","datePublished":"2023-01-23T10:28:34+00:00","dateModified":"2023-01-28T12:31:17+00:00","breadcrumb":{"@id":"https:\/\/webalkans.eu\/sq\/news\/rcc-launches-a-campaign-to-encourage-young-women-and-girls-across-the-western-balkans-to-choose-careers-in-stem\/#breadcrumb"},"inLanguage":"sq-AL","potentialAction":[{"@type":"ReadAction","target":["https:\/\/webalkans.eu\/sq\/news\/rcc-launches-a-campaign-to-encourage-young-women-and-girls-across-the-western-balkans-to-choose-careers-in-stem\/"]}]},{"@type":"ImageObject","inLanguage":"sq-AL","@id":"https:\/\/webalkans.eu\/sq\/news\/rcc-launches-a-campaign-to-encourage-young-women-and-girls-across-the-western-balkans-to-choose-careers-in-stem\/#primaryimage","url":"https:\/\/webalkans.eu\/wp-content\/uploads\/2023\/01\/3-2.jpeg","contentUrl":"https:\/\/webalkans.eu\/wp-content\/uploads\/2023\/01\/3-2.jpeg","width":1920,"height":1080},{"@type":"BreadcrumbList","@id":"https:\/\/webalkans.eu\/sq\/news\/rcc-launches-a-campaign-to-encourage-young-women-and-girls-across-the-western-balkans-to-choose-careers-in-stem\/#breadcrumb","itemListElement":[{"@type":"ListItem","position":1,"name":"Home","item":"https:\/\/webalkans.eu\/sq\/homepage\/"},{"@type":"ListItem","position":2,"name":"RCC-ja nis nj\u00eb fushat\u00eb p\u00ebr inkurajimin e grave t\u00eb reja dhe vajzave n\u00eb Ballkanin Per\u00ebndimor p\u00ebr t\u00eb ndjekur karriera n\u00eb STEM"}]},{"@type":"WebSite","@id":"https:\/\/webalkans.eu\/sq\/#website","url":"https:\/\/webalkans.eu\/sq\/","name":"WeBalkans | EU Projects in the Western Balkans","description":"","publisher":{"@id":"https:\/\/webalkans.eu\/sq\/#organization"},"potentialAction":[{"@type":"SearchAction","target":{"@type":"EntryPoint","urlTemplate":"https:\/\/webalkans.eu\/sq\/?s={search_term_string}"},"query-input":{"@type":"PropertyValueSpecification","valueRequired":true,"valueName":"search_term_string"}}],"inLanguage":"sq-AL"},{"@type":"Organization","@id":"https:\/\/webalkans.eu\/sq\/#organization","name":"European Union","url":"https:\/\/webalkans.eu\/sq\/","logo":{"@type":"ImageObject","inLanguage":"sq-AL","@id":"https:\/\/webalkans.eu\/sq\/#\/schema\/logo\/image\/","url":"https:\/\/webalkans.eu\/wp-content\/uploads\/2020\/11\/eu_flag.jpg","contentUrl":"https:\/\/webalkans.eu\/wp-content\/uploads\/2020\/11\/eu_flag.jpg","width":600,"height":401,"caption":"European Union"},"image":{"@id":"https:\/\/webalkans.eu\/sq\/#\/schema\/logo\/image\/"},"sameAs":["https:\/\/www.facebook.com\/webalkans.eu","https:\/\/x.com\/WeBalkans"]},{"@type":"Person","@id":"https:\/\/webalkans.eu\/sq\/#\/schema\/person\/95a8ea19ef21de3b7766e9b65ffdb4da","name":"007designstudio@gmail.com"}]}},"_links":{"self":[{"href":"https:\/\/webalkans.eu\/sq\/wp-json\/wp\/v2\/posts\/1026415"}],"collection":[{"href":"https:\/\/webalkans.eu\/sq\/wp-json\/wp\/v2\/posts"}],"about":[{"href":"https:\/\/webalkans.eu\/sq\/wp-json\/wp\/v2\/types\/post"}],"author":[{"embeddable":true,"href":"https:\/\/webalkans.eu\/sq\/wp-json\/wp\/v2\/users\/152227"}],"replies":[{"embeddable":true,"href":"https:\/\/webalkans.eu\/sq\/wp-json\/wp\/v2\/comments?post=1026415"}],"version-history":[{"count":0,"href":"https:\/\/webalkans.eu\/sq\/wp-json\/wp\/v2\/posts\/1026415\/revisions"}],"wp:featuredmedia":[{"embeddable":true,"href":"https:\/\/webalkans.eu\/sq\/wp-json\/wp\/v2\/media\/1022006"}],"wp:attachment":[{"href":"https:\/\/webalkans.eu\/sq\/wp-json\/wp\/v2\/media?parent=1026415"}],"wp:term":[{"taxonomy":"country-for-news","embeddable":true,"href":"https:\/\/webalkans.eu\/sq\/wp-json\/wp\/v2\/country-for-news?post=1026415"}],"curies":[{"name":"wp","href":"https:\/\/api.w.org\/{rel}","templated":true}]}}