
{"id":1026393,"date":"2023-01-20T11:42:58","date_gmt":"2023-01-20T10:42:58","guid":{"rendered":"https:\/\/webalkans.eu\/news\/commission-publishes-report-on-health-and-wellbeing-of-musicians\/"},"modified":"2023-01-28T13:22:36","modified_gmt":"2023-01-28T12:22:36","slug":"commission-publishes-report-on-health-and-wellbeing-of-musicians","status":"publish","type":"post","link":"https:\/\/webalkans.eu\/sq\/news\/commission-publishes-report-on-health-and-wellbeing-of-musicians\/","title":{"rendered":"Komisioni publikon raportin p\u00ebr sh\u00ebndetin dhe mir\u00ebqenien e muzikant\u00ebve"},"content":{"rendered":"<p style=\"font-weight: 400;\">N\u00eb kuad\u00ebr t\u00eb iniciativ\u00ebs \u201eMusic Moves Europe\u201c, Komisioni Evropian ka publikuar raportin \u201cThe Health and Wellbeing of Professional Musicians and Music Creators in the EU \u2013 insights from research for policy and practice\u201d. Raporti zbulon se sh\u00ebndeti dhe mir\u00ebqenia e muzikant\u00ebve dhe krijuesve t\u00eb muzik\u00ebs profesionist\u00eb n\u00eb BE \u00ebsht\u00eb e cenueshme nga disa faktor\u00eb risku dhe se p\u00ebr t\u2019i mbrojtur, nevojitet veprim n\u00eb shum\u00eb fronte.<\/p>\n<p style=\"font-weight: 400;\">\n<p style=\"font-weight: 400;\">Nd\u00ebrkoh\u00eb q\u00eb raporti n\u00ebnvizon risqet kryesore p\u00ebr sh\u00ebndetin mendor dhe fizik t\u00eb muzikant\u00ebve dhe krijuesve t\u00eb muzik\u00ebs profesionist\u00eb, jep, <strong>gjithashtu, shembuj t\u00eb nd\u00ebrhyrjeve dhe veprimeve t\u00eb suksesshme<\/strong> (politika dhe praktika) nga disa shtete an\u00ebtare t\u00eb BE-s\u00eb p\u00ebr t\u2019i trajtuar k\u00ebto risqe. Raporti p\u00ebrmbledh <strong>m\u00ebsime ky\u00e7 p\u00ebr politikat <\/strong>nga hulumtimet dhe ofron rekomandime p\u00ebr politika dhe praktika q\u00eb mund ta p\u00ebrmir\u00ebsojn\u00eb sh\u00ebndetin fizik dhe mendor dhe sigurin\u00eb e muzikant\u00ebve dhe krijuesve t\u00eb muzik\u00ebs n\u00eb BE. P\u00ebr sa i p\u00ebrket\u00a0<em>edukimit<\/em>,\u00a0<em>parandalimit\u00a0<\/em>dhe\u00a0<em>trajtimit<\/em>.<\/p>\n","protected":false},"excerpt":{"rendered":"<p>N\u00eb kuad\u00ebr t\u00eb iniciativ\u00ebs \u201eMusic Moves Europe\u201c, Komisioni Evropian ka publikuar raportin \u201cThe Health and Wellbeing of Professional Musicians and Music Creators in the EU <\/p>\n","protected":false},"author":152227,"featured_media":1019049,"comment_status":"closed","ping_status":"closed","sticky":false,"template":"","format":"standard","meta":{"_acf_changed":false,"_monsterinsights_skip_tracking":false,"_monsterinsights_sitenote_active":false,"_monsterinsights_sitenote_note":"","_monsterinsights_sitenote_category":0,"footnotes":""},"country-for-news":[437,441,415,421,428,431],"class_list":["post-1026393","post","type-post","status-publish","format-standard","has-post-thumbnail","hentry","wb_theme-culture-and-youth","country-for-news-north-macedonia","country-for-news-serbia","country-for-news-albania","country-for-news-bosnia-and-herzegovina","country-for-news-kosovo","country-for-news-montenegro"],"acf":[],"yoast_head":"<!-- This site is optimized with the Yoast SEO plugin v25.3.1 - https:\/\/yoast.com\/wordpress\/plugins\/seo\/ -->\n<title>Komisioni publikon raportin p\u00ebr sh\u00ebndetin dhe mir\u00ebqenien e muzikant\u00ebve News | WeBalkans<\/title>\n<meta name=\"description\" content=\"Komisioni publikon raportin p\u00ebr sh\u00ebndetin dhe mir\u00ebqenien e muzikant\u00ebve\" \/>\n<meta name=\"robots\" content=\"index, follow, max-snippet:-1, max-image-preview:large, max-video-preview:-1\" \/>\n<link rel=\"canonical\" href=\"https:\/\/webalkans.eu\/sq\/news\/commission-publishes-report-on-health-and-wellbeing-of-musicians\/\" \/>\n<meta property=\"og:locale\" content=\"sq_AL\" \/>\n<meta property=\"og:type\" content=\"article\" \/>\n<meta property=\"og:title\" content=\"Komisioni publikon raportin p\u00ebr sh\u00ebndetin dhe mir\u00ebqenien e muzikant\u00ebve News | WeBalkans\" \/>\n<meta property=\"og:description\" content=\"Komisioni publikon raportin p\u00ebr sh\u00ebndetin dhe mir\u00ebqenien e muzikant\u00ebve\" \/>\n<meta property=\"og:url\" content=\"https:\/\/webalkans.eu\/sq\/news\/commission-publishes-report-on-health-and-wellbeing-of-musicians\/\" \/>\n<meta property=\"og:site_name\" content=\"WeBalkans | EU Projects in the Western Balkans\" \/>\n<meta property=\"article:publisher\" content=\"https:\/\/www.facebook.com\/webalkans.eu\" \/>\n<meta property=\"article:published_time\" content=\"2023-01-20T10:42:58+00:00\" \/>\n<meta property=\"article:modified_time\" content=\"2023-01-28T12:22:36+00:00\" \/>\n<meta property=\"og:image\" content=\"https:\/\/webalkans.eu\/wp-content\/uploads\/2023\/01\/3.png\" \/>\n\t<meta property=\"og:image:width\" content=\"1380\" \/>\n\t<meta property=\"og:image:height\" content=\"776\" \/>\n\t<meta property=\"og:image:type\" content=\"image\/png\" \/>\n<meta name=\"author\" content=\"007designstudio@gmail.com\" \/>\n<meta name=\"twitter:card\" content=\"summary_large_image\" \/>\n<meta name=\"twitter:creator\" content=\"@WeBalkans\" \/>\n<meta name=\"twitter:site\" content=\"@WeBalkans\" \/>\n<meta name=\"twitter:label1\" content=\"Written by\" \/>\n\t<meta name=\"twitter:data1\" content=\"007designstudio@gmail.com\" \/>\n\t<meta name=\"twitter:label2\" content=\"Est. reading time\" \/>\n\t<meta name=\"twitter:data2\" content=\"1 minute\" \/>\n<script type=\"application\/ld+json\" class=\"yoast-schema-graph\">{\"@context\":\"https:\/\/schema.org\",\"@graph\":[{\"@type\":\"Article\",\"@id\":\"https:\/\/webalkans.eu\/sq\/news\/commission-publishes-report-on-health-and-wellbeing-of-musicians\/#article\",\"isPartOf\":{\"@id\":\"https:\/\/webalkans.eu\/sq\/news\/commission-publishes-report-on-health-and-wellbeing-of-musicians\/\"},\"author\":{\"name\":\"007designstudio@gmail.com\",\"@id\":\"https:\/\/webalkans.eu\/sq\/#\/schema\/person\/95a8ea19ef21de3b7766e9b65ffdb4da\"},\"headline\":\"Komisioni publikon raportin p\u00ebr sh\u00ebndetin dhe mir\u00ebqenien e muzikant\u00ebve\",\"datePublished\":\"2023-01-20T10:42:58+00:00\",\"dateModified\":\"2023-01-28T12:22:36+00:00\",\"mainEntityOfPage\":{\"@id\":\"https:\/\/webalkans.eu\/sq\/news\/commission-publishes-report-on-health-and-wellbeing-of-musicians\/\"},\"wordCount\":189,\"publisher\":{\"@id\":\"https:\/\/webalkans.eu\/sq\/#organization\"},\"image\":{\"@id\":\"https:\/\/webalkans.eu\/sq\/news\/commission-publishes-report-on-health-and-wellbeing-of-musicians\/#primaryimage\"},\"thumbnailUrl\":\"https:\/\/webalkans.eu\/wp-content\/uploads\/2023\/01\/3.png\",\"inLanguage\":\"sq-AL\"},{\"@type\":\"WebPage\",\"@id\":\"https:\/\/webalkans.eu\/sq\/news\/commission-publishes-report-on-health-and-wellbeing-of-musicians\/\",\"url\":\"https:\/\/webalkans.eu\/sq\/news\/commission-publishes-report-on-health-and-wellbeing-of-musicians\/\",\"name\":\"Komisioni publikon raportin p\u00ebr sh\u00ebndetin dhe mir\u00ebqenien e muzikant\u00ebve News | WeBalkans\",\"isPartOf\":{\"@id\":\"https:\/\/webalkans.eu\/sq\/#website\"},\"primaryImageOfPage\":{\"@id\":\"https:\/\/webalkans.eu\/sq\/news\/commission-publishes-report-on-health-and-wellbeing-of-musicians\/#primaryimage\"},\"image\":{\"@id\":\"https:\/\/webalkans.eu\/sq\/news\/commission-publishes-report-on-health-and-wellbeing-of-musicians\/#primaryimage\"},\"thumbnailUrl\":\"https:\/\/webalkans.eu\/wp-content\/uploads\/2023\/01\/3.png\",\"datePublished\":\"2023-01-20T10:42:58+00:00\",\"dateModified\":\"2023-01-28T12:22:36+00:00\",\"description\":\"Komisioni publikon raportin p\u00ebr sh\u00ebndetin dhe mir\u00ebqenien e muzikant\u00ebve\",\"breadcrumb\":{\"@id\":\"https:\/\/webalkans.eu\/sq\/news\/commission-publishes-report-on-health-and-wellbeing-of-musicians\/#breadcrumb\"},\"inLanguage\":\"sq-AL\",\"potentialAction\":[{\"@type\":\"ReadAction\",\"target\":[\"https:\/\/webalkans.eu\/sq\/news\/commission-publishes-report-on-health-and-wellbeing-of-musicians\/\"]}]},{\"@type\":\"ImageObject\",\"inLanguage\":\"sq-AL\",\"@id\":\"https:\/\/webalkans.eu\/sq\/news\/commission-publishes-report-on-health-and-wellbeing-of-musicians\/#primaryimage\",\"url\":\"https:\/\/webalkans.eu\/wp-content\/uploads\/2023\/01\/3.png\",\"contentUrl\":\"https:\/\/webalkans.eu\/wp-content\/uploads\/2023\/01\/3.png\",\"width\":1380,\"height\":776},{\"@type\":\"BreadcrumbList\",\"@id\":\"https:\/\/webalkans.eu\/sq\/news\/commission-publishes-report-on-health-and-wellbeing-of-musicians\/#breadcrumb\",\"itemListElement\":[{\"@type\":\"ListItem\",\"position\":1,\"name\":\"Home\",\"item\":\"https:\/\/webalkans.eu\/sq\/homepage\/\"},{\"@type\":\"ListItem\",\"position\":2,\"name\":\"Komisioni publikon raportin p\u00ebr sh\u00ebndetin dhe mir\u00ebqenien e muzikant\u00ebve\"}]},{\"@type\":\"WebSite\",\"@id\":\"https:\/\/webalkans.eu\/sq\/#website\",\"url\":\"https:\/\/webalkans.eu\/sq\/\",\"name\":\"WeBalkans | EU Projects in the Western Balkans\",\"description\":\"\",\"publisher\":{\"@id\":\"https:\/\/webalkans.eu\/sq\/#organization\"},\"potentialAction\":[{\"@type\":\"SearchAction\",\"target\":{\"@type\":\"EntryPoint\",\"urlTemplate\":\"https:\/\/webalkans.eu\/sq\/?s={search_term_string}\"},\"query-input\":{\"@type\":\"PropertyValueSpecification\",\"valueRequired\":true,\"valueName\":\"search_term_string\"}}],\"inLanguage\":\"sq-AL\"},{\"@type\":\"Organization\",\"@id\":\"https:\/\/webalkans.eu\/sq\/#organization\",\"name\":\"European Union\",\"url\":\"https:\/\/webalkans.eu\/sq\/\",\"logo\":{\"@type\":\"ImageObject\",\"inLanguage\":\"sq-AL\",\"@id\":\"https:\/\/webalkans.eu\/sq\/#\/schema\/logo\/image\/\",\"url\":\"https:\/\/webalkans.eu\/wp-content\/uploads\/2020\/11\/eu_flag.jpg\",\"contentUrl\":\"https:\/\/webalkans.eu\/wp-content\/uploads\/2020\/11\/eu_flag.jpg\",\"width\":600,\"height\":401,\"caption\":\"European Union\"},\"image\":{\"@id\":\"https:\/\/webalkans.eu\/sq\/#\/schema\/logo\/image\/\"},\"sameAs\":[\"https:\/\/www.facebook.com\/webalkans.eu\",\"https:\/\/x.com\/WeBalkans\"]},{\"@type\":\"Person\",\"@id\":\"https:\/\/webalkans.eu\/sq\/#\/schema\/person\/95a8ea19ef21de3b7766e9b65ffdb4da\",\"name\":\"007designstudio@gmail.com\"}]}<\/script>\n<!-- \/ Yoast SEO plugin. -->","yoast_head_json":{"title":"Komisioni publikon raportin p\u00ebr sh\u00ebndetin dhe mir\u00ebqenien e muzikant\u00ebve News | WeBalkans","description":"Komisioni publikon raportin p\u00ebr sh\u00ebndetin dhe mir\u00ebqenien e muzikant\u00ebve","robots":{"index":"index","follow":"follow","max-snippet":"max-snippet:-1","max-image-preview":"max-image-preview:large","max-video-preview":"max-video-preview:-1"},"canonical":"https:\/\/webalkans.eu\/sq\/news\/commission-publishes-report-on-health-and-wellbeing-of-musicians\/","og_locale":"sq_AL","og_type":"article","og_title":"Komisioni publikon raportin p\u00ebr sh\u00ebndetin dhe mir\u00ebqenien e muzikant\u00ebve News | WeBalkans","og_description":"Komisioni publikon raportin p\u00ebr sh\u00ebndetin dhe mir\u00ebqenien e muzikant\u00ebve","og_url":"https:\/\/webalkans.eu\/sq\/news\/commission-publishes-report-on-health-and-wellbeing-of-musicians\/","og_site_name":"WeBalkans | EU Projects in the Western Balkans","article_publisher":"https:\/\/www.facebook.com\/webalkans.eu","article_published_time":"2023-01-20T10:42:58+00:00","article_modified_time":"2023-01-28T12:22:36+00:00","og_image":[{"width":1380,"height":776,"url":"https:\/\/webalkans.eu\/wp-content\/uploads\/2023\/01\/3.png","type":"image\/png"}],"author":"007designstudio@gmail.com","twitter_card":"summary_large_image","twitter_creator":"@WeBalkans","twitter_site":"@WeBalkans","twitter_misc":{"Written by":"007designstudio@gmail.com","Est. reading time":"1 minute"},"schema":{"@context":"https:\/\/schema.org","@graph":[{"@type":"Article","@id":"https:\/\/webalkans.eu\/sq\/news\/commission-publishes-report-on-health-and-wellbeing-of-musicians\/#article","isPartOf":{"@id":"https:\/\/webalkans.eu\/sq\/news\/commission-publishes-report-on-health-and-wellbeing-of-musicians\/"},"author":{"name":"007designstudio@gmail.com","@id":"https:\/\/webalkans.eu\/sq\/#\/schema\/person\/95a8ea19ef21de3b7766e9b65ffdb4da"},"headline":"Komisioni publikon raportin p\u00ebr sh\u00ebndetin dhe mir\u00ebqenien e muzikant\u00ebve","datePublished":"2023-01-20T10:42:58+00:00","dateModified":"2023-01-28T12:22:36+00:00","mainEntityOfPage":{"@id":"https:\/\/webalkans.eu\/sq\/news\/commission-publishes-report-on-health-and-wellbeing-of-musicians\/"},"wordCount":189,"publisher":{"@id":"https:\/\/webalkans.eu\/sq\/#organization"},"image":{"@id":"https:\/\/webalkans.eu\/sq\/news\/commission-publishes-report-on-health-and-wellbeing-of-musicians\/#primaryimage"},"thumbnailUrl":"https:\/\/webalkans.eu\/wp-content\/uploads\/2023\/01\/3.png","inLanguage":"sq-AL"},{"@type":"WebPage","@id":"https:\/\/webalkans.eu\/sq\/news\/commission-publishes-report-on-health-and-wellbeing-of-musicians\/","url":"https:\/\/webalkans.eu\/sq\/news\/commission-publishes-report-on-health-and-wellbeing-of-musicians\/","name":"Komisioni publikon raportin p\u00ebr sh\u00ebndetin dhe mir\u00ebqenien e muzikant\u00ebve News | WeBalkans","isPartOf":{"@id":"https:\/\/webalkans.eu\/sq\/#website"},"primaryImageOfPage":{"@id":"https:\/\/webalkans.eu\/sq\/news\/commission-publishes-report-on-health-and-wellbeing-of-musicians\/#primaryimage"},"image":{"@id":"https:\/\/webalkans.eu\/sq\/news\/commission-publishes-report-on-health-and-wellbeing-of-musicians\/#primaryimage"},"thumbnailUrl":"https:\/\/webalkans.eu\/wp-content\/uploads\/2023\/01\/3.png","datePublished":"2023-01-20T10:42:58+00:00","dateModified":"2023-01-28T12:22:36+00:00","description":"Komisioni publikon raportin p\u00ebr sh\u00ebndetin dhe mir\u00ebqenien e muzikant\u00ebve","breadcrumb":{"@id":"https:\/\/webalkans.eu\/sq\/news\/commission-publishes-report-on-health-and-wellbeing-of-musicians\/#breadcrumb"},"inLanguage":"sq-AL","potentialAction":[{"@type":"ReadAction","target":["https:\/\/webalkans.eu\/sq\/news\/commission-publishes-report-on-health-and-wellbeing-of-musicians\/"]}]},{"@type":"ImageObject","inLanguage":"sq-AL","@id":"https:\/\/webalkans.eu\/sq\/news\/commission-publishes-report-on-health-and-wellbeing-of-musicians\/#primaryimage","url":"https:\/\/webalkans.eu\/wp-content\/uploads\/2023\/01\/3.png","contentUrl":"https:\/\/webalkans.eu\/wp-content\/uploads\/2023\/01\/3.png","width":1380,"height":776},{"@type":"BreadcrumbList","@id":"https:\/\/webalkans.eu\/sq\/news\/commission-publishes-report-on-health-and-wellbeing-of-musicians\/#breadcrumb","itemListElement":[{"@type":"ListItem","position":1,"name":"Home","item":"https:\/\/webalkans.eu\/sq\/homepage\/"},{"@type":"ListItem","position":2,"name":"Komisioni publikon raportin p\u00ebr sh\u00ebndetin dhe mir\u00ebqenien e muzikant\u00ebve"}]},{"@type":"WebSite","@id":"https:\/\/webalkans.eu\/sq\/#website","url":"https:\/\/webalkans.eu\/sq\/","name":"WeBalkans | EU Projects in the Western Balkans","description":"","publisher":{"@id":"https:\/\/webalkans.eu\/sq\/#organization"},"potentialAction":[{"@type":"SearchAction","target":{"@type":"EntryPoint","urlTemplate":"https:\/\/webalkans.eu\/sq\/?s={search_term_string}"},"query-input":{"@type":"PropertyValueSpecification","valueRequired":true,"valueName":"search_term_string"}}],"inLanguage":"sq-AL"},{"@type":"Organization","@id":"https:\/\/webalkans.eu\/sq\/#organization","name":"European Union","url":"https:\/\/webalkans.eu\/sq\/","logo":{"@type":"ImageObject","inLanguage":"sq-AL","@id":"https:\/\/webalkans.eu\/sq\/#\/schema\/logo\/image\/","url":"https:\/\/webalkans.eu\/wp-content\/uploads\/2020\/11\/eu_flag.jpg","contentUrl":"https:\/\/webalkans.eu\/wp-content\/uploads\/2020\/11\/eu_flag.jpg","width":600,"height":401,"caption":"European Union"},"image":{"@id":"https:\/\/webalkans.eu\/sq\/#\/schema\/logo\/image\/"},"sameAs":["https:\/\/www.facebook.com\/webalkans.eu","https:\/\/x.com\/WeBalkans"]},{"@type":"Person","@id":"https:\/\/webalkans.eu\/sq\/#\/schema\/person\/95a8ea19ef21de3b7766e9b65ffdb4da","name":"007designstudio@gmail.com"}]}},"_links":{"self":[{"href":"https:\/\/webalkans.eu\/sq\/wp-json\/wp\/v2\/posts\/1026393"}],"collection":[{"href":"https:\/\/webalkans.eu\/sq\/wp-json\/wp\/v2\/posts"}],"about":[{"href":"https:\/\/webalkans.eu\/sq\/wp-json\/wp\/v2\/types\/post"}],"author":[{"embeddable":true,"href":"https:\/\/webalkans.eu\/sq\/wp-json\/wp\/v2\/users\/152227"}],"replies":[{"embeddable":true,"href":"https:\/\/webalkans.eu\/sq\/wp-json\/wp\/v2\/comments?post=1026393"}],"version-history":[{"count":0,"href":"https:\/\/webalkans.eu\/sq\/wp-json\/wp\/v2\/posts\/1026393\/revisions"}],"wp:featuredmedia":[{"embeddable":true,"href":"https:\/\/webalkans.eu\/sq\/wp-json\/wp\/v2\/media\/1019049"}],"wp:attachment":[{"href":"https:\/\/webalkans.eu\/sq\/wp-json\/wp\/v2\/media?parent=1026393"}],"wp:term":[{"taxonomy":"country-for-news","embeddable":true,"href":"https:\/\/webalkans.eu\/sq\/wp-json\/wp\/v2\/country-for-news?post=1026393"}],"curies":[{"name":"wp","href":"https:\/\/api.w.org\/{rel}","templated":true}]}}