
{"id":963634,"date":"2022-12-14T13:17:47","date_gmt":"2022-12-14T12:17:47","guid":{"rendered":"https:\/\/webalkans.eu\/news\/eternal-rivals-united-against-violence\/"},"modified":"2022-12-26T10:49:57","modified_gmt":"2022-12-26T09:49:57","slug":"eternal-rivals-united-against-violence","status":"publish","type":"post","link":"https:\/\/webalkans.eu\/me\/news\/eternal-rivals-united-against-violence\/","title":{"rendered":"Vje\u010diti rivali ujedinjeni protiv nasilja"},"content":{"rendered":"<p style=\"font-weight: 400;\">Ujedinjeni protiv nasilja nad \u017eenama \u2013 slogan je ovogodi\u0161nje globalne kampanje za 16 dana aktivizma \u2013 Orange the World. Narand\u017easta boja ujedinila je ko\u0161arka\u0161e Crvene zvezde i Partizana, koji su se ovog mjeseca prvi put sastali na derbiju u najboljem evropskom ko\u0161arka\u0161kom takmi\u010denju \u2013 Evroligi. Kapiteni dva beogradska tima snimili su zajedni\u010dku video poruku:\u00a0\u201eNasilje nad \u017eenama \u2013 mora prestati. Na\u0161a je du\u017enost da za\u0161titimo sve \u017eene: majke, sestre, supruge, prijateljice&#8230; Odmah prijavite nasilje \u2013 nema izgovora! Pomozimo onima koji trpe nasilje. Nasilnik je kukavica &#8211; budimo hrabri. Za\u0161titimo \u017ertve\u201d. Igra\u010dima su se pridru\u017eili i selektor reprezentacije Srbije Svetislav Pe\u0161i\u0107, kao i trener Partizana \u017deljko Obradovi\u0107.<\/p>\n<p>&nbsp;<\/p>\n<p style=\"font-weight: 400;\">Svaka tre\u0107a \u017eena, kako u Evropskoj uniji, tako i \u0161irom svijeta, bar jednom u \u017eivotu je do\u017eivjela fizi\u010dko, seksualno, socio-ekonomsko i\/ili verbalno nasilje. Rodno zasnovana diskriminacija, seksualno uznemiravanje i rodno zasnovano nasilje su pitanja osnovnih ljudskih prava. Ove godine Delegacija EU u Srbiji se pridru\u017euje globalnoj kampanji 16 dana aktivizma protiv rodno zasnovanog nasilja (<a href=\"https:\/\/europa.rs\/svet-u-narandzastom-stop-nasilju-nad-zenama-i-devojcicama\/\">global campaign of 16 days of activism against gender-based violence<\/a>) promovi\u0161u\u0107i osna\u017eene \u017eene i kroz saradnju sa \u0161irom zajednicom protiv fizi\u010dkog, verbalnog i socio-ekonomskog nasilja.<\/p>\n<p>&nbsp;<\/p>\n<p style=\"font-weight: 400;\">Tokom ove globalne kampanje, Delegacija EU u Srbiji je sara\u0111ivala sa li\u010dnostima iz Srbije iz oblasti mode, umjetnosti, sporta, knji\u017eevnosti i filma.<\/p>\n","protected":false},"excerpt":{"rendered":"<p>Ujedinjeni protiv nasilja nad \u017eenama \u2013 slogan je ovogodi\u0161nje globalne kampanje za 16 dana aktivizma \u2013 Orange the World. Narand\u017easta boja ujedinila je ko\u0161arka\u0161e Crvene <\/p>\n","protected":false},"author":152227,"featured_media":929515,"comment_status":"closed","ping_status":"closed","sticky":false,"template":"","format":"standard","meta":{"_acf_changed":false,"_monsterinsights_skip_tracking":false,"_monsterinsights_sitenote_active":false,"_monsterinsights_sitenote_note":"","_monsterinsights_sitenote_category":0,"footnotes":""},"country-for-news":[444],"class_list":["post-963634","post","type-post","status-publish","format-standard","has-post-thumbnail","hentry","wb_theme-culture-and-youth","wb_theme-democracy-and-fundamental-rights","country-for-news-serbia"],"acf":[],"yoast_head":"<!-- This site is optimized with the Yoast SEO plugin v25.3.1 - https:\/\/yoast.com\/wordpress\/plugins\/seo\/ -->\n<title>Vje\u010diti rivali ujedinjeni protiv nasilja News | WeBalkans<\/title>\n<meta name=\"description\" content=\"Vje\u010diti rivali ujedinjeni protiv nasilja\" \/>\n<meta name=\"robots\" content=\"index, follow, max-snippet:-1, max-image-preview:large, max-video-preview:-1\" \/>\n<link rel=\"canonical\" href=\"https:\/\/webalkans.eu\/me\/news\/eternal-rivals-united-against-violence\/\" \/>\n<meta property=\"og:locale\" content=\"en_US\" \/>\n<meta property=\"og:type\" content=\"article\" \/>\n<meta property=\"og:title\" content=\"Vje\u010diti rivali ujedinjeni protiv nasilja News | WeBalkans\" \/>\n<meta property=\"og:description\" content=\"Vje\u010diti rivali ujedinjeni protiv nasilja\" \/>\n<meta property=\"og:url\" content=\"https:\/\/webalkans.eu\/me\/news\/eternal-rivals-united-against-violence\/\" \/>\n<meta property=\"og:site_name\" content=\"WeBalkans | EU Projects in the Western Balkans\" \/>\n<meta property=\"article:publisher\" content=\"https:\/\/www.facebook.com\/webalkans.eu\" \/>\n<meta property=\"article:published_time\" content=\"2022-12-14T12:17:47+00:00\" \/>\n<meta property=\"article:modified_time\" content=\"2022-12-26T09:49:57+00:00\" \/>\n<meta property=\"og:image\" content=\"https:\/\/webalkans.eu\/wp-content\/uploads\/2022\/12\/5.jpeg\" \/>\n\t<meta property=\"og:image:width\" content=\"1920\" \/>\n\t<meta property=\"og:image:height\" content=\"801\" \/>\n\t<meta property=\"og:image:type\" content=\"image\/jpeg\" \/>\n<meta name=\"author\" content=\"007designstudio@gmail.com\" \/>\n<meta name=\"twitter:card\" content=\"summary_large_image\" \/>\n<meta name=\"twitter:creator\" content=\"@WeBalkans\" \/>\n<meta name=\"twitter:site\" content=\"@WeBalkans\" \/>\n<meta name=\"twitter:label1\" content=\"Written by\" \/>\n\t<meta name=\"twitter:data1\" content=\"007designstudio@gmail.com\" \/>\n\t<meta name=\"twitter:label2\" content=\"Est. reading time\" \/>\n\t<meta name=\"twitter:data2\" content=\"1 minute\" \/>\n<script type=\"application\/ld+json\" class=\"yoast-schema-graph\">{\"@context\":\"https:\/\/schema.org\",\"@graph\":[{\"@type\":\"Article\",\"@id\":\"https:\/\/webalkans.eu\/me\/news\/eternal-rivals-united-against-violence\/#article\",\"isPartOf\":{\"@id\":\"https:\/\/webalkans.eu\/me\/news\/eternal-rivals-united-against-violence\/\"},\"author\":{\"name\":\"007designstudio@gmail.com\",\"@id\":\"https:\/\/webalkans.eu\/me\/#\/schema\/person\/95a8ea19ef21de3b7766e9b65ffdb4da\"},\"headline\":\"Vje\u010diti rivali ujedinjeni protiv nasilja\",\"datePublished\":\"2022-12-14T12:17:47+00:00\",\"dateModified\":\"2022-12-26T09:49:57+00:00\",\"mainEntityOfPage\":{\"@id\":\"https:\/\/webalkans.eu\/me\/news\/eternal-rivals-united-against-violence\/\"},\"wordCount\":234,\"publisher\":{\"@id\":\"https:\/\/webalkans.eu\/me\/#organization\"},\"image\":{\"@id\":\"https:\/\/webalkans.eu\/me\/news\/eternal-rivals-united-against-violence\/#primaryimage\"},\"thumbnailUrl\":\"https:\/\/webalkans.eu\/wp-content\/uploads\/2022\/12\/5.jpeg\",\"inLanguage\":\"me-ME\"},{\"@type\":\"WebPage\",\"@id\":\"https:\/\/webalkans.eu\/me\/news\/eternal-rivals-united-against-violence\/\",\"url\":\"https:\/\/webalkans.eu\/me\/news\/eternal-rivals-united-against-violence\/\",\"name\":\"Vje\u010diti rivali ujedinjeni protiv nasilja News | WeBalkans\",\"isPartOf\":{\"@id\":\"https:\/\/webalkans.eu\/me\/#website\"},\"primaryImageOfPage\":{\"@id\":\"https:\/\/webalkans.eu\/me\/news\/eternal-rivals-united-against-violence\/#primaryimage\"},\"image\":{\"@id\":\"https:\/\/webalkans.eu\/me\/news\/eternal-rivals-united-against-violence\/#primaryimage\"},\"thumbnailUrl\":\"https:\/\/webalkans.eu\/wp-content\/uploads\/2022\/12\/5.jpeg\",\"datePublished\":\"2022-12-14T12:17:47+00:00\",\"dateModified\":\"2022-12-26T09:49:57+00:00\",\"description\":\"Vje\u010diti rivali ujedinjeni protiv nasilja\",\"breadcrumb\":{\"@id\":\"https:\/\/webalkans.eu\/me\/news\/eternal-rivals-united-against-violence\/#breadcrumb\"},\"inLanguage\":\"me-ME\",\"potentialAction\":[{\"@type\":\"ReadAction\",\"target\":[\"https:\/\/webalkans.eu\/me\/news\/eternal-rivals-united-against-violence\/\"]}]},{\"@type\":\"ImageObject\",\"inLanguage\":\"me-ME\",\"@id\":\"https:\/\/webalkans.eu\/me\/news\/eternal-rivals-united-against-violence\/#primaryimage\",\"url\":\"https:\/\/webalkans.eu\/wp-content\/uploads\/2022\/12\/5.jpeg\",\"contentUrl\":\"https:\/\/webalkans.eu\/wp-content\/uploads\/2022\/12\/5.jpeg\",\"width\":1920,\"height\":801},{\"@type\":\"BreadcrumbList\",\"@id\":\"https:\/\/webalkans.eu\/me\/news\/eternal-rivals-united-against-violence\/#breadcrumb\",\"itemListElement\":[{\"@type\":\"ListItem\",\"position\":1,\"name\":\"Home\",\"item\":\"https:\/\/webalkans.eu\/me\/homepage\/\"},{\"@type\":\"ListItem\",\"position\":2,\"name\":\"Vje\u010diti rivali ujedinjeni protiv nasilja\"}]},{\"@type\":\"WebSite\",\"@id\":\"https:\/\/webalkans.eu\/me\/#website\",\"url\":\"https:\/\/webalkans.eu\/me\/\",\"name\":\"WeBalkans | EU Projects in the Western Balkans\",\"description\":\"\",\"publisher\":{\"@id\":\"https:\/\/webalkans.eu\/me\/#organization\"},\"potentialAction\":[{\"@type\":\"SearchAction\",\"target\":{\"@type\":\"EntryPoint\",\"urlTemplate\":\"https:\/\/webalkans.eu\/me\/?s={search_term_string}\"},\"query-input\":{\"@type\":\"PropertyValueSpecification\",\"valueRequired\":true,\"valueName\":\"search_term_string\"}}],\"inLanguage\":\"me-ME\"},{\"@type\":\"Organization\",\"@id\":\"https:\/\/webalkans.eu\/me\/#organization\",\"name\":\"European Union\",\"url\":\"https:\/\/webalkans.eu\/me\/\",\"logo\":{\"@type\":\"ImageObject\",\"inLanguage\":\"me-ME\",\"@id\":\"https:\/\/webalkans.eu\/me\/#\/schema\/logo\/image\/\",\"url\":\"https:\/\/webalkans.eu\/wp-content\/uploads\/2020\/11\/eu_flag.jpg\",\"contentUrl\":\"https:\/\/webalkans.eu\/wp-content\/uploads\/2020\/11\/eu_flag.jpg\",\"width\":600,\"height\":401,\"caption\":\"European Union\"},\"image\":{\"@id\":\"https:\/\/webalkans.eu\/me\/#\/schema\/logo\/image\/\"},\"sameAs\":[\"https:\/\/www.facebook.com\/webalkans.eu\",\"https:\/\/x.com\/WeBalkans\"]},{\"@type\":\"Person\",\"@id\":\"https:\/\/webalkans.eu\/me\/#\/schema\/person\/95a8ea19ef21de3b7766e9b65ffdb4da\",\"name\":\"007designstudio@gmail.com\"}]}<\/script>\n<!-- \/ Yoast SEO plugin. -->","yoast_head_json":{"title":"Vje\u010diti rivali ujedinjeni protiv nasilja News | WeBalkans","description":"Vje\u010diti rivali ujedinjeni protiv nasilja","robots":{"index":"index","follow":"follow","max-snippet":"max-snippet:-1","max-image-preview":"max-image-preview:large","max-video-preview":"max-video-preview:-1"},"canonical":"https:\/\/webalkans.eu\/me\/news\/eternal-rivals-united-against-violence\/","og_locale":"en_US","og_type":"article","og_title":"Vje\u010diti rivali ujedinjeni protiv nasilja News | WeBalkans","og_description":"Vje\u010diti rivali ujedinjeni protiv nasilja","og_url":"https:\/\/webalkans.eu\/me\/news\/eternal-rivals-united-against-violence\/","og_site_name":"WeBalkans | EU Projects in the Western Balkans","article_publisher":"https:\/\/www.facebook.com\/webalkans.eu","article_published_time":"2022-12-14T12:17:47+00:00","article_modified_time":"2022-12-26T09:49:57+00:00","og_image":[{"width":1920,"height":801,"url":"https:\/\/webalkans.eu\/wp-content\/uploads\/2022\/12\/5.jpeg","type":"image\/jpeg"}],"author":"007designstudio@gmail.com","twitter_card":"summary_large_image","twitter_creator":"@WeBalkans","twitter_site":"@WeBalkans","twitter_misc":{"Written by":"007designstudio@gmail.com","Est. reading time":"1 minute"},"schema":{"@context":"https:\/\/schema.org","@graph":[{"@type":"Article","@id":"https:\/\/webalkans.eu\/me\/news\/eternal-rivals-united-against-violence\/#article","isPartOf":{"@id":"https:\/\/webalkans.eu\/me\/news\/eternal-rivals-united-against-violence\/"},"author":{"name":"007designstudio@gmail.com","@id":"https:\/\/webalkans.eu\/me\/#\/schema\/person\/95a8ea19ef21de3b7766e9b65ffdb4da"},"headline":"Vje\u010diti rivali ujedinjeni protiv nasilja","datePublished":"2022-12-14T12:17:47+00:00","dateModified":"2022-12-26T09:49:57+00:00","mainEntityOfPage":{"@id":"https:\/\/webalkans.eu\/me\/news\/eternal-rivals-united-against-violence\/"},"wordCount":234,"publisher":{"@id":"https:\/\/webalkans.eu\/me\/#organization"},"image":{"@id":"https:\/\/webalkans.eu\/me\/news\/eternal-rivals-united-against-violence\/#primaryimage"},"thumbnailUrl":"https:\/\/webalkans.eu\/wp-content\/uploads\/2022\/12\/5.jpeg","inLanguage":"me-ME"},{"@type":"WebPage","@id":"https:\/\/webalkans.eu\/me\/news\/eternal-rivals-united-against-violence\/","url":"https:\/\/webalkans.eu\/me\/news\/eternal-rivals-united-against-violence\/","name":"Vje\u010diti rivali ujedinjeni protiv nasilja News | WeBalkans","isPartOf":{"@id":"https:\/\/webalkans.eu\/me\/#website"},"primaryImageOfPage":{"@id":"https:\/\/webalkans.eu\/me\/news\/eternal-rivals-united-against-violence\/#primaryimage"},"image":{"@id":"https:\/\/webalkans.eu\/me\/news\/eternal-rivals-united-against-violence\/#primaryimage"},"thumbnailUrl":"https:\/\/webalkans.eu\/wp-content\/uploads\/2022\/12\/5.jpeg","datePublished":"2022-12-14T12:17:47+00:00","dateModified":"2022-12-26T09:49:57+00:00","description":"Vje\u010diti rivali ujedinjeni protiv nasilja","breadcrumb":{"@id":"https:\/\/webalkans.eu\/me\/news\/eternal-rivals-united-against-violence\/#breadcrumb"},"inLanguage":"me-ME","potentialAction":[{"@type":"ReadAction","target":["https:\/\/webalkans.eu\/me\/news\/eternal-rivals-united-against-violence\/"]}]},{"@type":"ImageObject","inLanguage":"me-ME","@id":"https:\/\/webalkans.eu\/me\/news\/eternal-rivals-united-against-violence\/#primaryimage","url":"https:\/\/webalkans.eu\/wp-content\/uploads\/2022\/12\/5.jpeg","contentUrl":"https:\/\/webalkans.eu\/wp-content\/uploads\/2022\/12\/5.jpeg","width":1920,"height":801},{"@type":"BreadcrumbList","@id":"https:\/\/webalkans.eu\/me\/news\/eternal-rivals-united-against-violence\/#breadcrumb","itemListElement":[{"@type":"ListItem","position":1,"name":"Home","item":"https:\/\/webalkans.eu\/me\/homepage\/"},{"@type":"ListItem","position":2,"name":"Vje\u010diti rivali ujedinjeni protiv nasilja"}]},{"@type":"WebSite","@id":"https:\/\/webalkans.eu\/me\/#website","url":"https:\/\/webalkans.eu\/me\/","name":"WeBalkans | EU Projects in the Western Balkans","description":"","publisher":{"@id":"https:\/\/webalkans.eu\/me\/#organization"},"potentialAction":[{"@type":"SearchAction","target":{"@type":"EntryPoint","urlTemplate":"https:\/\/webalkans.eu\/me\/?s={search_term_string}"},"query-input":{"@type":"PropertyValueSpecification","valueRequired":true,"valueName":"search_term_string"}}],"inLanguage":"me-ME"},{"@type":"Organization","@id":"https:\/\/webalkans.eu\/me\/#organization","name":"European Union","url":"https:\/\/webalkans.eu\/me\/","logo":{"@type":"ImageObject","inLanguage":"me-ME","@id":"https:\/\/webalkans.eu\/me\/#\/schema\/logo\/image\/","url":"https:\/\/webalkans.eu\/wp-content\/uploads\/2020\/11\/eu_flag.jpg","contentUrl":"https:\/\/webalkans.eu\/wp-content\/uploads\/2020\/11\/eu_flag.jpg","width":600,"height":401,"caption":"European Union"},"image":{"@id":"https:\/\/webalkans.eu\/me\/#\/schema\/logo\/image\/"},"sameAs":["https:\/\/www.facebook.com\/webalkans.eu","https:\/\/x.com\/WeBalkans"]},{"@type":"Person","@id":"https:\/\/webalkans.eu\/me\/#\/schema\/person\/95a8ea19ef21de3b7766e9b65ffdb4da","name":"007designstudio@gmail.com"}]}},"_links":{"self":[{"href":"https:\/\/webalkans.eu\/me\/wp-json\/wp\/v2\/posts\/963634"}],"collection":[{"href":"https:\/\/webalkans.eu\/me\/wp-json\/wp\/v2\/posts"}],"about":[{"href":"https:\/\/webalkans.eu\/me\/wp-json\/wp\/v2\/types\/post"}],"author":[{"embeddable":true,"href":"https:\/\/webalkans.eu\/me\/wp-json\/wp\/v2\/users\/152227"}],"replies":[{"embeddable":true,"href":"https:\/\/webalkans.eu\/me\/wp-json\/wp\/v2\/comments?post=963634"}],"version-history":[{"count":0,"href":"https:\/\/webalkans.eu\/me\/wp-json\/wp\/v2\/posts\/963634\/revisions"}],"wp:featuredmedia":[{"embeddable":true,"href":"https:\/\/webalkans.eu\/me\/wp-json\/wp\/v2\/media\/929515"}],"wp:attachment":[{"href":"https:\/\/webalkans.eu\/me\/wp-json\/wp\/v2\/media?parent=963634"}],"wp:term":[{"taxonomy":"country-for-news","embeddable":true,"href":"https:\/\/webalkans.eu\/me\/wp-json\/wp\/v2\/country-for-news?post=963634"}],"curies":[{"name":"wp","href":"https:\/\/api.w.org\/{rel}","templated":true}]}}