
{"id":956791,"date":"2022-12-07T13:08:51","date_gmt":"2022-12-07T12:08:51","guid":{"rendered":"https:\/\/webalkans.eu\/news\/the-regional-housing-programme-celebrates-the-delivery-of-its-10-000-home-in-the-western-balkans\/"},"modified":"2022-12-23T10:37:50","modified_gmt":"2022-12-23T09:37:50","slug":"the-regional-housing-programme-celebrates-the-delivery-of-its-10-000-home-in-the-western-balkans","status":"publish","type":"post","link":"https:\/\/webalkans.eu\/me\/news\/the-regional-housing-programme-celebrates-the-delivery-of-its-10-000-home-in-the-western-balkans\/","title":{"rendered":"Regionalni program stambenog zbrinjavanja slavi dodjelu 10 000 domova na Zapadnom Balkanu"},"content":{"rendered":"<p style=\"font-weight: 400;\">Regionalni program stambenog zbrinjavanja (RHP) proslavio je zna\u010dajan trenutak 30. novembra, dodjelom svog 10 000. doma za najugro\u017eenije izbjeglice i raseljena lica u regionu Zapadnog Balkana. Povod je obilje\u017een tokom ceremonije uru\u010denja klju\u010deva od 40 novoizgra\u0111enih stanova RHP izbjegli\u010dkim porodicama u Vr\u0161cu u Srbiji. Regionalni program stambenog zbrinjavanja ima za cilj da do sredine 2023. dodijeli ukupno 11 400 domova u \u010detiri partnerske zemlje RHP \u2013 Bosnu i Hercegovinu, Hrvatsku, Crnu Goru i Srbiju.<\/p>\n<p>&nbsp;<\/p>\n<p style=\"font-weight: 400;\">Pored samih korisnika, uru\u010denju klju\u010deva prisustvovali su i Nata\u0161a Stanisavljevi\u0107, povjerenica za izbjeglice i migracije Republike Srbije; Holger \u0160reder, \u0161ef odjeljenja, Regionalni programi za Zapadni Balkan i Plan ekonomskih investicija u DG NEAR i drugi nacionalni i me\u0111unarodni predstavnici.<\/p>\n<p>&nbsp;<\/p>\n<p style=\"font-weight: 400;\">U ime Evropske unije \u2013 glavnog donatora RHP \u2013 gospodin Holger Schroder \u010destitao je porodicama na novim domovima i osvrnuo se na zna\u010daj RHP-a kako za region, tako i za EU. \u201eRegionalni program stambenog zbrinjavanja simbolizuje solidarnost EU prema ugro\u017eenim porodicama koje su ostavile svoje \u017eivote iza sebe\u201c, rekao je on.<\/p>\n<p>&nbsp;<\/p>\n<p style=\"font-weight: 400;\">Posjeta stejkholdera RHP-a Vr\u0161cu uslijedila je nakon sastanka Skup\u0161tine donatora RHP tog jutra, a prethodila je sastanku Upravnog odbora RHP u Beogradu 30. novembra, \u010diji je doma\u0107in bio Komesarijat za izbjeglice i migracije Republike Srbije, kojim je predsjedavala Evropska Unija, a kopredsjedavala \u0160vajcarska, jo\u0161 jedan klju\u010dni donator programa.<\/p>\n<p style=\"font-weight: 400;\">\n","protected":false},"excerpt":{"rendered":"<p>Regionalni program stambenog zbrinjavanja (RHP) proslavio je zna\u010dajan trenutak 30. novembra, dodjelom svog 10 000. doma za najugro\u017eenije izbjeglice i raseljena lica u regionu Zapadnog <\/p>\n","protected":false},"author":152227,"featured_media":905701,"comment_status":"closed","ping_status":"closed","sticky":false,"template":"","format":"standard","meta":{"_acf_changed":false,"_monsterinsights_skip_tracking":false,"_monsterinsights_sitenote_active":false,"_monsterinsights_sitenote_note":"","_monsterinsights_sitenote_category":0,"footnotes":""},"country-for-news":[417,424,427,434,435,444],"class_list":["post-956791","post","type-post","status-publish","format-standard","has-post-thumbnail","hentry","wb_theme-equality-and-fair-society","country-for-news-albania","country-for-news-bosnia-and-herzegovina","country-for-news-kosovo","country-for-news-montenegro","country-for-news-north-macedonia","country-for-news-serbia"],"acf":[],"yoast_head":"<!-- This site is optimized with the Yoast SEO plugin v25.3.1 - https:\/\/yoast.com\/wordpress\/plugins\/seo\/ -->\n<title>Regionalni program stambenog zbrinjavanja slavi dodjelu 10 000 domova na Zapadnom Balkanu News | WeBalkans<\/title>\n<meta name=\"description\" content=\"Regionalni program stambenog zbrinjavanja slavi dodjelu 10 000 domova na Zapadnom Balkanu\" \/>\n<meta name=\"robots\" content=\"index, follow, max-snippet:-1, max-image-preview:large, max-video-preview:-1\" \/>\n<link rel=\"canonical\" href=\"https:\/\/webalkans.eu\/me\/news\/the-regional-housing-programme-celebrates-the-delivery-of-its-10-000-home-in-the-western-balkans\/\" \/>\n<meta property=\"og:locale\" content=\"en_US\" \/>\n<meta property=\"og:type\" content=\"article\" \/>\n<meta property=\"og:title\" content=\"Regionalni program stambenog zbrinjavanja slavi dodjelu 10 000 domova na Zapadnom Balkanu News | WeBalkans\" \/>\n<meta property=\"og:description\" content=\"Regionalni program stambenog zbrinjavanja slavi dodjelu 10 000 domova na Zapadnom Balkanu\" \/>\n<meta property=\"og:url\" content=\"https:\/\/webalkans.eu\/me\/news\/the-regional-housing-programme-celebrates-the-delivery-of-its-10-000-home-in-the-western-balkans\/\" \/>\n<meta property=\"og:site_name\" content=\"WeBalkans | EU Projects in the Western Balkans\" \/>\n<meta property=\"article:publisher\" content=\"https:\/\/www.facebook.com\/webalkans.eu\" \/>\n<meta property=\"article:published_time\" content=\"2022-12-07T12:08:51+00:00\" \/>\n<meta property=\"article:modified_time\" content=\"2022-12-23T09:37:50+00:00\" \/>\n<meta property=\"og:image\" content=\"https:\/\/webalkans.eu\/wp-content\/uploads\/2022\/12\/2-1024x680.png\" \/>\n\t<meta property=\"og:image:width\" content=\"1024\" \/>\n\t<meta property=\"og:image:height\" content=\"680\" \/>\n\t<meta property=\"og:image:type\" content=\"image\/png\" \/>\n<meta name=\"author\" content=\"007designstudio@gmail.com\" \/>\n<meta name=\"twitter:card\" content=\"summary_large_image\" \/>\n<meta name=\"twitter:creator\" content=\"@WeBalkans\" \/>\n<meta name=\"twitter:site\" content=\"@WeBalkans\" \/>\n<meta name=\"twitter:label1\" content=\"Written by\" \/>\n\t<meta name=\"twitter:data1\" content=\"007designstudio@gmail.com\" \/>\n\t<meta name=\"twitter:label2\" content=\"Est. reading time\" \/>\n\t<meta name=\"twitter:data2\" content=\"1 minute\" \/>\n<script type=\"application\/ld+json\" class=\"yoast-schema-graph\">{\"@context\":\"https:\/\/schema.org\",\"@graph\":[{\"@type\":\"Article\",\"@id\":\"https:\/\/webalkans.eu\/me\/news\/the-regional-housing-programme-celebrates-the-delivery-of-its-10-000-home-in-the-western-balkans\/#article\",\"isPartOf\":{\"@id\":\"https:\/\/webalkans.eu\/me\/news\/the-regional-housing-programme-celebrates-the-delivery-of-its-10-000-home-in-the-western-balkans\/\"},\"author\":{\"name\":\"007designstudio@gmail.com\",\"@id\":\"https:\/\/webalkans.eu\/me\/#\/schema\/person\/95a8ea19ef21de3b7766e9b65ffdb4da\"},\"headline\":\"Regionalni program stambenog zbrinjavanja slavi dodjelu 10 000 domova na Zapadnom Balkanu\",\"datePublished\":\"2022-12-07T12:08:51+00:00\",\"dateModified\":\"2022-12-23T09:37:50+00:00\",\"mainEntityOfPage\":{\"@id\":\"https:\/\/webalkans.eu\/me\/news\/the-regional-housing-programme-celebrates-the-delivery-of-its-10-000-home-in-the-western-balkans\/\"},\"wordCount\":232,\"publisher\":{\"@id\":\"https:\/\/webalkans.eu\/me\/#organization\"},\"image\":{\"@id\":\"https:\/\/webalkans.eu\/me\/news\/the-regional-housing-programme-celebrates-the-delivery-of-its-10-000-home-in-the-western-balkans\/#primaryimage\"},\"thumbnailUrl\":\"https:\/\/webalkans.eu\/wp-content\/uploads\/2022\/12\/2.png\",\"inLanguage\":\"me-ME\"},{\"@type\":\"WebPage\",\"@id\":\"https:\/\/webalkans.eu\/me\/news\/the-regional-housing-programme-celebrates-the-delivery-of-its-10-000-home-in-the-western-balkans\/\",\"url\":\"https:\/\/webalkans.eu\/me\/news\/the-regional-housing-programme-celebrates-the-delivery-of-its-10-000-home-in-the-western-balkans\/\",\"name\":\"Regionalni program stambenog zbrinjavanja slavi dodjelu 10 000 domova na Zapadnom Balkanu News | WeBalkans\",\"isPartOf\":{\"@id\":\"https:\/\/webalkans.eu\/me\/#website\"},\"primaryImageOfPage\":{\"@id\":\"https:\/\/webalkans.eu\/me\/news\/the-regional-housing-programme-celebrates-the-delivery-of-its-10-000-home-in-the-western-balkans\/#primaryimage\"},\"image\":{\"@id\":\"https:\/\/webalkans.eu\/me\/news\/the-regional-housing-programme-celebrates-the-delivery-of-its-10-000-home-in-the-western-balkans\/#primaryimage\"},\"thumbnailUrl\":\"https:\/\/webalkans.eu\/wp-content\/uploads\/2022\/12\/2.png\",\"datePublished\":\"2022-12-07T12:08:51+00:00\",\"dateModified\":\"2022-12-23T09:37:50+00:00\",\"description\":\"Regionalni program stambenog zbrinjavanja slavi dodjelu 10 000 domova na Zapadnom Balkanu\",\"breadcrumb\":{\"@id\":\"https:\/\/webalkans.eu\/me\/news\/the-regional-housing-programme-celebrates-the-delivery-of-its-10-000-home-in-the-western-balkans\/#breadcrumb\"},\"inLanguage\":\"me-ME\",\"potentialAction\":[{\"@type\":\"ReadAction\",\"target\":[\"https:\/\/webalkans.eu\/me\/news\/the-regional-housing-programme-celebrates-the-delivery-of-its-10-000-home-in-the-western-balkans\/\"]}]},{\"@type\":\"ImageObject\",\"inLanguage\":\"me-ME\",\"@id\":\"https:\/\/webalkans.eu\/me\/news\/the-regional-housing-programme-celebrates-the-delivery-of-its-10-000-home-in-the-western-balkans\/#primaryimage\",\"url\":\"https:\/\/webalkans.eu\/wp-content\/uploads\/2022\/12\/2.png\",\"contentUrl\":\"https:\/\/webalkans.eu\/wp-content\/uploads\/2022\/12\/2.png\",\"width\":1500,\"height\":996},{\"@type\":\"BreadcrumbList\",\"@id\":\"https:\/\/webalkans.eu\/me\/news\/the-regional-housing-programme-celebrates-the-delivery-of-its-10-000-home-in-the-western-balkans\/#breadcrumb\",\"itemListElement\":[{\"@type\":\"ListItem\",\"position\":1,\"name\":\"Home\",\"item\":\"https:\/\/webalkans.eu\/me\/homepage\/\"},{\"@type\":\"ListItem\",\"position\":2,\"name\":\"Regionalni program stambenog zbrinjavanja slavi dodjelu 10 000 domova na Zapadnom Balkanu\"}]},{\"@type\":\"WebSite\",\"@id\":\"https:\/\/webalkans.eu\/me\/#website\",\"url\":\"https:\/\/webalkans.eu\/me\/\",\"name\":\"WeBalkans | EU Projects in the Western Balkans\",\"description\":\"\",\"publisher\":{\"@id\":\"https:\/\/webalkans.eu\/me\/#organization\"},\"potentialAction\":[{\"@type\":\"SearchAction\",\"target\":{\"@type\":\"EntryPoint\",\"urlTemplate\":\"https:\/\/webalkans.eu\/me\/?s={search_term_string}\"},\"query-input\":{\"@type\":\"PropertyValueSpecification\",\"valueRequired\":true,\"valueName\":\"search_term_string\"}}],\"inLanguage\":\"me-ME\"},{\"@type\":\"Organization\",\"@id\":\"https:\/\/webalkans.eu\/me\/#organization\",\"name\":\"European Union\",\"url\":\"https:\/\/webalkans.eu\/me\/\",\"logo\":{\"@type\":\"ImageObject\",\"inLanguage\":\"me-ME\",\"@id\":\"https:\/\/webalkans.eu\/me\/#\/schema\/logo\/image\/\",\"url\":\"https:\/\/webalkans.eu\/wp-content\/uploads\/2020\/11\/eu_flag.jpg\",\"contentUrl\":\"https:\/\/webalkans.eu\/wp-content\/uploads\/2020\/11\/eu_flag.jpg\",\"width\":600,\"height\":401,\"caption\":\"European Union\"},\"image\":{\"@id\":\"https:\/\/webalkans.eu\/me\/#\/schema\/logo\/image\/\"},\"sameAs\":[\"https:\/\/www.facebook.com\/webalkans.eu\",\"https:\/\/x.com\/WeBalkans\"]},{\"@type\":\"Person\",\"@id\":\"https:\/\/webalkans.eu\/me\/#\/schema\/person\/95a8ea19ef21de3b7766e9b65ffdb4da\",\"name\":\"007designstudio@gmail.com\"}]}<\/script>\n<!-- \/ Yoast SEO plugin. -->","yoast_head_json":{"title":"Regionalni program stambenog zbrinjavanja slavi dodjelu 10 000 domova na Zapadnom Balkanu News | WeBalkans","description":"Regionalni program stambenog zbrinjavanja slavi dodjelu 10 000 domova na Zapadnom Balkanu","robots":{"index":"index","follow":"follow","max-snippet":"max-snippet:-1","max-image-preview":"max-image-preview:large","max-video-preview":"max-video-preview:-1"},"canonical":"https:\/\/webalkans.eu\/me\/news\/the-regional-housing-programme-celebrates-the-delivery-of-its-10-000-home-in-the-western-balkans\/","og_locale":"en_US","og_type":"article","og_title":"Regionalni program stambenog zbrinjavanja slavi dodjelu 10 000 domova na Zapadnom Balkanu News | WeBalkans","og_description":"Regionalni program stambenog zbrinjavanja slavi dodjelu 10 000 domova na Zapadnom Balkanu","og_url":"https:\/\/webalkans.eu\/me\/news\/the-regional-housing-programme-celebrates-the-delivery-of-its-10-000-home-in-the-western-balkans\/","og_site_name":"WeBalkans | EU Projects in the Western Balkans","article_publisher":"https:\/\/www.facebook.com\/webalkans.eu","article_published_time":"2022-12-07T12:08:51+00:00","article_modified_time":"2022-12-23T09:37:50+00:00","og_image":[{"width":1024,"height":680,"url":"https:\/\/webalkans.eu\/wp-content\/uploads\/2022\/12\/2-1024x680.png","type":"image\/png"}],"author":"007designstudio@gmail.com","twitter_card":"summary_large_image","twitter_creator":"@WeBalkans","twitter_site":"@WeBalkans","twitter_misc":{"Written by":"007designstudio@gmail.com","Est. reading time":"1 minute"},"schema":{"@context":"https:\/\/schema.org","@graph":[{"@type":"Article","@id":"https:\/\/webalkans.eu\/me\/news\/the-regional-housing-programme-celebrates-the-delivery-of-its-10-000-home-in-the-western-balkans\/#article","isPartOf":{"@id":"https:\/\/webalkans.eu\/me\/news\/the-regional-housing-programme-celebrates-the-delivery-of-its-10-000-home-in-the-western-balkans\/"},"author":{"name":"007designstudio@gmail.com","@id":"https:\/\/webalkans.eu\/me\/#\/schema\/person\/95a8ea19ef21de3b7766e9b65ffdb4da"},"headline":"Regionalni program stambenog zbrinjavanja slavi dodjelu 10 000 domova na Zapadnom Balkanu","datePublished":"2022-12-07T12:08:51+00:00","dateModified":"2022-12-23T09:37:50+00:00","mainEntityOfPage":{"@id":"https:\/\/webalkans.eu\/me\/news\/the-regional-housing-programme-celebrates-the-delivery-of-its-10-000-home-in-the-western-balkans\/"},"wordCount":232,"publisher":{"@id":"https:\/\/webalkans.eu\/me\/#organization"},"image":{"@id":"https:\/\/webalkans.eu\/me\/news\/the-regional-housing-programme-celebrates-the-delivery-of-its-10-000-home-in-the-western-balkans\/#primaryimage"},"thumbnailUrl":"https:\/\/webalkans.eu\/wp-content\/uploads\/2022\/12\/2.png","inLanguage":"me-ME"},{"@type":"WebPage","@id":"https:\/\/webalkans.eu\/me\/news\/the-regional-housing-programme-celebrates-the-delivery-of-its-10-000-home-in-the-western-balkans\/","url":"https:\/\/webalkans.eu\/me\/news\/the-regional-housing-programme-celebrates-the-delivery-of-its-10-000-home-in-the-western-balkans\/","name":"Regionalni program stambenog zbrinjavanja slavi dodjelu 10 000 domova na Zapadnom Balkanu News | WeBalkans","isPartOf":{"@id":"https:\/\/webalkans.eu\/me\/#website"},"primaryImageOfPage":{"@id":"https:\/\/webalkans.eu\/me\/news\/the-regional-housing-programme-celebrates-the-delivery-of-its-10-000-home-in-the-western-balkans\/#primaryimage"},"image":{"@id":"https:\/\/webalkans.eu\/me\/news\/the-regional-housing-programme-celebrates-the-delivery-of-its-10-000-home-in-the-western-balkans\/#primaryimage"},"thumbnailUrl":"https:\/\/webalkans.eu\/wp-content\/uploads\/2022\/12\/2.png","datePublished":"2022-12-07T12:08:51+00:00","dateModified":"2022-12-23T09:37:50+00:00","description":"Regionalni program stambenog zbrinjavanja slavi dodjelu 10 000 domova na Zapadnom Balkanu","breadcrumb":{"@id":"https:\/\/webalkans.eu\/me\/news\/the-regional-housing-programme-celebrates-the-delivery-of-its-10-000-home-in-the-western-balkans\/#breadcrumb"},"inLanguage":"me-ME","potentialAction":[{"@type":"ReadAction","target":["https:\/\/webalkans.eu\/me\/news\/the-regional-housing-programme-celebrates-the-delivery-of-its-10-000-home-in-the-western-balkans\/"]}]},{"@type":"ImageObject","inLanguage":"me-ME","@id":"https:\/\/webalkans.eu\/me\/news\/the-regional-housing-programme-celebrates-the-delivery-of-its-10-000-home-in-the-western-balkans\/#primaryimage","url":"https:\/\/webalkans.eu\/wp-content\/uploads\/2022\/12\/2.png","contentUrl":"https:\/\/webalkans.eu\/wp-content\/uploads\/2022\/12\/2.png","width":1500,"height":996},{"@type":"BreadcrumbList","@id":"https:\/\/webalkans.eu\/me\/news\/the-regional-housing-programme-celebrates-the-delivery-of-its-10-000-home-in-the-western-balkans\/#breadcrumb","itemListElement":[{"@type":"ListItem","position":1,"name":"Home","item":"https:\/\/webalkans.eu\/me\/homepage\/"},{"@type":"ListItem","position":2,"name":"Regionalni program stambenog zbrinjavanja slavi dodjelu 10 000 domova na Zapadnom Balkanu"}]},{"@type":"WebSite","@id":"https:\/\/webalkans.eu\/me\/#website","url":"https:\/\/webalkans.eu\/me\/","name":"WeBalkans | EU Projects in the Western Balkans","description":"","publisher":{"@id":"https:\/\/webalkans.eu\/me\/#organization"},"potentialAction":[{"@type":"SearchAction","target":{"@type":"EntryPoint","urlTemplate":"https:\/\/webalkans.eu\/me\/?s={search_term_string}"},"query-input":{"@type":"PropertyValueSpecification","valueRequired":true,"valueName":"search_term_string"}}],"inLanguage":"me-ME"},{"@type":"Organization","@id":"https:\/\/webalkans.eu\/me\/#organization","name":"European Union","url":"https:\/\/webalkans.eu\/me\/","logo":{"@type":"ImageObject","inLanguage":"me-ME","@id":"https:\/\/webalkans.eu\/me\/#\/schema\/logo\/image\/","url":"https:\/\/webalkans.eu\/wp-content\/uploads\/2020\/11\/eu_flag.jpg","contentUrl":"https:\/\/webalkans.eu\/wp-content\/uploads\/2020\/11\/eu_flag.jpg","width":600,"height":401,"caption":"European Union"},"image":{"@id":"https:\/\/webalkans.eu\/me\/#\/schema\/logo\/image\/"},"sameAs":["https:\/\/www.facebook.com\/webalkans.eu","https:\/\/x.com\/WeBalkans"]},{"@type":"Person","@id":"https:\/\/webalkans.eu\/me\/#\/schema\/person\/95a8ea19ef21de3b7766e9b65ffdb4da","name":"007designstudio@gmail.com"}]}},"_links":{"self":[{"href":"https:\/\/webalkans.eu\/me\/wp-json\/wp\/v2\/posts\/956791"}],"collection":[{"href":"https:\/\/webalkans.eu\/me\/wp-json\/wp\/v2\/posts"}],"about":[{"href":"https:\/\/webalkans.eu\/me\/wp-json\/wp\/v2\/types\/post"}],"author":[{"embeddable":true,"href":"https:\/\/webalkans.eu\/me\/wp-json\/wp\/v2\/users\/152227"}],"replies":[{"embeddable":true,"href":"https:\/\/webalkans.eu\/me\/wp-json\/wp\/v2\/comments?post=956791"}],"version-history":[{"count":0,"href":"https:\/\/webalkans.eu\/me\/wp-json\/wp\/v2\/posts\/956791\/revisions"}],"wp:featuredmedia":[{"embeddable":true,"href":"https:\/\/webalkans.eu\/me\/wp-json\/wp\/v2\/media\/905701"}],"wp:attachment":[{"href":"https:\/\/webalkans.eu\/me\/wp-json\/wp\/v2\/media?parent=956791"}],"wp:term":[{"taxonomy":"country-for-news","embeddable":true,"href":"https:\/\/webalkans.eu\/me\/wp-json\/wp\/v2\/country-for-news?post=956791"}],"curies":[{"name":"wp","href":"https:\/\/api.w.org\/{rel}","templated":true}]}}