
{"id":956781,"date":"2022-12-07T11:19:24","date_gmt":"2022-12-07T10:19:24","guid":{"rendered":"https:\/\/webalkans.eu\/news\/made-of-us-an-incredible-adventure-is-about-to-begin-in-spring-2023\/"},"modified":"2022-12-23T10:35:52","modified_gmt":"2022-12-23T09:35:52","slug":"made-of-us-an-incredible-adventure-is-about-to-begin-in-spring-2023","status":"publish","type":"post","link":"https:\/\/webalkans.eu\/me\/news\/made-of-us-an-incredible-adventure-is-about-to-begin-in-spring-2023\/","title":{"rendered":"MADE OF US: Na prolje\u0107e 2023. godine po\u010dinje nevjerovatna avantura"},"content":{"rendered":"<p style=\"font-weight: 400;\">WeBalkans sa ponosom objavljuje poziv za podno\u0161enje prijava namijenjen mladim vlogerima sa Zapadnog Balkana koji \u017eele da postanu dio putovanja kroz Zapadni Balkan, pod nazivom \u201eMade of Us\u201c. \u00a0Ova avantura \u0107e se odr\u017eati na prolje\u0107e 2023. Pozivamo sve talentovane vlogere sa Zapadnog Balkana, starosti od 21 do 30 godina, da se prijave preko namjenskog portala <u>WeBalkans.eu.<\/u><\/p>\n<p style=\"font-weight: 400;\"><strong>\u00a0<\/strong><\/p>\n<p style=\"font-weight: 400;\">Odabrani vlogeri \u0107e posjetiti projekte koje podr\u017eava EU i upoznati se sa zanimljivim i inspirativnim li\u010dnostima, a istovremeno \u0107e prikazati prirodne pejza\u017ee, izuzetne znamenitosti i jedinstveno kulturno naslje\u0111e koje Zapadni Balkan mo\u017ee da ponudi. Odabrani putnici \u0107e zabilje\u017eiti svoja iskustva koriste\u0107i sopstvenu opremu i preto\u010diti putovanje u visokokvalitetne sadr\u017eaje, fotografije i video zapise za dru\u0161tvene mre\u017ee i veb, koji \u0107e biti distribuirani putem njihovih li\u010dnih i WeBalkans kanala.<\/p>\n<p>&nbsp;<\/p>\n<p style=\"font-weight: 400;\">Putovanje \u0107e biti jo\u0161 uzbudljivije jer \u0161est pobjednika sa Zapadnog Balkana ne\u0107e putovati sami. Po\u010detkom 2023. pridru\u017ei\u0107e im se \u0161est mladih kreatora iz EU kako bi zajedno putovali i sara\u0111ivali na cjelokupnoj produkciji sadr\u017eaja. Ovih \u0161est putni\u010dkih parova EU-Zapadni Balkan ima\u0107e \u0161ansu da istra\u017euju najbolje od Zapadnog Balkana, govore\u0107i ostatku sveta o tome sopstvenim rije\u010dima u aprilu-maju 2023!<\/p>\n<p>&nbsp;<\/p>\n<p style=\"font-weight: 400;\">Pozivamo sve zainteresovane da posjete na\u0161 sajt <a href=\"https:\/\/webalkans.eu\/en\/made-of-us\/\">webalkans.eu<\/a> za vi\u0161e informacija o procesu selekcije, uklju\u010duju\u0107i pravila i uslove u\u010de\u0161\u0107a. Faza prijave po\u010dinje 7. decembra i bi\u0107e otvorena do 7. januara 2023. \u201eMade of Us\u201c je tre\u0107a regionalna kampanja podizanja svijesti koju je pokrenuo WeBalkans, projekat koji finansira Evropska unija.<\/p>\n","protected":false},"excerpt":{"rendered":"<p>WeBalkans sa ponosom objavljuje poziv za podno\u0161enje prijava namijenjen mladim vlogerima sa Zapadnog Balkana koji \u017eele da postanu dio putovanja kroz Zapadni Balkan, pod nazivom <\/p>\n","protected":false},"author":152227,"featured_media":905490,"comment_status":"closed","ping_status":"closed","sticky":false,"template":"","format":"standard","meta":{"_acf_changed":false,"_monsterinsights_skip_tracking":false,"_monsterinsights_sitenote_active":false,"_monsterinsights_sitenote_note":"","_monsterinsights_sitenote_category":0,"footnotes":""},"country-for-news":[434,435,444,417,424,427],"class_list":["post-956781","post","type-post","status-publish","format-standard","has-post-thumbnail","hentry","wb_theme-regional-cooperation","wb_theme-connectivity","wb_theme-culture-and-youth","wb_theme-democracy-and-fundamental-rights","wb_theme-economy","wb_theme-environment","wb_theme-equality-and-fair-society","wb_theme-innovation-and-skills","country-for-news-montenegro","country-for-news-north-macedonia","country-for-news-serbia","country-for-news-albania","country-for-news-bosnia-and-herzegovina","country-for-news-kosovo"],"acf":[],"yoast_head":"<!-- This site is optimized with the Yoast SEO plugin v25.3.1 - https:\/\/yoast.com\/wordpress\/plugins\/seo\/ -->\n<title>MADE OF US: Na prolje\u0107e 2023. godine po\u010dinje nevjerovatna avantura News | WeBalkans<\/title>\n<meta name=\"description\" content=\"MADE OF US: Na prolje\u0107e 2023. godine po\u010dinje nevjerovatna avantura\" \/>\n<meta name=\"robots\" content=\"index, follow, max-snippet:-1, max-image-preview:large, max-video-preview:-1\" \/>\n<link rel=\"canonical\" href=\"https:\/\/webalkans.eu\/me\/news\/made-of-us-an-incredible-adventure-is-about-to-begin-in-spring-2023\/\" \/>\n<meta property=\"og:locale\" content=\"en_US\" \/>\n<meta property=\"og:type\" content=\"article\" \/>\n<meta property=\"og:title\" content=\"MADE OF US: Na prolje\u0107e 2023. godine po\u010dinje nevjerovatna avantura News | WeBalkans\" \/>\n<meta property=\"og:description\" content=\"MADE OF US: Na prolje\u0107e 2023. godine po\u010dinje nevjerovatna avantura\" \/>\n<meta property=\"og:url\" content=\"https:\/\/webalkans.eu\/me\/news\/made-of-us-an-incredible-adventure-is-about-to-begin-in-spring-2023\/\" \/>\n<meta property=\"og:site_name\" content=\"WeBalkans | EU Projects in the Western Balkans\" \/>\n<meta property=\"article:publisher\" content=\"https:\/\/www.facebook.com\/webalkans.eu\" \/>\n<meta property=\"article:published_time\" content=\"2022-12-07T10:19:24+00:00\" \/>\n<meta property=\"article:modified_time\" content=\"2022-12-23T09:35:52+00:00\" \/>\n<meta property=\"og:image\" content=\"https:\/\/webalkans.eu\/wp-content\/uploads\/2022\/12\/CARD-NEWS-763X450.png\" \/>\n\t<meta property=\"og:image:width\" content=\"763\" \/>\n\t<meta property=\"og:image:height\" content=\"450\" \/>\n\t<meta property=\"og:image:type\" content=\"image\/png\" \/>\n<meta name=\"author\" content=\"007designstudio@gmail.com\" \/>\n<meta name=\"twitter:card\" content=\"summary_large_image\" \/>\n<meta name=\"twitter:creator\" content=\"@WeBalkans\" \/>\n<meta name=\"twitter:site\" content=\"@WeBalkans\" \/>\n<meta name=\"twitter:label1\" content=\"Written by\" \/>\n\t<meta name=\"twitter:data1\" content=\"007designstudio@gmail.com\" \/>\n\t<meta name=\"twitter:label2\" content=\"Est. reading time\" \/>\n\t<meta name=\"twitter:data2\" content=\"1 minute\" \/>\n<script type=\"application\/ld+json\" class=\"yoast-schema-graph\">{\"@context\":\"https:\/\/schema.org\",\"@graph\":[{\"@type\":\"Article\",\"@id\":\"https:\/\/webalkans.eu\/me\/news\/made-of-us-an-incredible-adventure-is-about-to-begin-in-spring-2023\/#article\",\"isPartOf\":{\"@id\":\"https:\/\/webalkans.eu\/me\/news\/made-of-us-an-incredible-adventure-is-about-to-begin-in-spring-2023\/\"},\"author\":{\"name\":\"007designstudio@gmail.com\",\"@id\":\"https:\/\/webalkans.eu\/me\/#\/schema\/person\/95a8ea19ef21de3b7766e9b65ffdb4da\"},\"headline\":\"MADE OF US: Na prolje\u0107e 2023. godine po\u010dinje nevjerovatna avantura\",\"datePublished\":\"2022-12-07T10:19:24+00:00\",\"dateModified\":\"2022-12-23T09:35:52+00:00\",\"mainEntityOfPage\":{\"@id\":\"https:\/\/webalkans.eu\/me\/news\/made-of-us-an-incredible-adventure-is-about-to-begin-in-spring-2023\/\"},\"wordCount\":272,\"publisher\":{\"@id\":\"https:\/\/webalkans.eu\/me\/#organization\"},\"image\":{\"@id\":\"https:\/\/webalkans.eu\/me\/news\/made-of-us-an-incredible-adventure-is-about-to-begin-in-spring-2023\/#primaryimage\"},\"thumbnailUrl\":\"https:\/\/webalkans.eu\/wp-content\/uploads\/2022\/12\/CARD-NEWS-763X450.png\",\"inLanguage\":\"me-ME\"},{\"@type\":\"WebPage\",\"@id\":\"https:\/\/webalkans.eu\/me\/news\/made-of-us-an-incredible-adventure-is-about-to-begin-in-spring-2023\/\",\"url\":\"https:\/\/webalkans.eu\/me\/news\/made-of-us-an-incredible-adventure-is-about-to-begin-in-spring-2023\/\",\"name\":\"MADE OF US: Na prolje\u0107e 2023. godine po\u010dinje nevjerovatna avantura News | WeBalkans\",\"isPartOf\":{\"@id\":\"https:\/\/webalkans.eu\/me\/#website\"},\"primaryImageOfPage\":{\"@id\":\"https:\/\/webalkans.eu\/me\/news\/made-of-us-an-incredible-adventure-is-about-to-begin-in-spring-2023\/#primaryimage\"},\"image\":{\"@id\":\"https:\/\/webalkans.eu\/me\/news\/made-of-us-an-incredible-adventure-is-about-to-begin-in-spring-2023\/#primaryimage\"},\"thumbnailUrl\":\"https:\/\/webalkans.eu\/wp-content\/uploads\/2022\/12\/CARD-NEWS-763X450.png\",\"datePublished\":\"2022-12-07T10:19:24+00:00\",\"dateModified\":\"2022-12-23T09:35:52+00:00\",\"description\":\"MADE OF US: Na prolje\u0107e 2023. godine po\u010dinje nevjerovatna avantura\",\"breadcrumb\":{\"@id\":\"https:\/\/webalkans.eu\/me\/news\/made-of-us-an-incredible-adventure-is-about-to-begin-in-spring-2023\/#breadcrumb\"},\"inLanguage\":\"me-ME\",\"potentialAction\":[{\"@type\":\"ReadAction\",\"target\":[\"https:\/\/webalkans.eu\/me\/news\/made-of-us-an-incredible-adventure-is-about-to-begin-in-spring-2023\/\"]}]},{\"@type\":\"ImageObject\",\"inLanguage\":\"me-ME\",\"@id\":\"https:\/\/webalkans.eu\/me\/news\/made-of-us-an-incredible-adventure-is-about-to-begin-in-spring-2023\/#primaryimage\",\"url\":\"https:\/\/webalkans.eu\/wp-content\/uploads\/2022\/12\/CARD-NEWS-763X450.png\",\"contentUrl\":\"https:\/\/webalkans.eu\/wp-content\/uploads\/2022\/12\/CARD-NEWS-763X450.png\",\"width\":763,\"height\":450},{\"@type\":\"BreadcrumbList\",\"@id\":\"https:\/\/webalkans.eu\/me\/news\/made-of-us-an-incredible-adventure-is-about-to-begin-in-spring-2023\/#breadcrumb\",\"itemListElement\":[{\"@type\":\"ListItem\",\"position\":1,\"name\":\"Home\",\"item\":\"https:\/\/webalkans.eu\/me\/homepage\/\"},{\"@type\":\"ListItem\",\"position\":2,\"name\":\"MADE OF US: Na prolje\u0107e 2023. godine po\u010dinje nevjerovatna avantura\"}]},{\"@type\":\"WebSite\",\"@id\":\"https:\/\/webalkans.eu\/me\/#website\",\"url\":\"https:\/\/webalkans.eu\/me\/\",\"name\":\"WeBalkans | EU Projects in the Western Balkans\",\"description\":\"\",\"publisher\":{\"@id\":\"https:\/\/webalkans.eu\/me\/#organization\"},\"potentialAction\":[{\"@type\":\"SearchAction\",\"target\":{\"@type\":\"EntryPoint\",\"urlTemplate\":\"https:\/\/webalkans.eu\/me\/?s={search_term_string}\"},\"query-input\":{\"@type\":\"PropertyValueSpecification\",\"valueRequired\":true,\"valueName\":\"search_term_string\"}}],\"inLanguage\":\"me-ME\"},{\"@type\":\"Organization\",\"@id\":\"https:\/\/webalkans.eu\/me\/#organization\",\"name\":\"European Union\",\"url\":\"https:\/\/webalkans.eu\/me\/\",\"logo\":{\"@type\":\"ImageObject\",\"inLanguage\":\"me-ME\",\"@id\":\"https:\/\/webalkans.eu\/me\/#\/schema\/logo\/image\/\",\"url\":\"https:\/\/webalkans.eu\/wp-content\/uploads\/2020\/11\/eu_flag.jpg\",\"contentUrl\":\"https:\/\/webalkans.eu\/wp-content\/uploads\/2020\/11\/eu_flag.jpg\",\"width\":600,\"height\":401,\"caption\":\"European Union\"},\"image\":{\"@id\":\"https:\/\/webalkans.eu\/me\/#\/schema\/logo\/image\/\"},\"sameAs\":[\"https:\/\/www.facebook.com\/webalkans.eu\",\"https:\/\/x.com\/WeBalkans\"]},{\"@type\":\"Person\",\"@id\":\"https:\/\/webalkans.eu\/me\/#\/schema\/person\/95a8ea19ef21de3b7766e9b65ffdb4da\",\"name\":\"007designstudio@gmail.com\"}]}<\/script>\n<!-- \/ Yoast SEO plugin. -->","yoast_head_json":{"title":"MADE OF US: Na prolje\u0107e 2023. godine po\u010dinje nevjerovatna avantura News | WeBalkans","description":"MADE OF US: Na prolje\u0107e 2023. godine po\u010dinje nevjerovatna avantura","robots":{"index":"index","follow":"follow","max-snippet":"max-snippet:-1","max-image-preview":"max-image-preview:large","max-video-preview":"max-video-preview:-1"},"canonical":"https:\/\/webalkans.eu\/me\/news\/made-of-us-an-incredible-adventure-is-about-to-begin-in-spring-2023\/","og_locale":"en_US","og_type":"article","og_title":"MADE OF US: Na prolje\u0107e 2023. godine po\u010dinje nevjerovatna avantura News | WeBalkans","og_description":"MADE OF US: Na prolje\u0107e 2023. godine po\u010dinje nevjerovatna avantura","og_url":"https:\/\/webalkans.eu\/me\/news\/made-of-us-an-incredible-adventure-is-about-to-begin-in-spring-2023\/","og_site_name":"WeBalkans | EU Projects in the Western Balkans","article_publisher":"https:\/\/www.facebook.com\/webalkans.eu","article_published_time":"2022-12-07T10:19:24+00:00","article_modified_time":"2022-12-23T09:35:52+00:00","og_image":[{"width":763,"height":450,"url":"https:\/\/webalkans.eu\/wp-content\/uploads\/2022\/12\/CARD-NEWS-763X450.png","type":"image\/png"}],"author":"007designstudio@gmail.com","twitter_card":"summary_large_image","twitter_creator":"@WeBalkans","twitter_site":"@WeBalkans","twitter_misc":{"Written by":"007designstudio@gmail.com","Est. reading time":"1 minute"},"schema":{"@context":"https:\/\/schema.org","@graph":[{"@type":"Article","@id":"https:\/\/webalkans.eu\/me\/news\/made-of-us-an-incredible-adventure-is-about-to-begin-in-spring-2023\/#article","isPartOf":{"@id":"https:\/\/webalkans.eu\/me\/news\/made-of-us-an-incredible-adventure-is-about-to-begin-in-spring-2023\/"},"author":{"name":"007designstudio@gmail.com","@id":"https:\/\/webalkans.eu\/me\/#\/schema\/person\/95a8ea19ef21de3b7766e9b65ffdb4da"},"headline":"MADE OF US: Na prolje\u0107e 2023. godine po\u010dinje nevjerovatna avantura","datePublished":"2022-12-07T10:19:24+00:00","dateModified":"2022-12-23T09:35:52+00:00","mainEntityOfPage":{"@id":"https:\/\/webalkans.eu\/me\/news\/made-of-us-an-incredible-adventure-is-about-to-begin-in-spring-2023\/"},"wordCount":272,"publisher":{"@id":"https:\/\/webalkans.eu\/me\/#organization"},"image":{"@id":"https:\/\/webalkans.eu\/me\/news\/made-of-us-an-incredible-adventure-is-about-to-begin-in-spring-2023\/#primaryimage"},"thumbnailUrl":"https:\/\/webalkans.eu\/wp-content\/uploads\/2022\/12\/CARD-NEWS-763X450.png","inLanguage":"me-ME"},{"@type":"WebPage","@id":"https:\/\/webalkans.eu\/me\/news\/made-of-us-an-incredible-adventure-is-about-to-begin-in-spring-2023\/","url":"https:\/\/webalkans.eu\/me\/news\/made-of-us-an-incredible-adventure-is-about-to-begin-in-spring-2023\/","name":"MADE OF US: Na prolje\u0107e 2023. godine po\u010dinje nevjerovatna avantura News | WeBalkans","isPartOf":{"@id":"https:\/\/webalkans.eu\/me\/#website"},"primaryImageOfPage":{"@id":"https:\/\/webalkans.eu\/me\/news\/made-of-us-an-incredible-adventure-is-about-to-begin-in-spring-2023\/#primaryimage"},"image":{"@id":"https:\/\/webalkans.eu\/me\/news\/made-of-us-an-incredible-adventure-is-about-to-begin-in-spring-2023\/#primaryimage"},"thumbnailUrl":"https:\/\/webalkans.eu\/wp-content\/uploads\/2022\/12\/CARD-NEWS-763X450.png","datePublished":"2022-12-07T10:19:24+00:00","dateModified":"2022-12-23T09:35:52+00:00","description":"MADE OF US: Na prolje\u0107e 2023. godine po\u010dinje nevjerovatna avantura","breadcrumb":{"@id":"https:\/\/webalkans.eu\/me\/news\/made-of-us-an-incredible-adventure-is-about-to-begin-in-spring-2023\/#breadcrumb"},"inLanguage":"me-ME","potentialAction":[{"@type":"ReadAction","target":["https:\/\/webalkans.eu\/me\/news\/made-of-us-an-incredible-adventure-is-about-to-begin-in-spring-2023\/"]}]},{"@type":"ImageObject","inLanguage":"me-ME","@id":"https:\/\/webalkans.eu\/me\/news\/made-of-us-an-incredible-adventure-is-about-to-begin-in-spring-2023\/#primaryimage","url":"https:\/\/webalkans.eu\/wp-content\/uploads\/2022\/12\/CARD-NEWS-763X450.png","contentUrl":"https:\/\/webalkans.eu\/wp-content\/uploads\/2022\/12\/CARD-NEWS-763X450.png","width":763,"height":450},{"@type":"BreadcrumbList","@id":"https:\/\/webalkans.eu\/me\/news\/made-of-us-an-incredible-adventure-is-about-to-begin-in-spring-2023\/#breadcrumb","itemListElement":[{"@type":"ListItem","position":1,"name":"Home","item":"https:\/\/webalkans.eu\/me\/homepage\/"},{"@type":"ListItem","position":2,"name":"MADE OF US: Na prolje\u0107e 2023. godine po\u010dinje nevjerovatna avantura"}]},{"@type":"WebSite","@id":"https:\/\/webalkans.eu\/me\/#website","url":"https:\/\/webalkans.eu\/me\/","name":"WeBalkans | EU Projects in the Western Balkans","description":"","publisher":{"@id":"https:\/\/webalkans.eu\/me\/#organization"},"potentialAction":[{"@type":"SearchAction","target":{"@type":"EntryPoint","urlTemplate":"https:\/\/webalkans.eu\/me\/?s={search_term_string}"},"query-input":{"@type":"PropertyValueSpecification","valueRequired":true,"valueName":"search_term_string"}}],"inLanguage":"me-ME"},{"@type":"Organization","@id":"https:\/\/webalkans.eu\/me\/#organization","name":"European Union","url":"https:\/\/webalkans.eu\/me\/","logo":{"@type":"ImageObject","inLanguage":"me-ME","@id":"https:\/\/webalkans.eu\/me\/#\/schema\/logo\/image\/","url":"https:\/\/webalkans.eu\/wp-content\/uploads\/2020\/11\/eu_flag.jpg","contentUrl":"https:\/\/webalkans.eu\/wp-content\/uploads\/2020\/11\/eu_flag.jpg","width":600,"height":401,"caption":"European Union"},"image":{"@id":"https:\/\/webalkans.eu\/me\/#\/schema\/logo\/image\/"},"sameAs":["https:\/\/www.facebook.com\/webalkans.eu","https:\/\/x.com\/WeBalkans"]},{"@type":"Person","@id":"https:\/\/webalkans.eu\/me\/#\/schema\/person\/95a8ea19ef21de3b7766e9b65ffdb4da","name":"007designstudio@gmail.com"}]}},"_links":{"self":[{"href":"https:\/\/webalkans.eu\/me\/wp-json\/wp\/v2\/posts\/956781"}],"collection":[{"href":"https:\/\/webalkans.eu\/me\/wp-json\/wp\/v2\/posts"}],"about":[{"href":"https:\/\/webalkans.eu\/me\/wp-json\/wp\/v2\/types\/post"}],"author":[{"embeddable":true,"href":"https:\/\/webalkans.eu\/me\/wp-json\/wp\/v2\/users\/152227"}],"replies":[{"embeddable":true,"href":"https:\/\/webalkans.eu\/me\/wp-json\/wp\/v2\/comments?post=956781"}],"version-history":[{"count":0,"href":"https:\/\/webalkans.eu\/me\/wp-json\/wp\/v2\/posts\/956781\/revisions"}],"wp:featuredmedia":[{"embeddable":true,"href":"https:\/\/webalkans.eu\/me\/wp-json\/wp\/v2\/media\/905490"}],"wp:attachment":[{"href":"https:\/\/webalkans.eu\/me\/wp-json\/wp\/v2\/media?parent=956781"}],"wp:term":[{"taxonomy":"country-for-news","embeddable":true,"href":"https:\/\/webalkans.eu\/me\/wp-json\/wp\/v2\/country-for-news?post=956781"}],"curies":[{"name":"wp","href":"https:\/\/api.w.org\/{rel}","templated":true}]}}