
{"id":771111,"date":"2022-08-02T10:19:01","date_gmt":"2022-08-02T08:19:01","guid":{"rendered":"https:\/\/webalkans.eu\/news\/gradiska-bridge-completed-with-eu-grant-contribution-of-e3-2-million\/"},"modified":"2022-08-08T12:33:52","modified_gmt":"2022-08-08T10:33:52","slug":"gradiska-bridge-completed-with-eu-grant-contribution-of-e3-2-million","status":"publish","type":"post","link":"https:\/\/webalkans.eu\/me\/news\/gradiska-bridge-completed-with-eu-grant-contribution-of-e3-2-million\/","title":{"rendered":"Most u Gradi\u0161ki zavr\u0161en uz bespovratna sredstva EU od 3,2 miliona eura"},"content":{"rendered":"<div>\n<p class=\"P68B1DB1-NormalWeb3\"><span lang=\"UZ-CYR\">Zavr\u0161etak radova na prekograni\u010dnom mostu u Gradi\u0161ki, jednom od najva\u017enijih projekata na Savi koji povezuje Bosnu i Hercegovinu i Hrvatsku, obiljele\u017een je 29. jula. Evropska unija je sufinansirala izgradnju mosta sa 3,2 miliona eura bespovratnih sredstava u kombinaciji sa povoljnim kreditom Evropske investicione banke (EIB) od 5,6 miliona <\/span><span lang=\"UZ-CYR\">eura.<\/span><\/p>\n<p>&nbsp;<\/p>\n<\/div>\n<div>\n<p class=\"P68B1DB1-NormalWeb3\"><span lang=\"UZ-CYR\">Most od 430 metara poveziva\u0107e autoput Ruta 2a u Bosni i Hercegovini sa autoputem u Hrvatskoj koji je u izgradnji i koji \u0107e i\u0107i od granice sa Bosnom i Hercegovinom preko Oku\u010dana do granice sa Ma\u0111arskom. Zajedno sa grani\u010dnim prelazom, most \u0107e obezbijediti vezu sa Transevropskom osnovnom mre\u017eom na <\/span><span lang=\"UZ-CYR\">Koridoru Vc i predstavlja\u0107e veliku promjenu za lokalnu privredu.<\/span><\/p>\n<p>&nbsp;<\/p>\n<\/div>\n<div>\n<p class=\"P68B1DB1-NormalWeb4\"><span lang=\"UZ-CYR\">Kada bude otvoren za transport, most u Gradi\u0161ki \u0107e zna\u010dajno smanjiti vrijeme \u010dekanja na granici i olak\u0161ati br\u017ei i bezbjedniji put za preduze\u0107a i gra\u0111ane BiH i regiona, \u0161to \u0107e dovesti do ve\u0107eg rasta i novih mogu\u0107nosti za zapo\u0161ljavanje. Projekat predstavlja va\u017ean korak ka integraciji Zapadnog Balkana u okviru Agende Evropske unije za povezivanje, \u010diji je cilj unaprje\u0111ivanje infrastrukturnih veza u regionu.<\/span><\/p>\n<p>&nbsp;<\/p>\n<\/div>\n<div>\n<p class=\"P68B1DB1-NormalWeb4\"><span lang=\"UZ-CYR\">Ovo je drugi prekograni\u010dni most preko Save koji je Evropska unija sufinansirala u BiH. Pro\u0161le godine otvoreni su most, autoput i grani\u010dni prelaz u Svilaju, za \u0161ta je Evropska unija obezbijedila 25 miliona eura bespovratnih sredstava.<\/span><\/p>\n<p>&nbsp;<\/p>\n<\/div>\n<div>\n<p class=\"P68B1DB1-NormalWeb3\"><span lang=\"UZ-CYR\">EU je u BiH do sada izdvojila preko 640 miliona eura bespovratnih sredstava za 19 projekata u sektoru saobra\u0107aja, uklju\u010duju\u0107i nekoliko dionica Koridora Vc, ali i \u017eeljeznice, plovnih puteva i luka. Zemlja je imala velike koristi od Programa povezanosti sa EU i sada tako\u0111e od Ekonomskog investicionog <\/span><span lang=\"UZ-CYR\">plana.<\/span><\/p>\n<\/div>\n","protected":false},"excerpt":{"rendered":"<p>Zavr\u0161etak radova na prekograni\u010dnom mostu u Gradi\u0161ki, jednom od najva\u017enijih projekata na Savi koji povezuje Bosnu i Hercegovinu i Hrvatsku, obiljele\u017een je 29. jula. Evropska <\/p>\n","protected":false},"author":152227,"featured_media":762384,"comment_status":"closed","ping_status":"closed","sticky":false,"template":"","format":"standard","meta":{"_acf_changed":false,"_monsterinsights_skip_tracking":false,"_monsterinsights_sitenote_active":false,"_monsterinsights_sitenote_note":"","_monsterinsights_sitenote_category":0,"footnotes":""},"country-for-news":[424],"class_list":["post-771111","post","type-post","status-publish","format-standard","has-post-thumbnail","hentry","wb_theme-connectivity","country-for-news-bosnia-and-herzegovina"],"acf":[],"yoast_head":"<!-- This site is optimized with the Yoast SEO plugin v25.3.1 - https:\/\/yoast.com\/wordpress\/plugins\/seo\/ -->\n<title>Most u Gradi\u0161ki zavr\u0161en uz bespovratna sredstva EU od 3,2 miliona eura News | WeBalkans<\/title>\n<meta name=\"description\" content=\"Most u Gradi\u0161ki zavr\u0161en uz bespovratna sredstva EU od 3,2 miliona eura\" \/>\n<meta name=\"robots\" content=\"index, follow, max-snippet:-1, max-image-preview:large, max-video-preview:-1\" \/>\n<link rel=\"canonical\" href=\"https:\/\/webalkans.eu\/me\/news\/gradiska-bridge-completed-with-eu-grant-contribution-of-e3-2-million\/\" \/>\n<meta property=\"og:locale\" content=\"en_US\" \/>\n<meta property=\"og:type\" content=\"article\" \/>\n<meta property=\"og:title\" content=\"Most u Gradi\u0161ki zavr\u0161en uz bespovratna sredstva EU od 3,2 miliona eura News | WeBalkans\" \/>\n<meta property=\"og:description\" content=\"Most u Gradi\u0161ki zavr\u0161en uz bespovratna sredstva EU od 3,2 miliona eura\" \/>\n<meta property=\"og:url\" content=\"https:\/\/webalkans.eu\/me\/news\/gradiska-bridge-completed-with-eu-grant-contribution-of-e3-2-million\/\" \/>\n<meta property=\"og:site_name\" content=\"WeBalkans | EU Projects in the Western Balkans\" \/>\n<meta property=\"article:publisher\" content=\"https:\/\/www.facebook.com\/webalkans.eu\" \/>\n<meta property=\"article:published_time\" content=\"2022-08-02T08:19:01+00:00\" \/>\n<meta property=\"article:modified_time\" content=\"2022-08-08T10:33:52+00:00\" \/>\n<meta property=\"og:image\" content=\"https:\/\/webalkans.eu\/wp-content\/uploads\/2022\/08\/1-1.jpeg\" \/>\n\t<meta property=\"og:image:width\" content=\"500\" \/>\n\t<meta property=\"og:image:height\" content=\"649\" \/>\n\t<meta property=\"og:image:type\" content=\"image\/jpeg\" \/>\n<meta name=\"author\" content=\"007designstudio@gmail.com\" \/>\n<meta name=\"twitter:card\" content=\"summary_large_image\" \/>\n<meta name=\"twitter:creator\" content=\"@WeBalkans\" \/>\n<meta name=\"twitter:site\" content=\"@WeBalkans\" \/>\n<meta name=\"twitter:label1\" content=\"Written by\" \/>\n\t<meta name=\"twitter:data1\" content=\"007designstudio@gmail.com\" \/>\n\t<meta name=\"twitter:label2\" content=\"Est. reading time\" \/>\n\t<meta name=\"twitter:data2\" content=\"1 minute\" \/>\n<script type=\"application\/ld+json\" class=\"yoast-schema-graph\">{\"@context\":\"https:\/\/schema.org\",\"@graph\":[{\"@type\":\"Article\",\"@id\":\"https:\/\/webalkans.eu\/me\/news\/gradiska-bridge-completed-with-eu-grant-contribution-of-e3-2-million\/#article\",\"isPartOf\":{\"@id\":\"https:\/\/webalkans.eu\/me\/news\/gradiska-bridge-completed-with-eu-grant-contribution-of-e3-2-million\/\"},\"author\":{\"name\":\"007designstudio@gmail.com\",\"@id\":\"https:\/\/webalkans.eu\/me\/#\/schema\/person\/95a8ea19ef21de3b7766e9b65ffdb4da\"},\"headline\":\"Most u Gradi\u0161ki zavr\u0161en uz bespovratna sredstva EU od 3,2 miliona eura\",\"datePublished\":\"2022-08-02T08:19:01+00:00\",\"dateModified\":\"2022-08-08T10:33:52+00:00\",\"mainEntityOfPage\":{\"@id\":\"https:\/\/webalkans.eu\/me\/news\/gradiska-bridge-completed-with-eu-grant-contribution-of-e3-2-million\/\"},\"wordCount\":293,\"publisher\":{\"@id\":\"https:\/\/webalkans.eu\/me\/#organization\"},\"image\":{\"@id\":\"https:\/\/webalkans.eu\/me\/news\/gradiska-bridge-completed-with-eu-grant-contribution-of-e3-2-million\/#primaryimage\"},\"thumbnailUrl\":\"https:\/\/webalkans.eu\/wp-content\/uploads\/2022\/08\/1-1.jpeg\",\"inLanguage\":\"me-ME\"},{\"@type\":\"WebPage\",\"@id\":\"https:\/\/webalkans.eu\/me\/news\/gradiska-bridge-completed-with-eu-grant-contribution-of-e3-2-million\/\",\"url\":\"https:\/\/webalkans.eu\/me\/news\/gradiska-bridge-completed-with-eu-grant-contribution-of-e3-2-million\/\",\"name\":\"Most u Gradi\u0161ki zavr\u0161en uz bespovratna sredstva EU od 3,2 miliona eura News | WeBalkans\",\"isPartOf\":{\"@id\":\"https:\/\/webalkans.eu\/me\/#website\"},\"primaryImageOfPage\":{\"@id\":\"https:\/\/webalkans.eu\/me\/news\/gradiska-bridge-completed-with-eu-grant-contribution-of-e3-2-million\/#primaryimage\"},\"image\":{\"@id\":\"https:\/\/webalkans.eu\/me\/news\/gradiska-bridge-completed-with-eu-grant-contribution-of-e3-2-million\/#primaryimage\"},\"thumbnailUrl\":\"https:\/\/webalkans.eu\/wp-content\/uploads\/2022\/08\/1-1.jpeg\",\"datePublished\":\"2022-08-02T08:19:01+00:00\",\"dateModified\":\"2022-08-08T10:33:52+00:00\",\"description\":\"Most u Gradi\u0161ki zavr\u0161en uz bespovratna sredstva EU od 3,2 miliona eura\",\"breadcrumb\":{\"@id\":\"https:\/\/webalkans.eu\/me\/news\/gradiska-bridge-completed-with-eu-grant-contribution-of-e3-2-million\/#breadcrumb\"},\"inLanguage\":\"me-ME\",\"potentialAction\":[{\"@type\":\"ReadAction\",\"target\":[\"https:\/\/webalkans.eu\/me\/news\/gradiska-bridge-completed-with-eu-grant-contribution-of-e3-2-million\/\"]}]},{\"@type\":\"ImageObject\",\"inLanguage\":\"me-ME\",\"@id\":\"https:\/\/webalkans.eu\/me\/news\/gradiska-bridge-completed-with-eu-grant-contribution-of-e3-2-million\/#primaryimage\",\"url\":\"https:\/\/webalkans.eu\/wp-content\/uploads\/2022\/08\/1-1.jpeg\",\"contentUrl\":\"https:\/\/webalkans.eu\/wp-content\/uploads\/2022\/08\/1-1.jpeg\",\"width\":500,\"height\":649},{\"@type\":\"BreadcrumbList\",\"@id\":\"https:\/\/webalkans.eu\/me\/news\/gradiska-bridge-completed-with-eu-grant-contribution-of-e3-2-million\/#breadcrumb\",\"itemListElement\":[{\"@type\":\"ListItem\",\"position\":1,\"name\":\"Home\",\"item\":\"https:\/\/webalkans.eu\/me\/homepage\/\"},{\"@type\":\"ListItem\",\"position\":2,\"name\":\"Most u Gradi\u0161ki zavr\u0161en uz bespovratna sredstva EU od 3,2 miliona eura\"}]},{\"@type\":\"WebSite\",\"@id\":\"https:\/\/webalkans.eu\/me\/#website\",\"url\":\"https:\/\/webalkans.eu\/me\/\",\"name\":\"WeBalkans | EU Projects in the Western Balkans\",\"description\":\"\",\"publisher\":{\"@id\":\"https:\/\/webalkans.eu\/me\/#organization\"},\"potentialAction\":[{\"@type\":\"SearchAction\",\"target\":{\"@type\":\"EntryPoint\",\"urlTemplate\":\"https:\/\/webalkans.eu\/me\/?s={search_term_string}\"},\"query-input\":{\"@type\":\"PropertyValueSpecification\",\"valueRequired\":true,\"valueName\":\"search_term_string\"}}],\"inLanguage\":\"me-ME\"},{\"@type\":\"Organization\",\"@id\":\"https:\/\/webalkans.eu\/me\/#organization\",\"name\":\"European Union\",\"url\":\"https:\/\/webalkans.eu\/me\/\",\"logo\":{\"@type\":\"ImageObject\",\"inLanguage\":\"me-ME\",\"@id\":\"https:\/\/webalkans.eu\/me\/#\/schema\/logo\/image\/\",\"url\":\"https:\/\/webalkans.eu\/wp-content\/uploads\/2020\/11\/eu_flag.jpg\",\"contentUrl\":\"https:\/\/webalkans.eu\/wp-content\/uploads\/2020\/11\/eu_flag.jpg\",\"width\":600,\"height\":401,\"caption\":\"European Union\"},\"image\":{\"@id\":\"https:\/\/webalkans.eu\/me\/#\/schema\/logo\/image\/\"},\"sameAs\":[\"https:\/\/www.facebook.com\/webalkans.eu\",\"https:\/\/x.com\/WeBalkans\"]},{\"@type\":\"Person\",\"@id\":\"https:\/\/webalkans.eu\/me\/#\/schema\/person\/95a8ea19ef21de3b7766e9b65ffdb4da\",\"name\":\"007designstudio@gmail.com\"}]}<\/script>\n<!-- \/ Yoast SEO plugin. -->","yoast_head_json":{"title":"Most u Gradi\u0161ki zavr\u0161en uz bespovratna sredstva EU od 3,2 miliona eura News | WeBalkans","description":"Most u Gradi\u0161ki zavr\u0161en uz bespovratna sredstva EU od 3,2 miliona eura","robots":{"index":"index","follow":"follow","max-snippet":"max-snippet:-1","max-image-preview":"max-image-preview:large","max-video-preview":"max-video-preview:-1"},"canonical":"https:\/\/webalkans.eu\/me\/news\/gradiska-bridge-completed-with-eu-grant-contribution-of-e3-2-million\/","og_locale":"en_US","og_type":"article","og_title":"Most u Gradi\u0161ki zavr\u0161en uz bespovratna sredstva EU od 3,2 miliona eura News | WeBalkans","og_description":"Most u Gradi\u0161ki zavr\u0161en uz bespovratna sredstva EU od 3,2 miliona eura","og_url":"https:\/\/webalkans.eu\/me\/news\/gradiska-bridge-completed-with-eu-grant-contribution-of-e3-2-million\/","og_site_name":"WeBalkans | EU Projects in the Western Balkans","article_publisher":"https:\/\/www.facebook.com\/webalkans.eu","article_published_time":"2022-08-02T08:19:01+00:00","article_modified_time":"2022-08-08T10:33:52+00:00","og_image":[{"width":500,"height":649,"url":"https:\/\/webalkans.eu\/wp-content\/uploads\/2022\/08\/1-1.jpeg","type":"image\/jpeg"}],"author":"007designstudio@gmail.com","twitter_card":"summary_large_image","twitter_creator":"@WeBalkans","twitter_site":"@WeBalkans","twitter_misc":{"Written by":"007designstudio@gmail.com","Est. reading time":"1 minute"},"schema":{"@context":"https:\/\/schema.org","@graph":[{"@type":"Article","@id":"https:\/\/webalkans.eu\/me\/news\/gradiska-bridge-completed-with-eu-grant-contribution-of-e3-2-million\/#article","isPartOf":{"@id":"https:\/\/webalkans.eu\/me\/news\/gradiska-bridge-completed-with-eu-grant-contribution-of-e3-2-million\/"},"author":{"name":"007designstudio@gmail.com","@id":"https:\/\/webalkans.eu\/me\/#\/schema\/person\/95a8ea19ef21de3b7766e9b65ffdb4da"},"headline":"Most u Gradi\u0161ki zavr\u0161en uz bespovratna sredstva EU od 3,2 miliona eura","datePublished":"2022-08-02T08:19:01+00:00","dateModified":"2022-08-08T10:33:52+00:00","mainEntityOfPage":{"@id":"https:\/\/webalkans.eu\/me\/news\/gradiska-bridge-completed-with-eu-grant-contribution-of-e3-2-million\/"},"wordCount":293,"publisher":{"@id":"https:\/\/webalkans.eu\/me\/#organization"},"image":{"@id":"https:\/\/webalkans.eu\/me\/news\/gradiska-bridge-completed-with-eu-grant-contribution-of-e3-2-million\/#primaryimage"},"thumbnailUrl":"https:\/\/webalkans.eu\/wp-content\/uploads\/2022\/08\/1-1.jpeg","inLanguage":"me-ME"},{"@type":"WebPage","@id":"https:\/\/webalkans.eu\/me\/news\/gradiska-bridge-completed-with-eu-grant-contribution-of-e3-2-million\/","url":"https:\/\/webalkans.eu\/me\/news\/gradiska-bridge-completed-with-eu-grant-contribution-of-e3-2-million\/","name":"Most u Gradi\u0161ki zavr\u0161en uz bespovratna sredstva EU od 3,2 miliona eura News | WeBalkans","isPartOf":{"@id":"https:\/\/webalkans.eu\/me\/#website"},"primaryImageOfPage":{"@id":"https:\/\/webalkans.eu\/me\/news\/gradiska-bridge-completed-with-eu-grant-contribution-of-e3-2-million\/#primaryimage"},"image":{"@id":"https:\/\/webalkans.eu\/me\/news\/gradiska-bridge-completed-with-eu-grant-contribution-of-e3-2-million\/#primaryimage"},"thumbnailUrl":"https:\/\/webalkans.eu\/wp-content\/uploads\/2022\/08\/1-1.jpeg","datePublished":"2022-08-02T08:19:01+00:00","dateModified":"2022-08-08T10:33:52+00:00","description":"Most u Gradi\u0161ki zavr\u0161en uz bespovratna sredstva EU od 3,2 miliona eura","breadcrumb":{"@id":"https:\/\/webalkans.eu\/me\/news\/gradiska-bridge-completed-with-eu-grant-contribution-of-e3-2-million\/#breadcrumb"},"inLanguage":"me-ME","potentialAction":[{"@type":"ReadAction","target":["https:\/\/webalkans.eu\/me\/news\/gradiska-bridge-completed-with-eu-grant-contribution-of-e3-2-million\/"]}]},{"@type":"ImageObject","inLanguage":"me-ME","@id":"https:\/\/webalkans.eu\/me\/news\/gradiska-bridge-completed-with-eu-grant-contribution-of-e3-2-million\/#primaryimage","url":"https:\/\/webalkans.eu\/wp-content\/uploads\/2022\/08\/1-1.jpeg","contentUrl":"https:\/\/webalkans.eu\/wp-content\/uploads\/2022\/08\/1-1.jpeg","width":500,"height":649},{"@type":"BreadcrumbList","@id":"https:\/\/webalkans.eu\/me\/news\/gradiska-bridge-completed-with-eu-grant-contribution-of-e3-2-million\/#breadcrumb","itemListElement":[{"@type":"ListItem","position":1,"name":"Home","item":"https:\/\/webalkans.eu\/me\/homepage\/"},{"@type":"ListItem","position":2,"name":"Most u Gradi\u0161ki zavr\u0161en uz bespovratna sredstva EU od 3,2 miliona eura"}]},{"@type":"WebSite","@id":"https:\/\/webalkans.eu\/me\/#website","url":"https:\/\/webalkans.eu\/me\/","name":"WeBalkans | EU Projects in the Western Balkans","description":"","publisher":{"@id":"https:\/\/webalkans.eu\/me\/#organization"},"potentialAction":[{"@type":"SearchAction","target":{"@type":"EntryPoint","urlTemplate":"https:\/\/webalkans.eu\/me\/?s={search_term_string}"},"query-input":{"@type":"PropertyValueSpecification","valueRequired":true,"valueName":"search_term_string"}}],"inLanguage":"me-ME"},{"@type":"Organization","@id":"https:\/\/webalkans.eu\/me\/#organization","name":"European Union","url":"https:\/\/webalkans.eu\/me\/","logo":{"@type":"ImageObject","inLanguage":"me-ME","@id":"https:\/\/webalkans.eu\/me\/#\/schema\/logo\/image\/","url":"https:\/\/webalkans.eu\/wp-content\/uploads\/2020\/11\/eu_flag.jpg","contentUrl":"https:\/\/webalkans.eu\/wp-content\/uploads\/2020\/11\/eu_flag.jpg","width":600,"height":401,"caption":"European Union"},"image":{"@id":"https:\/\/webalkans.eu\/me\/#\/schema\/logo\/image\/"},"sameAs":["https:\/\/www.facebook.com\/webalkans.eu","https:\/\/x.com\/WeBalkans"]},{"@type":"Person","@id":"https:\/\/webalkans.eu\/me\/#\/schema\/person\/95a8ea19ef21de3b7766e9b65ffdb4da","name":"007designstudio@gmail.com"}]}},"_links":{"self":[{"href":"https:\/\/webalkans.eu\/me\/wp-json\/wp\/v2\/posts\/771111"}],"collection":[{"href":"https:\/\/webalkans.eu\/me\/wp-json\/wp\/v2\/posts"}],"about":[{"href":"https:\/\/webalkans.eu\/me\/wp-json\/wp\/v2\/types\/post"}],"author":[{"embeddable":true,"href":"https:\/\/webalkans.eu\/me\/wp-json\/wp\/v2\/users\/152227"}],"replies":[{"embeddable":true,"href":"https:\/\/webalkans.eu\/me\/wp-json\/wp\/v2\/comments?post=771111"}],"version-history":[{"count":0,"href":"https:\/\/webalkans.eu\/me\/wp-json\/wp\/v2\/posts\/771111\/revisions"}],"wp:featuredmedia":[{"embeddable":true,"href":"https:\/\/webalkans.eu\/me\/wp-json\/wp\/v2\/media\/762384"}],"wp:attachment":[{"href":"https:\/\/webalkans.eu\/me\/wp-json\/wp\/v2\/media?parent=771111"}],"wp:term":[{"taxonomy":"country-for-news","embeddable":true,"href":"https:\/\/webalkans.eu\/me\/wp-json\/wp\/v2\/country-for-news?post=771111"}],"curies":[{"name":"wp","href":"https:\/\/api.w.org\/{rel}","templated":true}]}}