
{"id":683554,"date":"2022-06-21T07:24:40","date_gmt":"2022-06-21T05:24:40","guid":{"rendered":"https:\/\/webalkans.eu\/news\/public-opinion-poll-shows-a-strong-support-for-the-eu-in-montenegro\/"},"modified":"2022-07-01T14:48:25","modified_gmt":"2022-07-01T12:48:25","slug":"public-opinion-poll-shows-a-strong-support-for-the-eu-in-montenegro","status":"publish","type":"post","link":"https:\/\/webalkans.eu\/me\/news\/public-opinion-poll-shows-a-strong-support-for-the-eu-in-montenegro\/","title":{"rendered":"Anketa javnog mnjenja pokazuje sna\u017enu podr\u0161ku EU u Crnoj Gori"},"content":{"rendered":"<div>\n<p class=\"P68B1DB1-Normal7\"><span lang=\"UZ-CYR\">\u010clanstvo Crne Gore u Evropskoj uniji i dalje podr\u017eava velika ve\u0107ina gra\u0111ana, koji imaju pozitivan stav prema Zajednici i glasali bi na potencijalnom referendumu da Crna Gora postane njena sljede\u0107a dr\u017eava \u010dlanica. To je jo\u0161 jednom potvr\u0111eno istra\u017eivanjem javnog mnjenja koje su u maju sproveli konsultantska ku\u0107a DeFacto za Evropsku uniju i Vlada Crne Gore. Ispitivanje je izvr\u0161eno na uzorku od 1.008 gra\u0111ana iz svih krajeva zemlje, a postavljana su im pitanja o stavu prema EU i o procesu pridru\u017eivanja.<\/span><\/p>\n<p>&nbsp;<\/p>\n<\/div>\n<div>\n<p class=\"P68B1DB1-Normal7\"><span lang=\"UZ-CYR\">Sna\u017ena podr\u0161ka evropskoj ideji, prevedena u brojke, pokazuje da 76% gra\u0111ana ima pozitivan stav prema EU, a gotovo jednak broj (74,6%) podr\u017eava pristupanje Crne Gore Evropskoj uniji. Ako bi sjutra bio odr\u017ean referendum, gotovo 90 odsto bira\u010da iza\u0161lo bi na glasanje, od kojih bi preko \u010detiri petine, ili 83,5 odsto, glasalo za prijem Crne Gore u EU.<\/span><\/p>\n<p>&nbsp;<\/p>\n<\/div>\n<div>\n<p class=\"P68B1DB1-Normal7\"><span lang=\"UZ-CYR\">Evropsku uniju je 43 odsto gra\u0111ana prepoznalo kao najve\u0107eg stranog donatora u Crnoj Gori, a 39 odsto ka\u017ee da je EU pokazala najve\u0107u solidarnost sa Crnom Gorom u borbi protiv koronavirusa.<\/span><\/p>\n<\/div>\n","protected":false},"excerpt":{"rendered":"<p>\u010clanstvo Crne Gore u Evropskoj uniji i dalje podr\u017eava velika ve\u0107ina gra\u0111ana, koji imaju pozitivan stav prema Zajednici i glasali bi na potencijalnom referendumu da <\/p>\n","protected":false},"author":152227,"featured_media":664660,"comment_status":"closed","ping_status":"closed","sticky":false,"template":"","format":"standard","meta":{"_acf_changed":false,"_monsterinsights_skip_tracking":false,"_monsterinsights_sitenote_active":false,"_monsterinsights_sitenote_note":"","_monsterinsights_sitenote_category":0,"footnotes":""},"country-for-news":[434],"class_list":["post-683554","post","type-post","status-publish","format-standard","has-post-thumbnail","hentry","wb_theme-regional-cooperation","wb_theme-connectivity","wb_theme-culture-and-youth","wb_theme-democracy-and-fundamental-rights","wb_theme-economy","wb_theme-environment","wb_theme-equality-and-fair-society","wb_theme-innovation-and-skills","country-for-news-montenegro"],"acf":[],"yoast_head":"<!-- This site is optimized with the Yoast SEO plugin v25.3.1 - https:\/\/yoast.com\/wordpress\/plugins\/seo\/ -->\n<title>Anketa javnog mnjenja pokazuje sna\u017enu podr\u0161ku EU u Crnoj Gori News | WeBalkans<\/title>\n<meta name=\"description\" content=\"Anketa javnog mnjenja pokazuje sna\u017enu podr\u0161ku EU u Crnoj Gori\" \/>\n<meta name=\"robots\" content=\"index, follow, max-snippet:-1, max-image-preview:large, max-video-preview:-1\" \/>\n<link rel=\"canonical\" href=\"https:\/\/webalkans.eu\/me\/news\/public-opinion-poll-shows-a-strong-support-for-the-eu-in-montenegro\/\" \/>\n<meta property=\"og:locale\" content=\"en_US\" \/>\n<meta property=\"og:type\" content=\"article\" \/>\n<meta property=\"og:title\" content=\"Anketa javnog mnjenja pokazuje sna\u017enu podr\u0161ku EU u Crnoj Gori News | WeBalkans\" \/>\n<meta property=\"og:description\" content=\"Anketa javnog mnjenja pokazuje sna\u017enu podr\u0161ku EU u Crnoj Gori\" \/>\n<meta property=\"og:url\" content=\"https:\/\/webalkans.eu\/me\/news\/public-opinion-poll-shows-a-strong-support-for-the-eu-in-montenegro\/\" \/>\n<meta property=\"og:site_name\" content=\"WeBalkans | EU Projects in the Western Balkans\" \/>\n<meta property=\"article:publisher\" content=\"https:\/\/www.facebook.com\/webalkans.eu\" \/>\n<meta property=\"article:published_time\" content=\"2022-06-21T05:24:40+00:00\" \/>\n<meta property=\"article:modified_time\" content=\"2022-07-01T12:48:25+00:00\" \/>\n<meta property=\"og:image\" content=\"https:\/\/webalkans.eu\/wp-content\/uploads\/2022\/06\/2-3.jpeg\" \/>\n\t<meta property=\"og:image:width\" content=\"960\" \/>\n\t<meta property=\"og:image:height\" content=\"641\" \/>\n\t<meta property=\"og:image:type\" content=\"image\/jpeg\" \/>\n<meta name=\"author\" content=\"007designstudio@gmail.com\" \/>\n<meta name=\"twitter:card\" content=\"summary_large_image\" \/>\n<meta name=\"twitter:creator\" content=\"@WeBalkans\" \/>\n<meta name=\"twitter:site\" content=\"@WeBalkans\" \/>\n<meta name=\"twitter:label1\" content=\"Written by\" \/>\n\t<meta name=\"twitter:data1\" content=\"007designstudio@gmail.com\" \/>\n\t<meta name=\"twitter:label2\" content=\"Est. reading time\" \/>\n\t<meta name=\"twitter:data2\" content=\"1 minute\" \/>\n<script type=\"application\/ld+json\" class=\"yoast-schema-graph\">{\"@context\":\"https:\/\/schema.org\",\"@graph\":[{\"@type\":\"Article\",\"@id\":\"https:\/\/webalkans.eu\/me\/news\/public-opinion-poll-shows-a-strong-support-for-the-eu-in-montenegro\/#article\",\"isPartOf\":{\"@id\":\"https:\/\/webalkans.eu\/me\/news\/public-opinion-poll-shows-a-strong-support-for-the-eu-in-montenegro\/\"},\"author\":{\"name\":\"007designstudio@gmail.com\",\"@id\":\"https:\/\/webalkans.eu\/me\/#\/schema\/person\/95a8ea19ef21de3b7766e9b65ffdb4da\"},\"headline\":\"Anketa javnog mnjenja pokazuje sna\u017enu podr\u0161ku EU u Crnoj Gori\",\"datePublished\":\"2022-06-21T05:24:40+00:00\",\"dateModified\":\"2022-07-01T12:48:25+00:00\",\"mainEntityOfPage\":{\"@id\":\"https:\/\/webalkans.eu\/me\/news\/public-opinion-poll-shows-a-strong-support-for-the-eu-in-montenegro\/\"},\"wordCount\":197,\"publisher\":{\"@id\":\"https:\/\/webalkans.eu\/me\/#organization\"},\"image\":{\"@id\":\"https:\/\/webalkans.eu\/me\/news\/public-opinion-poll-shows-a-strong-support-for-the-eu-in-montenegro\/#primaryimage\"},\"thumbnailUrl\":\"https:\/\/webalkans.eu\/wp-content\/uploads\/2022\/06\/2-3.jpeg\",\"inLanguage\":\"me-ME\"},{\"@type\":\"WebPage\",\"@id\":\"https:\/\/webalkans.eu\/me\/news\/public-opinion-poll-shows-a-strong-support-for-the-eu-in-montenegro\/\",\"url\":\"https:\/\/webalkans.eu\/me\/news\/public-opinion-poll-shows-a-strong-support-for-the-eu-in-montenegro\/\",\"name\":\"Anketa javnog mnjenja pokazuje sna\u017enu podr\u0161ku EU u Crnoj Gori News | WeBalkans\",\"isPartOf\":{\"@id\":\"https:\/\/webalkans.eu\/me\/#website\"},\"primaryImageOfPage\":{\"@id\":\"https:\/\/webalkans.eu\/me\/news\/public-opinion-poll-shows-a-strong-support-for-the-eu-in-montenegro\/#primaryimage\"},\"image\":{\"@id\":\"https:\/\/webalkans.eu\/me\/news\/public-opinion-poll-shows-a-strong-support-for-the-eu-in-montenegro\/#primaryimage\"},\"thumbnailUrl\":\"https:\/\/webalkans.eu\/wp-content\/uploads\/2022\/06\/2-3.jpeg\",\"datePublished\":\"2022-06-21T05:24:40+00:00\",\"dateModified\":\"2022-07-01T12:48:25+00:00\",\"description\":\"Anketa javnog mnjenja pokazuje sna\u017enu podr\u0161ku EU u Crnoj Gori\",\"breadcrumb\":{\"@id\":\"https:\/\/webalkans.eu\/me\/news\/public-opinion-poll-shows-a-strong-support-for-the-eu-in-montenegro\/#breadcrumb\"},\"inLanguage\":\"me-ME\",\"potentialAction\":[{\"@type\":\"ReadAction\",\"target\":[\"https:\/\/webalkans.eu\/me\/news\/public-opinion-poll-shows-a-strong-support-for-the-eu-in-montenegro\/\"]}]},{\"@type\":\"ImageObject\",\"inLanguage\":\"me-ME\",\"@id\":\"https:\/\/webalkans.eu\/me\/news\/public-opinion-poll-shows-a-strong-support-for-the-eu-in-montenegro\/#primaryimage\",\"url\":\"https:\/\/webalkans.eu\/wp-content\/uploads\/2022\/06\/2-3.jpeg\",\"contentUrl\":\"https:\/\/webalkans.eu\/wp-content\/uploads\/2022\/06\/2-3.jpeg\",\"width\":960,\"height\":641},{\"@type\":\"BreadcrumbList\",\"@id\":\"https:\/\/webalkans.eu\/me\/news\/public-opinion-poll-shows-a-strong-support-for-the-eu-in-montenegro\/#breadcrumb\",\"itemListElement\":[{\"@type\":\"ListItem\",\"position\":1,\"name\":\"Home\",\"item\":\"https:\/\/webalkans.eu\/me\/homepage\/\"},{\"@type\":\"ListItem\",\"position\":2,\"name\":\"Anketa javnog mnjenja pokazuje sna\u017enu podr\u0161ku EU u Crnoj Gori\"}]},{\"@type\":\"WebSite\",\"@id\":\"https:\/\/webalkans.eu\/me\/#website\",\"url\":\"https:\/\/webalkans.eu\/me\/\",\"name\":\"WeBalkans | EU Projects in the Western Balkans\",\"description\":\"\",\"publisher\":{\"@id\":\"https:\/\/webalkans.eu\/me\/#organization\"},\"potentialAction\":[{\"@type\":\"SearchAction\",\"target\":{\"@type\":\"EntryPoint\",\"urlTemplate\":\"https:\/\/webalkans.eu\/me\/?s={search_term_string}\"},\"query-input\":{\"@type\":\"PropertyValueSpecification\",\"valueRequired\":true,\"valueName\":\"search_term_string\"}}],\"inLanguage\":\"me-ME\"},{\"@type\":\"Organization\",\"@id\":\"https:\/\/webalkans.eu\/me\/#organization\",\"name\":\"European Union\",\"url\":\"https:\/\/webalkans.eu\/me\/\",\"logo\":{\"@type\":\"ImageObject\",\"inLanguage\":\"me-ME\",\"@id\":\"https:\/\/webalkans.eu\/me\/#\/schema\/logo\/image\/\",\"url\":\"https:\/\/webalkans.eu\/wp-content\/uploads\/2020\/11\/eu_flag.jpg\",\"contentUrl\":\"https:\/\/webalkans.eu\/wp-content\/uploads\/2020\/11\/eu_flag.jpg\",\"width\":600,\"height\":401,\"caption\":\"European Union\"},\"image\":{\"@id\":\"https:\/\/webalkans.eu\/me\/#\/schema\/logo\/image\/\"},\"sameAs\":[\"https:\/\/www.facebook.com\/webalkans.eu\",\"https:\/\/x.com\/WeBalkans\"]},{\"@type\":\"Person\",\"@id\":\"https:\/\/webalkans.eu\/me\/#\/schema\/person\/95a8ea19ef21de3b7766e9b65ffdb4da\",\"name\":\"007designstudio@gmail.com\"}]}<\/script>\n<!-- \/ Yoast SEO plugin. -->","yoast_head_json":{"title":"Anketa javnog mnjenja pokazuje sna\u017enu podr\u0161ku EU u Crnoj Gori News | WeBalkans","description":"Anketa javnog mnjenja pokazuje sna\u017enu podr\u0161ku EU u Crnoj Gori","robots":{"index":"index","follow":"follow","max-snippet":"max-snippet:-1","max-image-preview":"max-image-preview:large","max-video-preview":"max-video-preview:-1"},"canonical":"https:\/\/webalkans.eu\/me\/news\/public-opinion-poll-shows-a-strong-support-for-the-eu-in-montenegro\/","og_locale":"en_US","og_type":"article","og_title":"Anketa javnog mnjenja pokazuje sna\u017enu podr\u0161ku EU u Crnoj Gori News | WeBalkans","og_description":"Anketa javnog mnjenja pokazuje sna\u017enu podr\u0161ku EU u Crnoj Gori","og_url":"https:\/\/webalkans.eu\/me\/news\/public-opinion-poll-shows-a-strong-support-for-the-eu-in-montenegro\/","og_site_name":"WeBalkans | EU Projects in the Western Balkans","article_publisher":"https:\/\/www.facebook.com\/webalkans.eu","article_published_time":"2022-06-21T05:24:40+00:00","article_modified_time":"2022-07-01T12:48:25+00:00","og_image":[{"width":960,"height":641,"url":"https:\/\/webalkans.eu\/wp-content\/uploads\/2022\/06\/2-3.jpeg","type":"image\/jpeg"}],"author":"007designstudio@gmail.com","twitter_card":"summary_large_image","twitter_creator":"@WeBalkans","twitter_site":"@WeBalkans","twitter_misc":{"Written by":"007designstudio@gmail.com","Est. reading time":"1 minute"},"schema":{"@context":"https:\/\/schema.org","@graph":[{"@type":"Article","@id":"https:\/\/webalkans.eu\/me\/news\/public-opinion-poll-shows-a-strong-support-for-the-eu-in-montenegro\/#article","isPartOf":{"@id":"https:\/\/webalkans.eu\/me\/news\/public-opinion-poll-shows-a-strong-support-for-the-eu-in-montenegro\/"},"author":{"name":"007designstudio@gmail.com","@id":"https:\/\/webalkans.eu\/me\/#\/schema\/person\/95a8ea19ef21de3b7766e9b65ffdb4da"},"headline":"Anketa javnog mnjenja pokazuje sna\u017enu podr\u0161ku EU u Crnoj Gori","datePublished":"2022-06-21T05:24:40+00:00","dateModified":"2022-07-01T12:48:25+00:00","mainEntityOfPage":{"@id":"https:\/\/webalkans.eu\/me\/news\/public-opinion-poll-shows-a-strong-support-for-the-eu-in-montenegro\/"},"wordCount":197,"publisher":{"@id":"https:\/\/webalkans.eu\/me\/#organization"},"image":{"@id":"https:\/\/webalkans.eu\/me\/news\/public-opinion-poll-shows-a-strong-support-for-the-eu-in-montenegro\/#primaryimage"},"thumbnailUrl":"https:\/\/webalkans.eu\/wp-content\/uploads\/2022\/06\/2-3.jpeg","inLanguage":"me-ME"},{"@type":"WebPage","@id":"https:\/\/webalkans.eu\/me\/news\/public-opinion-poll-shows-a-strong-support-for-the-eu-in-montenegro\/","url":"https:\/\/webalkans.eu\/me\/news\/public-opinion-poll-shows-a-strong-support-for-the-eu-in-montenegro\/","name":"Anketa javnog mnjenja pokazuje sna\u017enu podr\u0161ku EU u Crnoj Gori News | WeBalkans","isPartOf":{"@id":"https:\/\/webalkans.eu\/me\/#website"},"primaryImageOfPage":{"@id":"https:\/\/webalkans.eu\/me\/news\/public-opinion-poll-shows-a-strong-support-for-the-eu-in-montenegro\/#primaryimage"},"image":{"@id":"https:\/\/webalkans.eu\/me\/news\/public-opinion-poll-shows-a-strong-support-for-the-eu-in-montenegro\/#primaryimage"},"thumbnailUrl":"https:\/\/webalkans.eu\/wp-content\/uploads\/2022\/06\/2-3.jpeg","datePublished":"2022-06-21T05:24:40+00:00","dateModified":"2022-07-01T12:48:25+00:00","description":"Anketa javnog mnjenja pokazuje sna\u017enu podr\u0161ku EU u Crnoj Gori","breadcrumb":{"@id":"https:\/\/webalkans.eu\/me\/news\/public-opinion-poll-shows-a-strong-support-for-the-eu-in-montenegro\/#breadcrumb"},"inLanguage":"me-ME","potentialAction":[{"@type":"ReadAction","target":["https:\/\/webalkans.eu\/me\/news\/public-opinion-poll-shows-a-strong-support-for-the-eu-in-montenegro\/"]}]},{"@type":"ImageObject","inLanguage":"me-ME","@id":"https:\/\/webalkans.eu\/me\/news\/public-opinion-poll-shows-a-strong-support-for-the-eu-in-montenegro\/#primaryimage","url":"https:\/\/webalkans.eu\/wp-content\/uploads\/2022\/06\/2-3.jpeg","contentUrl":"https:\/\/webalkans.eu\/wp-content\/uploads\/2022\/06\/2-3.jpeg","width":960,"height":641},{"@type":"BreadcrumbList","@id":"https:\/\/webalkans.eu\/me\/news\/public-opinion-poll-shows-a-strong-support-for-the-eu-in-montenegro\/#breadcrumb","itemListElement":[{"@type":"ListItem","position":1,"name":"Home","item":"https:\/\/webalkans.eu\/me\/homepage\/"},{"@type":"ListItem","position":2,"name":"Anketa javnog mnjenja pokazuje sna\u017enu podr\u0161ku EU u Crnoj Gori"}]},{"@type":"WebSite","@id":"https:\/\/webalkans.eu\/me\/#website","url":"https:\/\/webalkans.eu\/me\/","name":"WeBalkans | EU Projects in the Western Balkans","description":"","publisher":{"@id":"https:\/\/webalkans.eu\/me\/#organization"},"potentialAction":[{"@type":"SearchAction","target":{"@type":"EntryPoint","urlTemplate":"https:\/\/webalkans.eu\/me\/?s={search_term_string}"},"query-input":{"@type":"PropertyValueSpecification","valueRequired":true,"valueName":"search_term_string"}}],"inLanguage":"me-ME"},{"@type":"Organization","@id":"https:\/\/webalkans.eu\/me\/#organization","name":"European Union","url":"https:\/\/webalkans.eu\/me\/","logo":{"@type":"ImageObject","inLanguage":"me-ME","@id":"https:\/\/webalkans.eu\/me\/#\/schema\/logo\/image\/","url":"https:\/\/webalkans.eu\/wp-content\/uploads\/2020\/11\/eu_flag.jpg","contentUrl":"https:\/\/webalkans.eu\/wp-content\/uploads\/2020\/11\/eu_flag.jpg","width":600,"height":401,"caption":"European Union"},"image":{"@id":"https:\/\/webalkans.eu\/me\/#\/schema\/logo\/image\/"},"sameAs":["https:\/\/www.facebook.com\/webalkans.eu","https:\/\/x.com\/WeBalkans"]},{"@type":"Person","@id":"https:\/\/webalkans.eu\/me\/#\/schema\/person\/95a8ea19ef21de3b7766e9b65ffdb4da","name":"007designstudio@gmail.com"}]}},"_links":{"self":[{"href":"https:\/\/webalkans.eu\/me\/wp-json\/wp\/v2\/posts\/683554"}],"collection":[{"href":"https:\/\/webalkans.eu\/me\/wp-json\/wp\/v2\/posts"}],"about":[{"href":"https:\/\/webalkans.eu\/me\/wp-json\/wp\/v2\/types\/post"}],"author":[{"embeddable":true,"href":"https:\/\/webalkans.eu\/me\/wp-json\/wp\/v2\/users\/152227"}],"replies":[{"embeddable":true,"href":"https:\/\/webalkans.eu\/me\/wp-json\/wp\/v2\/comments?post=683554"}],"version-history":[{"count":0,"href":"https:\/\/webalkans.eu\/me\/wp-json\/wp\/v2\/posts\/683554\/revisions"}],"wp:featuredmedia":[{"embeddable":true,"href":"https:\/\/webalkans.eu\/me\/wp-json\/wp\/v2\/media\/664660"}],"wp:attachment":[{"href":"https:\/\/webalkans.eu\/me\/wp-json\/wp\/v2\/media?parent=683554"}],"wp:term":[{"taxonomy":"country-for-news","embeddable":true,"href":"https:\/\/webalkans.eu\/me\/wp-json\/wp\/v2\/country-for-news?post=683554"}],"curies":[{"name":"wp","href":"https:\/\/api.w.org\/{rel}","templated":true}]}}