
{"id":631906,"date":"2022-06-01T19:39:04","date_gmt":"2022-06-01T17:39:04","guid":{"rendered":"https:\/\/webalkans.eu\/news\/civil-society-forum-2022\/"},"modified":"2022-06-08T16:43:33","modified_gmt":"2022-06-08T14:43:33","slug":"civil-society-forum-2022","status":"publish","type":"post","link":"https:\/\/webalkans.eu\/me\/news\/civil-society-forum-2022\/","title":{"rendered":"Forum civilnog dru\u0161tva 2022."},"content":{"rendered":"<div>\n<p class=\"P68B1DB1-Normal1\"><span lang=\"UZ-CYR\">Projekat TACSO 3 koji finansira EU najavio je predstoje\u0107i Forum civilnog dru\u0161tva EU i Zapadnog Balkana i Turske za 2022. godinu i poziva lidere organizacija civilnog dru\u0161tva (OCD) i iskusne aktiviste civilnog dru\u0161tva, kao i predstavnike lokalnih OCD-a da se prijave kao saradnici na sesijama Foruma i kao u\u010desnici skupa.<\/span><\/p>\n<p>&nbsp;<\/p>\n<\/div>\n<div>\n<p class=\"P68B1DB1-Normal1\"><span lang=\"UZ-CYR\">Forum civilnog dru\u0161tva 2022. (Forum \u201922) bi\u0107e odr\u017ean 8. i 9. juna kao hibridni doga\u0111aj u\u017eivo i virtuelno. Broj u\u010desnika na licu mjesta je ograni\u010den i njih 120 bi\u0107e pozvano u Skoplje. Oni koji ne budu li\u010dno prisutni mo\u0107i \u0107e da u\u010destvuju na sve 22 sesije Foruma putem video linka.<\/span><\/p>\n<p>&nbsp;<\/p>\n<\/div>\n<div>\n<p class=\"P68B1DB1-Normal1\"><span lang=\"UZ-CYR\">Forum \u201822 okupi\u0107e predstavnike civilnog dru\u0161tva (uklju\u010duju\u0107i neprofitne medijske organizacije), dr\u017eavne ustanove, predstavnike EU, donatore i druge zainteresovane strane u oblasti razvoja civilnog dru\u0161tva na Zapadnom Balkanu i u Turskoj. Na Forumu \u0107e se razgovarati o trenutnom stanju organizacija civilnog dru\u0161tva u regionu, kao i o zajedni\u010dkim akcijama EU, dr\u017eavnih ustanova i civilnog dru\u0161tva koje \u0107e se baviti postoje\u0107im izazovima.<\/span><\/p>\n<p>&nbsp;<\/p>\n<\/div>\n<div>\n<p class=\"P68B1DB1-Normal1\"><span lang=\"UZ-CYR\">Glavni cilj Foruma \u201922 je pokretanje, predstavljanje i diskusija o pra\u0107enju revidiranih Smernica EU za podr\u0161ku civilnom dru\u0161tvu u regionu pro\u0161irenja (2021-2027), za koje je bilo opse\u017enih konsultacija sa civilnim dru\u0161tvom u posljednje dvije godine i koje su revidirane na osnovu dobijenih povratnih informacija i novih doga\u0111aja.<\/span><\/p>\n<\/div>\n","protected":false},"excerpt":{"rendered":"<p>Projekat TACSO 3 koji finansira EU najavio je predstoje\u0107i Forum civilnog dru\u0161tva EU i Zapadnog Balkana i Turske za 2022. godinu i poziva lidere organizacija <\/p>\n","protected":false},"author":152227,"featured_media":620646,"comment_status":"closed","ping_status":"closed","sticky":false,"template":"","format":"standard","meta":{"_acf_changed":false,"_monsterinsights_skip_tracking":false,"_monsterinsights_sitenote_active":false,"_monsterinsights_sitenote_note":"","_monsterinsights_sitenote_category":0,"footnotes":""},"country-for-news":[435,444,417,424,427,434],"class_list":["post-631906","post","type-post","status-publish","format-standard","has-post-thumbnail","hentry","wb_theme-democracy-and-fundamental-rights","country-for-news-north-macedonia","country-for-news-serbia","country-for-news-albania","country-for-news-bosnia-and-herzegovina","country-for-news-kosovo","country-for-news-montenegro"],"acf":[],"yoast_head":"<!-- This site is optimized with the Yoast SEO plugin v25.3.1 - https:\/\/yoast.com\/wordpress\/plugins\/seo\/ -->\n<title>Forum civilnog dru\u0161tva 2022. News | WeBalkans<\/title>\n<meta name=\"description\" content=\"Forum civilnog dru\u0161tva 2022.\" \/>\n<meta name=\"robots\" content=\"index, follow, max-snippet:-1, max-image-preview:large, max-video-preview:-1\" \/>\n<link rel=\"canonical\" href=\"https:\/\/webalkans.eu\/me\/news\/civil-society-forum-2022\/\" \/>\n<meta property=\"og:locale\" content=\"en_US\" \/>\n<meta property=\"og:type\" content=\"article\" \/>\n<meta property=\"og:title\" content=\"Forum civilnog dru\u0161tva 2022. News | WeBalkans\" \/>\n<meta property=\"og:description\" content=\"Forum civilnog dru\u0161tva 2022.\" \/>\n<meta property=\"og:url\" content=\"https:\/\/webalkans.eu\/me\/news\/civil-society-forum-2022\/\" \/>\n<meta property=\"og:site_name\" content=\"WeBalkans | EU Projects in the Western Balkans\" \/>\n<meta property=\"article:publisher\" content=\"https:\/\/www.facebook.com\/webalkans.eu\" \/>\n<meta property=\"article:published_time\" content=\"2022-06-01T17:39:04+00:00\" \/>\n<meta property=\"article:modified_time\" content=\"2022-06-08T14:43:33+00:00\" \/>\n<meta property=\"og:image\" content=\"https:\/\/webalkans.eu\/wp-content\/uploads\/2022\/06\/CS.png\" \/>\n\t<meta property=\"og:image:width\" content=\"1040\" \/>\n\t<meta property=\"og:image:height\" content=\"652\" \/>\n\t<meta property=\"og:image:type\" content=\"image\/png\" \/>\n<meta name=\"author\" content=\"007designstudio@gmail.com\" \/>\n<meta name=\"twitter:card\" content=\"summary_large_image\" \/>\n<meta name=\"twitter:creator\" content=\"@WeBalkans\" \/>\n<meta name=\"twitter:site\" content=\"@WeBalkans\" \/>\n<meta name=\"twitter:label1\" content=\"Written by\" \/>\n\t<meta name=\"twitter:data1\" content=\"007designstudio@gmail.com\" \/>\n\t<meta name=\"twitter:label2\" content=\"Est. reading time\" \/>\n\t<meta name=\"twitter:data2\" content=\"1 minute\" \/>\n<script type=\"application\/ld+json\" class=\"yoast-schema-graph\">{\"@context\":\"https:\/\/schema.org\",\"@graph\":[{\"@type\":\"Article\",\"@id\":\"https:\/\/webalkans.eu\/me\/news\/civil-society-forum-2022\/#article\",\"isPartOf\":{\"@id\":\"https:\/\/webalkans.eu\/me\/news\/civil-society-forum-2022\/\"},\"author\":{\"name\":\"007designstudio@gmail.com\",\"@id\":\"https:\/\/webalkans.eu\/me\/#\/schema\/person\/95a8ea19ef21de3b7766e9b65ffdb4da\"},\"headline\":\"Forum civilnog dru\u0161tva 2022.\",\"datePublished\":\"2022-06-01T17:39:04+00:00\",\"dateModified\":\"2022-06-08T14:43:33+00:00\",\"mainEntityOfPage\":{\"@id\":\"https:\/\/webalkans.eu\/me\/news\/civil-society-forum-2022\/\"},\"wordCount\":238,\"publisher\":{\"@id\":\"https:\/\/webalkans.eu\/me\/#organization\"},\"image\":{\"@id\":\"https:\/\/webalkans.eu\/me\/news\/civil-society-forum-2022\/#primaryimage\"},\"thumbnailUrl\":\"https:\/\/webalkans.eu\/wp-content\/uploads\/2022\/06\/CS.png\",\"inLanguage\":\"me-ME\"},{\"@type\":\"WebPage\",\"@id\":\"https:\/\/webalkans.eu\/me\/news\/civil-society-forum-2022\/\",\"url\":\"https:\/\/webalkans.eu\/me\/news\/civil-society-forum-2022\/\",\"name\":\"Forum civilnog dru\u0161tva 2022. News | WeBalkans\",\"isPartOf\":{\"@id\":\"https:\/\/webalkans.eu\/me\/#website\"},\"primaryImageOfPage\":{\"@id\":\"https:\/\/webalkans.eu\/me\/news\/civil-society-forum-2022\/#primaryimage\"},\"image\":{\"@id\":\"https:\/\/webalkans.eu\/me\/news\/civil-society-forum-2022\/#primaryimage\"},\"thumbnailUrl\":\"https:\/\/webalkans.eu\/wp-content\/uploads\/2022\/06\/CS.png\",\"datePublished\":\"2022-06-01T17:39:04+00:00\",\"dateModified\":\"2022-06-08T14:43:33+00:00\",\"description\":\"Forum civilnog dru\u0161tva 2022.\",\"breadcrumb\":{\"@id\":\"https:\/\/webalkans.eu\/me\/news\/civil-society-forum-2022\/#breadcrumb\"},\"inLanguage\":\"me-ME\",\"potentialAction\":[{\"@type\":\"ReadAction\",\"target\":[\"https:\/\/webalkans.eu\/me\/news\/civil-society-forum-2022\/\"]}]},{\"@type\":\"ImageObject\",\"inLanguage\":\"me-ME\",\"@id\":\"https:\/\/webalkans.eu\/me\/news\/civil-society-forum-2022\/#primaryimage\",\"url\":\"https:\/\/webalkans.eu\/wp-content\/uploads\/2022\/06\/CS.png\",\"contentUrl\":\"https:\/\/webalkans.eu\/wp-content\/uploads\/2022\/06\/CS.png\",\"width\":1040,\"height\":652},{\"@type\":\"BreadcrumbList\",\"@id\":\"https:\/\/webalkans.eu\/me\/news\/civil-society-forum-2022\/#breadcrumb\",\"itemListElement\":[{\"@type\":\"ListItem\",\"position\":1,\"name\":\"Home\",\"item\":\"https:\/\/webalkans.eu\/me\/homepage\/\"},{\"@type\":\"ListItem\",\"position\":2,\"name\":\"Forum civilnog dru\u0161tva 2022.\"}]},{\"@type\":\"WebSite\",\"@id\":\"https:\/\/webalkans.eu\/me\/#website\",\"url\":\"https:\/\/webalkans.eu\/me\/\",\"name\":\"WeBalkans | EU Projects in the Western Balkans\",\"description\":\"\",\"publisher\":{\"@id\":\"https:\/\/webalkans.eu\/me\/#organization\"},\"potentialAction\":[{\"@type\":\"SearchAction\",\"target\":{\"@type\":\"EntryPoint\",\"urlTemplate\":\"https:\/\/webalkans.eu\/me\/?s={search_term_string}\"},\"query-input\":{\"@type\":\"PropertyValueSpecification\",\"valueRequired\":true,\"valueName\":\"search_term_string\"}}],\"inLanguage\":\"me-ME\"},{\"@type\":\"Organization\",\"@id\":\"https:\/\/webalkans.eu\/me\/#organization\",\"name\":\"European Union\",\"url\":\"https:\/\/webalkans.eu\/me\/\",\"logo\":{\"@type\":\"ImageObject\",\"inLanguage\":\"me-ME\",\"@id\":\"https:\/\/webalkans.eu\/me\/#\/schema\/logo\/image\/\",\"url\":\"https:\/\/webalkans.eu\/wp-content\/uploads\/2020\/11\/eu_flag.jpg\",\"contentUrl\":\"https:\/\/webalkans.eu\/wp-content\/uploads\/2020\/11\/eu_flag.jpg\",\"width\":600,\"height\":401,\"caption\":\"European Union\"},\"image\":{\"@id\":\"https:\/\/webalkans.eu\/me\/#\/schema\/logo\/image\/\"},\"sameAs\":[\"https:\/\/www.facebook.com\/webalkans.eu\",\"https:\/\/x.com\/WeBalkans\"]},{\"@type\":\"Person\",\"@id\":\"https:\/\/webalkans.eu\/me\/#\/schema\/person\/95a8ea19ef21de3b7766e9b65ffdb4da\",\"name\":\"007designstudio@gmail.com\"}]}<\/script>\n<!-- \/ Yoast SEO plugin. -->","yoast_head_json":{"title":"Forum civilnog dru\u0161tva 2022. News | WeBalkans","description":"Forum civilnog dru\u0161tva 2022.","robots":{"index":"index","follow":"follow","max-snippet":"max-snippet:-1","max-image-preview":"max-image-preview:large","max-video-preview":"max-video-preview:-1"},"canonical":"https:\/\/webalkans.eu\/me\/news\/civil-society-forum-2022\/","og_locale":"en_US","og_type":"article","og_title":"Forum civilnog dru\u0161tva 2022. News | WeBalkans","og_description":"Forum civilnog dru\u0161tva 2022.","og_url":"https:\/\/webalkans.eu\/me\/news\/civil-society-forum-2022\/","og_site_name":"WeBalkans | EU Projects in the Western Balkans","article_publisher":"https:\/\/www.facebook.com\/webalkans.eu","article_published_time":"2022-06-01T17:39:04+00:00","article_modified_time":"2022-06-08T14:43:33+00:00","og_image":[{"width":1040,"height":652,"url":"https:\/\/webalkans.eu\/wp-content\/uploads\/2022\/06\/CS.png","type":"image\/png"}],"author":"007designstudio@gmail.com","twitter_card":"summary_large_image","twitter_creator":"@WeBalkans","twitter_site":"@WeBalkans","twitter_misc":{"Written by":"007designstudio@gmail.com","Est. reading time":"1 minute"},"schema":{"@context":"https:\/\/schema.org","@graph":[{"@type":"Article","@id":"https:\/\/webalkans.eu\/me\/news\/civil-society-forum-2022\/#article","isPartOf":{"@id":"https:\/\/webalkans.eu\/me\/news\/civil-society-forum-2022\/"},"author":{"name":"007designstudio@gmail.com","@id":"https:\/\/webalkans.eu\/me\/#\/schema\/person\/95a8ea19ef21de3b7766e9b65ffdb4da"},"headline":"Forum civilnog dru\u0161tva 2022.","datePublished":"2022-06-01T17:39:04+00:00","dateModified":"2022-06-08T14:43:33+00:00","mainEntityOfPage":{"@id":"https:\/\/webalkans.eu\/me\/news\/civil-society-forum-2022\/"},"wordCount":238,"publisher":{"@id":"https:\/\/webalkans.eu\/me\/#organization"},"image":{"@id":"https:\/\/webalkans.eu\/me\/news\/civil-society-forum-2022\/#primaryimage"},"thumbnailUrl":"https:\/\/webalkans.eu\/wp-content\/uploads\/2022\/06\/CS.png","inLanguage":"me-ME"},{"@type":"WebPage","@id":"https:\/\/webalkans.eu\/me\/news\/civil-society-forum-2022\/","url":"https:\/\/webalkans.eu\/me\/news\/civil-society-forum-2022\/","name":"Forum civilnog dru\u0161tva 2022. News | WeBalkans","isPartOf":{"@id":"https:\/\/webalkans.eu\/me\/#website"},"primaryImageOfPage":{"@id":"https:\/\/webalkans.eu\/me\/news\/civil-society-forum-2022\/#primaryimage"},"image":{"@id":"https:\/\/webalkans.eu\/me\/news\/civil-society-forum-2022\/#primaryimage"},"thumbnailUrl":"https:\/\/webalkans.eu\/wp-content\/uploads\/2022\/06\/CS.png","datePublished":"2022-06-01T17:39:04+00:00","dateModified":"2022-06-08T14:43:33+00:00","description":"Forum civilnog dru\u0161tva 2022.","breadcrumb":{"@id":"https:\/\/webalkans.eu\/me\/news\/civil-society-forum-2022\/#breadcrumb"},"inLanguage":"me-ME","potentialAction":[{"@type":"ReadAction","target":["https:\/\/webalkans.eu\/me\/news\/civil-society-forum-2022\/"]}]},{"@type":"ImageObject","inLanguage":"me-ME","@id":"https:\/\/webalkans.eu\/me\/news\/civil-society-forum-2022\/#primaryimage","url":"https:\/\/webalkans.eu\/wp-content\/uploads\/2022\/06\/CS.png","contentUrl":"https:\/\/webalkans.eu\/wp-content\/uploads\/2022\/06\/CS.png","width":1040,"height":652},{"@type":"BreadcrumbList","@id":"https:\/\/webalkans.eu\/me\/news\/civil-society-forum-2022\/#breadcrumb","itemListElement":[{"@type":"ListItem","position":1,"name":"Home","item":"https:\/\/webalkans.eu\/me\/homepage\/"},{"@type":"ListItem","position":2,"name":"Forum civilnog dru\u0161tva 2022."}]},{"@type":"WebSite","@id":"https:\/\/webalkans.eu\/me\/#website","url":"https:\/\/webalkans.eu\/me\/","name":"WeBalkans | EU Projects in the Western Balkans","description":"","publisher":{"@id":"https:\/\/webalkans.eu\/me\/#organization"},"potentialAction":[{"@type":"SearchAction","target":{"@type":"EntryPoint","urlTemplate":"https:\/\/webalkans.eu\/me\/?s={search_term_string}"},"query-input":{"@type":"PropertyValueSpecification","valueRequired":true,"valueName":"search_term_string"}}],"inLanguage":"me-ME"},{"@type":"Organization","@id":"https:\/\/webalkans.eu\/me\/#organization","name":"European Union","url":"https:\/\/webalkans.eu\/me\/","logo":{"@type":"ImageObject","inLanguage":"me-ME","@id":"https:\/\/webalkans.eu\/me\/#\/schema\/logo\/image\/","url":"https:\/\/webalkans.eu\/wp-content\/uploads\/2020\/11\/eu_flag.jpg","contentUrl":"https:\/\/webalkans.eu\/wp-content\/uploads\/2020\/11\/eu_flag.jpg","width":600,"height":401,"caption":"European Union"},"image":{"@id":"https:\/\/webalkans.eu\/me\/#\/schema\/logo\/image\/"},"sameAs":["https:\/\/www.facebook.com\/webalkans.eu","https:\/\/x.com\/WeBalkans"]},{"@type":"Person","@id":"https:\/\/webalkans.eu\/me\/#\/schema\/person\/95a8ea19ef21de3b7766e9b65ffdb4da","name":"007designstudio@gmail.com"}]}},"_links":{"self":[{"href":"https:\/\/webalkans.eu\/me\/wp-json\/wp\/v2\/posts\/631906"}],"collection":[{"href":"https:\/\/webalkans.eu\/me\/wp-json\/wp\/v2\/posts"}],"about":[{"href":"https:\/\/webalkans.eu\/me\/wp-json\/wp\/v2\/types\/post"}],"author":[{"embeddable":true,"href":"https:\/\/webalkans.eu\/me\/wp-json\/wp\/v2\/users\/152227"}],"replies":[{"embeddable":true,"href":"https:\/\/webalkans.eu\/me\/wp-json\/wp\/v2\/comments?post=631906"}],"version-history":[{"count":0,"href":"https:\/\/webalkans.eu\/me\/wp-json\/wp\/v2\/posts\/631906\/revisions"}],"wp:featuredmedia":[{"embeddable":true,"href":"https:\/\/webalkans.eu\/me\/wp-json\/wp\/v2\/media\/620646"}],"wp:attachment":[{"href":"https:\/\/webalkans.eu\/me\/wp-json\/wp\/v2\/media?parent=631906"}],"wp:term":[{"taxonomy":"country-for-news","embeddable":true,"href":"https:\/\/webalkans.eu\/me\/wp-json\/wp\/v2\/country-for-news?post=631906"}],"curies":[{"name":"wp","href":"https:\/\/api.w.org\/{rel}","templated":true}]}}