
{"id":606553,"date":"2022-05-18T18:52:40","date_gmt":"2022-05-18T16:52:40","guid":{"rendered":"https:\/\/webalkans.eu\/news\/the-coal-regions-programme-launches-exchanges-between-western-balkans-and-eu\/"},"modified":"2022-05-24T11:15:09","modified_gmt":"2022-05-24T09:15:09","slug":"the-coal-regions-programme-launches-exchanges-between-western-balkans-and-eu","status":"publish","type":"post","link":"https:\/\/webalkans.eu\/me\/news\/the-coal-regions-programme-launches-exchanges-between-western-balkans-and-eu\/","title":{"rendered":"Program regioni uglja pokre\u0107e razmjenu izme\u0111u Zapadnog Balkana i EU"},"content":{"rendered":"<p style=\"font-weight: 400;\">Program razmjene izme\u0111u regiona uglja pokrenuo je \u0161est razmjena izme\u0111u oblasti na Zapadnom Balkanu i njihovih kolega iz EU. Ove razmjene pru\u017eaju priliku regionima da zapo\u010dnu dijalog jedan-na-jedan i u\u010de iz tu\u0111ih iskustava o prelasku sa uglja na \u010distu energiju.<\/p>\n<p>&nbsp;<\/p>\n<p style=\"font-weight: 400;\">Za u\u010de\u0161\u0107e u programu podnijete su ukupno 32 prijave iz raznih zemalja \u0161irom kontinenta. Na osnovu stru\u010dne procjene, 14 zemalja je svrstano u \u0161est grupa partnera za razmjenu, koji trenutno pripremaju svoje razmjene. Predvi\u0111ene su jo\u0161 dvije grupe, koje treba da vode ukrajinski podnosioci zahtjeva, ali one su privremeno odlo\u017eene.<\/p>\n<p>&nbsp;<\/p>\n<p style=\"font-weight: 400;\">Tri razmjene po\u010de\u0107e na prolje\u0107e 2022. godine, a detaljno planiranje i priprema ostale tri razmjene po\u010de\u0107e u drugoj polovini godine. Pod vo\u0111stvom posve\u0107enih facilitatora razmjene, u\u010desnici programa sada osmi\u0161ljavaju precizan tok razmjena. Ove posjete \u0107e uklju\u010divati jednu ili dvije fizi\u010dke posjete, koje \u0107e biti unaprijed planirane kroz virtuelne interakcije i diskusije gdje regioni mogu u\u010dvrstiti svoje odnose, \u0161to \u0107e u idealnom slu\u010daju dovesti do plodne saradnje i izvan ovog programa.<\/p>\n<p>&nbsp;<\/p>\n<p style=\"font-weight: 400;\">Program razmjene je jedna od klju\u010dnih aktivnosti Inicijative za regione uglja u tranziciji na Zapadnom Balkanu i u Ukrajini, koja ima za cilj da pomogne regionima da sa uglja pre\u0111u na ekonomiju bez emisije ugljenika, s tim da ta tranzicija bude pravedna. Njime upravlja Evropska komisija i \u0161est me\u0111unarodnih partnera koji sara\u0111uju: Kolegijum Evrope u Natolinu, Sekretarijat Energetske zajednice, Evropska banka za obnovu i razvoj, Evropska investiciona banka, Poljski nacionalni fond za za\u0161titu \u017eivotne sredine i upravljanje vodama i Svjetska banka.<\/p>\n","protected":false},"excerpt":{"rendered":"<p>Program razmjene izme\u0111u regiona uglja pokrenuo je \u0161est razmjena izme\u0111u oblasti na Zapadnom Balkanu i njihovih kolega iz EU. Ove razmjene pru\u017eaju priliku regionima da <\/p>\n","protected":false},"author":152227,"featured_media":598739,"comment_status":"closed","ping_status":"closed","sticky":false,"template":"","format":"standard","meta":{"_acf_changed":false,"_monsterinsights_skip_tracking":false,"_monsterinsights_sitenote_active":false,"_monsterinsights_sitenote_note":"","_monsterinsights_sitenote_category":0,"footnotes":""},"country-for-news":[417,424,427,434,435,444],"class_list":["post-606553","post","type-post","status-publish","format-standard","has-post-thumbnail","hentry","wb_theme-connectivity","country-for-news-albania","country-for-news-bosnia-and-herzegovina","country-for-news-kosovo","country-for-news-montenegro","country-for-news-north-macedonia","country-for-news-serbia"],"acf":[],"yoast_head":"<!-- This site is optimized with the Yoast SEO plugin v25.3.1 - https:\/\/yoast.com\/wordpress\/plugins\/seo\/ -->\n<title>Program regioni uglja pokre\u0107e razmjenu izme\u0111u Zapadnog Balkana i EU News | WeBalkans<\/title>\n<meta name=\"description\" content=\"Program regioni uglja pokre\u0107e razmjenu izme\u0111u Zapadnog Balkana i EU\" \/>\n<meta name=\"robots\" content=\"index, follow, max-snippet:-1, max-image-preview:large, max-video-preview:-1\" \/>\n<link rel=\"canonical\" href=\"https:\/\/webalkans.eu\/me\/news\/the-coal-regions-programme-launches-exchanges-between-western-balkans-and-eu\/\" \/>\n<meta property=\"og:locale\" content=\"en_US\" \/>\n<meta property=\"og:type\" content=\"article\" \/>\n<meta property=\"og:title\" content=\"Program regioni uglja pokre\u0107e razmjenu izme\u0111u Zapadnog Balkana i EU News | WeBalkans\" \/>\n<meta property=\"og:description\" content=\"Program regioni uglja pokre\u0107e razmjenu izme\u0111u Zapadnog Balkana i EU\" \/>\n<meta property=\"og:url\" content=\"https:\/\/webalkans.eu\/me\/news\/the-coal-regions-programme-launches-exchanges-between-western-balkans-and-eu\/\" \/>\n<meta property=\"og:site_name\" content=\"WeBalkans | EU Projects in the Western Balkans\" \/>\n<meta property=\"article:publisher\" content=\"https:\/\/www.facebook.com\/webalkans.eu\" \/>\n<meta property=\"article:published_time\" content=\"2022-05-18T16:52:40+00:00\" \/>\n<meta property=\"article:modified_time\" content=\"2022-05-24T09:15:09+00:00\" \/>\n<meta property=\"og:image\" content=\"https:\/\/webalkans.eu\/wp-content\/uploads\/2022\/05\/1.png\" \/>\n\t<meta property=\"og:image:width\" content=\"856\" \/>\n\t<meta property=\"og:image:height\" content=\"572\" \/>\n\t<meta property=\"og:image:type\" content=\"image\/png\" \/>\n<meta name=\"author\" content=\"007designstudio@gmail.com\" \/>\n<meta name=\"twitter:card\" content=\"summary_large_image\" \/>\n<meta name=\"twitter:creator\" content=\"@WeBalkans\" \/>\n<meta name=\"twitter:site\" content=\"@WeBalkans\" \/>\n<meta name=\"twitter:label1\" content=\"Written by\" \/>\n\t<meta name=\"twitter:data1\" content=\"007designstudio@gmail.com\" \/>\n\t<meta name=\"twitter:label2\" content=\"Est. reading time\" \/>\n\t<meta name=\"twitter:data2\" content=\"1 minute\" \/>\n<script type=\"application\/ld+json\" class=\"yoast-schema-graph\">{\"@context\":\"https:\/\/schema.org\",\"@graph\":[{\"@type\":\"Article\",\"@id\":\"https:\/\/webalkans.eu\/me\/news\/the-coal-regions-programme-launches-exchanges-between-western-balkans-and-eu\/#article\",\"isPartOf\":{\"@id\":\"https:\/\/webalkans.eu\/me\/news\/the-coal-regions-programme-launches-exchanges-between-western-balkans-and-eu\/\"},\"author\":{\"name\":\"007designstudio@gmail.com\",\"@id\":\"https:\/\/webalkans.eu\/me\/#\/schema\/person\/95a8ea19ef21de3b7766e9b65ffdb4da\"},\"headline\":\"Program regioni uglja pokre\u0107e razmjenu izme\u0111u Zapadnog Balkana i EU\",\"datePublished\":\"2022-05-18T16:52:40+00:00\",\"dateModified\":\"2022-05-24T09:15:09+00:00\",\"mainEntityOfPage\":{\"@id\":\"https:\/\/webalkans.eu\/me\/news\/the-coal-regions-programme-launches-exchanges-between-western-balkans-and-eu\/\"},\"wordCount\":282,\"publisher\":{\"@id\":\"https:\/\/webalkans.eu\/me\/#organization\"},\"image\":{\"@id\":\"https:\/\/webalkans.eu\/me\/news\/the-coal-regions-programme-launches-exchanges-between-western-balkans-and-eu\/#primaryimage\"},\"thumbnailUrl\":\"https:\/\/webalkans.eu\/wp-content\/uploads\/2022\/05\/1.png\",\"inLanguage\":\"me-ME\"},{\"@type\":\"WebPage\",\"@id\":\"https:\/\/webalkans.eu\/me\/news\/the-coal-regions-programme-launches-exchanges-between-western-balkans-and-eu\/\",\"url\":\"https:\/\/webalkans.eu\/me\/news\/the-coal-regions-programme-launches-exchanges-between-western-balkans-and-eu\/\",\"name\":\"Program regioni uglja pokre\u0107e razmjenu izme\u0111u Zapadnog Balkana i EU News | WeBalkans\",\"isPartOf\":{\"@id\":\"https:\/\/webalkans.eu\/me\/#website\"},\"primaryImageOfPage\":{\"@id\":\"https:\/\/webalkans.eu\/me\/news\/the-coal-regions-programme-launches-exchanges-between-western-balkans-and-eu\/#primaryimage\"},\"image\":{\"@id\":\"https:\/\/webalkans.eu\/me\/news\/the-coal-regions-programme-launches-exchanges-between-western-balkans-and-eu\/#primaryimage\"},\"thumbnailUrl\":\"https:\/\/webalkans.eu\/wp-content\/uploads\/2022\/05\/1.png\",\"datePublished\":\"2022-05-18T16:52:40+00:00\",\"dateModified\":\"2022-05-24T09:15:09+00:00\",\"description\":\"Program regioni uglja pokre\u0107e razmjenu izme\u0111u Zapadnog Balkana i EU\",\"breadcrumb\":{\"@id\":\"https:\/\/webalkans.eu\/me\/news\/the-coal-regions-programme-launches-exchanges-between-western-balkans-and-eu\/#breadcrumb\"},\"inLanguage\":\"me-ME\",\"potentialAction\":[{\"@type\":\"ReadAction\",\"target\":[\"https:\/\/webalkans.eu\/me\/news\/the-coal-regions-programme-launches-exchanges-between-western-balkans-and-eu\/\"]}]},{\"@type\":\"ImageObject\",\"inLanguage\":\"me-ME\",\"@id\":\"https:\/\/webalkans.eu\/me\/news\/the-coal-regions-programme-launches-exchanges-between-western-balkans-and-eu\/#primaryimage\",\"url\":\"https:\/\/webalkans.eu\/wp-content\/uploads\/2022\/05\/1.png\",\"contentUrl\":\"https:\/\/webalkans.eu\/wp-content\/uploads\/2022\/05\/1.png\",\"width\":856,\"height\":572},{\"@type\":\"BreadcrumbList\",\"@id\":\"https:\/\/webalkans.eu\/me\/news\/the-coal-regions-programme-launches-exchanges-between-western-balkans-and-eu\/#breadcrumb\",\"itemListElement\":[{\"@type\":\"ListItem\",\"position\":1,\"name\":\"Home\",\"item\":\"https:\/\/webalkans.eu\/me\/homepage\/\"},{\"@type\":\"ListItem\",\"position\":2,\"name\":\"Program regioni uglja pokre\u0107e razmjenu izme\u0111u Zapadnog Balkana i EU\"}]},{\"@type\":\"WebSite\",\"@id\":\"https:\/\/webalkans.eu\/me\/#website\",\"url\":\"https:\/\/webalkans.eu\/me\/\",\"name\":\"WeBalkans | EU Projects in the Western Balkans\",\"description\":\"\",\"publisher\":{\"@id\":\"https:\/\/webalkans.eu\/me\/#organization\"},\"potentialAction\":[{\"@type\":\"SearchAction\",\"target\":{\"@type\":\"EntryPoint\",\"urlTemplate\":\"https:\/\/webalkans.eu\/me\/?s={search_term_string}\"},\"query-input\":{\"@type\":\"PropertyValueSpecification\",\"valueRequired\":true,\"valueName\":\"search_term_string\"}}],\"inLanguage\":\"me-ME\"},{\"@type\":\"Organization\",\"@id\":\"https:\/\/webalkans.eu\/me\/#organization\",\"name\":\"European Union\",\"url\":\"https:\/\/webalkans.eu\/me\/\",\"logo\":{\"@type\":\"ImageObject\",\"inLanguage\":\"me-ME\",\"@id\":\"https:\/\/webalkans.eu\/me\/#\/schema\/logo\/image\/\",\"url\":\"https:\/\/webalkans.eu\/wp-content\/uploads\/2020\/11\/eu_flag.jpg\",\"contentUrl\":\"https:\/\/webalkans.eu\/wp-content\/uploads\/2020\/11\/eu_flag.jpg\",\"width\":600,\"height\":401,\"caption\":\"European Union\"},\"image\":{\"@id\":\"https:\/\/webalkans.eu\/me\/#\/schema\/logo\/image\/\"},\"sameAs\":[\"https:\/\/www.facebook.com\/webalkans.eu\",\"https:\/\/x.com\/WeBalkans\"]},{\"@type\":\"Person\",\"@id\":\"https:\/\/webalkans.eu\/me\/#\/schema\/person\/95a8ea19ef21de3b7766e9b65ffdb4da\",\"name\":\"007designstudio@gmail.com\"}]}<\/script>\n<!-- \/ Yoast SEO plugin. -->","yoast_head_json":{"title":"Program regioni uglja pokre\u0107e razmjenu izme\u0111u Zapadnog Balkana i EU News | WeBalkans","description":"Program regioni uglja pokre\u0107e razmjenu izme\u0111u Zapadnog Balkana i EU","robots":{"index":"index","follow":"follow","max-snippet":"max-snippet:-1","max-image-preview":"max-image-preview:large","max-video-preview":"max-video-preview:-1"},"canonical":"https:\/\/webalkans.eu\/me\/news\/the-coal-regions-programme-launches-exchanges-between-western-balkans-and-eu\/","og_locale":"en_US","og_type":"article","og_title":"Program regioni uglja pokre\u0107e razmjenu izme\u0111u Zapadnog Balkana i EU News | WeBalkans","og_description":"Program regioni uglja pokre\u0107e razmjenu izme\u0111u Zapadnog Balkana i EU","og_url":"https:\/\/webalkans.eu\/me\/news\/the-coal-regions-programme-launches-exchanges-between-western-balkans-and-eu\/","og_site_name":"WeBalkans | EU Projects in the Western Balkans","article_publisher":"https:\/\/www.facebook.com\/webalkans.eu","article_published_time":"2022-05-18T16:52:40+00:00","article_modified_time":"2022-05-24T09:15:09+00:00","og_image":[{"width":856,"height":572,"url":"https:\/\/webalkans.eu\/wp-content\/uploads\/2022\/05\/1.png","type":"image\/png"}],"author":"007designstudio@gmail.com","twitter_card":"summary_large_image","twitter_creator":"@WeBalkans","twitter_site":"@WeBalkans","twitter_misc":{"Written by":"007designstudio@gmail.com","Est. reading time":"1 minute"},"schema":{"@context":"https:\/\/schema.org","@graph":[{"@type":"Article","@id":"https:\/\/webalkans.eu\/me\/news\/the-coal-regions-programme-launches-exchanges-between-western-balkans-and-eu\/#article","isPartOf":{"@id":"https:\/\/webalkans.eu\/me\/news\/the-coal-regions-programme-launches-exchanges-between-western-balkans-and-eu\/"},"author":{"name":"007designstudio@gmail.com","@id":"https:\/\/webalkans.eu\/me\/#\/schema\/person\/95a8ea19ef21de3b7766e9b65ffdb4da"},"headline":"Program regioni uglja pokre\u0107e razmjenu izme\u0111u Zapadnog Balkana i EU","datePublished":"2022-05-18T16:52:40+00:00","dateModified":"2022-05-24T09:15:09+00:00","mainEntityOfPage":{"@id":"https:\/\/webalkans.eu\/me\/news\/the-coal-regions-programme-launches-exchanges-between-western-balkans-and-eu\/"},"wordCount":282,"publisher":{"@id":"https:\/\/webalkans.eu\/me\/#organization"},"image":{"@id":"https:\/\/webalkans.eu\/me\/news\/the-coal-regions-programme-launches-exchanges-between-western-balkans-and-eu\/#primaryimage"},"thumbnailUrl":"https:\/\/webalkans.eu\/wp-content\/uploads\/2022\/05\/1.png","inLanguage":"me-ME"},{"@type":"WebPage","@id":"https:\/\/webalkans.eu\/me\/news\/the-coal-regions-programme-launches-exchanges-between-western-balkans-and-eu\/","url":"https:\/\/webalkans.eu\/me\/news\/the-coal-regions-programme-launches-exchanges-between-western-balkans-and-eu\/","name":"Program regioni uglja pokre\u0107e razmjenu izme\u0111u Zapadnog Balkana i EU News | WeBalkans","isPartOf":{"@id":"https:\/\/webalkans.eu\/me\/#website"},"primaryImageOfPage":{"@id":"https:\/\/webalkans.eu\/me\/news\/the-coal-regions-programme-launches-exchanges-between-western-balkans-and-eu\/#primaryimage"},"image":{"@id":"https:\/\/webalkans.eu\/me\/news\/the-coal-regions-programme-launches-exchanges-between-western-balkans-and-eu\/#primaryimage"},"thumbnailUrl":"https:\/\/webalkans.eu\/wp-content\/uploads\/2022\/05\/1.png","datePublished":"2022-05-18T16:52:40+00:00","dateModified":"2022-05-24T09:15:09+00:00","description":"Program regioni uglja pokre\u0107e razmjenu izme\u0111u Zapadnog Balkana i EU","breadcrumb":{"@id":"https:\/\/webalkans.eu\/me\/news\/the-coal-regions-programme-launches-exchanges-between-western-balkans-and-eu\/#breadcrumb"},"inLanguage":"me-ME","potentialAction":[{"@type":"ReadAction","target":["https:\/\/webalkans.eu\/me\/news\/the-coal-regions-programme-launches-exchanges-between-western-balkans-and-eu\/"]}]},{"@type":"ImageObject","inLanguage":"me-ME","@id":"https:\/\/webalkans.eu\/me\/news\/the-coal-regions-programme-launches-exchanges-between-western-balkans-and-eu\/#primaryimage","url":"https:\/\/webalkans.eu\/wp-content\/uploads\/2022\/05\/1.png","contentUrl":"https:\/\/webalkans.eu\/wp-content\/uploads\/2022\/05\/1.png","width":856,"height":572},{"@type":"BreadcrumbList","@id":"https:\/\/webalkans.eu\/me\/news\/the-coal-regions-programme-launches-exchanges-between-western-balkans-and-eu\/#breadcrumb","itemListElement":[{"@type":"ListItem","position":1,"name":"Home","item":"https:\/\/webalkans.eu\/me\/homepage\/"},{"@type":"ListItem","position":2,"name":"Program regioni uglja pokre\u0107e razmjenu izme\u0111u Zapadnog Balkana i EU"}]},{"@type":"WebSite","@id":"https:\/\/webalkans.eu\/me\/#website","url":"https:\/\/webalkans.eu\/me\/","name":"WeBalkans | EU Projects in the Western Balkans","description":"","publisher":{"@id":"https:\/\/webalkans.eu\/me\/#organization"},"potentialAction":[{"@type":"SearchAction","target":{"@type":"EntryPoint","urlTemplate":"https:\/\/webalkans.eu\/me\/?s={search_term_string}"},"query-input":{"@type":"PropertyValueSpecification","valueRequired":true,"valueName":"search_term_string"}}],"inLanguage":"me-ME"},{"@type":"Organization","@id":"https:\/\/webalkans.eu\/me\/#organization","name":"European Union","url":"https:\/\/webalkans.eu\/me\/","logo":{"@type":"ImageObject","inLanguage":"me-ME","@id":"https:\/\/webalkans.eu\/me\/#\/schema\/logo\/image\/","url":"https:\/\/webalkans.eu\/wp-content\/uploads\/2020\/11\/eu_flag.jpg","contentUrl":"https:\/\/webalkans.eu\/wp-content\/uploads\/2020\/11\/eu_flag.jpg","width":600,"height":401,"caption":"European Union"},"image":{"@id":"https:\/\/webalkans.eu\/me\/#\/schema\/logo\/image\/"},"sameAs":["https:\/\/www.facebook.com\/webalkans.eu","https:\/\/x.com\/WeBalkans"]},{"@type":"Person","@id":"https:\/\/webalkans.eu\/me\/#\/schema\/person\/95a8ea19ef21de3b7766e9b65ffdb4da","name":"007designstudio@gmail.com"}]}},"_links":{"self":[{"href":"https:\/\/webalkans.eu\/me\/wp-json\/wp\/v2\/posts\/606553"}],"collection":[{"href":"https:\/\/webalkans.eu\/me\/wp-json\/wp\/v2\/posts"}],"about":[{"href":"https:\/\/webalkans.eu\/me\/wp-json\/wp\/v2\/types\/post"}],"author":[{"embeddable":true,"href":"https:\/\/webalkans.eu\/me\/wp-json\/wp\/v2\/users\/152227"}],"replies":[{"embeddable":true,"href":"https:\/\/webalkans.eu\/me\/wp-json\/wp\/v2\/comments?post=606553"}],"version-history":[{"count":0,"href":"https:\/\/webalkans.eu\/me\/wp-json\/wp\/v2\/posts\/606553\/revisions"}],"wp:featuredmedia":[{"embeddable":true,"href":"https:\/\/webalkans.eu\/me\/wp-json\/wp\/v2\/media\/598739"}],"wp:attachment":[{"href":"https:\/\/webalkans.eu\/me\/wp-json\/wp\/v2\/media?parent=606553"}],"wp:term":[{"taxonomy":"country-for-news","embeddable":true,"href":"https:\/\/webalkans.eu\/me\/wp-json\/wp\/v2\/country-for-news?post=606553"}],"curies":[{"name":"wp","href":"https:\/\/api.w.org\/{rel}","templated":true}]}}