
{"id":578596,"date":"2022-04-15T12:48:10","date_gmt":"2022-04-15T10:48:10","guid":{"rendered":"https:\/\/webalkans.eu\/news\/yea-participate-in-debate-on-women-empowerment-in-belgrade\/"},"modified":"2022-04-20T17:25:46","modified_gmt":"2022-04-20T15:25:46","slug":"yea-participate-in-debate-on-women-empowerment-in-belgrade","status":"publish","type":"post","link":"https:\/\/webalkans.eu\/me\/news\/yea-participate-in-debate-on-women-empowerment-in-belgrade\/","title":{"rendered":"YEA u\u010destvuju u debati o osna\u017eivanju \u017eena u Beogradu"},"content":{"rendered":"<p style=\"font-weight: 400;\">Hibridni mini festival EU4Balkans odr\u017ean je u Beogradu krajem marta. Festival je bio dio saradnje Generalne direkcije Evropske komisije za regionalnu i urbanu politiku i organizatora festivala Balkan Trafik. Kroz razgovore, kulturne doga\u0111aje i sastanke sa zamjenikom ministra kulture i medija Srbije, manifestacija je obuhvatila niz va\u017enih pitanja kao \u0161to su zapo\u0161ljavanje mladih, inkluzija i razvoj ruralnih oblasti na Zapadnom Balkanu.<\/p>\n<p>&nbsp;<\/p>\n<p style=\"font-weight: 400;\">Mladi evropski ambasadori (YEA) u\u010destvovali su u razgovoru o osna\u017eivanju \u017eena, a u\u010desnice su naglasile da osna\u017eivanje \u017eena podrazumijeva obezbje\u0111ivanje sredstava i vje\u0161tina za napredovanje, nezavisnost i promjenu dru\u0161tva.<\/p>\n<p>&nbsp;<\/p>\n<p style=\"font-weight: 400;\">Manifestacije EU4Balkans imaju za cilj da pove\u0107aju vidljivost me\u0111uregionalne saradnje u okviru IPA instrumenta za pretpristupnu pomo\u0107 i pozitivan uticaj politike pro\u0161irenja EU.<\/p>\n","protected":false},"excerpt":{"rendered":"<p>Hibridni mini festival EU4Balkans odr\u017ean je u Beogradu krajem marta. Festival je bio dio saradnje Generalne direkcije Evropske komisije za regionalnu i urbanu politiku i <\/p>\n","protected":false},"author":152227,"featured_media":574713,"comment_status":"closed","ping_status":"closed","sticky":false,"template":"","format":"standard","meta":{"_acf_changed":false,"_monsterinsights_skip_tracking":false,"_monsterinsights_sitenote_active":false,"_monsterinsights_sitenote_note":"","_monsterinsights_sitenote_category":0,"footnotes":""},"country-for-news":[444],"class_list":["post-578596","post","type-post","status-publish","format-standard","has-post-thumbnail","hentry","wb_theme-culture-and-youth","wb_theme-democracy-and-fundamental-rights","country-for-news-serbia"],"acf":[],"yoast_head":"<!-- This site is optimized with the Yoast SEO plugin v25.3.1 - https:\/\/yoast.com\/wordpress\/plugins\/seo\/ -->\n<title>YEA u\u010destvuju u debati o osna\u017eivanju \u017eena u Beogradu News | WeBalkans<\/title>\n<meta name=\"description\" content=\"YEA u\u010destvuju u debati o osna\u017eivanju \u017eena u Beogradu\" \/>\n<meta name=\"robots\" content=\"index, follow, max-snippet:-1, max-image-preview:large, max-video-preview:-1\" \/>\n<link rel=\"canonical\" href=\"https:\/\/webalkans.eu\/me\/news\/yea-participate-in-debate-on-women-empowerment-in-belgrade\/\" \/>\n<meta property=\"og:locale\" content=\"en_US\" \/>\n<meta property=\"og:type\" content=\"article\" \/>\n<meta property=\"og:title\" content=\"YEA u\u010destvuju u debati o osna\u017eivanju \u017eena u Beogradu News | WeBalkans\" \/>\n<meta property=\"og:description\" content=\"YEA u\u010destvuju u debati o osna\u017eivanju \u017eena u Beogradu\" \/>\n<meta property=\"og:url\" content=\"https:\/\/webalkans.eu\/me\/news\/yea-participate-in-debate-on-women-empowerment-in-belgrade\/\" \/>\n<meta property=\"og:site_name\" content=\"WeBalkans | EU Projects in the Western Balkans\" \/>\n<meta property=\"article:publisher\" content=\"https:\/\/www.facebook.com\/webalkans.eu\" \/>\n<meta property=\"article:published_time\" content=\"2022-04-15T10:48:10+00:00\" \/>\n<meta property=\"article:modified_time\" content=\"2022-04-20T15:25:46+00:00\" \/>\n<meta property=\"og:image\" content=\"https:\/\/webalkans.eu\/wp-content\/uploads\/2022\/04\/5.jpeg\" \/>\n\t<meta property=\"og:image:width\" content=\"960\" \/>\n\t<meta property=\"og:image:height\" content=\"665\" \/>\n\t<meta property=\"og:image:type\" content=\"image\/jpeg\" \/>\n<meta name=\"author\" content=\"007designstudio@gmail.com\" \/>\n<meta name=\"twitter:card\" content=\"summary_large_image\" \/>\n<meta name=\"twitter:creator\" content=\"@WeBalkans\" \/>\n<meta name=\"twitter:site\" content=\"@WeBalkans\" \/>\n<meta name=\"twitter:label1\" content=\"Written by\" \/>\n\t<meta name=\"twitter:data1\" content=\"007designstudio@gmail.com\" \/>\n\t<meta name=\"twitter:label2\" content=\"Est. reading time\" \/>\n\t<meta name=\"twitter:data2\" content=\"1 minute\" \/>\n<script type=\"application\/ld+json\" class=\"yoast-schema-graph\">{\"@context\":\"https:\/\/schema.org\",\"@graph\":[{\"@type\":\"Article\",\"@id\":\"https:\/\/webalkans.eu\/me\/news\/yea-participate-in-debate-on-women-empowerment-in-belgrade\/#article\",\"isPartOf\":{\"@id\":\"https:\/\/webalkans.eu\/me\/news\/yea-participate-in-debate-on-women-empowerment-in-belgrade\/\"},\"author\":{\"name\":\"007designstudio@gmail.com\",\"@id\":\"https:\/\/webalkans.eu\/me\/#\/schema\/person\/95a8ea19ef21de3b7766e9b65ffdb4da\"},\"headline\":\"YEA u\u010destvuju u debati o osna\u017eivanju \u017eena u Beogradu\",\"datePublished\":\"2022-04-15T10:48:10+00:00\",\"dateModified\":\"2022-04-20T15:25:46+00:00\",\"mainEntityOfPage\":{\"@id\":\"https:\/\/webalkans.eu\/me\/news\/yea-participate-in-debate-on-women-empowerment-in-belgrade\/\"},\"wordCount\":142,\"publisher\":{\"@id\":\"https:\/\/webalkans.eu\/me\/#organization\"},\"image\":{\"@id\":\"https:\/\/webalkans.eu\/me\/news\/yea-participate-in-debate-on-women-empowerment-in-belgrade\/#primaryimage\"},\"thumbnailUrl\":\"https:\/\/webalkans.eu\/wp-content\/uploads\/2022\/04\/5.jpeg\",\"inLanguage\":\"me-ME\"},{\"@type\":\"WebPage\",\"@id\":\"https:\/\/webalkans.eu\/me\/news\/yea-participate-in-debate-on-women-empowerment-in-belgrade\/\",\"url\":\"https:\/\/webalkans.eu\/me\/news\/yea-participate-in-debate-on-women-empowerment-in-belgrade\/\",\"name\":\"YEA u\u010destvuju u debati o osna\u017eivanju \u017eena u Beogradu News | WeBalkans\",\"isPartOf\":{\"@id\":\"https:\/\/webalkans.eu\/me\/#website\"},\"primaryImageOfPage\":{\"@id\":\"https:\/\/webalkans.eu\/me\/news\/yea-participate-in-debate-on-women-empowerment-in-belgrade\/#primaryimage\"},\"image\":{\"@id\":\"https:\/\/webalkans.eu\/me\/news\/yea-participate-in-debate-on-women-empowerment-in-belgrade\/#primaryimage\"},\"thumbnailUrl\":\"https:\/\/webalkans.eu\/wp-content\/uploads\/2022\/04\/5.jpeg\",\"datePublished\":\"2022-04-15T10:48:10+00:00\",\"dateModified\":\"2022-04-20T15:25:46+00:00\",\"description\":\"YEA u\u010destvuju u debati o osna\u017eivanju \u017eena u Beogradu\",\"breadcrumb\":{\"@id\":\"https:\/\/webalkans.eu\/me\/news\/yea-participate-in-debate-on-women-empowerment-in-belgrade\/#breadcrumb\"},\"inLanguage\":\"me-ME\",\"potentialAction\":[{\"@type\":\"ReadAction\",\"target\":[\"https:\/\/webalkans.eu\/me\/news\/yea-participate-in-debate-on-women-empowerment-in-belgrade\/\"]}]},{\"@type\":\"ImageObject\",\"inLanguage\":\"me-ME\",\"@id\":\"https:\/\/webalkans.eu\/me\/news\/yea-participate-in-debate-on-women-empowerment-in-belgrade\/#primaryimage\",\"url\":\"https:\/\/webalkans.eu\/wp-content\/uploads\/2022\/04\/5.jpeg\",\"contentUrl\":\"https:\/\/webalkans.eu\/wp-content\/uploads\/2022\/04\/5.jpeg\",\"width\":960,\"height\":665},{\"@type\":\"BreadcrumbList\",\"@id\":\"https:\/\/webalkans.eu\/me\/news\/yea-participate-in-debate-on-women-empowerment-in-belgrade\/#breadcrumb\",\"itemListElement\":[{\"@type\":\"ListItem\",\"position\":1,\"name\":\"Home\",\"item\":\"https:\/\/webalkans.eu\/me\/homepage\/\"},{\"@type\":\"ListItem\",\"position\":2,\"name\":\"YEA u\u010destvuju u debati o osna\u017eivanju \u017eena u Beogradu\"}]},{\"@type\":\"WebSite\",\"@id\":\"https:\/\/webalkans.eu\/me\/#website\",\"url\":\"https:\/\/webalkans.eu\/me\/\",\"name\":\"WeBalkans | EU Projects in the Western Balkans\",\"description\":\"\",\"publisher\":{\"@id\":\"https:\/\/webalkans.eu\/me\/#organization\"},\"potentialAction\":[{\"@type\":\"SearchAction\",\"target\":{\"@type\":\"EntryPoint\",\"urlTemplate\":\"https:\/\/webalkans.eu\/me\/?s={search_term_string}\"},\"query-input\":{\"@type\":\"PropertyValueSpecification\",\"valueRequired\":true,\"valueName\":\"search_term_string\"}}],\"inLanguage\":\"me-ME\"},{\"@type\":\"Organization\",\"@id\":\"https:\/\/webalkans.eu\/me\/#organization\",\"name\":\"European Union\",\"url\":\"https:\/\/webalkans.eu\/me\/\",\"logo\":{\"@type\":\"ImageObject\",\"inLanguage\":\"me-ME\",\"@id\":\"https:\/\/webalkans.eu\/me\/#\/schema\/logo\/image\/\",\"url\":\"https:\/\/webalkans.eu\/wp-content\/uploads\/2020\/11\/eu_flag.jpg\",\"contentUrl\":\"https:\/\/webalkans.eu\/wp-content\/uploads\/2020\/11\/eu_flag.jpg\",\"width\":600,\"height\":401,\"caption\":\"European Union\"},\"image\":{\"@id\":\"https:\/\/webalkans.eu\/me\/#\/schema\/logo\/image\/\"},\"sameAs\":[\"https:\/\/www.facebook.com\/webalkans.eu\",\"https:\/\/x.com\/WeBalkans\"]},{\"@type\":\"Person\",\"@id\":\"https:\/\/webalkans.eu\/me\/#\/schema\/person\/95a8ea19ef21de3b7766e9b65ffdb4da\",\"name\":\"007designstudio@gmail.com\"}]}<\/script>\n<!-- \/ Yoast SEO plugin. -->","yoast_head_json":{"title":"YEA u\u010destvuju u debati o osna\u017eivanju \u017eena u Beogradu News | WeBalkans","description":"YEA u\u010destvuju u debati o osna\u017eivanju \u017eena u Beogradu","robots":{"index":"index","follow":"follow","max-snippet":"max-snippet:-1","max-image-preview":"max-image-preview:large","max-video-preview":"max-video-preview:-1"},"canonical":"https:\/\/webalkans.eu\/me\/news\/yea-participate-in-debate-on-women-empowerment-in-belgrade\/","og_locale":"en_US","og_type":"article","og_title":"YEA u\u010destvuju u debati o osna\u017eivanju \u017eena u Beogradu News | WeBalkans","og_description":"YEA u\u010destvuju u debati o osna\u017eivanju \u017eena u Beogradu","og_url":"https:\/\/webalkans.eu\/me\/news\/yea-participate-in-debate-on-women-empowerment-in-belgrade\/","og_site_name":"WeBalkans | EU Projects in the Western Balkans","article_publisher":"https:\/\/www.facebook.com\/webalkans.eu","article_published_time":"2022-04-15T10:48:10+00:00","article_modified_time":"2022-04-20T15:25:46+00:00","og_image":[{"width":960,"height":665,"url":"https:\/\/webalkans.eu\/wp-content\/uploads\/2022\/04\/5.jpeg","type":"image\/jpeg"}],"author":"007designstudio@gmail.com","twitter_card":"summary_large_image","twitter_creator":"@WeBalkans","twitter_site":"@WeBalkans","twitter_misc":{"Written by":"007designstudio@gmail.com","Est. reading time":"1 minute"},"schema":{"@context":"https:\/\/schema.org","@graph":[{"@type":"Article","@id":"https:\/\/webalkans.eu\/me\/news\/yea-participate-in-debate-on-women-empowerment-in-belgrade\/#article","isPartOf":{"@id":"https:\/\/webalkans.eu\/me\/news\/yea-participate-in-debate-on-women-empowerment-in-belgrade\/"},"author":{"name":"007designstudio@gmail.com","@id":"https:\/\/webalkans.eu\/me\/#\/schema\/person\/95a8ea19ef21de3b7766e9b65ffdb4da"},"headline":"YEA u\u010destvuju u debati o osna\u017eivanju \u017eena u Beogradu","datePublished":"2022-04-15T10:48:10+00:00","dateModified":"2022-04-20T15:25:46+00:00","mainEntityOfPage":{"@id":"https:\/\/webalkans.eu\/me\/news\/yea-participate-in-debate-on-women-empowerment-in-belgrade\/"},"wordCount":142,"publisher":{"@id":"https:\/\/webalkans.eu\/me\/#organization"},"image":{"@id":"https:\/\/webalkans.eu\/me\/news\/yea-participate-in-debate-on-women-empowerment-in-belgrade\/#primaryimage"},"thumbnailUrl":"https:\/\/webalkans.eu\/wp-content\/uploads\/2022\/04\/5.jpeg","inLanguage":"me-ME"},{"@type":"WebPage","@id":"https:\/\/webalkans.eu\/me\/news\/yea-participate-in-debate-on-women-empowerment-in-belgrade\/","url":"https:\/\/webalkans.eu\/me\/news\/yea-participate-in-debate-on-women-empowerment-in-belgrade\/","name":"YEA u\u010destvuju u debati o osna\u017eivanju \u017eena u Beogradu News | WeBalkans","isPartOf":{"@id":"https:\/\/webalkans.eu\/me\/#website"},"primaryImageOfPage":{"@id":"https:\/\/webalkans.eu\/me\/news\/yea-participate-in-debate-on-women-empowerment-in-belgrade\/#primaryimage"},"image":{"@id":"https:\/\/webalkans.eu\/me\/news\/yea-participate-in-debate-on-women-empowerment-in-belgrade\/#primaryimage"},"thumbnailUrl":"https:\/\/webalkans.eu\/wp-content\/uploads\/2022\/04\/5.jpeg","datePublished":"2022-04-15T10:48:10+00:00","dateModified":"2022-04-20T15:25:46+00:00","description":"YEA u\u010destvuju u debati o osna\u017eivanju \u017eena u Beogradu","breadcrumb":{"@id":"https:\/\/webalkans.eu\/me\/news\/yea-participate-in-debate-on-women-empowerment-in-belgrade\/#breadcrumb"},"inLanguage":"me-ME","potentialAction":[{"@type":"ReadAction","target":["https:\/\/webalkans.eu\/me\/news\/yea-participate-in-debate-on-women-empowerment-in-belgrade\/"]}]},{"@type":"ImageObject","inLanguage":"me-ME","@id":"https:\/\/webalkans.eu\/me\/news\/yea-participate-in-debate-on-women-empowerment-in-belgrade\/#primaryimage","url":"https:\/\/webalkans.eu\/wp-content\/uploads\/2022\/04\/5.jpeg","contentUrl":"https:\/\/webalkans.eu\/wp-content\/uploads\/2022\/04\/5.jpeg","width":960,"height":665},{"@type":"BreadcrumbList","@id":"https:\/\/webalkans.eu\/me\/news\/yea-participate-in-debate-on-women-empowerment-in-belgrade\/#breadcrumb","itemListElement":[{"@type":"ListItem","position":1,"name":"Home","item":"https:\/\/webalkans.eu\/me\/homepage\/"},{"@type":"ListItem","position":2,"name":"YEA u\u010destvuju u debati o osna\u017eivanju \u017eena u Beogradu"}]},{"@type":"WebSite","@id":"https:\/\/webalkans.eu\/me\/#website","url":"https:\/\/webalkans.eu\/me\/","name":"WeBalkans | EU Projects in the Western Balkans","description":"","publisher":{"@id":"https:\/\/webalkans.eu\/me\/#organization"},"potentialAction":[{"@type":"SearchAction","target":{"@type":"EntryPoint","urlTemplate":"https:\/\/webalkans.eu\/me\/?s={search_term_string}"},"query-input":{"@type":"PropertyValueSpecification","valueRequired":true,"valueName":"search_term_string"}}],"inLanguage":"me-ME"},{"@type":"Organization","@id":"https:\/\/webalkans.eu\/me\/#organization","name":"European Union","url":"https:\/\/webalkans.eu\/me\/","logo":{"@type":"ImageObject","inLanguage":"me-ME","@id":"https:\/\/webalkans.eu\/me\/#\/schema\/logo\/image\/","url":"https:\/\/webalkans.eu\/wp-content\/uploads\/2020\/11\/eu_flag.jpg","contentUrl":"https:\/\/webalkans.eu\/wp-content\/uploads\/2020\/11\/eu_flag.jpg","width":600,"height":401,"caption":"European Union"},"image":{"@id":"https:\/\/webalkans.eu\/me\/#\/schema\/logo\/image\/"},"sameAs":["https:\/\/www.facebook.com\/webalkans.eu","https:\/\/x.com\/WeBalkans"]},{"@type":"Person","@id":"https:\/\/webalkans.eu\/me\/#\/schema\/person\/95a8ea19ef21de3b7766e9b65ffdb4da","name":"007designstudio@gmail.com"}]}},"_links":{"self":[{"href":"https:\/\/webalkans.eu\/me\/wp-json\/wp\/v2\/posts\/578596"}],"collection":[{"href":"https:\/\/webalkans.eu\/me\/wp-json\/wp\/v2\/posts"}],"about":[{"href":"https:\/\/webalkans.eu\/me\/wp-json\/wp\/v2\/types\/post"}],"author":[{"embeddable":true,"href":"https:\/\/webalkans.eu\/me\/wp-json\/wp\/v2\/users\/152227"}],"replies":[{"embeddable":true,"href":"https:\/\/webalkans.eu\/me\/wp-json\/wp\/v2\/comments?post=578596"}],"version-history":[{"count":0,"href":"https:\/\/webalkans.eu\/me\/wp-json\/wp\/v2\/posts\/578596\/revisions"}],"wp:featuredmedia":[{"embeddable":true,"href":"https:\/\/webalkans.eu\/me\/wp-json\/wp\/v2\/media\/574713"}],"wp:attachment":[{"href":"https:\/\/webalkans.eu\/me\/wp-json\/wp\/v2\/media?parent=578596"}],"wp:term":[{"taxonomy":"country-for-news","embeddable":true,"href":"https:\/\/webalkans.eu\/me\/wp-json\/wp\/v2\/country-for-news?post=578596"}],"curies":[{"name":"wp","href":"https:\/\/api.w.org\/{rel}","templated":true}]}}