
{"id":521653,"date":"2022-01-21T18:31:15","date_gmt":"2022-01-21T17:31:15","guid":{"rendered":"https:\/\/webalkans.eu\/news\/e385-5-million-from-eu-solidarity-fund-for-covid-19-health-emergency\/"},"modified":"2022-02-11T17:37:03","modified_gmt":"2022-02-11T16:37:03","slug":"e385-5-million-from-eu-solidarity-fund-for-covid-19-health-emergency","status":"publish","type":"post","link":"https:\/\/webalkans.eu\/me\/news\/e385-5-million-from-eu-solidarity-fund-for-covid-19-health-emergency\/","title":{"rendered":"385,5 miliona eura iz Fonda solidarnosti EU za vanrednu zdravstvenu situaciju izazvanu koronavirusom"},"content":{"rendered":"<p>Evropska komisija zavr\u0161ila je isplatu pomo\u0107i <a href=\"https:\/\/ec.europa.eu\/regional_policy\/en\/funding\/solidarity-fund\/\">EU Solidarity Fund<\/a> (EUSF) za 19 zemalja u ukupnom iznosu od gotovo 385,5 miliona eura za borbu sa vanrednom zdravstvenom situacijom protiv koronavirusa. To je dodatak na 132,7 miliona eura pla\u0107enih 2020. godine Zemljama \u010dlanicama koje su tra\u017eile avans od EUSF-a. 17 Zemalja \u010dlanica zatra\u017eilo je podr\u0161ku EUSF-a, kao i Albanija, Crna Gora i Srbija kao zemlje kandidati.<\/p>\n<p>&nbsp;<\/p>\n<p>Albanija i Crna Gora dobile su finansijsku podr\u0161ku krajem 2021. godine, dok je za Srbiju potpisivanje sporazuma o doprinosu u toku, a o\u010dekuje se da \u0107e finansijska pomo\u0107 EUSF-a biti ispla\u0107ena ubrzo po potpisivanju sporazuma.<\/p>\n<p>&nbsp;<\/p>\n<p>Komesar za susjedstvo i pro\u0161irenje<strong>,<\/strong> Oliver Varhelji, rekao je<em>: \u201eOd po\u010detka pandemije stojimo uz na\u0161e partnere na zapadnom Balkanu. Zadovoljan sam \u0161to su Albanija, Crna Gora i Srbija uspjele da iskoriste podr\u0161ku EUSF-a. Ovo je jo\u0161 jedna demonstracija posve\u0107enosti EU pru\u017eanju podr\u0161ke regionu u borbi protiv koronavirusa, gdje je to mogu\u0107e uz pristup istim mehanizmima pomo\u0107i kao i za na\u0161e Zemlje \u010dlanice.&#8221;<\/em><\/p>\n<p><em>\u00a0<\/em><\/p>\n<p>Hitna zdravstvena podr\u0161ka EUSF COVID-19 finansira medicinsku pomo\u0107, kupovinu i distribuciju vakcina, li\u010dnu za\u0161titnu opremu i medicinska sredstva, tro\u0161kove zdravstvene za\u0161tite, laboratorijske analize, mjere prevencije i pra\u0107enje i kontrolu \u0161irenja bolesti.<\/p>\n","protected":false},"excerpt":{"rendered":"<p>Evropska komisija zavr\u0161ila je isplatu pomo\u0107i EU Solidarity Fund (EUSF) za 19 zemalja u ukupnom iznosu od gotovo 385,5 miliona eura za borbu sa vanrednom <\/p>\n","protected":false},"author":152227,"featured_media":498415,"comment_status":"closed","ping_status":"closed","sticky":false,"template":"","format":"standard","meta":{"_acf_changed":false,"_monsterinsights_skip_tracking":false,"_monsterinsights_sitenote_active":false,"_monsterinsights_sitenote_note":"","_monsterinsights_sitenote_category":0,"footnotes":""},"country-for-news":[417,434,444],"class_list":["post-521653","post","type-post","status-publish","format-standard","has-post-thumbnail","hentry","wb_theme-equality-and-fair-society","country-for-news-albania","country-for-news-montenegro","country-for-news-serbia"],"acf":[],"yoast_head":"<!-- This site is optimized with the Yoast SEO plugin v25.3.1 - https:\/\/yoast.com\/wordpress\/plugins\/seo\/ -->\n<title>385,5 miliona eura iz Fonda solidarnosti EU za vanrednu zdravstvenu situaciju izazvanu koronavirusom News | WeBalkans<\/title>\n<meta name=\"description\" content=\"The European Commission has completed EU Solidarity Fund (EUSF) assistance payments to 19 countries for a total amount of almost \u20ac385.5 million to tackle the coronavirus health emergency.\" \/>\n<meta name=\"robots\" content=\"index, follow, max-snippet:-1, max-image-preview:large, max-video-preview:-1\" \/>\n<link rel=\"canonical\" href=\"https:\/\/webalkans.eu\/me\/news\/e385-5-million-from-eu-solidarity-fund-for-covid-19-health-emergency\/\" \/>\n<meta property=\"og:locale\" content=\"en_US\" \/>\n<meta property=\"og:type\" content=\"article\" \/>\n<meta property=\"og:title\" content=\"385,5 miliona eura iz Fonda solidarnosti EU za vanrednu zdravstvenu situaciju izazvanu koronavirusom News | WeBalkans\" \/>\n<meta property=\"og:description\" content=\"The European Commission has completed EU Solidarity Fund (EUSF) assistance payments to 19 countries for a total amount of almost \u20ac385.5 million to tackle the coronavirus health emergency.\" \/>\n<meta property=\"og:url\" content=\"https:\/\/webalkans.eu\/me\/news\/e385-5-million-from-eu-solidarity-fund-for-covid-19-health-emergency\/\" \/>\n<meta property=\"og:site_name\" content=\"WeBalkans | EU Projects in the Western Balkans\" \/>\n<meta property=\"article:publisher\" content=\"https:\/\/www.facebook.com\/webalkans.eu\" \/>\n<meta property=\"article:published_time\" content=\"2022-01-21T17:31:15+00:00\" \/>\n<meta property=\"article:modified_time\" content=\"2022-02-11T16:37:03+00:00\" \/>\n<meta property=\"og:image\" content=\"https:\/\/webalkans.eu\/wp-content\/uploads\/2022\/01\/eu_solidarity.jpeg\" \/>\n\t<meta property=\"og:image:width\" content=\"480\" \/>\n\t<meta property=\"og:image:height\" content=\"360\" \/>\n\t<meta property=\"og:image:type\" content=\"image\/jpeg\" \/>\n<meta name=\"author\" content=\"007designstudio@gmail.com\" \/>\n<meta name=\"twitter:card\" content=\"summary_large_image\" \/>\n<meta name=\"twitter:creator\" content=\"@WeBalkans\" \/>\n<meta name=\"twitter:site\" content=\"@WeBalkans\" \/>\n<meta name=\"twitter:label1\" content=\"Written by\" \/>\n\t<meta name=\"twitter:data1\" content=\"007designstudio@gmail.com\" \/>\n\t<meta name=\"twitter:label2\" content=\"Est. reading time\" \/>\n\t<meta name=\"twitter:data2\" content=\"1 minute\" \/>\n<script type=\"application\/ld+json\" class=\"yoast-schema-graph\">{\"@context\":\"https:\/\/schema.org\",\"@graph\":[{\"@type\":\"Article\",\"@id\":\"https:\/\/webalkans.eu\/me\/news\/e385-5-million-from-eu-solidarity-fund-for-covid-19-health-emergency\/#article\",\"isPartOf\":{\"@id\":\"https:\/\/webalkans.eu\/me\/news\/e385-5-million-from-eu-solidarity-fund-for-covid-19-health-emergency\/\"},\"author\":{\"name\":\"007designstudio@gmail.com\",\"@id\":\"https:\/\/webalkans.eu\/me\/#\/schema\/person\/95a8ea19ef21de3b7766e9b65ffdb4da\"},\"headline\":\"385,5 miliona eura iz Fonda solidarnosti EU za vanrednu zdravstvenu situaciju izazvanu koronavirusom\",\"datePublished\":\"2022-01-21T17:31:15+00:00\",\"dateModified\":\"2022-02-11T16:37:03+00:00\",\"mainEntityOfPage\":{\"@id\":\"https:\/\/webalkans.eu\/me\/news\/e385-5-million-from-eu-solidarity-fund-for-covid-19-health-emergency\/\"},\"wordCount\":225,\"publisher\":{\"@id\":\"https:\/\/webalkans.eu\/me\/#organization\"},\"image\":{\"@id\":\"https:\/\/webalkans.eu\/me\/news\/e385-5-million-from-eu-solidarity-fund-for-covid-19-health-emergency\/#primaryimage\"},\"thumbnailUrl\":\"https:\/\/webalkans.eu\/wp-content\/uploads\/2022\/01\/eu_solidarity.jpeg\",\"inLanguage\":\"me-ME\"},{\"@type\":\"WebPage\",\"@id\":\"https:\/\/webalkans.eu\/me\/news\/e385-5-million-from-eu-solidarity-fund-for-covid-19-health-emergency\/\",\"url\":\"https:\/\/webalkans.eu\/me\/news\/e385-5-million-from-eu-solidarity-fund-for-covid-19-health-emergency\/\",\"name\":\"385,5 miliona eura iz Fonda solidarnosti EU za vanrednu zdravstvenu situaciju izazvanu koronavirusom News | WeBalkans\",\"isPartOf\":{\"@id\":\"https:\/\/webalkans.eu\/me\/#website\"},\"primaryImageOfPage\":{\"@id\":\"https:\/\/webalkans.eu\/me\/news\/e385-5-million-from-eu-solidarity-fund-for-covid-19-health-emergency\/#primaryimage\"},\"image\":{\"@id\":\"https:\/\/webalkans.eu\/me\/news\/e385-5-million-from-eu-solidarity-fund-for-covid-19-health-emergency\/#primaryimage\"},\"thumbnailUrl\":\"https:\/\/webalkans.eu\/wp-content\/uploads\/2022\/01\/eu_solidarity.jpeg\",\"datePublished\":\"2022-01-21T17:31:15+00:00\",\"dateModified\":\"2022-02-11T16:37:03+00:00\",\"description\":\"The European Commission has completed EU Solidarity Fund (EUSF) assistance payments to 19 countries for a total amount of almost \u20ac385.5 million to tackle the coronavirus health emergency.\",\"breadcrumb\":{\"@id\":\"https:\/\/webalkans.eu\/me\/news\/e385-5-million-from-eu-solidarity-fund-for-covid-19-health-emergency\/#breadcrumb\"},\"inLanguage\":\"me-ME\",\"potentialAction\":[{\"@type\":\"ReadAction\",\"target\":[\"https:\/\/webalkans.eu\/me\/news\/e385-5-million-from-eu-solidarity-fund-for-covid-19-health-emergency\/\"]}]},{\"@type\":\"ImageObject\",\"inLanguage\":\"me-ME\",\"@id\":\"https:\/\/webalkans.eu\/me\/news\/e385-5-million-from-eu-solidarity-fund-for-covid-19-health-emergency\/#primaryimage\",\"url\":\"https:\/\/webalkans.eu\/wp-content\/uploads\/2022\/01\/eu_solidarity.jpeg\",\"contentUrl\":\"https:\/\/webalkans.eu\/wp-content\/uploads\/2022\/01\/eu_solidarity.jpeg\",\"width\":480,\"height\":360},{\"@type\":\"BreadcrumbList\",\"@id\":\"https:\/\/webalkans.eu\/me\/news\/e385-5-million-from-eu-solidarity-fund-for-covid-19-health-emergency\/#breadcrumb\",\"itemListElement\":[{\"@type\":\"ListItem\",\"position\":1,\"name\":\"Home\",\"item\":\"https:\/\/webalkans.eu\/me\/homepage\/\"},{\"@type\":\"ListItem\",\"position\":2,\"name\":\"385,5 miliona eura iz Fonda solidarnosti EU za vanrednu zdravstvenu situaciju izazvanu koronavirusom\"}]},{\"@type\":\"WebSite\",\"@id\":\"https:\/\/webalkans.eu\/me\/#website\",\"url\":\"https:\/\/webalkans.eu\/me\/\",\"name\":\"WeBalkans | EU Projects in the Western Balkans\",\"description\":\"\",\"publisher\":{\"@id\":\"https:\/\/webalkans.eu\/me\/#organization\"},\"potentialAction\":[{\"@type\":\"SearchAction\",\"target\":{\"@type\":\"EntryPoint\",\"urlTemplate\":\"https:\/\/webalkans.eu\/me\/?s={search_term_string}\"},\"query-input\":{\"@type\":\"PropertyValueSpecification\",\"valueRequired\":true,\"valueName\":\"search_term_string\"}}],\"inLanguage\":\"me-ME\"},{\"@type\":\"Organization\",\"@id\":\"https:\/\/webalkans.eu\/me\/#organization\",\"name\":\"European Union\",\"url\":\"https:\/\/webalkans.eu\/me\/\",\"logo\":{\"@type\":\"ImageObject\",\"inLanguage\":\"me-ME\",\"@id\":\"https:\/\/webalkans.eu\/me\/#\/schema\/logo\/image\/\",\"url\":\"https:\/\/webalkans.eu\/wp-content\/uploads\/2020\/11\/eu_flag.jpg\",\"contentUrl\":\"https:\/\/webalkans.eu\/wp-content\/uploads\/2020\/11\/eu_flag.jpg\",\"width\":600,\"height\":401,\"caption\":\"European Union\"},\"image\":{\"@id\":\"https:\/\/webalkans.eu\/me\/#\/schema\/logo\/image\/\"},\"sameAs\":[\"https:\/\/www.facebook.com\/webalkans.eu\",\"https:\/\/x.com\/WeBalkans\"]},{\"@type\":\"Person\",\"@id\":\"https:\/\/webalkans.eu\/me\/#\/schema\/person\/95a8ea19ef21de3b7766e9b65ffdb4da\",\"name\":\"007designstudio@gmail.com\"}]}<\/script>\n<!-- \/ Yoast SEO plugin. -->","yoast_head_json":{"title":"385,5 miliona eura iz Fonda solidarnosti EU za vanrednu zdravstvenu situaciju izazvanu koronavirusom News | WeBalkans","description":"The European Commission has completed EU Solidarity Fund (EUSF) assistance payments to 19 countries for a total amount of almost \u20ac385.5 million to tackle the coronavirus health emergency.","robots":{"index":"index","follow":"follow","max-snippet":"max-snippet:-1","max-image-preview":"max-image-preview:large","max-video-preview":"max-video-preview:-1"},"canonical":"https:\/\/webalkans.eu\/me\/news\/e385-5-million-from-eu-solidarity-fund-for-covid-19-health-emergency\/","og_locale":"en_US","og_type":"article","og_title":"385,5 miliona eura iz Fonda solidarnosti EU za vanrednu zdravstvenu situaciju izazvanu koronavirusom News | WeBalkans","og_description":"The European Commission has completed EU Solidarity Fund (EUSF) assistance payments to 19 countries for a total amount of almost \u20ac385.5 million to tackle the coronavirus health emergency.","og_url":"https:\/\/webalkans.eu\/me\/news\/e385-5-million-from-eu-solidarity-fund-for-covid-19-health-emergency\/","og_site_name":"WeBalkans | EU Projects in the Western Balkans","article_publisher":"https:\/\/www.facebook.com\/webalkans.eu","article_published_time":"2022-01-21T17:31:15+00:00","article_modified_time":"2022-02-11T16:37:03+00:00","og_image":[{"width":480,"height":360,"url":"https:\/\/webalkans.eu\/wp-content\/uploads\/2022\/01\/eu_solidarity.jpeg","type":"image\/jpeg"}],"author":"007designstudio@gmail.com","twitter_card":"summary_large_image","twitter_creator":"@WeBalkans","twitter_site":"@WeBalkans","twitter_misc":{"Written by":"007designstudio@gmail.com","Est. reading time":"1 minute"},"schema":{"@context":"https:\/\/schema.org","@graph":[{"@type":"Article","@id":"https:\/\/webalkans.eu\/me\/news\/e385-5-million-from-eu-solidarity-fund-for-covid-19-health-emergency\/#article","isPartOf":{"@id":"https:\/\/webalkans.eu\/me\/news\/e385-5-million-from-eu-solidarity-fund-for-covid-19-health-emergency\/"},"author":{"name":"007designstudio@gmail.com","@id":"https:\/\/webalkans.eu\/me\/#\/schema\/person\/95a8ea19ef21de3b7766e9b65ffdb4da"},"headline":"385,5 miliona eura iz Fonda solidarnosti EU za vanrednu zdravstvenu situaciju izazvanu koronavirusom","datePublished":"2022-01-21T17:31:15+00:00","dateModified":"2022-02-11T16:37:03+00:00","mainEntityOfPage":{"@id":"https:\/\/webalkans.eu\/me\/news\/e385-5-million-from-eu-solidarity-fund-for-covid-19-health-emergency\/"},"wordCount":225,"publisher":{"@id":"https:\/\/webalkans.eu\/me\/#organization"},"image":{"@id":"https:\/\/webalkans.eu\/me\/news\/e385-5-million-from-eu-solidarity-fund-for-covid-19-health-emergency\/#primaryimage"},"thumbnailUrl":"https:\/\/webalkans.eu\/wp-content\/uploads\/2022\/01\/eu_solidarity.jpeg","inLanguage":"me-ME"},{"@type":"WebPage","@id":"https:\/\/webalkans.eu\/me\/news\/e385-5-million-from-eu-solidarity-fund-for-covid-19-health-emergency\/","url":"https:\/\/webalkans.eu\/me\/news\/e385-5-million-from-eu-solidarity-fund-for-covid-19-health-emergency\/","name":"385,5 miliona eura iz Fonda solidarnosti EU za vanrednu zdravstvenu situaciju izazvanu koronavirusom News | WeBalkans","isPartOf":{"@id":"https:\/\/webalkans.eu\/me\/#website"},"primaryImageOfPage":{"@id":"https:\/\/webalkans.eu\/me\/news\/e385-5-million-from-eu-solidarity-fund-for-covid-19-health-emergency\/#primaryimage"},"image":{"@id":"https:\/\/webalkans.eu\/me\/news\/e385-5-million-from-eu-solidarity-fund-for-covid-19-health-emergency\/#primaryimage"},"thumbnailUrl":"https:\/\/webalkans.eu\/wp-content\/uploads\/2022\/01\/eu_solidarity.jpeg","datePublished":"2022-01-21T17:31:15+00:00","dateModified":"2022-02-11T16:37:03+00:00","description":"The European Commission has completed EU Solidarity Fund (EUSF) assistance payments to 19 countries for a total amount of almost \u20ac385.5 million to tackle the coronavirus health emergency.","breadcrumb":{"@id":"https:\/\/webalkans.eu\/me\/news\/e385-5-million-from-eu-solidarity-fund-for-covid-19-health-emergency\/#breadcrumb"},"inLanguage":"me-ME","potentialAction":[{"@type":"ReadAction","target":["https:\/\/webalkans.eu\/me\/news\/e385-5-million-from-eu-solidarity-fund-for-covid-19-health-emergency\/"]}]},{"@type":"ImageObject","inLanguage":"me-ME","@id":"https:\/\/webalkans.eu\/me\/news\/e385-5-million-from-eu-solidarity-fund-for-covid-19-health-emergency\/#primaryimage","url":"https:\/\/webalkans.eu\/wp-content\/uploads\/2022\/01\/eu_solidarity.jpeg","contentUrl":"https:\/\/webalkans.eu\/wp-content\/uploads\/2022\/01\/eu_solidarity.jpeg","width":480,"height":360},{"@type":"BreadcrumbList","@id":"https:\/\/webalkans.eu\/me\/news\/e385-5-million-from-eu-solidarity-fund-for-covid-19-health-emergency\/#breadcrumb","itemListElement":[{"@type":"ListItem","position":1,"name":"Home","item":"https:\/\/webalkans.eu\/me\/homepage\/"},{"@type":"ListItem","position":2,"name":"385,5 miliona eura iz Fonda solidarnosti EU za vanrednu zdravstvenu situaciju izazvanu koronavirusom"}]},{"@type":"WebSite","@id":"https:\/\/webalkans.eu\/me\/#website","url":"https:\/\/webalkans.eu\/me\/","name":"WeBalkans | EU Projects in the Western Balkans","description":"","publisher":{"@id":"https:\/\/webalkans.eu\/me\/#organization"},"potentialAction":[{"@type":"SearchAction","target":{"@type":"EntryPoint","urlTemplate":"https:\/\/webalkans.eu\/me\/?s={search_term_string}"},"query-input":{"@type":"PropertyValueSpecification","valueRequired":true,"valueName":"search_term_string"}}],"inLanguage":"me-ME"},{"@type":"Organization","@id":"https:\/\/webalkans.eu\/me\/#organization","name":"European Union","url":"https:\/\/webalkans.eu\/me\/","logo":{"@type":"ImageObject","inLanguage":"me-ME","@id":"https:\/\/webalkans.eu\/me\/#\/schema\/logo\/image\/","url":"https:\/\/webalkans.eu\/wp-content\/uploads\/2020\/11\/eu_flag.jpg","contentUrl":"https:\/\/webalkans.eu\/wp-content\/uploads\/2020\/11\/eu_flag.jpg","width":600,"height":401,"caption":"European Union"},"image":{"@id":"https:\/\/webalkans.eu\/me\/#\/schema\/logo\/image\/"},"sameAs":["https:\/\/www.facebook.com\/webalkans.eu","https:\/\/x.com\/WeBalkans"]},{"@type":"Person","@id":"https:\/\/webalkans.eu\/me\/#\/schema\/person\/95a8ea19ef21de3b7766e9b65ffdb4da","name":"007designstudio@gmail.com"}]}},"_links":{"self":[{"href":"https:\/\/webalkans.eu\/me\/wp-json\/wp\/v2\/posts\/521653"}],"collection":[{"href":"https:\/\/webalkans.eu\/me\/wp-json\/wp\/v2\/posts"}],"about":[{"href":"https:\/\/webalkans.eu\/me\/wp-json\/wp\/v2\/types\/post"}],"author":[{"embeddable":true,"href":"https:\/\/webalkans.eu\/me\/wp-json\/wp\/v2\/users\/152227"}],"replies":[{"embeddable":true,"href":"https:\/\/webalkans.eu\/me\/wp-json\/wp\/v2\/comments?post=521653"}],"version-history":[{"count":0,"href":"https:\/\/webalkans.eu\/me\/wp-json\/wp\/v2\/posts\/521653\/revisions"}],"wp:featuredmedia":[{"embeddable":true,"href":"https:\/\/webalkans.eu\/me\/wp-json\/wp\/v2\/media\/498415"}],"wp:attachment":[{"href":"https:\/\/webalkans.eu\/me\/wp-json\/wp\/v2\/media?parent=521653"}],"wp:term":[{"taxonomy":"country-for-news","embeddable":true,"href":"https:\/\/webalkans.eu\/me\/wp-json\/wp\/v2\/country-for-news?post=521653"}],"curies":[{"name":"wp","href":"https:\/\/api.w.org\/{rel}","templated":true}]}}