
{"id":521567,"date":"2022-02-04T19:37:03","date_gmt":"2022-02-04T18:37:03","guid":{"rendered":"https:\/\/webalkans.eu\/news\/e500000-eib-grant-to-ensure-sustainable-urban-mobility-in-nis-serbia\/"},"modified":"2022-02-11T17:06:28","modified_gmt":"2022-02-11T16:06:28","slug":"e500000-eib-grant-to-ensure-sustainable-urban-mobility-in-nis-serbia","status":"publish","type":"post","link":"https:\/\/webalkans.eu\/me\/news\/e500000-eib-grant-to-ensure-sustainable-urban-mobility-in-nis-serbia\/","title":{"rendered":"Pomo\u0107 EIB od 500.000 eura za obezbje\u0111ivanje odr\u017eive urbane mobilnosti u Ni\u0161u"},"content":{"rendered":"<p>Evropska investiciona banka (EIB) \u2013 kreditna ustanova EU \u2013 potpisala je sporazum o saradnji sa Gradom Ni\u0161om za finansiranje pripreme odr\u017eivog plana urbane mobilnosti, \u0161to \u0107e gradu omogu\u0107iti da donosi informisane investicione odluke koje se ti\u010du njegove transportne mre\u017ee. Imaju\u0107i u vidu postoje\u0107e obrasce kretanja, razvojne trendove, kao i ciljeve grada u strate\u0161kom planiranju, odr\u017eivi plan urbane mobilnosti pomo\u0107i \u0107e da se obezbijedi da investicije budu optimizovane kako bi se obezbijedila efikasna, bezbjedna i pogodna mobilnost koja manje zavisi od ugljenika. Tehni\u010dka pomo\u0107 omogu\u0107i\u0107e Gradu Ni\u0161u da istra\u017ei mogu\u0107nosti koje \u0107e se javiti nakon uklanjanja teretnog saobra\u0107aja sa postoje\u0107eg me\u0111ugradskog \u017eeljezni\u010dkog koridora koji prolazi kroz grad.<\/p>\n<p>&nbsp;<\/p>\n<p>Plan odr\u017eive urbane mobilnosti i investicije koje \u0107e iz njega proiza\u0107i pomo\u0107i \u0107e Ni\u0161u da se razvija uz podr\u0161ku visokokvalitetne, dobro integrisane transportne mre\u017ee, \u010dime \u0107e se unaprijediti atraktivnost grada kao mjesta za \u017eivot i investiranje. Tehni\u010dka pomo\u0107 je pru\u017eena u okviru Tima Evrope i zajedni\u010dke Inicijative za finansiranje urbanih projekata izme\u0111u EIB-a i Agence Fran\u00e7aise de D\u00e9veloppement (AFD), pokrenute za podr\u0161ku ambicioznim projektima urbanog razvoja.<\/p>\n","protected":false},"excerpt":{"rendered":"<p>Evropska investiciona banka (EIB) \u2013 kreditna ustanova EU \u2013 potpisala je sporazum o saradnji sa Gradom Ni\u0161om za finansiranje pripreme odr\u017eivog plana urbane mobilnosti, \u0161to <\/p>\n","protected":false},"author":152227,"featured_media":515105,"comment_status":"closed","ping_status":"closed","sticky":false,"template":"","format":"standard","meta":{"_acf_changed":false,"_monsterinsights_skip_tracking":false,"_monsterinsights_sitenote_active":false,"_monsterinsights_sitenote_note":"","_monsterinsights_sitenote_category":0,"footnotes":""},"country-for-news":[444],"class_list":["post-521567","post","type-post","status-publish","format-standard","has-post-thumbnail","hentry","wb_theme-connectivity","country-for-news-serbia"],"acf":[],"yoast_head":"<!-- This site is optimized with the Yoast SEO plugin v25.3.1 - https:\/\/yoast.com\/wordpress\/plugins\/seo\/ -->\n<title>Pomo\u0107 EIB od 500.000 eura za obezbje\u0111ivanje odr\u017eive urbane mobilnosti u Ni\u0161u News | WeBalkans<\/title>\n<meta name=\"description\" content=\"The European Investment Bank (EIB) \u2013 the lending arm of the EU \u2013 has signed a cooperation agreement with the City of Ni\u0161 in Serbia to finance the preparation of a sustainable urban mobility plan, enabling the city to make informed investment decisions concerning its transport network.\" \/>\n<meta name=\"robots\" content=\"index, follow, max-snippet:-1, max-image-preview:large, max-video-preview:-1\" \/>\n<link rel=\"canonical\" href=\"https:\/\/webalkans.eu\/me\/news\/e500000-eib-grant-to-ensure-sustainable-urban-mobility-in-nis-serbia\/\" \/>\n<meta property=\"og:locale\" content=\"en_US\" \/>\n<meta property=\"og:type\" content=\"article\" \/>\n<meta property=\"og:title\" content=\"Pomo\u0107 EIB od 500.000 eura za obezbje\u0111ivanje odr\u017eive urbane mobilnosti u Ni\u0161u News | WeBalkans\" \/>\n<meta property=\"og:description\" content=\"The European Investment Bank (EIB) \u2013 the lending arm of the EU \u2013 has signed a cooperation agreement with the City of Ni\u0161 in Serbia to finance the preparation of a sustainable urban mobility plan, enabling the city to make informed investment decisions concerning its transport network.\" \/>\n<meta property=\"og:url\" content=\"https:\/\/webalkans.eu\/me\/news\/e500000-eib-grant-to-ensure-sustainable-urban-mobility-in-nis-serbia\/\" \/>\n<meta property=\"og:site_name\" content=\"WeBalkans | EU Projects in the Western Balkans\" \/>\n<meta property=\"article:publisher\" content=\"https:\/\/www.facebook.com\/webalkans.eu\" \/>\n<meta property=\"article:published_time\" content=\"2022-02-04T18:37:03+00:00\" \/>\n<meta property=\"article:modified_time\" content=\"2022-02-11T16:06:28+00:00\" \/>\n<meta property=\"og:image\" content=\"https:\/\/webalkans.eu\/wp-content\/uploads\/2022\/02\/1-scaled.jpg\" \/>\n\t<meta property=\"og:image:width\" content=\"2560\" \/>\n\t<meta property=\"og:image:height\" content=\"1703\" \/>\n\t<meta property=\"og:image:type\" content=\"image\/jpeg\" \/>\n<meta name=\"author\" content=\"007designstudio@gmail.com\" \/>\n<meta name=\"twitter:card\" content=\"summary_large_image\" \/>\n<meta name=\"twitter:creator\" content=\"@WeBalkans\" \/>\n<meta name=\"twitter:site\" content=\"@WeBalkans\" \/>\n<meta name=\"twitter:label1\" content=\"Written by\" \/>\n\t<meta name=\"twitter:data1\" content=\"007designstudio@gmail.com\" \/>\n\t<meta name=\"twitter:label2\" content=\"Est. reading time\" \/>\n\t<meta name=\"twitter:data2\" content=\"1 minute\" \/>\n<script type=\"application\/ld+json\" class=\"yoast-schema-graph\">{\"@context\":\"https:\/\/schema.org\",\"@graph\":[{\"@type\":\"Article\",\"@id\":\"https:\/\/webalkans.eu\/me\/news\/e500000-eib-grant-to-ensure-sustainable-urban-mobility-in-nis-serbia\/#article\",\"isPartOf\":{\"@id\":\"https:\/\/webalkans.eu\/me\/news\/e500000-eib-grant-to-ensure-sustainable-urban-mobility-in-nis-serbia\/\"},\"author\":{\"name\":\"007designstudio@gmail.com\",\"@id\":\"https:\/\/webalkans.eu\/me\/#\/schema\/person\/95a8ea19ef21de3b7766e9b65ffdb4da\"},\"headline\":\"Pomo\u0107 EIB od 500.000 eura za obezbje\u0111ivanje odr\u017eive urbane mobilnosti u Ni\u0161u\",\"datePublished\":\"2022-02-04T18:37:03+00:00\",\"dateModified\":\"2022-02-11T16:06:28+00:00\",\"mainEntityOfPage\":{\"@id\":\"https:\/\/webalkans.eu\/me\/news\/e500000-eib-grant-to-ensure-sustainable-urban-mobility-in-nis-serbia\/\"},\"wordCount\":218,\"publisher\":{\"@id\":\"https:\/\/webalkans.eu\/me\/#organization\"},\"image\":{\"@id\":\"https:\/\/webalkans.eu\/me\/news\/e500000-eib-grant-to-ensure-sustainable-urban-mobility-in-nis-serbia\/#primaryimage\"},\"thumbnailUrl\":\"https:\/\/webalkans.eu\/wp-content\/uploads\/2022\/02\/1-scaled.jpg\",\"inLanguage\":\"me-ME\"},{\"@type\":\"WebPage\",\"@id\":\"https:\/\/webalkans.eu\/me\/news\/e500000-eib-grant-to-ensure-sustainable-urban-mobility-in-nis-serbia\/\",\"url\":\"https:\/\/webalkans.eu\/me\/news\/e500000-eib-grant-to-ensure-sustainable-urban-mobility-in-nis-serbia\/\",\"name\":\"Pomo\u0107 EIB od 500.000 eura za obezbje\u0111ivanje odr\u017eive urbane mobilnosti u Ni\u0161u News | WeBalkans\",\"isPartOf\":{\"@id\":\"https:\/\/webalkans.eu\/me\/#website\"},\"primaryImageOfPage\":{\"@id\":\"https:\/\/webalkans.eu\/me\/news\/e500000-eib-grant-to-ensure-sustainable-urban-mobility-in-nis-serbia\/#primaryimage\"},\"image\":{\"@id\":\"https:\/\/webalkans.eu\/me\/news\/e500000-eib-grant-to-ensure-sustainable-urban-mobility-in-nis-serbia\/#primaryimage\"},\"thumbnailUrl\":\"https:\/\/webalkans.eu\/wp-content\/uploads\/2022\/02\/1-scaled.jpg\",\"datePublished\":\"2022-02-04T18:37:03+00:00\",\"dateModified\":\"2022-02-11T16:06:28+00:00\",\"description\":\"The European Investment Bank (EIB) \u2013 the lending arm of the EU \u2013 has signed a cooperation agreement with the City of Ni\u0161 in Serbia to finance the preparation of a sustainable urban mobility plan, enabling the city to make informed investment decisions concerning its transport network.\",\"breadcrumb\":{\"@id\":\"https:\/\/webalkans.eu\/me\/news\/e500000-eib-grant-to-ensure-sustainable-urban-mobility-in-nis-serbia\/#breadcrumb\"},\"inLanguage\":\"me-ME\",\"potentialAction\":[{\"@type\":\"ReadAction\",\"target\":[\"https:\/\/webalkans.eu\/me\/news\/e500000-eib-grant-to-ensure-sustainable-urban-mobility-in-nis-serbia\/\"]}]},{\"@type\":\"ImageObject\",\"inLanguage\":\"me-ME\",\"@id\":\"https:\/\/webalkans.eu\/me\/news\/e500000-eib-grant-to-ensure-sustainable-urban-mobility-in-nis-serbia\/#primaryimage\",\"url\":\"https:\/\/webalkans.eu\/wp-content\/uploads\/2022\/02\/1-scaled.jpg\",\"contentUrl\":\"https:\/\/webalkans.eu\/wp-content\/uploads\/2022\/02\/1-scaled.jpg\",\"width\":2560,\"height\":1703},{\"@type\":\"BreadcrumbList\",\"@id\":\"https:\/\/webalkans.eu\/me\/news\/e500000-eib-grant-to-ensure-sustainable-urban-mobility-in-nis-serbia\/#breadcrumb\",\"itemListElement\":[{\"@type\":\"ListItem\",\"position\":1,\"name\":\"Home\",\"item\":\"https:\/\/webalkans.eu\/me\/homepage\/\"},{\"@type\":\"ListItem\",\"position\":2,\"name\":\"Pomo\u0107 EIB od 500.000 eura za obezbje\u0111ivanje odr\u017eive urbane mobilnosti u Ni\u0161u\"}]},{\"@type\":\"WebSite\",\"@id\":\"https:\/\/webalkans.eu\/me\/#website\",\"url\":\"https:\/\/webalkans.eu\/me\/\",\"name\":\"WeBalkans | EU Projects in the Western Balkans\",\"description\":\"\",\"publisher\":{\"@id\":\"https:\/\/webalkans.eu\/me\/#organization\"},\"potentialAction\":[{\"@type\":\"SearchAction\",\"target\":{\"@type\":\"EntryPoint\",\"urlTemplate\":\"https:\/\/webalkans.eu\/me\/?s={search_term_string}\"},\"query-input\":{\"@type\":\"PropertyValueSpecification\",\"valueRequired\":true,\"valueName\":\"search_term_string\"}}],\"inLanguage\":\"me-ME\"},{\"@type\":\"Organization\",\"@id\":\"https:\/\/webalkans.eu\/me\/#organization\",\"name\":\"European Union\",\"url\":\"https:\/\/webalkans.eu\/me\/\",\"logo\":{\"@type\":\"ImageObject\",\"inLanguage\":\"me-ME\",\"@id\":\"https:\/\/webalkans.eu\/me\/#\/schema\/logo\/image\/\",\"url\":\"https:\/\/webalkans.eu\/wp-content\/uploads\/2020\/11\/eu_flag.jpg\",\"contentUrl\":\"https:\/\/webalkans.eu\/wp-content\/uploads\/2020\/11\/eu_flag.jpg\",\"width\":600,\"height\":401,\"caption\":\"European Union\"},\"image\":{\"@id\":\"https:\/\/webalkans.eu\/me\/#\/schema\/logo\/image\/\"},\"sameAs\":[\"https:\/\/www.facebook.com\/webalkans.eu\",\"https:\/\/x.com\/WeBalkans\"]},{\"@type\":\"Person\",\"@id\":\"https:\/\/webalkans.eu\/me\/#\/schema\/person\/95a8ea19ef21de3b7766e9b65ffdb4da\",\"name\":\"007designstudio@gmail.com\"}]}<\/script>\n<!-- \/ Yoast SEO plugin. -->","yoast_head_json":{"title":"Pomo\u0107 EIB od 500.000 eura za obezbje\u0111ivanje odr\u017eive urbane mobilnosti u Ni\u0161u News | WeBalkans","description":"The European Investment Bank (EIB) \u2013 the lending arm of the EU \u2013 has signed a cooperation agreement with the City of Ni\u0161 in Serbia to finance the preparation of a sustainable urban mobility plan, enabling the city to make informed investment decisions concerning its transport network.","robots":{"index":"index","follow":"follow","max-snippet":"max-snippet:-1","max-image-preview":"max-image-preview:large","max-video-preview":"max-video-preview:-1"},"canonical":"https:\/\/webalkans.eu\/me\/news\/e500000-eib-grant-to-ensure-sustainable-urban-mobility-in-nis-serbia\/","og_locale":"en_US","og_type":"article","og_title":"Pomo\u0107 EIB od 500.000 eura za obezbje\u0111ivanje odr\u017eive urbane mobilnosti u Ni\u0161u News | WeBalkans","og_description":"The European Investment Bank (EIB) \u2013 the lending arm of the EU \u2013 has signed a cooperation agreement with the City of Ni\u0161 in Serbia to finance the preparation of a sustainable urban mobility plan, enabling the city to make informed investment decisions concerning its transport network.","og_url":"https:\/\/webalkans.eu\/me\/news\/e500000-eib-grant-to-ensure-sustainable-urban-mobility-in-nis-serbia\/","og_site_name":"WeBalkans | EU Projects in the Western Balkans","article_publisher":"https:\/\/www.facebook.com\/webalkans.eu","article_published_time":"2022-02-04T18:37:03+00:00","article_modified_time":"2022-02-11T16:06:28+00:00","og_image":[{"width":2560,"height":1703,"url":"https:\/\/webalkans.eu\/wp-content\/uploads\/2022\/02\/1-scaled.jpg","type":"image\/jpeg"}],"author":"007designstudio@gmail.com","twitter_card":"summary_large_image","twitter_creator":"@WeBalkans","twitter_site":"@WeBalkans","twitter_misc":{"Written by":"007designstudio@gmail.com","Est. reading time":"1 minute"},"schema":{"@context":"https:\/\/schema.org","@graph":[{"@type":"Article","@id":"https:\/\/webalkans.eu\/me\/news\/e500000-eib-grant-to-ensure-sustainable-urban-mobility-in-nis-serbia\/#article","isPartOf":{"@id":"https:\/\/webalkans.eu\/me\/news\/e500000-eib-grant-to-ensure-sustainable-urban-mobility-in-nis-serbia\/"},"author":{"name":"007designstudio@gmail.com","@id":"https:\/\/webalkans.eu\/me\/#\/schema\/person\/95a8ea19ef21de3b7766e9b65ffdb4da"},"headline":"Pomo\u0107 EIB od 500.000 eura za obezbje\u0111ivanje odr\u017eive urbane mobilnosti u Ni\u0161u","datePublished":"2022-02-04T18:37:03+00:00","dateModified":"2022-02-11T16:06:28+00:00","mainEntityOfPage":{"@id":"https:\/\/webalkans.eu\/me\/news\/e500000-eib-grant-to-ensure-sustainable-urban-mobility-in-nis-serbia\/"},"wordCount":218,"publisher":{"@id":"https:\/\/webalkans.eu\/me\/#organization"},"image":{"@id":"https:\/\/webalkans.eu\/me\/news\/e500000-eib-grant-to-ensure-sustainable-urban-mobility-in-nis-serbia\/#primaryimage"},"thumbnailUrl":"https:\/\/webalkans.eu\/wp-content\/uploads\/2022\/02\/1-scaled.jpg","inLanguage":"me-ME"},{"@type":"WebPage","@id":"https:\/\/webalkans.eu\/me\/news\/e500000-eib-grant-to-ensure-sustainable-urban-mobility-in-nis-serbia\/","url":"https:\/\/webalkans.eu\/me\/news\/e500000-eib-grant-to-ensure-sustainable-urban-mobility-in-nis-serbia\/","name":"Pomo\u0107 EIB od 500.000 eura za obezbje\u0111ivanje odr\u017eive urbane mobilnosti u Ni\u0161u News | WeBalkans","isPartOf":{"@id":"https:\/\/webalkans.eu\/me\/#website"},"primaryImageOfPage":{"@id":"https:\/\/webalkans.eu\/me\/news\/e500000-eib-grant-to-ensure-sustainable-urban-mobility-in-nis-serbia\/#primaryimage"},"image":{"@id":"https:\/\/webalkans.eu\/me\/news\/e500000-eib-grant-to-ensure-sustainable-urban-mobility-in-nis-serbia\/#primaryimage"},"thumbnailUrl":"https:\/\/webalkans.eu\/wp-content\/uploads\/2022\/02\/1-scaled.jpg","datePublished":"2022-02-04T18:37:03+00:00","dateModified":"2022-02-11T16:06:28+00:00","description":"The European Investment Bank (EIB) \u2013 the lending arm of the EU \u2013 has signed a cooperation agreement with the City of Ni\u0161 in Serbia to finance the preparation of a sustainable urban mobility plan, enabling the city to make informed investment decisions concerning its transport network.","breadcrumb":{"@id":"https:\/\/webalkans.eu\/me\/news\/e500000-eib-grant-to-ensure-sustainable-urban-mobility-in-nis-serbia\/#breadcrumb"},"inLanguage":"me-ME","potentialAction":[{"@type":"ReadAction","target":["https:\/\/webalkans.eu\/me\/news\/e500000-eib-grant-to-ensure-sustainable-urban-mobility-in-nis-serbia\/"]}]},{"@type":"ImageObject","inLanguage":"me-ME","@id":"https:\/\/webalkans.eu\/me\/news\/e500000-eib-grant-to-ensure-sustainable-urban-mobility-in-nis-serbia\/#primaryimage","url":"https:\/\/webalkans.eu\/wp-content\/uploads\/2022\/02\/1-scaled.jpg","contentUrl":"https:\/\/webalkans.eu\/wp-content\/uploads\/2022\/02\/1-scaled.jpg","width":2560,"height":1703},{"@type":"BreadcrumbList","@id":"https:\/\/webalkans.eu\/me\/news\/e500000-eib-grant-to-ensure-sustainable-urban-mobility-in-nis-serbia\/#breadcrumb","itemListElement":[{"@type":"ListItem","position":1,"name":"Home","item":"https:\/\/webalkans.eu\/me\/homepage\/"},{"@type":"ListItem","position":2,"name":"Pomo\u0107 EIB od 500.000 eura za obezbje\u0111ivanje odr\u017eive urbane mobilnosti u Ni\u0161u"}]},{"@type":"WebSite","@id":"https:\/\/webalkans.eu\/me\/#website","url":"https:\/\/webalkans.eu\/me\/","name":"WeBalkans | EU Projects in the Western Balkans","description":"","publisher":{"@id":"https:\/\/webalkans.eu\/me\/#organization"},"potentialAction":[{"@type":"SearchAction","target":{"@type":"EntryPoint","urlTemplate":"https:\/\/webalkans.eu\/me\/?s={search_term_string}"},"query-input":{"@type":"PropertyValueSpecification","valueRequired":true,"valueName":"search_term_string"}}],"inLanguage":"me-ME"},{"@type":"Organization","@id":"https:\/\/webalkans.eu\/me\/#organization","name":"European Union","url":"https:\/\/webalkans.eu\/me\/","logo":{"@type":"ImageObject","inLanguage":"me-ME","@id":"https:\/\/webalkans.eu\/me\/#\/schema\/logo\/image\/","url":"https:\/\/webalkans.eu\/wp-content\/uploads\/2020\/11\/eu_flag.jpg","contentUrl":"https:\/\/webalkans.eu\/wp-content\/uploads\/2020\/11\/eu_flag.jpg","width":600,"height":401,"caption":"European Union"},"image":{"@id":"https:\/\/webalkans.eu\/me\/#\/schema\/logo\/image\/"},"sameAs":["https:\/\/www.facebook.com\/webalkans.eu","https:\/\/x.com\/WeBalkans"]},{"@type":"Person","@id":"https:\/\/webalkans.eu\/me\/#\/schema\/person\/95a8ea19ef21de3b7766e9b65ffdb4da","name":"007designstudio@gmail.com"}]}},"_links":{"self":[{"href":"https:\/\/webalkans.eu\/me\/wp-json\/wp\/v2\/posts\/521567"}],"collection":[{"href":"https:\/\/webalkans.eu\/me\/wp-json\/wp\/v2\/posts"}],"about":[{"href":"https:\/\/webalkans.eu\/me\/wp-json\/wp\/v2\/types\/post"}],"author":[{"embeddable":true,"href":"https:\/\/webalkans.eu\/me\/wp-json\/wp\/v2\/users\/152227"}],"replies":[{"embeddable":true,"href":"https:\/\/webalkans.eu\/me\/wp-json\/wp\/v2\/comments?post=521567"}],"version-history":[{"count":0,"href":"https:\/\/webalkans.eu\/me\/wp-json\/wp\/v2\/posts\/521567\/revisions"}],"wp:featuredmedia":[{"embeddable":true,"href":"https:\/\/webalkans.eu\/me\/wp-json\/wp\/v2\/media\/515105"}],"wp:attachment":[{"href":"https:\/\/webalkans.eu\/me\/wp-json\/wp\/v2\/media?parent=521567"}],"wp:term":[{"taxonomy":"country-for-news","embeddable":true,"href":"https:\/\/webalkans.eu\/me\/wp-json\/wp\/v2\/country-for-news?post=521567"}],"curies":[{"name":"wp","href":"https:\/\/api.w.org\/{rel}","templated":true}]}}