
{"id":1226426,"date":"2023-10-25T10:28:01","date_gmt":"2023-10-25T08:28:01","guid":{"rendered":"https:\/\/webalkans.eu\/news\/young-european-ambassadors-part-of-the-montenegro-pride-week-2023\/"},"modified":"2023-11-06T11:37:27","modified_gmt":"2023-11-06T10:37:27","slug":"young-european-ambassadors-part-of-the-montenegro-pride-week-2023","status":"publish","type":"post","link":"https:\/\/webalkans.eu\/me\/news\/young-european-ambassadors-part-of-the-montenegro-pride-week-2023\/","title":{"rendered":"Mladi evropski ambasadori u\u010destvuju u Nedjelji ponosa 2023 u Crnoj Gori"},"content":{"rendered":"<p style=\"font-weight: 400;\">Nedjelja ponosa u Crnoj Gori se odr\u017eala uz mnogo aktivnosti koje su organizovane svakog dana tokom cijele nedjelje od strane razli\u010ditih organizacija poput Queer Montenegro, Spektra, Juventas, itd. Slogan ovogodi\u0161njeNedjelje ponosa je Samoopredeljenje. Samoopredeljenje za trans osobe bi zna\u010dilo da Crna Gora garantuje pravo na samoopredeljenje svim svojim gra\u0111anima, bez obzira na njihovu pripadnost.<\/p>\n<p>&nbsp;<\/p>\n<p style=\"font-weight: 400;\">Dnevni red je uklju\u010divao aktivnosti poput revije ljudskih prava, panel diskusija na teme poput: Pravo na Samoopredeljenje, \u010cije je zdravlje na\u0161e: Kvalitet zdravstvene za\u0161tite za trans osobe, stres manjina i dispariteti, itd. Tako\u0111e su organizovane mre\u017ene aktivnosti poput kviza Ponosa, Drag \u0161ouova, nastupa bendova, DJ \u017eurki, itd., a glavna aktivnost bila je Montenegro Pride.<\/p>\n<p>&nbsp;<\/p>\n<p style=\"font-weight: 400;\">Na\u0161i Mladi evropski ambasadori (YEA) imali su klju\u010dne uloge u nekima od ovih aktivnosti, ako ne i u svima.<\/p>\n<p>&nbsp;<\/p>\n<p style=\"font-weight: 400;\">Mladi evropski ambasador Enes Pu\u010durica bio je glavni organizator Montenegro Pride 2023. &#8220;Nedjelja ponosaove godine je bila o samoopredeljenju, jer podrazumijeva pravo svake osobe da defini\u0161e svoj identitet, i to ne bi trebalo da bude privilegija izabranih. Raditi u Queer Montenegro kao glavni organizator Montenegro Pride-au partnerstvu s lokalnim organizacijama bilo je divno iskustvo. Da, bilo je puno posla, ali vidjeti ljude koji u\u017eivaju i slave svoj dan pru\u017ea veliki ose\u0107aj postignu\u0107a i vjere u na\u0161u zajednicu&#8221;, ka\u017ee Enes.<\/p>\n<p>&nbsp;<\/p>\n<p style=\"font-weight: 400;\">Devet Mladih evropskih ambasadora u\u010destvovalo je u Nedjelji ponosa u Crnoj Gori, uklju\u010duju\u0107i Vojina \u0106etkovi\u0107a, Enesa Pu\u010duricu, Valentinu Ostoji\u0107, Dada Dervanovi\u0107a, Bojanu Mara\u0161, Ivanu Sre\u0107kovi\u0107, Matiju Prenko\u010devi\u0107a, Stefana Vukmanovi\u0107a i An\u0111elu Radulovi\u0107.<\/p>\n","protected":false},"excerpt":{"rendered":"<p>Nedjelja ponosa u Crnoj Gori se odr\u017eala uz mnogo aktivnosti koje su organizovane svakog dana tokom cijele nedjelje od strane razli\u010ditih organizacija poput Queer Montenegro, <\/p>\n","protected":false},"author":152227,"featured_media":1218107,"comment_status":"closed","ping_status":"closed","sticky":false,"template":"","format":"standard","meta":{"_acf_changed":false,"_monsterinsights_skip_tracking":false,"_monsterinsights_sitenote_active":false,"_monsterinsights_sitenote_note":"","_monsterinsights_sitenote_category":0,"footnotes":""},"country-for-news":[434],"class_list":["post-1226426","post","type-post","status-publish","format-standard","has-post-thumbnail","hentry","wb_theme-democracy-and-fundamental-rights","wb_theme-equality-and-fair-society","country-for-news-montenegro"],"acf":[],"yoast_head":"<!-- This site is optimized with the Yoast SEO plugin v25.3.1 - https:\/\/yoast.com\/wordpress\/plugins\/seo\/ -->\n<title>Mladi evropski ambasadori u\u010destvuju u Nedjelji ponosa 2023 u Crnoj Gori News | WeBalkans<\/title>\n<meta name=\"description\" content=\"Mladi evropski ambasadori u\u010destvuju u Nedjelji ponosa 2023 u Crnoj Gori\" \/>\n<meta name=\"robots\" content=\"index, follow, max-snippet:-1, max-image-preview:large, max-video-preview:-1\" \/>\n<link rel=\"canonical\" href=\"https:\/\/webalkans.eu\/me\/news\/young-european-ambassadors-part-of-the-montenegro-pride-week-2023\/\" \/>\n<meta property=\"og:locale\" content=\"en_US\" \/>\n<meta property=\"og:type\" content=\"article\" \/>\n<meta property=\"og:title\" content=\"Mladi evropski ambasadori u\u010destvuju u Nedjelji ponosa 2023 u Crnoj Gori News | WeBalkans\" \/>\n<meta property=\"og:description\" content=\"Mladi evropski ambasadori u\u010destvuju u Nedjelji ponosa 2023 u Crnoj Gori\" \/>\n<meta property=\"og:url\" content=\"https:\/\/webalkans.eu\/me\/news\/young-european-ambassadors-part-of-the-montenegro-pride-week-2023\/\" \/>\n<meta property=\"og:site_name\" content=\"WeBalkans | EU Projects in the Western Balkans\" \/>\n<meta property=\"article:publisher\" content=\"https:\/\/www.facebook.com\/webalkans.eu\" \/>\n<meta property=\"article:published_time\" content=\"2023-10-25T08:28:01+00:00\" \/>\n<meta property=\"article:modified_time\" content=\"2023-11-06T10:37:27+00:00\" \/>\n<meta property=\"og:image\" content=\"https:\/\/webalkans.eu\/wp-content\/uploads\/2023\/10\/1--scaled.jpg\" \/>\n\t<meta property=\"og:image:width\" content=\"2560\" \/>\n\t<meta property=\"og:image:height\" content=\"1707\" \/>\n\t<meta property=\"og:image:type\" content=\"image\/jpeg\" \/>\n<meta name=\"author\" content=\"007designstudio@gmail.com\" \/>\n<meta name=\"twitter:card\" content=\"summary_large_image\" \/>\n<meta name=\"twitter:creator\" content=\"@WeBalkans\" \/>\n<meta name=\"twitter:site\" content=\"@WeBalkans\" \/>\n<meta name=\"twitter:label1\" content=\"Written by\" \/>\n\t<meta name=\"twitter:data1\" content=\"007designstudio@gmail.com\" \/>\n\t<meta name=\"twitter:label2\" content=\"Est. reading time\" \/>\n\t<meta name=\"twitter:data2\" content=\"1 minute\" \/>\n<script type=\"application\/ld+json\" class=\"yoast-schema-graph\">{\"@context\":\"https:\/\/schema.org\",\"@graph\":[{\"@type\":\"Article\",\"@id\":\"https:\/\/webalkans.eu\/me\/news\/young-european-ambassadors-part-of-the-montenegro-pride-week-2023\/#article\",\"isPartOf\":{\"@id\":\"https:\/\/webalkans.eu\/me\/news\/young-european-ambassadors-part-of-the-montenegro-pride-week-2023\/\"},\"author\":{\"name\":\"007designstudio@gmail.com\",\"@id\":\"https:\/\/webalkans.eu\/me\/#\/schema\/person\/95a8ea19ef21de3b7766e9b65ffdb4da\"},\"headline\":\"Mladi evropski ambasadori u\u010destvuju u Nedjelji ponosa 2023 u Crnoj Gori\",\"datePublished\":\"2023-10-25T08:28:01+00:00\",\"dateModified\":\"2023-11-06T10:37:27+00:00\",\"mainEntityOfPage\":{\"@id\":\"https:\/\/webalkans.eu\/me\/news\/young-european-ambassadors-part-of-the-montenegro-pride-week-2023\/\"},\"wordCount\":283,\"publisher\":{\"@id\":\"https:\/\/webalkans.eu\/me\/#organization\"},\"image\":{\"@id\":\"https:\/\/webalkans.eu\/me\/news\/young-european-ambassadors-part-of-the-montenegro-pride-week-2023\/#primaryimage\"},\"thumbnailUrl\":\"https:\/\/webalkans.eu\/wp-content\/uploads\/2023\/10\/1--scaled.jpg\",\"inLanguage\":\"me-ME\"},{\"@type\":\"WebPage\",\"@id\":\"https:\/\/webalkans.eu\/me\/news\/young-european-ambassadors-part-of-the-montenegro-pride-week-2023\/\",\"url\":\"https:\/\/webalkans.eu\/me\/news\/young-european-ambassadors-part-of-the-montenegro-pride-week-2023\/\",\"name\":\"Mladi evropski ambasadori u\u010destvuju u Nedjelji ponosa 2023 u Crnoj Gori News | WeBalkans\",\"isPartOf\":{\"@id\":\"https:\/\/webalkans.eu\/me\/#website\"},\"primaryImageOfPage\":{\"@id\":\"https:\/\/webalkans.eu\/me\/news\/young-european-ambassadors-part-of-the-montenegro-pride-week-2023\/#primaryimage\"},\"image\":{\"@id\":\"https:\/\/webalkans.eu\/me\/news\/young-european-ambassadors-part-of-the-montenegro-pride-week-2023\/#primaryimage\"},\"thumbnailUrl\":\"https:\/\/webalkans.eu\/wp-content\/uploads\/2023\/10\/1--scaled.jpg\",\"datePublished\":\"2023-10-25T08:28:01+00:00\",\"dateModified\":\"2023-11-06T10:37:27+00:00\",\"description\":\"Mladi evropski ambasadori u\u010destvuju u Nedjelji ponosa 2023 u Crnoj Gori\",\"breadcrumb\":{\"@id\":\"https:\/\/webalkans.eu\/me\/news\/young-european-ambassadors-part-of-the-montenegro-pride-week-2023\/#breadcrumb\"},\"inLanguage\":\"me-ME\",\"potentialAction\":[{\"@type\":\"ReadAction\",\"target\":[\"https:\/\/webalkans.eu\/me\/news\/young-european-ambassadors-part-of-the-montenegro-pride-week-2023\/\"]}]},{\"@type\":\"ImageObject\",\"inLanguage\":\"me-ME\",\"@id\":\"https:\/\/webalkans.eu\/me\/news\/young-european-ambassadors-part-of-the-montenegro-pride-week-2023\/#primaryimage\",\"url\":\"https:\/\/webalkans.eu\/wp-content\/uploads\/2023\/10\/1--scaled.jpg\",\"contentUrl\":\"https:\/\/webalkans.eu\/wp-content\/uploads\/2023\/10\/1--scaled.jpg\",\"width\":2560,\"height\":1707},{\"@type\":\"BreadcrumbList\",\"@id\":\"https:\/\/webalkans.eu\/me\/news\/young-european-ambassadors-part-of-the-montenegro-pride-week-2023\/#breadcrumb\",\"itemListElement\":[{\"@type\":\"ListItem\",\"position\":1,\"name\":\"Home\",\"item\":\"https:\/\/webalkans.eu\/me\/homepage\/\"},{\"@type\":\"ListItem\",\"position\":2,\"name\":\"Mladi evropski ambasadori u\u010destvuju u Nedjelji ponosa 2023 u Crnoj Gori\"}]},{\"@type\":\"WebSite\",\"@id\":\"https:\/\/webalkans.eu\/me\/#website\",\"url\":\"https:\/\/webalkans.eu\/me\/\",\"name\":\"WeBalkans | EU Projects in the Western Balkans\",\"description\":\"\",\"publisher\":{\"@id\":\"https:\/\/webalkans.eu\/me\/#organization\"},\"potentialAction\":[{\"@type\":\"SearchAction\",\"target\":{\"@type\":\"EntryPoint\",\"urlTemplate\":\"https:\/\/webalkans.eu\/me\/?s={search_term_string}\"},\"query-input\":{\"@type\":\"PropertyValueSpecification\",\"valueRequired\":true,\"valueName\":\"search_term_string\"}}],\"inLanguage\":\"me-ME\"},{\"@type\":\"Organization\",\"@id\":\"https:\/\/webalkans.eu\/me\/#organization\",\"name\":\"European Union\",\"url\":\"https:\/\/webalkans.eu\/me\/\",\"logo\":{\"@type\":\"ImageObject\",\"inLanguage\":\"me-ME\",\"@id\":\"https:\/\/webalkans.eu\/me\/#\/schema\/logo\/image\/\",\"url\":\"https:\/\/webalkans.eu\/wp-content\/uploads\/2020\/11\/eu_flag.jpg\",\"contentUrl\":\"https:\/\/webalkans.eu\/wp-content\/uploads\/2020\/11\/eu_flag.jpg\",\"width\":600,\"height\":401,\"caption\":\"European Union\"},\"image\":{\"@id\":\"https:\/\/webalkans.eu\/me\/#\/schema\/logo\/image\/\"},\"sameAs\":[\"https:\/\/www.facebook.com\/webalkans.eu\",\"https:\/\/x.com\/WeBalkans\"]},{\"@type\":\"Person\",\"@id\":\"https:\/\/webalkans.eu\/me\/#\/schema\/person\/95a8ea19ef21de3b7766e9b65ffdb4da\",\"name\":\"007designstudio@gmail.com\"}]}<\/script>\n<!-- \/ Yoast SEO plugin. -->","yoast_head_json":{"title":"Mladi evropski ambasadori u\u010destvuju u Nedjelji ponosa 2023 u Crnoj Gori News | WeBalkans","description":"Mladi evropski ambasadori u\u010destvuju u Nedjelji ponosa 2023 u Crnoj Gori","robots":{"index":"index","follow":"follow","max-snippet":"max-snippet:-1","max-image-preview":"max-image-preview:large","max-video-preview":"max-video-preview:-1"},"canonical":"https:\/\/webalkans.eu\/me\/news\/young-european-ambassadors-part-of-the-montenegro-pride-week-2023\/","og_locale":"en_US","og_type":"article","og_title":"Mladi evropski ambasadori u\u010destvuju u Nedjelji ponosa 2023 u Crnoj Gori News | WeBalkans","og_description":"Mladi evropski ambasadori u\u010destvuju u Nedjelji ponosa 2023 u Crnoj Gori","og_url":"https:\/\/webalkans.eu\/me\/news\/young-european-ambassadors-part-of-the-montenegro-pride-week-2023\/","og_site_name":"WeBalkans | EU Projects in the Western Balkans","article_publisher":"https:\/\/www.facebook.com\/webalkans.eu","article_published_time":"2023-10-25T08:28:01+00:00","article_modified_time":"2023-11-06T10:37:27+00:00","og_image":[{"width":2560,"height":1707,"url":"https:\/\/webalkans.eu\/wp-content\/uploads\/2023\/10\/1--scaled.jpg","type":"image\/jpeg"}],"author":"007designstudio@gmail.com","twitter_card":"summary_large_image","twitter_creator":"@WeBalkans","twitter_site":"@WeBalkans","twitter_misc":{"Written by":"007designstudio@gmail.com","Est. reading time":"1 minute"},"schema":{"@context":"https:\/\/schema.org","@graph":[{"@type":"Article","@id":"https:\/\/webalkans.eu\/me\/news\/young-european-ambassadors-part-of-the-montenegro-pride-week-2023\/#article","isPartOf":{"@id":"https:\/\/webalkans.eu\/me\/news\/young-european-ambassadors-part-of-the-montenegro-pride-week-2023\/"},"author":{"name":"007designstudio@gmail.com","@id":"https:\/\/webalkans.eu\/me\/#\/schema\/person\/95a8ea19ef21de3b7766e9b65ffdb4da"},"headline":"Mladi evropski ambasadori u\u010destvuju u Nedjelji ponosa 2023 u Crnoj Gori","datePublished":"2023-10-25T08:28:01+00:00","dateModified":"2023-11-06T10:37:27+00:00","mainEntityOfPage":{"@id":"https:\/\/webalkans.eu\/me\/news\/young-european-ambassadors-part-of-the-montenegro-pride-week-2023\/"},"wordCount":283,"publisher":{"@id":"https:\/\/webalkans.eu\/me\/#organization"},"image":{"@id":"https:\/\/webalkans.eu\/me\/news\/young-european-ambassadors-part-of-the-montenegro-pride-week-2023\/#primaryimage"},"thumbnailUrl":"https:\/\/webalkans.eu\/wp-content\/uploads\/2023\/10\/1--scaled.jpg","inLanguage":"me-ME"},{"@type":"WebPage","@id":"https:\/\/webalkans.eu\/me\/news\/young-european-ambassadors-part-of-the-montenegro-pride-week-2023\/","url":"https:\/\/webalkans.eu\/me\/news\/young-european-ambassadors-part-of-the-montenegro-pride-week-2023\/","name":"Mladi evropski ambasadori u\u010destvuju u Nedjelji ponosa 2023 u Crnoj Gori News | WeBalkans","isPartOf":{"@id":"https:\/\/webalkans.eu\/me\/#website"},"primaryImageOfPage":{"@id":"https:\/\/webalkans.eu\/me\/news\/young-european-ambassadors-part-of-the-montenegro-pride-week-2023\/#primaryimage"},"image":{"@id":"https:\/\/webalkans.eu\/me\/news\/young-european-ambassadors-part-of-the-montenegro-pride-week-2023\/#primaryimage"},"thumbnailUrl":"https:\/\/webalkans.eu\/wp-content\/uploads\/2023\/10\/1--scaled.jpg","datePublished":"2023-10-25T08:28:01+00:00","dateModified":"2023-11-06T10:37:27+00:00","description":"Mladi evropski ambasadori u\u010destvuju u Nedjelji ponosa 2023 u Crnoj Gori","breadcrumb":{"@id":"https:\/\/webalkans.eu\/me\/news\/young-european-ambassadors-part-of-the-montenegro-pride-week-2023\/#breadcrumb"},"inLanguage":"me-ME","potentialAction":[{"@type":"ReadAction","target":["https:\/\/webalkans.eu\/me\/news\/young-european-ambassadors-part-of-the-montenegro-pride-week-2023\/"]}]},{"@type":"ImageObject","inLanguage":"me-ME","@id":"https:\/\/webalkans.eu\/me\/news\/young-european-ambassadors-part-of-the-montenegro-pride-week-2023\/#primaryimage","url":"https:\/\/webalkans.eu\/wp-content\/uploads\/2023\/10\/1--scaled.jpg","contentUrl":"https:\/\/webalkans.eu\/wp-content\/uploads\/2023\/10\/1--scaled.jpg","width":2560,"height":1707},{"@type":"BreadcrumbList","@id":"https:\/\/webalkans.eu\/me\/news\/young-european-ambassadors-part-of-the-montenegro-pride-week-2023\/#breadcrumb","itemListElement":[{"@type":"ListItem","position":1,"name":"Home","item":"https:\/\/webalkans.eu\/me\/homepage\/"},{"@type":"ListItem","position":2,"name":"Mladi evropski ambasadori u\u010destvuju u Nedjelji ponosa 2023 u Crnoj Gori"}]},{"@type":"WebSite","@id":"https:\/\/webalkans.eu\/me\/#website","url":"https:\/\/webalkans.eu\/me\/","name":"WeBalkans | EU Projects in the Western Balkans","description":"","publisher":{"@id":"https:\/\/webalkans.eu\/me\/#organization"},"potentialAction":[{"@type":"SearchAction","target":{"@type":"EntryPoint","urlTemplate":"https:\/\/webalkans.eu\/me\/?s={search_term_string}"},"query-input":{"@type":"PropertyValueSpecification","valueRequired":true,"valueName":"search_term_string"}}],"inLanguage":"me-ME"},{"@type":"Organization","@id":"https:\/\/webalkans.eu\/me\/#organization","name":"European Union","url":"https:\/\/webalkans.eu\/me\/","logo":{"@type":"ImageObject","inLanguage":"me-ME","@id":"https:\/\/webalkans.eu\/me\/#\/schema\/logo\/image\/","url":"https:\/\/webalkans.eu\/wp-content\/uploads\/2020\/11\/eu_flag.jpg","contentUrl":"https:\/\/webalkans.eu\/wp-content\/uploads\/2020\/11\/eu_flag.jpg","width":600,"height":401,"caption":"European Union"},"image":{"@id":"https:\/\/webalkans.eu\/me\/#\/schema\/logo\/image\/"},"sameAs":["https:\/\/www.facebook.com\/webalkans.eu","https:\/\/x.com\/WeBalkans"]},{"@type":"Person","@id":"https:\/\/webalkans.eu\/me\/#\/schema\/person\/95a8ea19ef21de3b7766e9b65ffdb4da","name":"007designstudio@gmail.com"}]}},"_links":{"self":[{"href":"https:\/\/webalkans.eu\/me\/wp-json\/wp\/v2\/posts\/1226426"}],"collection":[{"href":"https:\/\/webalkans.eu\/me\/wp-json\/wp\/v2\/posts"}],"about":[{"href":"https:\/\/webalkans.eu\/me\/wp-json\/wp\/v2\/types\/post"}],"author":[{"embeddable":true,"href":"https:\/\/webalkans.eu\/me\/wp-json\/wp\/v2\/users\/152227"}],"replies":[{"embeddable":true,"href":"https:\/\/webalkans.eu\/me\/wp-json\/wp\/v2\/comments?post=1226426"}],"version-history":[{"count":0,"href":"https:\/\/webalkans.eu\/me\/wp-json\/wp\/v2\/posts\/1226426\/revisions"}],"wp:featuredmedia":[{"embeddable":true,"href":"https:\/\/webalkans.eu\/me\/wp-json\/wp\/v2\/media\/1218107"}],"wp:attachment":[{"href":"https:\/\/webalkans.eu\/me\/wp-json\/wp\/v2\/media?parent=1226426"}],"wp:term":[{"taxonomy":"country-for-news","embeddable":true,"href":"https:\/\/webalkans.eu\/me\/wp-json\/wp\/v2\/country-for-news?post=1226426"}],"curies":[{"name":"wp","href":"https:\/\/api.w.org\/{rel}","templated":true}]}}