
{"id":1222072,"date":"2023-10-20T10:24:01","date_gmt":"2023-10-20T08:24:01","guid":{"rendered":"https:\/\/webalkans.eu\/news\/apply-now-for-second-call-for-residency-hosts-under-culture-moves-europe\/"},"modified":"2023-11-01T13:06:17","modified_gmt":"2023-11-01T12:06:17","slug":"apply-now-for-second-call-for-residency-hosts-under-culture-moves-europe","status":"publish","type":"post","link":"https:\/\/webalkans.eu\/me\/news\/apply-now-for-second-call-for-residency-hosts-under-culture-moves-europe\/","title":{"rendered":"Prijavite se sada za drugi poziv za doma\u0107ine rezidencijala u okviru Culture Moves Europe"},"content":{"rendered":"<p style=\"font-weight: 400;\">Poziv pru\u017ea finansijsku podr\u0161ku organizacijama i pojedina\u010dno umjetnicima koji \u017eele da ugoste me\u0111unarodne umjetnike i kulturne profesionalce za projekat rezidencije. Drugi poziv za rezidencijalne domac\u0301ine u okviru \u0161eme mobilnosti Culture Moves Europe otvoren je 16. oktobra 2023. Poziv obezbje\u0111uje grantove organizacijama i pojedina\u010dnim umjetnicima registrovanim kao pravna lica u jednoj od 40 zemalja Kreativne Evrope, koji \u017eele da ugoste me\u0111unarodne umjetnike i profesionalce iz kulture, u okviru rezidencijalnog projekta.<\/p>\n<p>&nbsp;<\/p>\n<p style=\"font-weight: 400;\">Kandidati treba da po\u0161alju svoje predloge sa detaljima o trajanju, ciljevima i o\u010dekivanom uticaju njihovog rezidencijalnog projekta. Od njih se tra\u017ei da obezbijede odgovarajuc\u0301e okru\u017eenje, opremu i mentora za pozvane umjetnike. Ovo osigurava da u\u010desnici imaju dobre uslove za realizaciju svojih projekata.<\/p>\n<p>&nbsp;<\/p>\n<p style=\"font-weight: 400;\">Rezidencijalna akcija je usmjerena na domac\u0301ine koji se bave arhitekturom, kulturnom ba\u0161tinom, dizajnom i modnim dizajnom, knji\u017eevno\u0161c\u0301u, muzikom, izvo\u0111a\u010dkim i vizuelnim umjetnostima. Proces prijave podijeljen je u dvije faze: Izbor domac\u0301ina i potvrda izbora pozvanih umjetnika, stvaralaca i kulturnih profesionalaca po domac\u0301inima.<\/p>\n<p>&nbsp;<\/p>\n<p style=\"font-weight: 400;\">Pristupa\u010dnost i inkluzivnost su u srcu Culture Moves Europe. Posebna finansijska podr\u0161ka se nudi u\u010desnicima koji \u017eive sa invaliditetom i onima koji imaju djecu mla\u0111u od 10 godina. Posebna podr\u0161ka postoji i za one koji putuju u i iz prekomorskih zemalja i teritorija, kao i najudaljenijih regiona EU. Culture Moves Europe je podjednako posvec\u0301en poslovanju na odr\u017eiv i ekolo\u0161ki odgovoran na\u010din i aplikanti su pozvani da uklju\u010de te aspekte u svoje rezidencijalne projekte. Umjetnici i kulturni profesionalci koji u\u010destvuju podsti\u010du se da koriste odr\u017eivija sredstva prevoza. Oni koji odlu\u010de da ne putuju avionom dobic\u0301e dodatni iznos za kompenzaciju vec\u0301ih tro\u0161kova zelenog putovanja.<\/p>\n<p style=\"font-weight: 400;\">\n","protected":false},"excerpt":{"rendered":"<p>Poziv pru\u017ea finansijsku podr\u0161ku organizacijama i pojedina\u010dno umjetnicima koji \u017eele da ugoste me\u0111unarodne umjetnike i kulturne profesionalce za projekat rezidencije. Drugi poziv za rezidencijalne domac\u0301ine <\/p>\n","protected":false},"author":152227,"featured_media":1214721,"comment_status":"closed","ping_status":"closed","sticky":false,"template":"","format":"standard","meta":{"_acf_changed":false,"_monsterinsights_skip_tracking":false,"_monsterinsights_sitenote_active":false,"_monsterinsights_sitenote_note":"","_monsterinsights_sitenote_category":0,"footnotes":""},"country-for-news":[427,434,435,444,417,424],"class_list":["post-1222072","post","type-post","status-publish","format-standard","has-post-thumbnail","hentry","wb_theme-culture-and-youth","country-for-news-kosovo","country-for-news-montenegro","country-for-news-north-macedonia","country-for-news-serbia","country-for-news-albania","country-for-news-bosnia-and-herzegovina"],"acf":[],"yoast_head":"<!-- This site is optimized with the Yoast SEO plugin v25.3.1 - https:\/\/yoast.com\/wordpress\/plugins\/seo\/ -->\n<title>Prijavite se sada za drugi poziv za doma\u0107ine rezidencijala u okviru Culture Moves Europe News | WeBalkans<\/title>\n<meta name=\"description\" content=\"Prijavite se sada za drugi poziv za doma\u0107ine rezidencijala u okviru Culture Moves Europe\" \/>\n<meta name=\"robots\" content=\"index, follow, max-snippet:-1, max-image-preview:large, max-video-preview:-1\" \/>\n<link rel=\"canonical\" href=\"https:\/\/webalkans.eu\/me\/news\/apply-now-for-second-call-for-residency-hosts-under-culture-moves-europe\/\" \/>\n<meta property=\"og:locale\" content=\"en_US\" \/>\n<meta property=\"og:type\" content=\"article\" \/>\n<meta property=\"og:title\" content=\"Prijavite se sada za drugi poziv za doma\u0107ine rezidencijala u okviru Culture Moves Europe News | WeBalkans\" \/>\n<meta property=\"og:description\" content=\"Prijavite se sada za drugi poziv za doma\u0107ine rezidencijala u okviru Culture Moves Europe\" \/>\n<meta property=\"og:url\" content=\"https:\/\/webalkans.eu\/me\/news\/apply-now-for-second-call-for-residency-hosts-under-culture-moves-europe\/\" \/>\n<meta property=\"og:site_name\" content=\"WeBalkans | EU Projects in the Western Balkans\" \/>\n<meta property=\"article:publisher\" content=\"https:\/\/www.facebook.com\/webalkans.eu\" \/>\n<meta property=\"article:published_time\" content=\"2023-10-20T08:24:01+00:00\" \/>\n<meta property=\"article:modified_time\" content=\"2023-11-01T12:06:17+00:00\" \/>\n<meta property=\"og:image\" content=\"https:\/\/webalkans.eu\/wp-content\/uploads\/2023\/10\/7.png\" \/>\n\t<meta property=\"og:image:width\" content=\"1380\" \/>\n\t<meta property=\"og:image:height\" content=\"776\" \/>\n\t<meta property=\"og:image:type\" content=\"image\/png\" \/>\n<meta name=\"author\" content=\"007designstudio@gmail.com\" \/>\n<meta name=\"twitter:card\" content=\"summary_large_image\" \/>\n<meta name=\"twitter:creator\" content=\"@WeBalkans\" \/>\n<meta name=\"twitter:site\" content=\"@WeBalkans\" \/>\n<meta name=\"twitter:label1\" content=\"Written by\" \/>\n\t<meta name=\"twitter:data1\" content=\"007designstudio@gmail.com\" \/>\n\t<meta name=\"twitter:label2\" content=\"Est. reading time\" \/>\n\t<meta name=\"twitter:data2\" content=\"1 minute\" \/>\n<script type=\"application\/ld+json\" class=\"yoast-schema-graph\">{\"@context\":\"https:\/\/schema.org\",\"@graph\":[{\"@type\":\"Article\",\"@id\":\"https:\/\/webalkans.eu\/me\/news\/apply-now-for-second-call-for-residency-hosts-under-culture-moves-europe\/#article\",\"isPartOf\":{\"@id\":\"https:\/\/webalkans.eu\/me\/news\/apply-now-for-second-call-for-residency-hosts-under-culture-moves-europe\/\"},\"author\":{\"name\":\"007designstudio@gmail.com\",\"@id\":\"https:\/\/webalkans.eu\/me\/#\/schema\/person\/95a8ea19ef21de3b7766e9b65ffdb4da\"},\"headline\":\"Prijavite se sada za drugi poziv za doma\u0107ine rezidencijala u okviru Culture Moves Europe\",\"datePublished\":\"2023-10-20T08:24:01+00:00\",\"dateModified\":\"2023-11-01T12:06:17+00:00\",\"mainEntityOfPage\":{\"@id\":\"https:\/\/webalkans.eu\/me\/news\/apply-now-for-second-call-for-residency-hosts-under-culture-moves-europe\/\"},\"wordCount\":309,\"publisher\":{\"@id\":\"https:\/\/webalkans.eu\/me\/#organization\"},\"image\":{\"@id\":\"https:\/\/webalkans.eu\/me\/news\/apply-now-for-second-call-for-residency-hosts-under-culture-moves-europe\/#primaryimage\"},\"thumbnailUrl\":\"https:\/\/webalkans.eu\/wp-content\/uploads\/2023\/10\/7.png\",\"inLanguage\":\"me-ME\"},{\"@type\":\"WebPage\",\"@id\":\"https:\/\/webalkans.eu\/me\/news\/apply-now-for-second-call-for-residency-hosts-under-culture-moves-europe\/\",\"url\":\"https:\/\/webalkans.eu\/me\/news\/apply-now-for-second-call-for-residency-hosts-under-culture-moves-europe\/\",\"name\":\"Prijavite se sada za drugi poziv za doma\u0107ine rezidencijala u okviru Culture Moves Europe News | WeBalkans\",\"isPartOf\":{\"@id\":\"https:\/\/webalkans.eu\/me\/#website\"},\"primaryImageOfPage\":{\"@id\":\"https:\/\/webalkans.eu\/me\/news\/apply-now-for-second-call-for-residency-hosts-under-culture-moves-europe\/#primaryimage\"},\"image\":{\"@id\":\"https:\/\/webalkans.eu\/me\/news\/apply-now-for-second-call-for-residency-hosts-under-culture-moves-europe\/#primaryimage\"},\"thumbnailUrl\":\"https:\/\/webalkans.eu\/wp-content\/uploads\/2023\/10\/7.png\",\"datePublished\":\"2023-10-20T08:24:01+00:00\",\"dateModified\":\"2023-11-01T12:06:17+00:00\",\"description\":\"Prijavite se sada za drugi poziv za doma\u0107ine rezidencijala u okviru Culture Moves Europe\",\"breadcrumb\":{\"@id\":\"https:\/\/webalkans.eu\/me\/news\/apply-now-for-second-call-for-residency-hosts-under-culture-moves-europe\/#breadcrumb\"},\"inLanguage\":\"me-ME\",\"potentialAction\":[{\"@type\":\"ReadAction\",\"target\":[\"https:\/\/webalkans.eu\/me\/news\/apply-now-for-second-call-for-residency-hosts-under-culture-moves-europe\/\"]}]},{\"@type\":\"ImageObject\",\"inLanguage\":\"me-ME\",\"@id\":\"https:\/\/webalkans.eu\/me\/news\/apply-now-for-second-call-for-residency-hosts-under-culture-moves-europe\/#primaryimage\",\"url\":\"https:\/\/webalkans.eu\/wp-content\/uploads\/2023\/10\/7.png\",\"contentUrl\":\"https:\/\/webalkans.eu\/wp-content\/uploads\/2023\/10\/7.png\",\"width\":1380,\"height\":776},{\"@type\":\"BreadcrumbList\",\"@id\":\"https:\/\/webalkans.eu\/me\/news\/apply-now-for-second-call-for-residency-hosts-under-culture-moves-europe\/#breadcrumb\",\"itemListElement\":[{\"@type\":\"ListItem\",\"position\":1,\"name\":\"Home\",\"item\":\"https:\/\/webalkans.eu\/me\/homepage\/\"},{\"@type\":\"ListItem\",\"position\":2,\"name\":\"Prijavite se sada za drugi poziv za doma\u0107ine rezidencijala u okviru Culture Moves Europe\"}]},{\"@type\":\"WebSite\",\"@id\":\"https:\/\/webalkans.eu\/me\/#website\",\"url\":\"https:\/\/webalkans.eu\/me\/\",\"name\":\"WeBalkans | EU Projects in the Western Balkans\",\"description\":\"\",\"publisher\":{\"@id\":\"https:\/\/webalkans.eu\/me\/#organization\"},\"potentialAction\":[{\"@type\":\"SearchAction\",\"target\":{\"@type\":\"EntryPoint\",\"urlTemplate\":\"https:\/\/webalkans.eu\/me\/?s={search_term_string}\"},\"query-input\":{\"@type\":\"PropertyValueSpecification\",\"valueRequired\":true,\"valueName\":\"search_term_string\"}}],\"inLanguage\":\"me-ME\"},{\"@type\":\"Organization\",\"@id\":\"https:\/\/webalkans.eu\/me\/#organization\",\"name\":\"European Union\",\"url\":\"https:\/\/webalkans.eu\/me\/\",\"logo\":{\"@type\":\"ImageObject\",\"inLanguage\":\"me-ME\",\"@id\":\"https:\/\/webalkans.eu\/me\/#\/schema\/logo\/image\/\",\"url\":\"https:\/\/webalkans.eu\/wp-content\/uploads\/2020\/11\/eu_flag.jpg\",\"contentUrl\":\"https:\/\/webalkans.eu\/wp-content\/uploads\/2020\/11\/eu_flag.jpg\",\"width\":600,\"height\":401,\"caption\":\"European Union\"},\"image\":{\"@id\":\"https:\/\/webalkans.eu\/me\/#\/schema\/logo\/image\/\"},\"sameAs\":[\"https:\/\/www.facebook.com\/webalkans.eu\",\"https:\/\/x.com\/WeBalkans\"]},{\"@type\":\"Person\",\"@id\":\"https:\/\/webalkans.eu\/me\/#\/schema\/person\/95a8ea19ef21de3b7766e9b65ffdb4da\",\"name\":\"007designstudio@gmail.com\"}]}<\/script>\n<!-- \/ Yoast SEO plugin. -->","yoast_head_json":{"title":"Prijavite se sada za drugi poziv za doma\u0107ine rezidencijala u okviru Culture Moves Europe News | WeBalkans","description":"Prijavite se sada za drugi poziv za doma\u0107ine rezidencijala u okviru Culture Moves Europe","robots":{"index":"index","follow":"follow","max-snippet":"max-snippet:-1","max-image-preview":"max-image-preview:large","max-video-preview":"max-video-preview:-1"},"canonical":"https:\/\/webalkans.eu\/me\/news\/apply-now-for-second-call-for-residency-hosts-under-culture-moves-europe\/","og_locale":"en_US","og_type":"article","og_title":"Prijavite se sada za drugi poziv za doma\u0107ine rezidencijala u okviru Culture Moves Europe News | WeBalkans","og_description":"Prijavite se sada za drugi poziv za doma\u0107ine rezidencijala u okviru Culture Moves Europe","og_url":"https:\/\/webalkans.eu\/me\/news\/apply-now-for-second-call-for-residency-hosts-under-culture-moves-europe\/","og_site_name":"WeBalkans | EU Projects in the Western Balkans","article_publisher":"https:\/\/www.facebook.com\/webalkans.eu","article_published_time":"2023-10-20T08:24:01+00:00","article_modified_time":"2023-11-01T12:06:17+00:00","og_image":[{"width":1380,"height":776,"url":"https:\/\/webalkans.eu\/wp-content\/uploads\/2023\/10\/7.png","type":"image\/png"}],"author":"007designstudio@gmail.com","twitter_card":"summary_large_image","twitter_creator":"@WeBalkans","twitter_site":"@WeBalkans","twitter_misc":{"Written by":"007designstudio@gmail.com","Est. reading time":"1 minute"},"schema":{"@context":"https:\/\/schema.org","@graph":[{"@type":"Article","@id":"https:\/\/webalkans.eu\/me\/news\/apply-now-for-second-call-for-residency-hosts-under-culture-moves-europe\/#article","isPartOf":{"@id":"https:\/\/webalkans.eu\/me\/news\/apply-now-for-second-call-for-residency-hosts-under-culture-moves-europe\/"},"author":{"name":"007designstudio@gmail.com","@id":"https:\/\/webalkans.eu\/me\/#\/schema\/person\/95a8ea19ef21de3b7766e9b65ffdb4da"},"headline":"Prijavite se sada za drugi poziv za doma\u0107ine rezidencijala u okviru Culture Moves Europe","datePublished":"2023-10-20T08:24:01+00:00","dateModified":"2023-11-01T12:06:17+00:00","mainEntityOfPage":{"@id":"https:\/\/webalkans.eu\/me\/news\/apply-now-for-second-call-for-residency-hosts-under-culture-moves-europe\/"},"wordCount":309,"publisher":{"@id":"https:\/\/webalkans.eu\/me\/#organization"},"image":{"@id":"https:\/\/webalkans.eu\/me\/news\/apply-now-for-second-call-for-residency-hosts-under-culture-moves-europe\/#primaryimage"},"thumbnailUrl":"https:\/\/webalkans.eu\/wp-content\/uploads\/2023\/10\/7.png","inLanguage":"me-ME"},{"@type":"WebPage","@id":"https:\/\/webalkans.eu\/me\/news\/apply-now-for-second-call-for-residency-hosts-under-culture-moves-europe\/","url":"https:\/\/webalkans.eu\/me\/news\/apply-now-for-second-call-for-residency-hosts-under-culture-moves-europe\/","name":"Prijavite se sada za drugi poziv za doma\u0107ine rezidencijala u okviru Culture Moves Europe News | WeBalkans","isPartOf":{"@id":"https:\/\/webalkans.eu\/me\/#website"},"primaryImageOfPage":{"@id":"https:\/\/webalkans.eu\/me\/news\/apply-now-for-second-call-for-residency-hosts-under-culture-moves-europe\/#primaryimage"},"image":{"@id":"https:\/\/webalkans.eu\/me\/news\/apply-now-for-second-call-for-residency-hosts-under-culture-moves-europe\/#primaryimage"},"thumbnailUrl":"https:\/\/webalkans.eu\/wp-content\/uploads\/2023\/10\/7.png","datePublished":"2023-10-20T08:24:01+00:00","dateModified":"2023-11-01T12:06:17+00:00","description":"Prijavite se sada za drugi poziv za doma\u0107ine rezidencijala u okviru Culture Moves Europe","breadcrumb":{"@id":"https:\/\/webalkans.eu\/me\/news\/apply-now-for-second-call-for-residency-hosts-under-culture-moves-europe\/#breadcrumb"},"inLanguage":"me-ME","potentialAction":[{"@type":"ReadAction","target":["https:\/\/webalkans.eu\/me\/news\/apply-now-for-second-call-for-residency-hosts-under-culture-moves-europe\/"]}]},{"@type":"ImageObject","inLanguage":"me-ME","@id":"https:\/\/webalkans.eu\/me\/news\/apply-now-for-second-call-for-residency-hosts-under-culture-moves-europe\/#primaryimage","url":"https:\/\/webalkans.eu\/wp-content\/uploads\/2023\/10\/7.png","contentUrl":"https:\/\/webalkans.eu\/wp-content\/uploads\/2023\/10\/7.png","width":1380,"height":776},{"@type":"BreadcrumbList","@id":"https:\/\/webalkans.eu\/me\/news\/apply-now-for-second-call-for-residency-hosts-under-culture-moves-europe\/#breadcrumb","itemListElement":[{"@type":"ListItem","position":1,"name":"Home","item":"https:\/\/webalkans.eu\/me\/homepage\/"},{"@type":"ListItem","position":2,"name":"Prijavite se sada za drugi poziv za doma\u0107ine rezidencijala u okviru Culture Moves Europe"}]},{"@type":"WebSite","@id":"https:\/\/webalkans.eu\/me\/#website","url":"https:\/\/webalkans.eu\/me\/","name":"WeBalkans | EU Projects in the Western Balkans","description":"","publisher":{"@id":"https:\/\/webalkans.eu\/me\/#organization"},"potentialAction":[{"@type":"SearchAction","target":{"@type":"EntryPoint","urlTemplate":"https:\/\/webalkans.eu\/me\/?s={search_term_string}"},"query-input":{"@type":"PropertyValueSpecification","valueRequired":true,"valueName":"search_term_string"}}],"inLanguage":"me-ME"},{"@type":"Organization","@id":"https:\/\/webalkans.eu\/me\/#organization","name":"European Union","url":"https:\/\/webalkans.eu\/me\/","logo":{"@type":"ImageObject","inLanguage":"me-ME","@id":"https:\/\/webalkans.eu\/me\/#\/schema\/logo\/image\/","url":"https:\/\/webalkans.eu\/wp-content\/uploads\/2020\/11\/eu_flag.jpg","contentUrl":"https:\/\/webalkans.eu\/wp-content\/uploads\/2020\/11\/eu_flag.jpg","width":600,"height":401,"caption":"European Union"},"image":{"@id":"https:\/\/webalkans.eu\/me\/#\/schema\/logo\/image\/"},"sameAs":["https:\/\/www.facebook.com\/webalkans.eu","https:\/\/x.com\/WeBalkans"]},{"@type":"Person","@id":"https:\/\/webalkans.eu\/me\/#\/schema\/person\/95a8ea19ef21de3b7766e9b65ffdb4da","name":"007designstudio@gmail.com"}]}},"_links":{"self":[{"href":"https:\/\/webalkans.eu\/me\/wp-json\/wp\/v2\/posts\/1222072"}],"collection":[{"href":"https:\/\/webalkans.eu\/me\/wp-json\/wp\/v2\/posts"}],"about":[{"href":"https:\/\/webalkans.eu\/me\/wp-json\/wp\/v2\/types\/post"}],"author":[{"embeddable":true,"href":"https:\/\/webalkans.eu\/me\/wp-json\/wp\/v2\/users\/152227"}],"replies":[{"embeddable":true,"href":"https:\/\/webalkans.eu\/me\/wp-json\/wp\/v2\/comments?post=1222072"}],"version-history":[{"count":0,"href":"https:\/\/webalkans.eu\/me\/wp-json\/wp\/v2\/posts\/1222072\/revisions"}],"wp:featuredmedia":[{"embeddable":true,"href":"https:\/\/webalkans.eu\/me\/wp-json\/wp\/v2\/media\/1214721"}],"wp:attachment":[{"href":"https:\/\/webalkans.eu\/me\/wp-json\/wp\/v2\/media?parent=1222072"}],"wp:term":[{"taxonomy":"country-for-news","embeddable":true,"href":"https:\/\/webalkans.eu\/me\/wp-json\/wp\/v2\/country-for-news?post=1222072"}],"curies":[{"name":"wp","href":"https:\/\/api.w.org\/{rel}","templated":true}]}}