
{"id":1158627,"date":"2023-06-07T17:36:47","date_gmt":"2023-06-07T15:36:47","guid":{"rendered":"https:\/\/webalkans.eu\/news\/no-borders-orchestra-is-the-champion-of-regional-cooperation-for-2022\/"},"modified":"2023-07-06T16:43:09","modified_gmt":"2023-07-06T14:43:09","slug":"no-borders-orchestra-is-the-champion-of-regional-cooperation-for-2022","status":"publish","type":"post","link":"https:\/\/webalkans.eu\/me\/news\/no-borders-orchestra-is-the-champion-of-regional-cooperation-for-2022\/","title":{"rendered":"Orkestar No Borders \u0161ampion regionalne saradnje za 2022. godinu"},"content":{"rendered":"<div>\n<p><span lang=\"EN-GB\">Savjet za regionalnu saradnju (RCC) i Savezno ministarstvo za evropske i me\u0111unarodne poslove Republike Austrije (BMEIA) objavili su da je dobitnik nagrade \u0160ampion regionalne saradnje dr Erhard Busek za 2022. godinu <\/span><span lang=\"SR-LATN-ME\">No Borders O<\/span><span lang=\"EN-GB\">rkestar (NBO).<\/span><\/p>\n<p>&nbsp;<\/p>\n<\/div>\n<div>\n<p><span lang=\"EN-GB\">Me\u0111u brojnim nominovanim kandidatima ove godine, \u017eiri u sastavu Goran Svilanovi\u0107, biv\u0161i generalni sekretar RCC-a; Asja Krsmanovi\u0107, menad\u017eerka takmi\u010darskog programa Sarajevo Film Festivala; i Umut Ergezer, koordinator strategije RCC SEE 2030\/vi\u0161i analiti\u010dar ekonomske politike, jednoglasno su izabrali NBO za pobjednika za 2022. Osvaja\u010d ove presti\u017ene titule \u0107e dobiti finansijsku nagradu u iznosu od 5.000 eura. Zahvaljujemo se velikom broju nominovanih i \u017eelimo im sre\u0107u sljede\u0107e godine.<\/span><\/p>\n<p>&nbsp;<\/p>\n<\/div>\n<div>\n<p><span lang=\"EN-GB\">\u0160ampion regionalne saradnje je godi\u0161nja nagrada koju je inaugurisao RCC u februaru 2013. povodom obilje\u017eavanja 5. godi\u0161njice organizacije. 2022. godine, u saradnji sa BMEIA-om, nagrada je promijenila naslov u \u0160ampion regionalne saradnje dr Erhard Busek, posthumno odaju\u0107i po\u010dast gospodinu Buseku koji je bio specijalni koordinator Pakta stabilnosti za jugoisto\u010dnu Evropu, prethodnika RCC-a, ali i nepokolebljivi zagovornik Zapadnog Balkana i strastveni zagovornik integracije regiona u Evropsku uniju.<\/span><\/p>\n<\/div>\n","protected":false},"excerpt":{"rendered":"<p>Savjet za regionalnu saradnju (RCC) i Savezno ministarstvo za evropske i me\u0111unarodne poslove Republike Austrije (BMEIA) objavili su da je dobitnik nagrade \u0160ampion regionalne saradnje <\/p>\n","protected":false},"author":152227,"featured_media":1133709,"comment_status":"closed","ping_status":"closed","sticky":false,"template":"","format":"standard","meta":{"_acf_changed":false,"_monsterinsights_skip_tracking":false,"_monsterinsights_sitenote_active":false,"_monsterinsights_sitenote_note":"","_monsterinsights_sitenote_category":0,"footnotes":""},"country-for-news":[417,424,427,434,435,444],"class_list":["post-1158627","post","type-post","status-publish","format-standard","has-post-thumbnail","hentry","wb_theme-regional-cooperation","country-for-news-albania","country-for-news-bosnia-and-herzegovina","country-for-news-kosovo","country-for-news-montenegro","country-for-news-north-macedonia","country-for-news-serbia"],"acf":[],"yoast_head":"<!-- This site is optimized with the Yoast SEO plugin v25.3.1 - https:\/\/yoast.com\/wordpress\/plugins\/seo\/ -->\n<title>Orkestar No Borders \u0161ampion regionalne saradnje za 2022. godinu News | WeBalkans<\/title>\n<meta name=\"description\" content=\"Orkestar No Borders \u0161ampion regionalne saradnje za 2022. godinu\" \/>\n<meta name=\"robots\" content=\"index, follow, max-snippet:-1, max-image-preview:large, max-video-preview:-1\" \/>\n<link rel=\"canonical\" href=\"https:\/\/webalkans.eu\/me\/news\/no-borders-orchestra-is-the-champion-of-regional-cooperation-for-2022\/\" \/>\n<meta property=\"og:locale\" content=\"en_US\" \/>\n<meta property=\"og:type\" content=\"article\" \/>\n<meta property=\"og:title\" content=\"Orkestar No Borders \u0161ampion regionalne saradnje za 2022. godinu News | WeBalkans\" \/>\n<meta property=\"og:description\" content=\"Orkestar No Borders \u0161ampion regionalne saradnje za 2022. godinu\" \/>\n<meta property=\"og:url\" content=\"https:\/\/webalkans.eu\/me\/news\/no-borders-orchestra-is-the-champion-of-regional-cooperation-for-2022\/\" \/>\n<meta property=\"og:site_name\" content=\"WeBalkans | EU Projects in the Western Balkans\" \/>\n<meta property=\"article:publisher\" content=\"https:\/\/www.facebook.com\/webalkans.eu\" \/>\n<meta property=\"article:published_time\" content=\"2023-06-07T15:36:47+00:00\" \/>\n<meta property=\"article:modified_time\" content=\"2023-07-06T14:43:09+00:00\" \/>\n<meta property=\"og:image\" content=\"https:\/\/webalkans.eu\/wp-content\/uploads\/2023\/06\/8.jpeg\" \/>\n\t<meta property=\"og:image:width\" content=\"1620\" \/>\n\t<meta property=\"og:image:height\" content=\"1080\" \/>\n\t<meta property=\"og:image:type\" content=\"image\/jpeg\" \/>\n<meta name=\"author\" content=\"007designstudio@gmail.com\" \/>\n<meta name=\"twitter:card\" content=\"summary_large_image\" \/>\n<meta name=\"twitter:creator\" content=\"@WeBalkans\" \/>\n<meta name=\"twitter:site\" content=\"@WeBalkans\" \/>\n<meta name=\"twitter:label1\" content=\"Written by\" \/>\n\t<meta name=\"twitter:data1\" content=\"007designstudio@gmail.com\" \/>\n\t<meta name=\"twitter:label2\" content=\"Est. reading time\" \/>\n\t<meta name=\"twitter:data2\" content=\"1 minute\" \/>\n<script type=\"application\/ld+json\" class=\"yoast-schema-graph\">{\"@context\":\"https:\/\/schema.org\",\"@graph\":[{\"@type\":\"Article\",\"@id\":\"https:\/\/webalkans.eu\/me\/news\/no-borders-orchestra-is-the-champion-of-regional-cooperation-for-2022\/#article\",\"isPartOf\":{\"@id\":\"https:\/\/webalkans.eu\/me\/news\/no-borders-orchestra-is-the-champion-of-regional-cooperation-for-2022\/\"},\"author\":{\"name\":\"007designstudio@gmail.com\",\"@id\":\"https:\/\/webalkans.eu\/me\/#\/schema\/person\/95a8ea19ef21de3b7766e9b65ffdb4da\"},\"headline\":\"Orkestar No Borders \u0161ampion regionalne saradnje za 2022. godinu\",\"datePublished\":\"2023-06-07T15:36:47+00:00\",\"dateModified\":\"2023-07-06T14:43:09+00:00\",\"mainEntityOfPage\":{\"@id\":\"https:\/\/webalkans.eu\/me\/news\/no-borders-orchestra-is-the-champion-of-regional-cooperation-for-2022\/\"},\"wordCount\":188,\"publisher\":{\"@id\":\"https:\/\/webalkans.eu\/me\/#organization\"},\"image\":{\"@id\":\"https:\/\/webalkans.eu\/me\/news\/no-borders-orchestra-is-the-champion-of-regional-cooperation-for-2022\/#primaryimage\"},\"thumbnailUrl\":\"https:\/\/webalkans.eu\/wp-content\/uploads\/2023\/06\/8.jpeg\",\"inLanguage\":\"me-ME\"},{\"@type\":\"WebPage\",\"@id\":\"https:\/\/webalkans.eu\/me\/news\/no-borders-orchestra-is-the-champion-of-regional-cooperation-for-2022\/\",\"url\":\"https:\/\/webalkans.eu\/me\/news\/no-borders-orchestra-is-the-champion-of-regional-cooperation-for-2022\/\",\"name\":\"Orkestar No Borders \u0161ampion regionalne saradnje za 2022. godinu News | WeBalkans\",\"isPartOf\":{\"@id\":\"https:\/\/webalkans.eu\/me\/#website\"},\"primaryImageOfPage\":{\"@id\":\"https:\/\/webalkans.eu\/me\/news\/no-borders-orchestra-is-the-champion-of-regional-cooperation-for-2022\/#primaryimage\"},\"image\":{\"@id\":\"https:\/\/webalkans.eu\/me\/news\/no-borders-orchestra-is-the-champion-of-regional-cooperation-for-2022\/#primaryimage\"},\"thumbnailUrl\":\"https:\/\/webalkans.eu\/wp-content\/uploads\/2023\/06\/8.jpeg\",\"datePublished\":\"2023-06-07T15:36:47+00:00\",\"dateModified\":\"2023-07-06T14:43:09+00:00\",\"description\":\"Orkestar No Borders \u0161ampion regionalne saradnje za 2022. godinu\",\"breadcrumb\":{\"@id\":\"https:\/\/webalkans.eu\/me\/news\/no-borders-orchestra-is-the-champion-of-regional-cooperation-for-2022\/#breadcrumb\"},\"inLanguage\":\"me-ME\",\"potentialAction\":[{\"@type\":\"ReadAction\",\"target\":[\"https:\/\/webalkans.eu\/me\/news\/no-borders-orchestra-is-the-champion-of-regional-cooperation-for-2022\/\"]}]},{\"@type\":\"ImageObject\",\"inLanguage\":\"me-ME\",\"@id\":\"https:\/\/webalkans.eu\/me\/news\/no-borders-orchestra-is-the-champion-of-regional-cooperation-for-2022\/#primaryimage\",\"url\":\"https:\/\/webalkans.eu\/wp-content\/uploads\/2023\/06\/8.jpeg\",\"contentUrl\":\"https:\/\/webalkans.eu\/wp-content\/uploads\/2023\/06\/8.jpeg\",\"width\":1620,\"height\":1080},{\"@type\":\"BreadcrumbList\",\"@id\":\"https:\/\/webalkans.eu\/me\/news\/no-borders-orchestra-is-the-champion-of-regional-cooperation-for-2022\/#breadcrumb\",\"itemListElement\":[{\"@type\":\"ListItem\",\"position\":1,\"name\":\"Home\",\"item\":\"https:\/\/webalkans.eu\/me\/homepage\/\"},{\"@type\":\"ListItem\",\"position\":2,\"name\":\"Orkestar No Borders \u0161ampion regionalne saradnje za 2022. godinu\"}]},{\"@type\":\"WebSite\",\"@id\":\"https:\/\/webalkans.eu\/me\/#website\",\"url\":\"https:\/\/webalkans.eu\/me\/\",\"name\":\"WeBalkans | EU Projects in the Western Balkans\",\"description\":\"\",\"publisher\":{\"@id\":\"https:\/\/webalkans.eu\/me\/#organization\"},\"potentialAction\":[{\"@type\":\"SearchAction\",\"target\":{\"@type\":\"EntryPoint\",\"urlTemplate\":\"https:\/\/webalkans.eu\/me\/?s={search_term_string}\"},\"query-input\":{\"@type\":\"PropertyValueSpecification\",\"valueRequired\":true,\"valueName\":\"search_term_string\"}}],\"inLanguage\":\"me-ME\"},{\"@type\":\"Organization\",\"@id\":\"https:\/\/webalkans.eu\/me\/#organization\",\"name\":\"European Union\",\"url\":\"https:\/\/webalkans.eu\/me\/\",\"logo\":{\"@type\":\"ImageObject\",\"inLanguage\":\"me-ME\",\"@id\":\"https:\/\/webalkans.eu\/me\/#\/schema\/logo\/image\/\",\"url\":\"https:\/\/webalkans.eu\/wp-content\/uploads\/2020\/11\/eu_flag.jpg\",\"contentUrl\":\"https:\/\/webalkans.eu\/wp-content\/uploads\/2020\/11\/eu_flag.jpg\",\"width\":600,\"height\":401,\"caption\":\"European Union\"},\"image\":{\"@id\":\"https:\/\/webalkans.eu\/me\/#\/schema\/logo\/image\/\"},\"sameAs\":[\"https:\/\/www.facebook.com\/webalkans.eu\",\"https:\/\/x.com\/WeBalkans\"]},{\"@type\":\"Person\",\"@id\":\"https:\/\/webalkans.eu\/me\/#\/schema\/person\/95a8ea19ef21de3b7766e9b65ffdb4da\",\"name\":\"007designstudio@gmail.com\"}]}<\/script>\n<!-- \/ Yoast SEO plugin. -->","yoast_head_json":{"title":"Orkestar No Borders \u0161ampion regionalne saradnje za 2022. godinu News | WeBalkans","description":"Orkestar No Borders \u0161ampion regionalne saradnje za 2022. godinu","robots":{"index":"index","follow":"follow","max-snippet":"max-snippet:-1","max-image-preview":"max-image-preview:large","max-video-preview":"max-video-preview:-1"},"canonical":"https:\/\/webalkans.eu\/me\/news\/no-borders-orchestra-is-the-champion-of-regional-cooperation-for-2022\/","og_locale":"en_US","og_type":"article","og_title":"Orkestar No Borders \u0161ampion regionalne saradnje za 2022. godinu News | WeBalkans","og_description":"Orkestar No Borders \u0161ampion regionalne saradnje za 2022. godinu","og_url":"https:\/\/webalkans.eu\/me\/news\/no-borders-orchestra-is-the-champion-of-regional-cooperation-for-2022\/","og_site_name":"WeBalkans | EU Projects in the Western Balkans","article_publisher":"https:\/\/www.facebook.com\/webalkans.eu","article_published_time":"2023-06-07T15:36:47+00:00","article_modified_time":"2023-07-06T14:43:09+00:00","og_image":[{"width":1620,"height":1080,"url":"https:\/\/webalkans.eu\/wp-content\/uploads\/2023\/06\/8.jpeg","type":"image\/jpeg"}],"author":"007designstudio@gmail.com","twitter_card":"summary_large_image","twitter_creator":"@WeBalkans","twitter_site":"@WeBalkans","twitter_misc":{"Written by":"007designstudio@gmail.com","Est. reading time":"1 minute"},"schema":{"@context":"https:\/\/schema.org","@graph":[{"@type":"Article","@id":"https:\/\/webalkans.eu\/me\/news\/no-borders-orchestra-is-the-champion-of-regional-cooperation-for-2022\/#article","isPartOf":{"@id":"https:\/\/webalkans.eu\/me\/news\/no-borders-orchestra-is-the-champion-of-regional-cooperation-for-2022\/"},"author":{"name":"007designstudio@gmail.com","@id":"https:\/\/webalkans.eu\/me\/#\/schema\/person\/95a8ea19ef21de3b7766e9b65ffdb4da"},"headline":"Orkestar No Borders \u0161ampion regionalne saradnje za 2022. godinu","datePublished":"2023-06-07T15:36:47+00:00","dateModified":"2023-07-06T14:43:09+00:00","mainEntityOfPage":{"@id":"https:\/\/webalkans.eu\/me\/news\/no-borders-orchestra-is-the-champion-of-regional-cooperation-for-2022\/"},"wordCount":188,"publisher":{"@id":"https:\/\/webalkans.eu\/me\/#organization"},"image":{"@id":"https:\/\/webalkans.eu\/me\/news\/no-borders-orchestra-is-the-champion-of-regional-cooperation-for-2022\/#primaryimage"},"thumbnailUrl":"https:\/\/webalkans.eu\/wp-content\/uploads\/2023\/06\/8.jpeg","inLanguage":"me-ME"},{"@type":"WebPage","@id":"https:\/\/webalkans.eu\/me\/news\/no-borders-orchestra-is-the-champion-of-regional-cooperation-for-2022\/","url":"https:\/\/webalkans.eu\/me\/news\/no-borders-orchestra-is-the-champion-of-regional-cooperation-for-2022\/","name":"Orkestar No Borders \u0161ampion regionalne saradnje za 2022. godinu News | WeBalkans","isPartOf":{"@id":"https:\/\/webalkans.eu\/me\/#website"},"primaryImageOfPage":{"@id":"https:\/\/webalkans.eu\/me\/news\/no-borders-orchestra-is-the-champion-of-regional-cooperation-for-2022\/#primaryimage"},"image":{"@id":"https:\/\/webalkans.eu\/me\/news\/no-borders-orchestra-is-the-champion-of-regional-cooperation-for-2022\/#primaryimage"},"thumbnailUrl":"https:\/\/webalkans.eu\/wp-content\/uploads\/2023\/06\/8.jpeg","datePublished":"2023-06-07T15:36:47+00:00","dateModified":"2023-07-06T14:43:09+00:00","description":"Orkestar No Borders \u0161ampion regionalne saradnje za 2022. godinu","breadcrumb":{"@id":"https:\/\/webalkans.eu\/me\/news\/no-borders-orchestra-is-the-champion-of-regional-cooperation-for-2022\/#breadcrumb"},"inLanguage":"me-ME","potentialAction":[{"@type":"ReadAction","target":["https:\/\/webalkans.eu\/me\/news\/no-borders-orchestra-is-the-champion-of-regional-cooperation-for-2022\/"]}]},{"@type":"ImageObject","inLanguage":"me-ME","@id":"https:\/\/webalkans.eu\/me\/news\/no-borders-orchestra-is-the-champion-of-regional-cooperation-for-2022\/#primaryimage","url":"https:\/\/webalkans.eu\/wp-content\/uploads\/2023\/06\/8.jpeg","contentUrl":"https:\/\/webalkans.eu\/wp-content\/uploads\/2023\/06\/8.jpeg","width":1620,"height":1080},{"@type":"BreadcrumbList","@id":"https:\/\/webalkans.eu\/me\/news\/no-borders-orchestra-is-the-champion-of-regional-cooperation-for-2022\/#breadcrumb","itemListElement":[{"@type":"ListItem","position":1,"name":"Home","item":"https:\/\/webalkans.eu\/me\/homepage\/"},{"@type":"ListItem","position":2,"name":"Orkestar No Borders \u0161ampion regionalne saradnje za 2022. godinu"}]},{"@type":"WebSite","@id":"https:\/\/webalkans.eu\/me\/#website","url":"https:\/\/webalkans.eu\/me\/","name":"WeBalkans | EU Projects in the Western Balkans","description":"","publisher":{"@id":"https:\/\/webalkans.eu\/me\/#organization"},"potentialAction":[{"@type":"SearchAction","target":{"@type":"EntryPoint","urlTemplate":"https:\/\/webalkans.eu\/me\/?s={search_term_string}"},"query-input":{"@type":"PropertyValueSpecification","valueRequired":true,"valueName":"search_term_string"}}],"inLanguage":"me-ME"},{"@type":"Organization","@id":"https:\/\/webalkans.eu\/me\/#organization","name":"European Union","url":"https:\/\/webalkans.eu\/me\/","logo":{"@type":"ImageObject","inLanguage":"me-ME","@id":"https:\/\/webalkans.eu\/me\/#\/schema\/logo\/image\/","url":"https:\/\/webalkans.eu\/wp-content\/uploads\/2020\/11\/eu_flag.jpg","contentUrl":"https:\/\/webalkans.eu\/wp-content\/uploads\/2020\/11\/eu_flag.jpg","width":600,"height":401,"caption":"European Union"},"image":{"@id":"https:\/\/webalkans.eu\/me\/#\/schema\/logo\/image\/"},"sameAs":["https:\/\/www.facebook.com\/webalkans.eu","https:\/\/x.com\/WeBalkans"]},{"@type":"Person","@id":"https:\/\/webalkans.eu\/me\/#\/schema\/person\/95a8ea19ef21de3b7766e9b65ffdb4da","name":"007designstudio@gmail.com"}]}},"_links":{"self":[{"href":"https:\/\/webalkans.eu\/me\/wp-json\/wp\/v2\/posts\/1158627"}],"collection":[{"href":"https:\/\/webalkans.eu\/me\/wp-json\/wp\/v2\/posts"}],"about":[{"href":"https:\/\/webalkans.eu\/me\/wp-json\/wp\/v2\/types\/post"}],"author":[{"embeddable":true,"href":"https:\/\/webalkans.eu\/me\/wp-json\/wp\/v2\/users\/152227"}],"replies":[{"embeddable":true,"href":"https:\/\/webalkans.eu\/me\/wp-json\/wp\/v2\/comments?post=1158627"}],"version-history":[{"count":0,"href":"https:\/\/webalkans.eu\/me\/wp-json\/wp\/v2\/posts\/1158627\/revisions"}],"wp:featuredmedia":[{"embeddable":true,"href":"https:\/\/webalkans.eu\/me\/wp-json\/wp\/v2\/media\/1133709"}],"wp:attachment":[{"href":"https:\/\/webalkans.eu\/me\/wp-json\/wp\/v2\/media?parent=1158627"}],"wp:term":[{"taxonomy":"country-for-news","embeddable":true,"href":"https:\/\/webalkans.eu\/me\/wp-json\/wp\/v2\/country-for-news?post=1158627"}],"curies":[{"name":"wp","href":"https:\/\/api.w.org\/{rel}","templated":true}]}}