
{"id":1115308,"date":"2023-05-10T13:20:37","date_gmt":"2023-05-10T11:20:37","guid":{"rendered":"https:\/\/webalkans.eu\/news\/calls-opens-for-eu-investigative-journalism-award-2023\/"},"modified":"2023-05-17T17:25:44","modified_gmt":"2023-05-17T15:25:44","slug":"calls-opens-for-eu-investigative-journalism-award-2023","status":"publish","type":"post","link":"https:\/\/webalkans.eu\/me\/news\/calls-opens-for-eu-investigative-journalism-award-2023\/","title":{"rendered":"Otvoren poziv za nagradu EU za istra\u017eiva\u010dko novinarstvo 2023"},"content":{"rendered":"<div>\n<p><span lang=\"EN-US\">Nagrada EU za istra\u017eiva\u010dko novinarstvo 2023. sada prima prijave. Jo\u0161 jednom, presti\u017ena nagrada slavi najbolje istra\u017eiva\u010dke pri\u010de objavljene u prethodnoj kalendarskoj godini i otvorena je za novinare sa Zapadnog Balkana i Turske.<\/span><\/p>\n<p>&nbsp;<\/p>\n<\/div>\n<div>\n<p><span lang=\"EN-US\">Ove godine, kao i nacionalne nagrade, Nagrada EU uvodi regionalnu nagradu za najbolje pri\u010de iz \u010ditavog regiona na osnovu jasno definisanih kriterijuma. Ova nova kategorija je uzbudljiv razvoj koji c\u0301e podstac\u0301i novinare da razmi\u0161ljaju izvan nacionalnih granica i da se pozabave pitanjima koja uti\u010du na cijeli region.<\/span><\/p>\n<p>&nbsp;<\/p>\n<\/div>\n<div>\n<p><span lang=\"EN-US\">Godi\u0161nji fond nagrada za svaku od zemalja je 10.000 eura, a nagradni fond za regionalne nagrade je tako\u0111e 10.000 eura. Biraju se tri najbolje pri\u010de godine, a iznos za nacionalne i regionalne nagrade je 5.000 eura (prvo mjesto), 3.000 (drugo) i 2.000 (trec\u0301e).<\/span><\/p>\n<p>&nbsp;<\/p>\n<\/div>\n<div>\n<p><span lang=\"EN-US\">Pri\u010de koje mogu biti nominovane treba da doprinesu slobodi izra\u017eavanja, vladavini prava i transparentnosti. Trebalo bi da pokrivaju razli\u010dite teme koje uti\u010du na nacionalnu i regionalnu ekonomiju, izazove procesa evropskih integracija zemalja i pitanja kao \u0161to su organizovani kriminal, korupcija, porast ekstremizma, razli\u010diti oblici stranog uticaja, kr\u0161enja ljudskih prava, uklju\u010dujuc\u0301i ona u digitalnoj sferi, kao i druge teme sa kojima ina\u010de javnost ne bi bila upoznata.<\/span><\/p>\n<p>&nbsp;<\/p>\n<\/div>\n<div>\n<p><span lang=\"EN-US\">Prijave mogu biti nominovane za nacionalnu ili regionalnu nagradu, ili za obije, a ova moguc\u0301nost se nudi kroz sam obrazac za prijavu. Dodatno, jedan kandidat se mo\u017ee prijaviti na konkurs sa vi\u0161e pri\u010da.<\/span><\/p>\n<p>&nbsp;<\/p>\n<\/div>\n<div>\n<p><span lang=\"EN-US\">Dobitnici nacionalnih nagrada u regionu Zapadnog Balkana i Turske automatski postaju kandidati za regionalnu nagradu EU za istra\u017eiva\u010dko novinarstvo, ako je to u njihovoj prijavi. \u017diri za dodjelu nacionalnih i regionalnih nagrada \u010dine domac\u0301i i me\u0111unarodni medijski stru\u010dnjaci, urednici, \u010dlanovi akademske zajednice i zaslu\u017eni novinari.<\/span><\/p>\n<\/div>\n","protected":false},"excerpt":{"rendered":"<p>Nagrada EU za istra\u017eiva\u010dko novinarstvo 2023. sada prima prijave. Jo\u0161 jednom, presti\u017ena nagrada slavi najbolje istra\u017eiva\u010dke pri\u010de objavljene u prethodnoj kalendarskoj godini i otvorena je <\/p>\n","protected":false},"author":152227,"featured_media":1109819,"comment_status":"closed","ping_status":"closed","sticky":false,"template":"","format":"standard","meta":{"_acf_changed":false,"_monsterinsights_skip_tracking":false,"_monsterinsights_sitenote_active":false,"_monsterinsights_sitenote_note":"","_monsterinsights_sitenote_category":0,"footnotes":""},"country-for-news":[417,424,427,434,435,444],"class_list":["post-1115308","post","type-post","status-publish","format-standard","has-post-thumbnail","hentry","wb_theme-democracy-and-fundamental-rights","country-for-news-albania","country-for-news-bosnia-and-herzegovina","country-for-news-kosovo","country-for-news-montenegro","country-for-news-north-macedonia","country-for-news-serbia"],"acf":[],"yoast_head":"<!-- This site is optimized with the Yoast SEO plugin v25.3.1 - https:\/\/yoast.com\/wordpress\/plugins\/seo\/ -->\n<title>Otvoren poziv za nagradu EU za istra\u017eiva\u010dko novinarstvo 2023 News | WeBalkans<\/title>\n<meta name=\"description\" content=\"Otvoren poziv za nagradu EU za istra\u017eiva\u010dko novinarstvo 2023\" \/>\n<meta name=\"robots\" content=\"index, follow, max-snippet:-1, max-image-preview:large, max-video-preview:-1\" \/>\n<link rel=\"canonical\" href=\"https:\/\/webalkans.eu\/me\/news\/calls-opens-for-eu-investigative-journalism-award-2023\/\" \/>\n<meta property=\"og:locale\" content=\"en_US\" \/>\n<meta property=\"og:type\" content=\"article\" \/>\n<meta property=\"og:title\" content=\"Otvoren poziv za nagradu EU za istra\u017eiva\u010dko novinarstvo 2023 News | WeBalkans\" \/>\n<meta property=\"og:description\" content=\"Otvoren poziv za nagradu EU za istra\u017eiva\u010dko novinarstvo 2023\" \/>\n<meta property=\"og:url\" content=\"https:\/\/webalkans.eu\/me\/news\/calls-opens-for-eu-investigative-journalism-award-2023\/\" \/>\n<meta property=\"og:site_name\" content=\"WeBalkans | EU Projects in the Western Balkans\" \/>\n<meta property=\"article:publisher\" content=\"https:\/\/www.facebook.com\/webalkans.eu\" \/>\n<meta property=\"article:published_time\" content=\"2023-05-10T11:20:37+00:00\" \/>\n<meta property=\"article:modified_time\" content=\"2023-05-17T15:25:44+00:00\" \/>\n<meta property=\"og:image\" content=\"https:\/\/webalkans.eu\/wp-content\/uploads\/2023\/05\/9.png\" \/>\n\t<meta property=\"og:image:width\" content=\"2000\" \/>\n\t<meta property=\"og:image:height\" content=\"1500\" \/>\n\t<meta property=\"og:image:type\" content=\"image\/png\" \/>\n<meta name=\"author\" content=\"007designstudio@gmail.com\" \/>\n<meta name=\"twitter:card\" content=\"summary_large_image\" \/>\n<meta name=\"twitter:creator\" content=\"@WeBalkans\" \/>\n<meta name=\"twitter:site\" content=\"@WeBalkans\" \/>\n<meta name=\"twitter:label1\" content=\"Written by\" \/>\n\t<meta name=\"twitter:data1\" content=\"007designstudio@gmail.com\" \/>\n\t<meta name=\"twitter:label2\" content=\"Est. reading time\" \/>\n\t<meta name=\"twitter:data2\" content=\"2 minutes\" \/>\n<script type=\"application\/ld+json\" class=\"yoast-schema-graph\">{\"@context\":\"https:\/\/schema.org\",\"@graph\":[{\"@type\":\"Article\",\"@id\":\"https:\/\/webalkans.eu\/me\/news\/calls-opens-for-eu-investigative-journalism-award-2023\/#article\",\"isPartOf\":{\"@id\":\"https:\/\/webalkans.eu\/me\/news\/calls-opens-for-eu-investigative-journalism-award-2023\/\"},\"author\":{\"name\":\"007designstudio@gmail.com\",\"@id\":\"https:\/\/webalkans.eu\/me\/#\/schema\/person\/95a8ea19ef21de3b7766e9b65ffdb4da\"},\"headline\":\"Otvoren poziv za nagradu EU za istra\u017eiva\u010dko novinarstvo 2023\",\"datePublished\":\"2023-05-10T11:20:37+00:00\",\"dateModified\":\"2023-05-17T15:25:44+00:00\",\"mainEntityOfPage\":{\"@id\":\"https:\/\/webalkans.eu\/me\/news\/calls-opens-for-eu-investigative-journalism-award-2023\/\"},\"wordCount\":309,\"publisher\":{\"@id\":\"https:\/\/webalkans.eu\/me\/#organization\"},\"image\":{\"@id\":\"https:\/\/webalkans.eu\/me\/news\/calls-opens-for-eu-investigative-journalism-award-2023\/#primaryimage\"},\"thumbnailUrl\":\"https:\/\/webalkans.eu\/wp-content\/uploads\/2023\/05\/9.png\",\"inLanguage\":\"me-ME\"},{\"@type\":\"WebPage\",\"@id\":\"https:\/\/webalkans.eu\/me\/news\/calls-opens-for-eu-investigative-journalism-award-2023\/\",\"url\":\"https:\/\/webalkans.eu\/me\/news\/calls-opens-for-eu-investigative-journalism-award-2023\/\",\"name\":\"Otvoren poziv za nagradu EU za istra\u017eiva\u010dko novinarstvo 2023 News | WeBalkans\",\"isPartOf\":{\"@id\":\"https:\/\/webalkans.eu\/me\/#website\"},\"primaryImageOfPage\":{\"@id\":\"https:\/\/webalkans.eu\/me\/news\/calls-opens-for-eu-investigative-journalism-award-2023\/#primaryimage\"},\"image\":{\"@id\":\"https:\/\/webalkans.eu\/me\/news\/calls-opens-for-eu-investigative-journalism-award-2023\/#primaryimage\"},\"thumbnailUrl\":\"https:\/\/webalkans.eu\/wp-content\/uploads\/2023\/05\/9.png\",\"datePublished\":\"2023-05-10T11:20:37+00:00\",\"dateModified\":\"2023-05-17T15:25:44+00:00\",\"description\":\"Otvoren poziv za nagradu EU za istra\u017eiva\u010dko novinarstvo 2023\",\"breadcrumb\":{\"@id\":\"https:\/\/webalkans.eu\/me\/news\/calls-opens-for-eu-investigative-journalism-award-2023\/#breadcrumb\"},\"inLanguage\":\"me-ME\",\"potentialAction\":[{\"@type\":\"ReadAction\",\"target\":[\"https:\/\/webalkans.eu\/me\/news\/calls-opens-for-eu-investigative-journalism-award-2023\/\"]}]},{\"@type\":\"ImageObject\",\"inLanguage\":\"me-ME\",\"@id\":\"https:\/\/webalkans.eu\/me\/news\/calls-opens-for-eu-investigative-journalism-award-2023\/#primaryimage\",\"url\":\"https:\/\/webalkans.eu\/wp-content\/uploads\/2023\/05\/9.png\",\"contentUrl\":\"https:\/\/webalkans.eu\/wp-content\/uploads\/2023\/05\/9.png\",\"width\":2000,\"height\":1500},{\"@type\":\"BreadcrumbList\",\"@id\":\"https:\/\/webalkans.eu\/me\/news\/calls-opens-for-eu-investigative-journalism-award-2023\/#breadcrumb\",\"itemListElement\":[{\"@type\":\"ListItem\",\"position\":1,\"name\":\"Home\",\"item\":\"https:\/\/webalkans.eu\/me\/homepage\/\"},{\"@type\":\"ListItem\",\"position\":2,\"name\":\"Otvoren poziv za nagradu EU za istra\u017eiva\u010dko novinarstvo 2023\"}]},{\"@type\":\"WebSite\",\"@id\":\"https:\/\/webalkans.eu\/me\/#website\",\"url\":\"https:\/\/webalkans.eu\/me\/\",\"name\":\"WeBalkans | EU Projects in the Western Balkans\",\"description\":\"\",\"publisher\":{\"@id\":\"https:\/\/webalkans.eu\/me\/#organization\"},\"potentialAction\":[{\"@type\":\"SearchAction\",\"target\":{\"@type\":\"EntryPoint\",\"urlTemplate\":\"https:\/\/webalkans.eu\/me\/?s={search_term_string}\"},\"query-input\":{\"@type\":\"PropertyValueSpecification\",\"valueRequired\":true,\"valueName\":\"search_term_string\"}}],\"inLanguage\":\"me-ME\"},{\"@type\":\"Organization\",\"@id\":\"https:\/\/webalkans.eu\/me\/#organization\",\"name\":\"European Union\",\"url\":\"https:\/\/webalkans.eu\/me\/\",\"logo\":{\"@type\":\"ImageObject\",\"inLanguage\":\"me-ME\",\"@id\":\"https:\/\/webalkans.eu\/me\/#\/schema\/logo\/image\/\",\"url\":\"https:\/\/webalkans.eu\/wp-content\/uploads\/2020\/11\/eu_flag.jpg\",\"contentUrl\":\"https:\/\/webalkans.eu\/wp-content\/uploads\/2020\/11\/eu_flag.jpg\",\"width\":600,\"height\":401,\"caption\":\"European Union\"},\"image\":{\"@id\":\"https:\/\/webalkans.eu\/me\/#\/schema\/logo\/image\/\"},\"sameAs\":[\"https:\/\/www.facebook.com\/webalkans.eu\",\"https:\/\/x.com\/WeBalkans\"]},{\"@type\":\"Person\",\"@id\":\"https:\/\/webalkans.eu\/me\/#\/schema\/person\/95a8ea19ef21de3b7766e9b65ffdb4da\",\"name\":\"007designstudio@gmail.com\"}]}<\/script>\n<!-- \/ Yoast SEO plugin. -->","yoast_head_json":{"title":"Otvoren poziv za nagradu EU za istra\u017eiva\u010dko novinarstvo 2023 News | WeBalkans","description":"Otvoren poziv za nagradu EU za istra\u017eiva\u010dko novinarstvo 2023","robots":{"index":"index","follow":"follow","max-snippet":"max-snippet:-1","max-image-preview":"max-image-preview:large","max-video-preview":"max-video-preview:-1"},"canonical":"https:\/\/webalkans.eu\/me\/news\/calls-opens-for-eu-investigative-journalism-award-2023\/","og_locale":"en_US","og_type":"article","og_title":"Otvoren poziv za nagradu EU za istra\u017eiva\u010dko novinarstvo 2023 News | WeBalkans","og_description":"Otvoren poziv za nagradu EU za istra\u017eiva\u010dko novinarstvo 2023","og_url":"https:\/\/webalkans.eu\/me\/news\/calls-opens-for-eu-investigative-journalism-award-2023\/","og_site_name":"WeBalkans | EU Projects in the Western Balkans","article_publisher":"https:\/\/www.facebook.com\/webalkans.eu","article_published_time":"2023-05-10T11:20:37+00:00","article_modified_time":"2023-05-17T15:25:44+00:00","og_image":[{"width":2000,"height":1500,"url":"https:\/\/webalkans.eu\/wp-content\/uploads\/2023\/05\/9.png","type":"image\/png"}],"author":"007designstudio@gmail.com","twitter_card":"summary_large_image","twitter_creator":"@WeBalkans","twitter_site":"@WeBalkans","twitter_misc":{"Written by":"007designstudio@gmail.com","Est. reading time":"2 minutes"},"schema":{"@context":"https:\/\/schema.org","@graph":[{"@type":"Article","@id":"https:\/\/webalkans.eu\/me\/news\/calls-opens-for-eu-investigative-journalism-award-2023\/#article","isPartOf":{"@id":"https:\/\/webalkans.eu\/me\/news\/calls-opens-for-eu-investigative-journalism-award-2023\/"},"author":{"name":"007designstudio@gmail.com","@id":"https:\/\/webalkans.eu\/me\/#\/schema\/person\/95a8ea19ef21de3b7766e9b65ffdb4da"},"headline":"Otvoren poziv za nagradu EU za istra\u017eiva\u010dko novinarstvo 2023","datePublished":"2023-05-10T11:20:37+00:00","dateModified":"2023-05-17T15:25:44+00:00","mainEntityOfPage":{"@id":"https:\/\/webalkans.eu\/me\/news\/calls-opens-for-eu-investigative-journalism-award-2023\/"},"wordCount":309,"publisher":{"@id":"https:\/\/webalkans.eu\/me\/#organization"},"image":{"@id":"https:\/\/webalkans.eu\/me\/news\/calls-opens-for-eu-investigative-journalism-award-2023\/#primaryimage"},"thumbnailUrl":"https:\/\/webalkans.eu\/wp-content\/uploads\/2023\/05\/9.png","inLanguage":"me-ME"},{"@type":"WebPage","@id":"https:\/\/webalkans.eu\/me\/news\/calls-opens-for-eu-investigative-journalism-award-2023\/","url":"https:\/\/webalkans.eu\/me\/news\/calls-opens-for-eu-investigative-journalism-award-2023\/","name":"Otvoren poziv za nagradu EU za istra\u017eiva\u010dko novinarstvo 2023 News | WeBalkans","isPartOf":{"@id":"https:\/\/webalkans.eu\/me\/#website"},"primaryImageOfPage":{"@id":"https:\/\/webalkans.eu\/me\/news\/calls-opens-for-eu-investigative-journalism-award-2023\/#primaryimage"},"image":{"@id":"https:\/\/webalkans.eu\/me\/news\/calls-opens-for-eu-investigative-journalism-award-2023\/#primaryimage"},"thumbnailUrl":"https:\/\/webalkans.eu\/wp-content\/uploads\/2023\/05\/9.png","datePublished":"2023-05-10T11:20:37+00:00","dateModified":"2023-05-17T15:25:44+00:00","description":"Otvoren poziv za nagradu EU za istra\u017eiva\u010dko novinarstvo 2023","breadcrumb":{"@id":"https:\/\/webalkans.eu\/me\/news\/calls-opens-for-eu-investigative-journalism-award-2023\/#breadcrumb"},"inLanguage":"me-ME","potentialAction":[{"@type":"ReadAction","target":["https:\/\/webalkans.eu\/me\/news\/calls-opens-for-eu-investigative-journalism-award-2023\/"]}]},{"@type":"ImageObject","inLanguage":"me-ME","@id":"https:\/\/webalkans.eu\/me\/news\/calls-opens-for-eu-investigative-journalism-award-2023\/#primaryimage","url":"https:\/\/webalkans.eu\/wp-content\/uploads\/2023\/05\/9.png","contentUrl":"https:\/\/webalkans.eu\/wp-content\/uploads\/2023\/05\/9.png","width":2000,"height":1500},{"@type":"BreadcrumbList","@id":"https:\/\/webalkans.eu\/me\/news\/calls-opens-for-eu-investigative-journalism-award-2023\/#breadcrumb","itemListElement":[{"@type":"ListItem","position":1,"name":"Home","item":"https:\/\/webalkans.eu\/me\/homepage\/"},{"@type":"ListItem","position":2,"name":"Otvoren poziv za nagradu EU za istra\u017eiva\u010dko novinarstvo 2023"}]},{"@type":"WebSite","@id":"https:\/\/webalkans.eu\/me\/#website","url":"https:\/\/webalkans.eu\/me\/","name":"WeBalkans | EU Projects in the Western Balkans","description":"","publisher":{"@id":"https:\/\/webalkans.eu\/me\/#organization"},"potentialAction":[{"@type":"SearchAction","target":{"@type":"EntryPoint","urlTemplate":"https:\/\/webalkans.eu\/me\/?s={search_term_string}"},"query-input":{"@type":"PropertyValueSpecification","valueRequired":true,"valueName":"search_term_string"}}],"inLanguage":"me-ME"},{"@type":"Organization","@id":"https:\/\/webalkans.eu\/me\/#organization","name":"European Union","url":"https:\/\/webalkans.eu\/me\/","logo":{"@type":"ImageObject","inLanguage":"me-ME","@id":"https:\/\/webalkans.eu\/me\/#\/schema\/logo\/image\/","url":"https:\/\/webalkans.eu\/wp-content\/uploads\/2020\/11\/eu_flag.jpg","contentUrl":"https:\/\/webalkans.eu\/wp-content\/uploads\/2020\/11\/eu_flag.jpg","width":600,"height":401,"caption":"European Union"},"image":{"@id":"https:\/\/webalkans.eu\/me\/#\/schema\/logo\/image\/"},"sameAs":["https:\/\/www.facebook.com\/webalkans.eu","https:\/\/x.com\/WeBalkans"]},{"@type":"Person","@id":"https:\/\/webalkans.eu\/me\/#\/schema\/person\/95a8ea19ef21de3b7766e9b65ffdb4da","name":"007designstudio@gmail.com"}]}},"_links":{"self":[{"href":"https:\/\/webalkans.eu\/me\/wp-json\/wp\/v2\/posts\/1115308"}],"collection":[{"href":"https:\/\/webalkans.eu\/me\/wp-json\/wp\/v2\/posts"}],"about":[{"href":"https:\/\/webalkans.eu\/me\/wp-json\/wp\/v2\/types\/post"}],"author":[{"embeddable":true,"href":"https:\/\/webalkans.eu\/me\/wp-json\/wp\/v2\/users\/152227"}],"replies":[{"embeddable":true,"href":"https:\/\/webalkans.eu\/me\/wp-json\/wp\/v2\/comments?post=1115308"}],"version-history":[{"count":0,"href":"https:\/\/webalkans.eu\/me\/wp-json\/wp\/v2\/posts\/1115308\/revisions"}],"wp:featuredmedia":[{"embeddable":true,"href":"https:\/\/webalkans.eu\/me\/wp-json\/wp\/v2\/media\/1109819"}],"wp:attachment":[{"href":"https:\/\/webalkans.eu\/me\/wp-json\/wp\/v2\/media?parent=1115308"}],"wp:term":[{"taxonomy":"country-for-news","embeddable":true,"href":"https:\/\/webalkans.eu\/me\/wp-json\/wp\/v2\/country-for-news?post=1115308"}],"curies":[{"name":"wp","href":"https:\/\/api.w.org\/{rel}","templated":true}]}}