
{"id":1083559,"date":"2023-03-02T13:54:40","date_gmt":"2023-03-02T12:54:40","guid":{"rendered":"https:\/\/webalkans.eu\/news\/eu-ambassador-visits-municipality-of-kolasin-e9-million-for-kolasins-infrastructural-problems\/"},"modified":"2023-04-07T08:50:18","modified_gmt":"2023-04-07T06:50:18","slug":"eu-ambassador-visits-municipality-of-kolasin-e9-million-for-kolasins-infrastructural-problems","status":"publish","type":"post","link":"https:\/\/webalkans.eu\/me\/news\/eu-ambassador-visits-municipality-of-kolasin-e9-million-for-kolasins-infrastructural-problems\/","title":{"rendered":"Ambasadorka EU u posjeti op\u0161tini Kola\u0161in: 9 miliona eura za infrastrukturne probleme Kola\u0161ina"},"content":{"rendered":"<p style=\"font-weight: 400;\">Brojni projekti kroz koje Evropska unija podr\u017eava Op\u0161tinu Kola\u0161in i na\u010dini na koje bi se ta podr\u0161ka mogla nastaviti bile su teme obra\u0111ene tokom posjete \u0161efa Delegacije Evropske unije u Crnoj Gori Kola\u0161inu. Ambasadorka Oana Kristina Popa sastala se sa gradona\u010delnikom op\u0161tine Vladimirom Martinovi\u0107em i korisnicima sredstava EU sa podru\u010dja op\u0161tine Kola\u0161in. Oni su razgovarali o podr\u0161ci koju EU kontinuirano pru\u017ea lokalnoj zajednici i mogu\u0107nostima da se zajedni\u010dkim trudom pomogne lokalnom stanovni\u0161tvu i razvoju Kola\u0161ina.<\/p>\n<p>&nbsp;<\/p>\n<p style=\"font-weight: 400;\">Dobra pristupa\u010dnost i pouzdana saobra\u0107ajna infrastruktura od su\u0161tinskog su zna\u010daja za rastu\u0107u privredu Kola\u0161ina, posebno za turizam, rekala je ambasadorka Popa, navode\u0107i da Evropska unija pru\u017ea podr\u0161ku Op\u0161tini u svakom segmentu razvoja. Evropska unija ulo\u017eila je preko 9 miliona eura za rekonstrukciju dvije dionice pruge Beograd\u2013Bar na teritoriji Op\u0161tine, a isti iznos izdvojen je za rje\u0161avanje infrastrukturnih problema grada. \u201e\u0160to se ti\u010de komunalne infrastrukture, koja je neophodna kako za pobolj\u0161anje kvaliteta \u017eivota lokalnog stanovni\u0161tva, tako i za pru\u017eanje usluga sve ve\u0107em broju posjetilaca, EU je izdvojila blizu 9 miliona eura kako bi pomogla op\u0161tini da unaprijedi vodovodni sistem i izgradi postrojenje za pre\u010di\u0161\u0107avanje otpadnih voda i kanalizacionu mre\u017eu\u201c, objasnila je Popa.<\/p>\n<p>&nbsp;<\/p>\n<p style=\"font-weight: 400;\">Ambasadorka Popa posjetila je i dr\u017eavno skijali\u0161te Kola\u0161in 1600, i pozvala sve koji su u prilici da urade isto i iskoriste zahuktalu zimsku sezonu da u\u017eivaju u skija\u0161kim stazama i gostoprimstvu Kola\u0161inaca. \u0160to se ti\u010de EU, rekla je ambasadorka Popa, ona \u0107e nastaviti da podr\u017eava trud lokalne zajednice da Kola\u0161in u\u010dini jo\u0161 ljep\u0161im mjestom za \u017eivot i boravak.<\/p>\n","protected":false},"excerpt":{"rendered":"<p>Brojni projekti kroz koje Evropska unija podr\u017eava Op\u0161tinu Kola\u0161in i na\u010dini na koje bi se ta podr\u0161ka mogla nastaviti bile su teme obra\u0111ene tokom posjete <\/p>\n","protected":false},"author":152227,"featured_media":1051580,"comment_status":"closed","ping_status":"closed","sticky":false,"template":"","format":"standard","meta":{"_acf_changed":false,"_monsterinsights_skip_tracking":false,"_monsterinsights_sitenote_active":false,"_monsterinsights_sitenote_note":"","_monsterinsights_sitenote_category":0,"footnotes":""},"country-for-news":[434],"class_list":["post-1083559","post","type-post","status-publish","format-standard","has-post-thumbnail","hentry","wb_theme-connectivity","country-for-news-montenegro"],"acf":[],"yoast_head":"<!-- This site is optimized with the Yoast SEO plugin v25.3.1 - https:\/\/yoast.com\/wordpress\/plugins\/seo\/ -->\n<title>Ambasadorka EU u posjeti op\u0161tini Kola\u0161in: 9 miliona eura za infrastrukturne probleme Kola\u0161ina News | WeBalkans<\/title>\n<meta name=\"description\" content=\"Ambasadorka EU u posjeti op\u0161tini Kola\u0161in: 9 miliona eura za infrastrukturne probleme Kola\u0161ina\" \/>\n<meta name=\"robots\" content=\"index, follow, max-snippet:-1, max-image-preview:large, max-video-preview:-1\" \/>\n<link rel=\"canonical\" href=\"https:\/\/webalkans.eu\/me\/news\/eu-ambassador-visits-municipality-of-kolasin-e9-million-for-kolasins-infrastructural-problems\/\" \/>\n<meta property=\"og:locale\" content=\"en_US\" \/>\n<meta property=\"og:type\" content=\"article\" \/>\n<meta property=\"og:title\" content=\"Ambasadorka EU u posjeti op\u0161tini Kola\u0161in: 9 miliona eura za infrastrukturne probleme Kola\u0161ina News | WeBalkans\" \/>\n<meta property=\"og:description\" content=\"Ambasadorka EU u posjeti op\u0161tini Kola\u0161in: 9 miliona eura za infrastrukturne probleme Kola\u0161ina\" \/>\n<meta property=\"og:url\" content=\"https:\/\/webalkans.eu\/me\/news\/eu-ambassador-visits-municipality-of-kolasin-e9-million-for-kolasins-infrastructural-problems\/\" \/>\n<meta property=\"og:site_name\" content=\"WeBalkans | EU Projects in the Western Balkans\" \/>\n<meta property=\"article:publisher\" content=\"https:\/\/www.facebook.com\/webalkans.eu\" \/>\n<meta property=\"article:published_time\" content=\"2023-03-02T12:54:40+00:00\" \/>\n<meta property=\"article:modified_time\" content=\"2023-04-07T06:50:18+00:00\" \/>\n<meta property=\"og:image\" content=\"https:\/\/webalkans.eu\/wp-content\/uploads\/2023\/03\/9.jpeg\" \/>\n\t<meta property=\"og:image:width\" content=\"2000\" \/>\n\t<meta property=\"og:image:height\" content=\"1333\" \/>\n\t<meta property=\"og:image:type\" content=\"image\/jpeg\" \/>\n<meta name=\"author\" content=\"007designstudio@gmail.com\" \/>\n<meta name=\"twitter:card\" content=\"summary_large_image\" \/>\n<meta name=\"twitter:creator\" content=\"@WeBalkans\" \/>\n<meta name=\"twitter:site\" content=\"@WeBalkans\" \/>\n<meta name=\"twitter:label1\" content=\"Written by\" \/>\n\t<meta name=\"twitter:data1\" content=\"007designstudio@gmail.com\" \/>\n\t<meta name=\"twitter:label2\" content=\"Est. reading time\" \/>\n\t<meta name=\"twitter:data2\" content=\"1 minute\" \/>\n<script type=\"application\/ld+json\" class=\"yoast-schema-graph\">{\"@context\":\"https:\/\/schema.org\",\"@graph\":[{\"@type\":\"Article\",\"@id\":\"https:\/\/webalkans.eu\/me\/news\/eu-ambassador-visits-municipality-of-kolasin-e9-million-for-kolasins-infrastructural-problems\/#article\",\"isPartOf\":{\"@id\":\"https:\/\/webalkans.eu\/me\/news\/eu-ambassador-visits-municipality-of-kolasin-e9-million-for-kolasins-infrastructural-problems\/\"},\"author\":{\"name\":\"007designstudio@gmail.com\",\"@id\":\"https:\/\/webalkans.eu\/me\/#\/schema\/person\/95a8ea19ef21de3b7766e9b65ffdb4da\"},\"headline\":\"Ambasadorka EU u posjeti op\u0161tini Kola\u0161in: 9 miliona eura za infrastrukturne probleme Kola\u0161ina\",\"datePublished\":\"2023-03-02T12:54:40+00:00\",\"dateModified\":\"2023-04-07T06:50:18+00:00\",\"mainEntityOfPage\":{\"@id\":\"https:\/\/webalkans.eu\/me\/news\/eu-ambassador-visits-municipality-of-kolasin-e9-million-for-kolasins-infrastructural-problems\/\"},\"wordCount\":311,\"publisher\":{\"@id\":\"https:\/\/webalkans.eu\/me\/#organization\"},\"image\":{\"@id\":\"https:\/\/webalkans.eu\/me\/news\/eu-ambassador-visits-municipality-of-kolasin-e9-million-for-kolasins-infrastructural-problems\/#primaryimage\"},\"thumbnailUrl\":\"https:\/\/webalkans.eu\/wp-content\/uploads\/2023\/03\/9.jpeg\",\"inLanguage\":\"me-ME\"},{\"@type\":\"WebPage\",\"@id\":\"https:\/\/webalkans.eu\/me\/news\/eu-ambassador-visits-municipality-of-kolasin-e9-million-for-kolasins-infrastructural-problems\/\",\"url\":\"https:\/\/webalkans.eu\/me\/news\/eu-ambassador-visits-municipality-of-kolasin-e9-million-for-kolasins-infrastructural-problems\/\",\"name\":\"Ambasadorka EU u posjeti op\u0161tini Kola\u0161in: 9 miliona eura za infrastrukturne probleme Kola\u0161ina News | WeBalkans\",\"isPartOf\":{\"@id\":\"https:\/\/webalkans.eu\/me\/#website\"},\"primaryImageOfPage\":{\"@id\":\"https:\/\/webalkans.eu\/me\/news\/eu-ambassador-visits-municipality-of-kolasin-e9-million-for-kolasins-infrastructural-problems\/#primaryimage\"},\"image\":{\"@id\":\"https:\/\/webalkans.eu\/me\/news\/eu-ambassador-visits-municipality-of-kolasin-e9-million-for-kolasins-infrastructural-problems\/#primaryimage\"},\"thumbnailUrl\":\"https:\/\/webalkans.eu\/wp-content\/uploads\/2023\/03\/9.jpeg\",\"datePublished\":\"2023-03-02T12:54:40+00:00\",\"dateModified\":\"2023-04-07T06:50:18+00:00\",\"description\":\"Ambasadorka EU u posjeti op\u0161tini Kola\u0161in: 9 miliona eura za infrastrukturne probleme Kola\u0161ina\",\"breadcrumb\":{\"@id\":\"https:\/\/webalkans.eu\/me\/news\/eu-ambassador-visits-municipality-of-kolasin-e9-million-for-kolasins-infrastructural-problems\/#breadcrumb\"},\"inLanguage\":\"me-ME\",\"potentialAction\":[{\"@type\":\"ReadAction\",\"target\":[\"https:\/\/webalkans.eu\/me\/news\/eu-ambassador-visits-municipality-of-kolasin-e9-million-for-kolasins-infrastructural-problems\/\"]}]},{\"@type\":\"ImageObject\",\"inLanguage\":\"me-ME\",\"@id\":\"https:\/\/webalkans.eu\/me\/news\/eu-ambassador-visits-municipality-of-kolasin-e9-million-for-kolasins-infrastructural-problems\/#primaryimage\",\"url\":\"https:\/\/webalkans.eu\/wp-content\/uploads\/2023\/03\/9.jpeg\",\"contentUrl\":\"https:\/\/webalkans.eu\/wp-content\/uploads\/2023\/03\/9.jpeg\",\"width\":2000,\"height\":1333},{\"@type\":\"BreadcrumbList\",\"@id\":\"https:\/\/webalkans.eu\/me\/news\/eu-ambassador-visits-municipality-of-kolasin-e9-million-for-kolasins-infrastructural-problems\/#breadcrumb\",\"itemListElement\":[{\"@type\":\"ListItem\",\"position\":1,\"name\":\"Home\",\"item\":\"https:\/\/webalkans.eu\/me\/homepage\/\"},{\"@type\":\"ListItem\",\"position\":2,\"name\":\"Ambasadorka EU u posjeti op\u0161tini Kola\u0161in: 9 miliona eura za infrastrukturne probleme Kola\u0161ina\"}]},{\"@type\":\"WebSite\",\"@id\":\"https:\/\/webalkans.eu\/me\/#website\",\"url\":\"https:\/\/webalkans.eu\/me\/\",\"name\":\"WeBalkans | EU Projects in the Western Balkans\",\"description\":\"\",\"publisher\":{\"@id\":\"https:\/\/webalkans.eu\/me\/#organization\"},\"potentialAction\":[{\"@type\":\"SearchAction\",\"target\":{\"@type\":\"EntryPoint\",\"urlTemplate\":\"https:\/\/webalkans.eu\/me\/?s={search_term_string}\"},\"query-input\":{\"@type\":\"PropertyValueSpecification\",\"valueRequired\":true,\"valueName\":\"search_term_string\"}}],\"inLanguage\":\"me-ME\"},{\"@type\":\"Organization\",\"@id\":\"https:\/\/webalkans.eu\/me\/#organization\",\"name\":\"European Union\",\"url\":\"https:\/\/webalkans.eu\/me\/\",\"logo\":{\"@type\":\"ImageObject\",\"inLanguage\":\"me-ME\",\"@id\":\"https:\/\/webalkans.eu\/me\/#\/schema\/logo\/image\/\",\"url\":\"https:\/\/webalkans.eu\/wp-content\/uploads\/2020\/11\/eu_flag.jpg\",\"contentUrl\":\"https:\/\/webalkans.eu\/wp-content\/uploads\/2020\/11\/eu_flag.jpg\",\"width\":600,\"height\":401,\"caption\":\"European Union\"},\"image\":{\"@id\":\"https:\/\/webalkans.eu\/me\/#\/schema\/logo\/image\/\"},\"sameAs\":[\"https:\/\/www.facebook.com\/webalkans.eu\",\"https:\/\/x.com\/WeBalkans\"]},{\"@type\":\"Person\",\"@id\":\"https:\/\/webalkans.eu\/me\/#\/schema\/person\/95a8ea19ef21de3b7766e9b65ffdb4da\",\"name\":\"007designstudio@gmail.com\"}]}<\/script>\n<!-- \/ Yoast SEO plugin. -->","yoast_head_json":{"title":"Ambasadorka EU u posjeti op\u0161tini Kola\u0161in: 9 miliona eura za infrastrukturne probleme Kola\u0161ina News | WeBalkans","description":"Ambasadorka EU u posjeti op\u0161tini Kola\u0161in: 9 miliona eura za infrastrukturne probleme Kola\u0161ina","robots":{"index":"index","follow":"follow","max-snippet":"max-snippet:-1","max-image-preview":"max-image-preview:large","max-video-preview":"max-video-preview:-1"},"canonical":"https:\/\/webalkans.eu\/me\/news\/eu-ambassador-visits-municipality-of-kolasin-e9-million-for-kolasins-infrastructural-problems\/","og_locale":"en_US","og_type":"article","og_title":"Ambasadorka EU u posjeti op\u0161tini Kola\u0161in: 9 miliona eura za infrastrukturne probleme Kola\u0161ina News | WeBalkans","og_description":"Ambasadorka EU u posjeti op\u0161tini Kola\u0161in: 9 miliona eura za infrastrukturne probleme Kola\u0161ina","og_url":"https:\/\/webalkans.eu\/me\/news\/eu-ambassador-visits-municipality-of-kolasin-e9-million-for-kolasins-infrastructural-problems\/","og_site_name":"WeBalkans | EU Projects in the Western Balkans","article_publisher":"https:\/\/www.facebook.com\/webalkans.eu","article_published_time":"2023-03-02T12:54:40+00:00","article_modified_time":"2023-04-07T06:50:18+00:00","og_image":[{"width":2000,"height":1333,"url":"https:\/\/webalkans.eu\/wp-content\/uploads\/2023\/03\/9.jpeg","type":"image\/jpeg"}],"author":"007designstudio@gmail.com","twitter_card":"summary_large_image","twitter_creator":"@WeBalkans","twitter_site":"@WeBalkans","twitter_misc":{"Written by":"007designstudio@gmail.com","Est. reading time":"1 minute"},"schema":{"@context":"https:\/\/schema.org","@graph":[{"@type":"Article","@id":"https:\/\/webalkans.eu\/me\/news\/eu-ambassador-visits-municipality-of-kolasin-e9-million-for-kolasins-infrastructural-problems\/#article","isPartOf":{"@id":"https:\/\/webalkans.eu\/me\/news\/eu-ambassador-visits-municipality-of-kolasin-e9-million-for-kolasins-infrastructural-problems\/"},"author":{"name":"007designstudio@gmail.com","@id":"https:\/\/webalkans.eu\/me\/#\/schema\/person\/95a8ea19ef21de3b7766e9b65ffdb4da"},"headline":"Ambasadorka EU u posjeti op\u0161tini Kola\u0161in: 9 miliona eura za infrastrukturne probleme Kola\u0161ina","datePublished":"2023-03-02T12:54:40+00:00","dateModified":"2023-04-07T06:50:18+00:00","mainEntityOfPage":{"@id":"https:\/\/webalkans.eu\/me\/news\/eu-ambassador-visits-municipality-of-kolasin-e9-million-for-kolasins-infrastructural-problems\/"},"wordCount":311,"publisher":{"@id":"https:\/\/webalkans.eu\/me\/#organization"},"image":{"@id":"https:\/\/webalkans.eu\/me\/news\/eu-ambassador-visits-municipality-of-kolasin-e9-million-for-kolasins-infrastructural-problems\/#primaryimage"},"thumbnailUrl":"https:\/\/webalkans.eu\/wp-content\/uploads\/2023\/03\/9.jpeg","inLanguage":"me-ME"},{"@type":"WebPage","@id":"https:\/\/webalkans.eu\/me\/news\/eu-ambassador-visits-municipality-of-kolasin-e9-million-for-kolasins-infrastructural-problems\/","url":"https:\/\/webalkans.eu\/me\/news\/eu-ambassador-visits-municipality-of-kolasin-e9-million-for-kolasins-infrastructural-problems\/","name":"Ambasadorka EU u posjeti op\u0161tini Kola\u0161in: 9 miliona eura za infrastrukturne probleme Kola\u0161ina News | WeBalkans","isPartOf":{"@id":"https:\/\/webalkans.eu\/me\/#website"},"primaryImageOfPage":{"@id":"https:\/\/webalkans.eu\/me\/news\/eu-ambassador-visits-municipality-of-kolasin-e9-million-for-kolasins-infrastructural-problems\/#primaryimage"},"image":{"@id":"https:\/\/webalkans.eu\/me\/news\/eu-ambassador-visits-municipality-of-kolasin-e9-million-for-kolasins-infrastructural-problems\/#primaryimage"},"thumbnailUrl":"https:\/\/webalkans.eu\/wp-content\/uploads\/2023\/03\/9.jpeg","datePublished":"2023-03-02T12:54:40+00:00","dateModified":"2023-04-07T06:50:18+00:00","description":"Ambasadorka EU u posjeti op\u0161tini Kola\u0161in: 9 miliona eura za infrastrukturne probleme Kola\u0161ina","breadcrumb":{"@id":"https:\/\/webalkans.eu\/me\/news\/eu-ambassador-visits-municipality-of-kolasin-e9-million-for-kolasins-infrastructural-problems\/#breadcrumb"},"inLanguage":"me-ME","potentialAction":[{"@type":"ReadAction","target":["https:\/\/webalkans.eu\/me\/news\/eu-ambassador-visits-municipality-of-kolasin-e9-million-for-kolasins-infrastructural-problems\/"]}]},{"@type":"ImageObject","inLanguage":"me-ME","@id":"https:\/\/webalkans.eu\/me\/news\/eu-ambassador-visits-municipality-of-kolasin-e9-million-for-kolasins-infrastructural-problems\/#primaryimage","url":"https:\/\/webalkans.eu\/wp-content\/uploads\/2023\/03\/9.jpeg","contentUrl":"https:\/\/webalkans.eu\/wp-content\/uploads\/2023\/03\/9.jpeg","width":2000,"height":1333},{"@type":"BreadcrumbList","@id":"https:\/\/webalkans.eu\/me\/news\/eu-ambassador-visits-municipality-of-kolasin-e9-million-for-kolasins-infrastructural-problems\/#breadcrumb","itemListElement":[{"@type":"ListItem","position":1,"name":"Home","item":"https:\/\/webalkans.eu\/me\/homepage\/"},{"@type":"ListItem","position":2,"name":"Ambasadorka EU u posjeti op\u0161tini Kola\u0161in: 9 miliona eura za infrastrukturne probleme Kola\u0161ina"}]},{"@type":"WebSite","@id":"https:\/\/webalkans.eu\/me\/#website","url":"https:\/\/webalkans.eu\/me\/","name":"WeBalkans | EU Projects in the Western Balkans","description":"","publisher":{"@id":"https:\/\/webalkans.eu\/me\/#organization"},"potentialAction":[{"@type":"SearchAction","target":{"@type":"EntryPoint","urlTemplate":"https:\/\/webalkans.eu\/me\/?s={search_term_string}"},"query-input":{"@type":"PropertyValueSpecification","valueRequired":true,"valueName":"search_term_string"}}],"inLanguage":"me-ME"},{"@type":"Organization","@id":"https:\/\/webalkans.eu\/me\/#organization","name":"European Union","url":"https:\/\/webalkans.eu\/me\/","logo":{"@type":"ImageObject","inLanguage":"me-ME","@id":"https:\/\/webalkans.eu\/me\/#\/schema\/logo\/image\/","url":"https:\/\/webalkans.eu\/wp-content\/uploads\/2020\/11\/eu_flag.jpg","contentUrl":"https:\/\/webalkans.eu\/wp-content\/uploads\/2020\/11\/eu_flag.jpg","width":600,"height":401,"caption":"European Union"},"image":{"@id":"https:\/\/webalkans.eu\/me\/#\/schema\/logo\/image\/"},"sameAs":["https:\/\/www.facebook.com\/webalkans.eu","https:\/\/x.com\/WeBalkans"]},{"@type":"Person","@id":"https:\/\/webalkans.eu\/me\/#\/schema\/person\/95a8ea19ef21de3b7766e9b65ffdb4da","name":"007designstudio@gmail.com"}]}},"_links":{"self":[{"href":"https:\/\/webalkans.eu\/me\/wp-json\/wp\/v2\/posts\/1083559"}],"collection":[{"href":"https:\/\/webalkans.eu\/me\/wp-json\/wp\/v2\/posts"}],"about":[{"href":"https:\/\/webalkans.eu\/me\/wp-json\/wp\/v2\/types\/post"}],"author":[{"embeddable":true,"href":"https:\/\/webalkans.eu\/me\/wp-json\/wp\/v2\/users\/152227"}],"replies":[{"embeddable":true,"href":"https:\/\/webalkans.eu\/me\/wp-json\/wp\/v2\/comments?post=1083559"}],"version-history":[{"count":0,"href":"https:\/\/webalkans.eu\/me\/wp-json\/wp\/v2\/posts\/1083559\/revisions"}],"wp:featuredmedia":[{"embeddable":true,"href":"https:\/\/webalkans.eu\/me\/wp-json\/wp\/v2\/media\/1051580"}],"wp:attachment":[{"href":"https:\/\/webalkans.eu\/me\/wp-json\/wp\/v2\/media?parent=1083559"}],"wp:term":[{"taxonomy":"country-for-news","embeddable":true,"href":"https:\/\/webalkans.eu\/me\/wp-json\/wp\/v2\/country-for-news?post=1083559"}],"curies":[{"name":"wp","href":"https:\/\/api.w.org\/{rel}","templated":true}]}}