
{"id":929507,"date":"2022-12-14T13:17:47","date_gmt":"2022-12-14T12:17:47","guid":{"rendered":"https:\/\/webalkans.eu\/?p=929507"},"modified":"2022-12-15T13:18:20","modified_gmt":"2022-12-15T12:18:20","slug":"eternal-rivals-united-against-violence","status":"publish","type":"post","link":"https:\/\/webalkans.eu\/en\/news\/eternal-rivals-united-against-violence\/","title":{"rendered":"Eternal rivals united against violence"},"content":{"rendered":"<p style=\"font-weight: 400;\">United against violence against women \u2013 this is the slogan of this year\u2019s global campaign for 16 days of activism \u2013\u00a0<a href=\"https:\/\/www.unwomen.org\/en\/what-we-do\/ending-violence-against-women\/unite\/orange-the-world\">Orange the World<\/a>. The colour orange united the basketball players of Crvena zvezda and Partizan, who met this month for the first time for a derby in the best European basketball competition \u2013 the Euroleague. The captains of the two Belgrade teams recorded a joint video message:<\/p>\n<p>&nbsp;<\/p>\n<p style=\"font-weight: 400;\">\u201cViolence against women \u2013 it must stop. It is our duty to protect all women: mothers, sisters, wives, friends\u2026 Report violence immediately \u2013 there are no excuses! Let\u2019s help those who suffer violence. A bully is a coward \u2013 let\u2019s be brave. Let\u2019s protect the victims\u201d. The players were joined by the Serbian national team coach Svetislav Pe\u0161i\u0107, as well as Partizan coach \u017deljko Obradovi\u0107.<\/p>\n<p>&nbsp;<\/p>\n<p style=\"font-weight: 400;\">Every third woman, both in the European Union and around the world, has experienced physical, sexual, socio-economic and\/or verbal violence at least once in her life. Gender-based discrimination, sexual harassment and gender-based violence are issues of basic human rights. <em>This year, the EU Delegation in Serbia joins the<\/em>\u00a0<em><a href=\"https:\/\/europa.rs\/svet-u-narandzastom-stop-nasilju-nad-zenama-i-devojcicama\/\">global campaign of 16 days of activism against gender-based violence<\/a><\/em>\u00a0<em>by promoting empowered women and through cooperation with the wider community against physical, verbal and socio-economic violence.<\/em><\/p>\n<p>&nbsp;<\/p>\n<p style=\"font-weight: 400;\"><em>During this global campaign, the EU Delegation in Serbia\u00a0 partnered with personalities from Serbia in the spheres of fashion, art, sports, literature, and cinema.<\/em><\/p>\n","protected":false},"excerpt":{"rendered":"<p>United against violence against women \u2013 this is the slogan of this year\u2019s global campaign for 16 days of activism \u2013\u00a0Orange the World. The colour <\/p>\n","protected":false},"author":152227,"featured_media":929511,"comment_status":"closed","ping_status":"closed","sticky":false,"template":"","format":"standard","meta":{"_acf_changed":false,"_monsterinsights_skip_tracking":false,"_monsterinsights_sitenote_active":false,"_monsterinsights_sitenote_note":"","_monsterinsights_sitenote_category":0,"footnotes":""},"country-for-news":[54],"class_list":["post-929507","post","type-post","status-publish","format-standard","has-post-thumbnail","hentry","wb_theme-culture-and-youth","wb_theme-democracy-and-fundamental-rights","country-for-news-serbia"],"acf":[],"yoast_head":"<!-- This site is optimized with the Yoast SEO plugin v25.3.1 - https:\/\/yoast.com\/wordpress\/plugins\/seo\/ -->\n<title>Eternal rivals united against violence News | WeBalkans<\/title>\n<meta name=\"description\" content=\"Eternal rivals united against violence\" \/>\n<meta name=\"robots\" content=\"index, follow, max-snippet:-1, max-image-preview:large, max-video-preview:-1\" \/>\n<link rel=\"canonical\" href=\"https:\/\/webalkans.eu\/en\/news\/eternal-rivals-united-against-violence\/\" \/>\n<meta property=\"og:locale\" content=\"en_US\" \/>\n<meta property=\"og:type\" content=\"article\" \/>\n<meta property=\"og:title\" content=\"Eternal rivals united against violence News | WeBalkans\" \/>\n<meta property=\"og:description\" content=\"Eternal rivals united against violence\" \/>\n<meta property=\"og:url\" content=\"https:\/\/webalkans.eu\/en\/news\/eternal-rivals-united-against-violence\/\" \/>\n<meta property=\"og:site_name\" content=\"WeBalkans | EU Projects in the Western Balkans\" \/>\n<meta property=\"article:publisher\" content=\"https:\/\/www.facebook.com\/webalkans.eu\" \/>\n<meta property=\"article:published_time\" content=\"2022-12-14T12:17:47+00:00\" \/>\n<meta property=\"article:modified_time\" content=\"2022-12-15T12:18:20+00:00\" \/>\n<meta property=\"og:image\" content=\"https:\/\/webalkans.eu\/wp-content\/uploads\/2022\/12\/5.jpeg\" \/>\n\t<meta property=\"og:image:width\" content=\"1920\" \/>\n\t<meta property=\"og:image:height\" content=\"801\" \/>\n\t<meta property=\"og:image:type\" content=\"image\/jpeg\" \/>\n<meta name=\"author\" content=\"007designstudio@gmail.com\" \/>\n<meta name=\"twitter:card\" content=\"summary_large_image\" \/>\n<meta name=\"twitter:creator\" content=\"@WeBalkans\" \/>\n<meta name=\"twitter:site\" content=\"@WeBalkans\" \/>\n<meta name=\"twitter:label1\" content=\"Written by\" \/>\n\t<meta name=\"twitter:data1\" content=\"007designstudio@gmail.com\" \/>\n\t<meta name=\"twitter:label2\" content=\"Est. reading time\" \/>\n\t<meta name=\"twitter:data2\" content=\"1 minute\" \/>\n<script type=\"application\/ld+json\" class=\"yoast-schema-graph\">{\"@context\":\"https:\/\/schema.org\",\"@graph\":[{\"@type\":\"Article\",\"@id\":\"https:\/\/webalkans.eu\/en\/news\/eternal-rivals-united-against-violence\/#article\",\"isPartOf\":{\"@id\":\"https:\/\/webalkans.eu\/en\/news\/eternal-rivals-united-against-violence\/\"},\"author\":{\"name\":\"007designstudio@gmail.com\",\"@id\":\"https:\/\/webalkans.eu\/en\/#\/schema\/person\/95a8ea19ef21de3b7766e9b65ffdb4da\"},\"headline\":\"Eternal rivals united against violence\",\"datePublished\":\"2022-12-14T12:17:47+00:00\",\"dateModified\":\"2022-12-15T12:18:20+00:00\",\"mainEntityOfPage\":{\"@id\":\"https:\/\/webalkans.eu\/en\/news\/eternal-rivals-united-against-violence\/\"},\"wordCount\":238,\"publisher\":{\"@id\":\"https:\/\/webalkans.eu\/en\/#organization\"},\"image\":{\"@id\":\"https:\/\/webalkans.eu\/en\/news\/eternal-rivals-united-against-violence\/#primaryimage\"},\"thumbnailUrl\":\"https:\/\/webalkans.eu\/wp-content\/uploads\/2022\/12\/5.jpeg\",\"inLanguage\":\"en-US\"},{\"@type\":\"WebPage\",\"@id\":\"https:\/\/webalkans.eu\/en\/news\/eternal-rivals-united-against-violence\/\",\"url\":\"https:\/\/webalkans.eu\/en\/news\/eternal-rivals-united-against-violence\/\",\"name\":\"Eternal rivals united against violence News | WeBalkans\",\"isPartOf\":{\"@id\":\"https:\/\/webalkans.eu\/en\/#website\"},\"primaryImageOfPage\":{\"@id\":\"https:\/\/webalkans.eu\/en\/news\/eternal-rivals-united-against-violence\/#primaryimage\"},\"image\":{\"@id\":\"https:\/\/webalkans.eu\/en\/news\/eternal-rivals-united-against-violence\/#primaryimage\"},\"thumbnailUrl\":\"https:\/\/webalkans.eu\/wp-content\/uploads\/2022\/12\/5.jpeg\",\"datePublished\":\"2022-12-14T12:17:47+00:00\",\"dateModified\":\"2022-12-15T12:18:20+00:00\",\"description\":\"Eternal rivals united against violence\",\"breadcrumb\":{\"@id\":\"https:\/\/webalkans.eu\/en\/news\/eternal-rivals-united-against-violence\/#breadcrumb\"},\"inLanguage\":\"en-US\",\"potentialAction\":[{\"@type\":\"ReadAction\",\"target\":[\"https:\/\/webalkans.eu\/en\/news\/eternal-rivals-united-against-violence\/\"]}]},{\"@type\":\"ImageObject\",\"inLanguage\":\"en-US\",\"@id\":\"https:\/\/webalkans.eu\/en\/news\/eternal-rivals-united-against-violence\/#primaryimage\",\"url\":\"https:\/\/webalkans.eu\/wp-content\/uploads\/2022\/12\/5.jpeg\",\"contentUrl\":\"https:\/\/webalkans.eu\/wp-content\/uploads\/2022\/12\/5.jpeg\",\"width\":1920,\"height\":801},{\"@type\":\"BreadcrumbList\",\"@id\":\"https:\/\/webalkans.eu\/en\/news\/eternal-rivals-united-against-violence\/#breadcrumb\",\"itemListElement\":[{\"@type\":\"ListItem\",\"position\":1,\"name\":\"Home\",\"item\":\"https:\/\/webalkans.eu\/en\/\"},{\"@type\":\"ListItem\",\"position\":2,\"name\":\"Eternal rivals united against violence\"}]},{\"@type\":\"WebSite\",\"@id\":\"https:\/\/webalkans.eu\/en\/#website\",\"url\":\"https:\/\/webalkans.eu\/en\/\",\"name\":\"WeBalkans | EU Projects in the Western Balkans\",\"description\":\"\",\"publisher\":{\"@id\":\"https:\/\/webalkans.eu\/en\/#organization\"},\"potentialAction\":[{\"@type\":\"SearchAction\",\"target\":{\"@type\":\"EntryPoint\",\"urlTemplate\":\"https:\/\/webalkans.eu\/en\/?s={search_term_string}\"},\"query-input\":{\"@type\":\"PropertyValueSpecification\",\"valueRequired\":true,\"valueName\":\"search_term_string\"}}],\"inLanguage\":\"en-US\"},{\"@type\":\"Organization\",\"@id\":\"https:\/\/webalkans.eu\/en\/#organization\",\"name\":\"European Union\",\"url\":\"https:\/\/webalkans.eu\/en\/\",\"logo\":{\"@type\":\"ImageObject\",\"inLanguage\":\"en-US\",\"@id\":\"https:\/\/webalkans.eu\/en\/#\/schema\/logo\/image\/\",\"url\":\"https:\/\/webalkans.eu\/wp-content\/uploads\/2020\/11\/eu_flag.jpg\",\"contentUrl\":\"https:\/\/webalkans.eu\/wp-content\/uploads\/2020\/11\/eu_flag.jpg\",\"width\":600,\"height\":401,\"caption\":\"European Union\"},\"image\":{\"@id\":\"https:\/\/webalkans.eu\/en\/#\/schema\/logo\/image\/\"},\"sameAs\":[\"https:\/\/www.facebook.com\/webalkans.eu\",\"https:\/\/x.com\/WeBalkans\"]},{\"@type\":\"Person\",\"@id\":\"https:\/\/webalkans.eu\/en\/#\/schema\/person\/95a8ea19ef21de3b7766e9b65ffdb4da\",\"name\":\"007designstudio@gmail.com\"}]}<\/script>\n<!-- \/ Yoast SEO plugin. -->","yoast_head_json":{"title":"Eternal rivals united against violence News | WeBalkans","description":"Eternal rivals united against violence","robots":{"index":"index","follow":"follow","max-snippet":"max-snippet:-1","max-image-preview":"max-image-preview:large","max-video-preview":"max-video-preview:-1"},"canonical":"https:\/\/webalkans.eu\/en\/news\/eternal-rivals-united-against-violence\/","og_locale":"en_US","og_type":"article","og_title":"Eternal rivals united against violence News | WeBalkans","og_description":"Eternal rivals united against violence","og_url":"https:\/\/webalkans.eu\/en\/news\/eternal-rivals-united-against-violence\/","og_site_name":"WeBalkans | EU Projects in the Western Balkans","article_publisher":"https:\/\/www.facebook.com\/webalkans.eu","article_published_time":"2022-12-14T12:17:47+00:00","article_modified_time":"2022-12-15T12:18:20+00:00","og_image":[{"width":1920,"height":801,"url":"https:\/\/webalkans.eu\/wp-content\/uploads\/2022\/12\/5.jpeg","type":"image\/jpeg"}],"author":"007designstudio@gmail.com","twitter_card":"summary_large_image","twitter_creator":"@WeBalkans","twitter_site":"@WeBalkans","twitter_misc":{"Written by":"007designstudio@gmail.com","Est. reading time":"1 minute"},"schema":{"@context":"https:\/\/schema.org","@graph":[{"@type":"Article","@id":"https:\/\/webalkans.eu\/en\/news\/eternal-rivals-united-against-violence\/#article","isPartOf":{"@id":"https:\/\/webalkans.eu\/en\/news\/eternal-rivals-united-against-violence\/"},"author":{"name":"007designstudio@gmail.com","@id":"https:\/\/webalkans.eu\/en\/#\/schema\/person\/95a8ea19ef21de3b7766e9b65ffdb4da"},"headline":"Eternal rivals united against violence","datePublished":"2022-12-14T12:17:47+00:00","dateModified":"2022-12-15T12:18:20+00:00","mainEntityOfPage":{"@id":"https:\/\/webalkans.eu\/en\/news\/eternal-rivals-united-against-violence\/"},"wordCount":238,"publisher":{"@id":"https:\/\/webalkans.eu\/en\/#organization"},"image":{"@id":"https:\/\/webalkans.eu\/en\/news\/eternal-rivals-united-against-violence\/#primaryimage"},"thumbnailUrl":"https:\/\/webalkans.eu\/wp-content\/uploads\/2022\/12\/5.jpeg","inLanguage":"en-US"},{"@type":"WebPage","@id":"https:\/\/webalkans.eu\/en\/news\/eternal-rivals-united-against-violence\/","url":"https:\/\/webalkans.eu\/en\/news\/eternal-rivals-united-against-violence\/","name":"Eternal rivals united against violence News | WeBalkans","isPartOf":{"@id":"https:\/\/webalkans.eu\/en\/#website"},"primaryImageOfPage":{"@id":"https:\/\/webalkans.eu\/en\/news\/eternal-rivals-united-against-violence\/#primaryimage"},"image":{"@id":"https:\/\/webalkans.eu\/en\/news\/eternal-rivals-united-against-violence\/#primaryimage"},"thumbnailUrl":"https:\/\/webalkans.eu\/wp-content\/uploads\/2022\/12\/5.jpeg","datePublished":"2022-12-14T12:17:47+00:00","dateModified":"2022-12-15T12:18:20+00:00","description":"Eternal rivals united against violence","breadcrumb":{"@id":"https:\/\/webalkans.eu\/en\/news\/eternal-rivals-united-against-violence\/#breadcrumb"},"inLanguage":"en-US","potentialAction":[{"@type":"ReadAction","target":["https:\/\/webalkans.eu\/en\/news\/eternal-rivals-united-against-violence\/"]}]},{"@type":"ImageObject","inLanguage":"en-US","@id":"https:\/\/webalkans.eu\/en\/news\/eternal-rivals-united-against-violence\/#primaryimage","url":"https:\/\/webalkans.eu\/wp-content\/uploads\/2022\/12\/5.jpeg","contentUrl":"https:\/\/webalkans.eu\/wp-content\/uploads\/2022\/12\/5.jpeg","width":1920,"height":801},{"@type":"BreadcrumbList","@id":"https:\/\/webalkans.eu\/en\/news\/eternal-rivals-united-against-violence\/#breadcrumb","itemListElement":[{"@type":"ListItem","position":1,"name":"Home","item":"https:\/\/webalkans.eu\/en\/"},{"@type":"ListItem","position":2,"name":"Eternal rivals united against violence"}]},{"@type":"WebSite","@id":"https:\/\/webalkans.eu\/en\/#website","url":"https:\/\/webalkans.eu\/en\/","name":"WeBalkans | EU Projects in the Western Balkans","description":"","publisher":{"@id":"https:\/\/webalkans.eu\/en\/#organization"},"potentialAction":[{"@type":"SearchAction","target":{"@type":"EntryPoint","urlTemplate":"https:\/\/webalkans.eu\/en\/?s={search_term_string}"},"query-input":{"@type":"PropertyValueSpecification","valueRequired":true,"valueName":"search_term_string"}}],"inLanguage":"en-US"},{"@type":"Organization","@id":"https:\/\/webalkans.eu\/en\/#organization","name":"European Union","url":"https:\/\/webalkans.eu\/en\/","logo":{"@type":"ImageObject","inLanguage":"en-US","@id":"https:\/\/webalkans.eu\/en\/#\/schema\/logo\/image\/","url":"https:\/\/webalkans.eu\/wp-content\/uploads\/2020\/11\/eu_flag.jpg","contentUrl":"https:\/\/webalkans.eu\/wp-content\/uploads\/2020\/11\/eu_flag.jpg","width":600,"height":401,"caption":"European Union"},"image":{"@id":"https:\/\/webalkans.eu\/en\/#\/schema\/logo\/image\/"},"sameAs":["https:\/\/www.facebook.com\/webalkans.eu","https:\/\/x.com\/WeBalkans"]},{"@type":"Person","@id":"https:\/\/webalkans.eu\/en\/#\/schema\/person\/95a8ea19ef21de3b7766e9b65ffdb4da","name":"007designstudio@gmail.com"}]}},"_links":{"self":[{"href":"https:\/\/webalkans.eu\/en\/wp-json\/wp\/v2\/posts\/929507"}],"collection":[{"href":"https:\/\/webalkans.eu\/en\/wp-json\/wp\/v2\/posts"}],"about":[{"href":"https:\/\/webalkans.eu\/en\/wp-json\/wp\/v2\/types\/post"}],"author":[{"embeddable":true,"href":"https:\/\/webalkans.eu\/en\/wp-json\/wp\/v2\/users\/152227"}],"replies":[{"embeddable":true,"href":"https:\/\/webalkans.eu\/en\/wp-json\/wp\/v2\/comments?post=929507"}],"version-history":[{"count":0,"href":"https:\/\/webalkans.eu\/en\/wp-json\/wp\/v2\/posts\/929507\/revisions"}],"wp:featuredmedia":[{"embeddable":true,"href":"https:\/\/webalkans.eu\/en\/wp-json\/wp\/v2\/media\/929511"}],"wp:attachment":[{"href":"https:\/\/webalkans.eu\/en\/wp-json\/wp\/v2\/media?parent=929507"}],"wp:term":[{"taxonomy":"country-for-news","embeddable":true,"href":"https:\/\/webalkans.eu\/en\/wp-json\/wp\/v2\/country-for-news?post=929507"}],"curies":[{"name":"wp","href":"https:\/\/api.w.org\/{rel}","templated":true}]}}