
{"id":8737,"date":"2021-07-21T11:15:20","date_gmt":"2021-07-21T09:15:20","guid":{"rendered":"https:\/\/webalkans.eu\/?p=8737"},"modified":"2021-10-06T18:23:47","modified_gmt":"2021-10-06T16:23:47","slug":"eu-donates-medical-equipment-to-bosnia-and-herzegovina","status":"publish","type":"post","link":"https:\/\/webalkans.eu\/en\/news\/eu-donates-medical-equipment-to-bosnia-and-herzegovina\/","title":{"rendered":"EU donates medical equipment to Bosnia and Herzegovina"},"content":{"rendered":"<p>The European Union has donated 35 ECG monitors and PCR devices to healthcare institutions in Bosnia and Herzegovina. This donation is part of the EU\u2019s continued support to BiH in fighting the COVID-19 pandemic and its consequences. The donations were delivered as part of an EU-funded project worth \u20ac7.7 million aiming to provide health institutions across Bosnia and Herzegovina with much needed medical equipment.<\/p>\n<p>&nbsp;<\/p>\n<p>The ECG machines will be important for doctors investigating and treating heart conditions, while the PCR device will help fast sampling of COVID-19 tests. Although COVID-19 is primarily known as a disease which affects the lungs, it also has been shown to damage other organs, including the heart. As a result, healthcare institutions require a wide range of equipment to cope with the consequences.<\/p>\n<p>&nbsp;<\/p>\n<p>To this end, in cooperation with the UN Development Programme (UNDP) the EU has supplied hospitals and other medical facilities in Bosnia and Herzegovina with medical equipment such as these ECG monitors and PCR devices as well as ventilators, X-ray machines, and ultrasound devices.<\/p>\n<p>&nbsp;<\/p>\n<p>The equipment was provided to healthcare institutions in the Br\u010dko District, Gora\u017ede, Gradi\u0161ka, Livno, Mostar, Nova Bila, Posavina Canton, Sarajevo and East Sarajevo, Travnik, Trebinje, Tuzla Canton, West Herzegovina Canton, and Zenica.<\/p>\n","protected":false},"excerpt":{"rendered":"<p>The European Union has donated 35 ECG monitors and PCR devices to healthcare institutions in Bosnia and Herzegovina. This donation is part of the EU\u2019s <\/p>\n","protected":false},"author":152227,"featured_media":8740,"comment_status":"closed","ping_status":"closed","sticky":false,"template":"","format":"standard","meta":{"_acf_changed":false,"_monsterinsights_skip_tracking":false,"_monsterinsights_sitenote_active":false,"_monsterinsights_sitenote_note":"","_monsterinsights_sitenote_category":0,"footnotes":""},"country-for-news":[50],"class_list":["post-8737","post","type-post","status-publish","format-standard","has-post-thumbnail","hentry","wb_theme-equality-and-fair-society","country-for-news-bosnia-and-herzegovina"],"acf":[],"yoast_head":"<!-- This site is optimized with the Yoast SEO plugin v25.3.1 - https:\/\/yoast.com\/wordpress\/plugins\/seo\/ -->\n<title>EU donates medical equipment to Bosnia and Herzegovina News | WeBalkans<\/title>\n<meta name=\"description\" content=\"The European Union has donated 35 ECG monitors and PCR devices to healthcare institutions in Bosnia and Herzegovina.\" \/>\n<meta name=\"robots\" content=\"index, follow, max-snippet:-1, max-image-preview:large, max-video-preview:-1\" \/>\n<link rel=\"canonical\" href=\"https:\/\/webalkans.eu\/en\/news\/eu-donates-medical-equipment-to-bosnia-and-herzegovina\/\" \/>\n<meta property=\"og:locale\" content=\"en_US\" \/>\n<meta property=\"og:type\" content=\"article\" \/>\n<meta property=\"og:title\" content=\"EU donates medical equipment to Bosnia and Herzegovina News | WeBalkans\" \/>\n<meta property=\"og:description\" content=\"The European Union has donated 35 ECG monitors and PCR devices to healthcare institutions in Bosnia and Herzegovina.\" \/>\n<meta property=\"og:url\" content=\"https:\/\/webalkans.eu\/en\/news\/eu-donates-medical-equipment-to-bosnia-and-herzegovina\/\" \/>\n<meta property=\"og:site_name\" content=\"WeBalkans | EU Projects in the Western Balkans\" \/>\n<meta property=\"article:publisher\" content=\"https:\/\/www.facebook.com\/webalkans.eu\" \/>\n<meta property=\"article:published_time\" content=\"2021-07-21T09:15:20+00:00\" \/>\n<meta property=\"article:modified_time\" content=\"2021-10-06T16:23:47+00:00\" \/>\n<meta property=\"og:image\" content=\"https:\/\/webalkans.eu\/wp-content\/uploads\/2021\/07\/Medical-Equipment-BiH-.jpg\" \/>\n\t<meta property=\"og:image:width\" content=\"1600\" \/>\n\t<meta property=\"og:image:height\" content=\"738\" \/>\n\t<meta property=\"og:image:type\" content=\"image\/jpeg\" \/>\n<meta name=\"author\" content=\"007designstudio@gmail.com\" \/>\n<meta name=\"twitter:card\" content=\"summary_large_image\" \/>\n<meta name=\"twitter:creator\" content=\"@WeBalkans\" \/>\n<meta name=\"twitter:site\" content=\"@WeBalkans\" \/>\n<meta name=\"twitter:label1\" content=\"Written by\" \/>\n\t<meta name=\"twitter:data1\" content=\"007designstudio@gmail.com\" \/>\n\t<meta name=\"twitter:label2\" content=\"Est. reading time\" \/>\n\t<meta name=\"twitter:data2\" content=\"1 minute\" \/>\n<script type=\"application\/ld+json\" class=\"yoast-schema-graph\">{\"@context\":\"https:\/\/schema.org\",\"@graph\":[{\"@type\":\"Article\",\"@id\":\"https:\/\/webalkans.eu\/en\/news\/eu-donates-medical-equipment-to-bosnia-and-herzegovina\/#article\",\"isPartOf\":{\"@id\":\"https:\/\/webalkans.eu\/en\/news\/eu-donates-medical-equipment-to-bosnia-and-herzegovina\/\"},\"author\":{\"name\":\"007designstudio@gmail.com\",\"@id\":\"https:\/\/webalkans.eu\/en\/#\/schema\/person\/95a8ea19ef21de3b7766e9b65ffdb4da\"},\"headline\":\"EU donates medical equipment to Bosnia and Herzegovina\",\"datePublished\":\"2021-07-21T09:15:20+00:00\",\"dateModified\":\"2021-10-06T16:23:47+00:00\",\"mainEntityOfPage\":{\"@id\":\"https:\/\/webalkans.eu\/en\/news\/eu-donates-medical-equipment-to-bosnia-and-herzegovina\/\"},\"wordCount\":217,\"publisher\":{\"@id\":\"https:\/\/webalkans.eu\/en\/#organization\"},\"image\":{\"@id\":\"https:\/\/webalkans.eu\/en\/news\/eu-donates-medical-equipment-to-bosnia-and-herzegovina\/#primaryimage\"},\"thumbnailUrl\":\"https:\/\/webalkans.eu\/wp-content\/uploads\/2021\/07\/Medical-Equipment-BiH-.jpg\",\"inLanguage\":\"en-US\"},{\"@type\":\"WebPage\",\"@id\":\"https:\/\/webalkans.eu\/en\/news\/eu-donates-medical-equipment-to-bosnia-and-herzegovina\/\",\"url\":\"https:\/\/webalkans.eu\/en\/news\/eu-donates-medical-equipment-to-bosnia-and-herzegovina\/\",\"name\":\"EU donates medical equipment to Bosnia and Herzegovina News | WeBalkans\",\"isPartOf\":{\"@id\":\"https:\/\/webalkans.eu\/en\/#website\"},\"primaryImageOfPage\":{\"@id\":\"https:\/\/webalkans.eu\/en\/news\/eu-donates-medical-equipment-to-bosnia-and-herzegovina\/#primaryimage\"},\"image\":{\"@id\":\"https:\/\/webalkans.eu\/en\/news\/eu-donates-medical-equipment-to-bosnia-and-herzegovina\/#primaryimage\"},\"thumbnailUrl\":\"https:\/\/webalkans.eu\/wp-content\/uploads\/2021\/07\/Medical-Equipment-BiH-.jpg\",\"datePublished\":\"2021-07-21T09:15:20+00:00\",\"dateModified\":\"2021-10-06T16:23:47+00:00\",\"description\":\"The European Union has donated 35 ECG monitors and PCR devices to healthcare institutions in Bosnia and Herzegovina.\",\"breadcrumb\":{\"@id\":\"https:\/\/webalkans.eu\/en\/news\/eu-donates-medical-equipment-to-bosnia-and-herzegovina\/#breadcrumb\"},\"inLanguage\":\"en-US\",\"potentialAction\":[{\"@type\":\"ReadAction\",\"target\":[\"https:\/\/webalkans.eu\/en\/news\/eu-donates-medical-equipment-to-bosnia-and-herzegovina\/\"]}]},{\"@type\":\"ImageObject\",\"inLanguage\":\"en-US\",\"@id\":\"https:\/\/webalkans.eu\/en\/news\/eu-donates-medical-equipment-to-bosnia-and-herzegovina\/#primaryimage\",\"url\":\"https:\/\/webalkans.eu\/wp-content\/uploads\/2021\/07\/Medical-Equipment-BiH-.jpg\",\"contentUrl\":\"https:\/\/webalkans.eu\/wp-content\/uploads\/2021\/07\/Medical-Equipment-BiH-.jpg\",\"width\":1600,\"height\":738},{\"@type\":\"BreadcrumbList\",\"@id\":\"https:\/\/webalkans.eu\/en\/news\/eu-donates-medical-equipment-to-bosnia-and-herzegovina\/#breadcrumb\",\"itemListElement\":[{\"@type\":\"ListItem\",\"position\":1,\"name\":\"Home\",\"item\":\"https:\/\/webalkans.eu\/en\/\"},{\"@type\":\"ListItem\",\"position\":2,\"name\":\"EU donates medical equipment to Bosnia and Herzegovina\"}]},{\"@type\":\"WebSite\",\"@id\":\"https:\/\/webalkans.eu\/en\/#website\",\"url\":\"https:\/\/webalkans.eu\/en\/\",\"name\":\"WeBalkans | EU Projects in the Western Balkans\",\"description\":\"\",\"publisher\":{\"@id\":\"https:\/\/webalkans.eu\/en\/#organization\"},\"potentialAction\":[{\"@type\":\"SearchAction\",\"target\":{\"@type\":\"EntryPoint\",\"urlTemplate\":\"https:\/\/webalkans.eu\/en\/?s={search_term_string}\"},\"query-input\":{\"@type\":\"PropertyValueSpecification\",\"valueRequired\":true,\"valueName\":\"search_term_string\"}}],\"inLanguage\":\"en-US\"},{\"@type\":\"Organization\",\"@id\":\"https:\/\/webalkans.eu\/en\/#organization\",\"name\":\"European Union\",\"url\":\"https:\/\/webalkans.eu\/en\/\",\"logo\":{\"@type\":\"ImageObject\",\"inLanguage\":\"en-US\",\"@id\":\"https:\/\/webalkans.eu\/en\/#\/schema\/logo\/image\/\",\"url\":\"https:\/\/webalkans.eu\/wp-content\/uploads\/2020\/11\/eu_flag.jpg\",\"contentUrl\":\"https:\/\/webalkans.eu\/wp-content\/uploads\/2020\/11\/eu_flag.jpg\",\"width\":600,\"height\":401,\"caption\":\"European Union\"},\"image\":{\"@id\":\"https:\/\/webalkans.eu\/en\/#\/schema\/logo\/image\/\"},\"sameAs\":[\"https:\/\/www.facebook.com\/webalkans.eu\",\"https:\/\/x.com\/WeBalkans\"]},{\"@type\":\"Person\",\"@id\":\"https:\/\/webalkans.eu\/en\/#\/schema\/person\/95a8ea19ef21de3b7766e9b65ffdb4da\",\"name\":\"007designstudio@gmail.com\"}]}<\/script>\n<!-- \/ Yoast SEO plugin. -->","yoast_head_json":{"title":"EU donates medical equipment to Bosnia and Herzegovina News | WeBalkans","description":"The European Union has donated 35 ECG monitors and PCR devices to healthcare institutions in Bosnia and Herzegovina.","robots":{"index":"index","follow":"follow","max-snippet":"max-snippet:-1","max-image-preview":"max-image-preview:large","max-video-preview":"max-video-preview:-1"},"canonical":"https:\/\/webalkans.eu\/en\/news\/eu-donates-medical-equipment-to-bosnia-and-herzegovina\/","og_locale":"en_US","og_type":"article","og_title":"EU donates medical equipment to Bosnia and Herzegovina News | WeBalkans","og_description":"The European Union has donated 35 ECG monitors and PCR devices to healthcare institutions in Bosnia and Herzegovina.","og_url":"https:\/\/webalkans.eu\/en\/news\/eu-donates-medical-equipment-to-bosnia-and-herzegovina\/","og_site_name":"WeBalkans | EU Projects in the Western Balkans","article_publisher":"https:\/\/www.facebook.com\/webalkans.eu","article_published_time":"2021-07-21T09:15:20+00:00","article_modified_time":"2021-10-06T16:23:47+00:00","og_image":[{"width":1600,"height":738,"url":"https:\/\/webalkans.eu\/wp-content\/uploads\/2021\/07\/Medical-Equipment-BiH-.jpg","type":"image\/jpeg"}],"author":"007designstudio@gmail.com","twitter_card":"summary_large_image","twitter_creator":"@WeBalkans","twitter_site":"@WeBalkans","twitter_misc":{"Written by":"007designstudio@gmail.com","Est. reading time":"1 minute"},"schema":{"@context":"https:\/\/schema.org","@graph":[{"@type":"Article","@id":"https:\/\/webalkans.eu\/en\/news\/eu-donates-medical-equipment-to-bosnia-and-herzegovina\/#article","isPartOf":{"@id":"https:\/\/webalkans.eu\/en\/news\/eu-donates-medical-equipment-to-bosnia-and-herzegovina\/"},"author":{"name":"007designstudio@gmail.com","@id":"https:\/\/webalkans.eu\/en\/#\/schema\/person\/95a8ea19ef21de3b7766e9b65ffdb4da"},"headline":"EU donates medical equipment to Bosnia and Herzegovina","datePublished":"2021-07-21T09:15:20+00:00","dateModified":"2021-10-06T16:23:47+00:00","mainEntityOfPage":{"@id":"https:\/\/webalkans.eu\/en\/news\/eu-donates-medical-equipment-to-bosnia-and-herzegovina\/"},"wordCount":217,"publisher":{"@id":"https:\/\/webalkans.eu\/en\/#organization"},"image":{"@id":"https:\/\/webalkans.eu\/en\/news\/eu-donates-medical-equipment-to-bosnia-and-herzegovina\/#primaryimage"},"thumbnailUrl":"https:\/\/webalkans.eu\/wp-content\/uploads\/2021\/07\/Medical-Equipment-BiH-.jpg","inLanguage":"en-US"},{"@type":"WebPage","@id":"https:\/\/webalkans.eu\/en\/news\/eu-donates-medical-equipment-to-bosnia-and-herzegovina\/","url":"https:\/\/webalkans.eu\/en\/news\/eu-donates-medical-equipment-to-bosnia-and-herzegovina\/","name":"EU donates medical equipment to Bosnia and Herzegovina News | WeBalkans","isPartOf":{"@id":"https:\/\/webalkans.eu\/en\/#website"},"primaryImageOfPage":{"@id":"https:\/\/webalkans.eu\/en\/news\/eu-donates-medical-equipment-to-bosnia-and-herzegovina\/#primaryimage"},"image":{"@id":"https:\/\/webalkans.eu\/en\/news\/eu-donates-medical-equipment-to-bosnia-and-herzegovina\/#primaryimage"},"thumbnailUrl":"https:\/\/webalkans.eu\/wp-content\/uploads\/2021\/07\/Medical-Equipment-BiH-.jpg","datePublished":"2021-07-21T09:15:20+00:00","dateModified":"2021-10-06T16:23:47+00:00","description":"The European Union has donated 35 ECG monitors and PCR devices to healthcare institutions in Bosnia and Herzegovina.","breadcrumb":{"@id":"https:\/\/webalkans.eu\/en\/news\/eu-donates-medical-equipment-to-bosnia-and-herzegovina\/#breadcrumb"},"inLanguage":"en-US","potentialAction":[{"@type":"ReadAction","target":["https:\/\/webalkans.eu\/en\/news\/eu-donates-medical-equipment-to-bosnia-and-herzegovina\/"]}]},{"@type":"ImageObject","inLanguage":"en-US","@id":"https:\/\/webalkans.eu\/en\/news\/eu-donates-medical-equipment-to-bosnia-and-herzegovina\/#primaryimage","url":"https:\/\/webalkans.eu\/wp-content\/uploads\/2021\/07\/Medical-Equipment-BiH-.jpg","contentUrl":"https:\/\/webalkans.eu\/wp-content\/uploads\/2021\/07\/Medical-Equipment-BiH-.jpg","width":1600,"height":738},{"@type":"BreadcrumbList","@id":"https:\/\/webalkans.eu\/en\/news\/eu-donates-medical-equipment-to-bosnia-and-herzegovina\/#breadcrumb","itemListElement":[{"@type":"ListItem","position":1,"name":"Home","item":"https:\/\/webalkans.eu\/en\/"},{"@type":"ListItem","position":2,"name":"EU donates medical equipment to Bosnia and Herzegovina"}]},{"@type":"WebSite","@id":"https:\/\/webalkans.eu\/en\/#website","url":"https:\/\/webalkans.eu\/en\/","name":"WeBalkans | EU Projects in the Western Balkans","description":"","publisher":{"@id":"https:\/\/webalkans.eu\/en\/#organization"},"potentialAction":[{"@type":"SearchAction","target":{"@type":"EntryPoint","urlTemplate":"https:\/\/webalkans.eu\/en\/?s={search_term_string}"},"query-input":{"@type":"PropertyValueSpecification","valueRequired":true,"valueName":"search_term_string"}}],"inLanguage":"en-US"},{"@type":"Organization","@id":"https:\/\/webalkans.eu\/en\/#organization","name":"European Union","url":"https:\/\/webalkans.eu\/en\/","logo":{"@type":"ImageObject","inLanguage":"en-US","@id":"https:\/\/webalkans.eu\/en\/#\/schema\/logo\/image\/","url":"https:\/\/webalkans.eu\/wp-content\/uploads\/2020\/11\/eu_flag.jpg","contentUrl":"https:\/\/webalkans.eu\/wp-content\/uploads\/2020\/11\/eu_flag.jpg","width":600,"height":401,"caption":"European Union"},"image":{"@id":"https:\/\/webalkans.eu\/en\/#\/schema\/logo\/image\/"},"sameAs":["https:\/\/www.facebook.com\/webalkans.eu","https:\/\/x.com\/WeBalkans"]},{"@type":"Person","@id":"https:\/\/webalkans.eu\/en\/#\/schema\/person\/95a8ea19ef21de3b7766e9b65ffdb4da","name":"007designstudio@gmail.com"}]}},"_links":{"self":[{"href":"https:\/\/webalkans.eu\/en\/wp-json\/wp\/v2\/posts\/8737"}],"collection":[{"href":"https:\/\/webalkans.eu\/en\/wp-json\/wp\/v2\/posts"}],"about":[{"href":"https:\/\/webalkans.eu\/en\/wp-json\/wp\/v2\/types\/post"}],"author":[{"embeddable":true,"href":"https:\/\/webalkans.eu\/en\/wp-json\/wp\/v2\/users\/152227"}],"replies":[{"embeddable":true,"href":"https:\/\/webalkans.eu\/en\/wp-json\/wp\/v2\/comments?post=8737"}],"version-history":[{"count":0,"href":"https:\/\/webalkans.eu\/en\/wp-json\/wp\/v2\/posts\/8737\/revisions"}],"wp:featuredmedia":[{"embeddable":true,"href":"https:\/\/webalkans.eu\/en\/wp-json\/wp\/v2\/media\/8740"}],"wp:attachment":[{"href":"https:\/\/webalkans.eu\/en\/wp-json\/wp\/v2\/media?parent=8737"}],"wp:term":[{"taxonomy":"country-for-news","embeddable":true,"href":"https:\/\/webalkans.eu\/en\/wp-json\/wp\/v2\/country-for-news?post=8737"}],"curies":[{"name":"wp","href":"https:\/\/api.w.org\/{rel}","templated":true}]}}