
{"id":727188,"date":"2022-07-18T10:55:16","date_gmt":"2022-07-18T08:55:16","guid":{"rendered":"https:\/\/webalkans.eu\/?p=727188"},"modified":"2022-07-18T10:56:01","modified_gmt":"2022-07-18T08:56:01","slug":"yea-at-exit-festival-in-novi-sad","status":"publish","type":"post","link":"https:\/\/webalkans.eu\/en\/news\/yea-at-exit-festival-in-novi-sad\/","title":{"rendered":"YEA at EXIT Festival in Novi Sad"},"content":{"rendered":"<p style=\"font-weight: 400;\">This July Young European Ambassadors (YEAs) gathered in Novi Sad, Serbia, to join the EXIT Festival. YEAs organised four different activities over the four days of the festival, and also had the chance to meet their peers from civil society.<\/p>\n<p>&nbsp;<\/p>\n<p style=\"font-weight: 400;\">On the first day, YEAs talked to visitors about the key topics that youth advocate for: environmental activities; cultural cooperation; associations with the EU; EU educational programmes and experiences; improving the treatment of vulnerable groups in local communities; and presented the YEA network. The second day was reserved for a \u201cliving library\u201d where YEAs interacted with other young people by sharing their stories about Western Balkan culture, tourist sites, famous people, and their personal experiences.<\/p>\n<p>&nbsp;<\/p>\n<p style=\"font-weight: 400;\">On the third day of the Festival, YEAs organised a discussion on the main stage of the OPENS state of mind zone with topics of LGBTQ+ issues, inclusion, and youth participation and facilities. The speakers were Anja Joki\u0107 and Ma\u0161a Vra\u010dar from the National Youth Council of Serbia, Nemanja Obradovi\u0107 from OPENS, and YEAs Anja Kafedziska (Serbia), Enes Pu\u0107urica (Montenegro) and Stjuart Islamaj (Albania), and the discussion was moderated by Filip Lukic from the EU Delegation to Serbia.<\/p>\n<p>&nbsp;<\/p>\n<p style=\"font-weight: 400;\">On the last day, YEAs and visitors painted a LGBTQ+ flag, leaving messages of support to the community.<\/p>\n","protected":false},"excerpt":{"rendered":"<p>This July Young European Ambassadors (YEAs) gathered in Novi Sad, Serbia, to join the EXIT Festival. YEAs organised four different activities over the four days <\/p>\n","protected":false},"author":152227,"featured_media":727193,"comment_status":"closed","ping_status":"closed","sticky":false,"template":"","format":"standard","meta":{"_acf_changed":false,"_monsterinsights_skip_tracking":false,"_monsterinsights_sitenote_active":false,"_monsterinsights_sitenote_note":"","_monsterinsights_sitenote_category":0,"footnotes":""},"country-for-news":[51,52,53,54,49,50],"class_list":["post-727188","post","type-post","status-publish","format-standard","has-post-thumbnail","hentry","wb_theme-culture-and-youth","country-for-news-kosovo","country-for-news-montenegro","country-for-news-north-macedonia","country-for-news-serbia","country-for-news-albania","country-for-news-bosnia-and-herzegovina"],"acf":[],"yoast_head":"<!-- This site is optimized with the Yoast SEO plugin v25.3.1 - https:\/\/yoast.com\/wordpress\/plugins\/seo\/ -->\n<title>YEA at EXIT Festival in Novi Sad News | WeBalkans<\/title>\n<meta name=\"description\" content=\"YEA at EXIT Festival in Novi Sad\" \/>\n<meta name=\"robots\" content=\"index, follow, max-snippet:-1, max-image-preview:large, max-video-preview:-1\" \/>\n<link rel=\"canonical\" href=\"https:\/\/webalkans.eu\/en\/news\/yea-at-exit-festival-in-novi-sad\/\" \/>\n<meta property=\"og:locale\" content=\"en_US\" \/>\n<meta property=\"og:type\" content=\"article\" \/>\n<meta property=\"og:title\" content=\"YEA at EXIT Festival in Novi Sad News | WeBalkans\" \/>\n<meta property=\"og:description\" content=\"YEA at EXIT Festival in Novi Sad\" \/>\n<meta property=\"og:url\" content=\"https:\/\/webalkans.eu\/en\/news\/yea-at-exit-festival-in-novi-sad\/\" \/>\n<meta property=\"og:site_name\" content=\"WeBalkans | EU Projects in the Western Balkans\" \/>\n<meta property=\"article:publisher\" content=\"https:\/\/www.facebook.com\/webalkans.eu\" \/>\n<meta property=\"article:published_time\" content=\"2022-07-18T08:55:16+00:00\" \/>\n<meta property=\"article:modified_time\" content=\"2022-07-18T08:56:01+00:00\" \/>\n<meta property=\"og:image\" content=\"https:\/\/webalkans.eu\/wp-content\/uploads\/2022\/07\/7-2.jpg\" \/>\n\t<meta property=\"og:image:width\" content=\"2048\" \/>\n\t<meta property=\"og:image:height\" content=\"1367\" \/>\n\t<meta property=\"og:image:type\" content=\"image\/jpeg\" \/>\n<meta name=\"author\" content=\"007designstudio@gmail.com\" \/>\n<meta name=\"twitter:card\" content=\"summary_large_image\" \/>\n<meta name=\"twitter:creator\" content=\"@WeBalkans\" \/>\n<meta name=\"twitter:site\" content=\"@WeBalkans\" \/>\n<meta name=\"twitter:label1\" content=\"Written by\" \/>\n\t<meta name=\"twitter:data1\" content=\"007designstudio@gmail.com\" \/>\n\t<meta name=\"twitter:label2\" content=\"Est. reading time\" \/>\n\t<meta name=\"twitter:data2\" content=\"1 minute\" \/>\n<script type=\"application\/ld+json\" class=\"yoast-schema-graph\">{\"@context\":\"https:\/\/schema.org\",\"@graph\":[{\"@type\":\"Article\",\"@id\":\"https:\/\/webalkans.eu\/en\/news\/yea-at-exit-festival-in-novi-sad\/#article\",\"isPartOf\":{\"@id\":\"https:\/\/webalkans.eu\/en\/news\/yea-at-exit-festival-in-novi-sad\/\"},\"author\":{\"name\":\"007designstudio@gmail.com\",\"@id\":\"https:\/\/webalkans.eu\/en\/#\/schema\/person\/95a8ea19ef21de3b7766e9b65ffdb4da\"},\"headline\":\"YEA at EXIT Festival in Novi Sad\",\"datePublished\":\"2022-07-18T08:55:16+00:00\",\"dateModified\":\"2022-07-18T08:56:01+00:00\",\"mainEntityOfPage\":{\"@id\":\"https:\/\/webalkans.eu\/en\/news\/yea-at-exit-festival-in-novi-sad\/\"},\"wordCount\":224,\"publisher\":{\"@id\":\"https:\/\/webalkans.eu\/en\/#organization\"},\"image\":{\"@id\":\"https:\/\/webalkans.eu\/en\/news\/yea-at-exit-festival-in-novi-sad\/#primaryimage\"},\"thumbnailUrl\":\"https:\/\/webalkans.eu\/wp-content\/uploads\/2022\/07\/7-2.jpg\",\"inLanguage\":\"en-US\"},{\"@type\":\"WebPage\",\"@id\":\"https:\/\/webalkans.eu\/en\/news\/yea-at-exit-festival-in-novi-sad\/\",\"url\":\"https:\/\/webalkans.eu\/en\/news\/yea-at-exit-festival-in-novi-sad\/\",\"name\":\"YEA at EXIT Festival in Novi Sad News | WeBalkans\",\"isPartOf\":{\"@id\":\"https:\/\/webalkans.eu\/en\/#website\"},\"primaryImageOfPage\":{\"@id\":\"https:\/\/webalkans.eu\/en\/news\/yea-at-exit-festival-in-novi-sad\/#primaryimage\"},\"image\":{\"@id\":\"https:\/\/webalkans.eu\/en\/news\/yea-at-exit-festival-in-novi-sad\/#primaryimage\"},\"thumbnailUrl\":\"https:\/\/webalkans.eu\/wp-content\/uploads\/2022\/07\/7-2.jpg\",\"datePublished\":\"2022-07-18T08:55:16+00:00\",\"dateModified\":\"2022-07-18T08:56:01+00:00\",\"description\":\"YEA at EXIT Festival in Novi Sad\",\"breadcrumb\":{\"@id\":\"https:\/\/webalkans.eu\/en\/news\/yea-at-exit-festival-in-novi-sad\/#breadcrumb\"},\"inLanguage\":\"en-US\",\"potentialAction\":[{\"@type\":\"ReadAction\",\"target\":[\"https:\/\/webalkans.eu\/en\/news\/yea-at-exit-festival-in-novi-sad\/\"]}]},{\"@type\":\"ImageObject\",\"inLanguage\":\"en-US\",\"@id\":\"https:\/\/webalkans.eu\/en\/news\/yea-at-exit-festival-in-novi-sad\/#primaryimage\",\"url\":\"https:\/\/webalkans.eu\/wp-content\/uploads\/2022\/07\/7-2.jpg\",\"contentUrl\":\"https:\/\/webalkans.eu\/wp-content\/uploads\/2022\/07\/7-2.jpg\",\"width\":2048,\"height\":1367},{\"@type\":\"BreadcrumbList\",\"@id\":\"https:\/\/webalkans.eu\/en\/news\/yea-at-exit-festival-in-novi-sad\/#breadcrumb\",\"itemListElement\":[{\"@type\":\"ListItem\",\"position\":1,\"name\":\"Home\",\"item\":\"https:\/\/webalkans.eu\/en\/\"},{\"@type\":\"ListItem\",\"position\":2,\"name\":\"YEA at EXIT Festival in Novi Sad\"}]},{\"@type\":\"WebSite\",\"@id\":\"https:\/\/webalkans.eu\/en\/#website\",\"url\":\"https:\/\/webalkans.eu\/en\/\",\"name\":\"WeBalkans | EU Projects in the Western Balkans\",\"description\":\"\",\"publisher\":{\"@id\":\"https:\/\/webalkans.eu\/en\/#organization\"},\"potentialAction\":[{\"@type\":\"SearchAction\",\"target\":{\"@type\":\"EntryPoint\",\"urlTemplate\":\"https:\/\/webalkans.eu\/en\/?s={search_term_string}\"},\"query-input\":{\"@type\":\"PropertyValueSpecification\",\"valueRequired\":true,\"valueName\":\"search_term_string\"}}],\"inLanguage\":\"en-US\"},{\"@type\":\"Organization\",\"@id\":\"https:\/\/webalkans.eu\/en\/#organization\",\"name\":\"European Union\",\"url\":\"https:\/\/webalkans.eu\/en\/\",\"logo\":{\"@type\":\"ImageObject\",\"inLanguage\":\"en-US\",\"@id\":\"https:\/\/webalkans.eu\/en\/#\/schema\/logo\/image\/\",\"url\":\"https:\/\/webalkans.eu\/wp-content\/uploads\/2020\/11\/eu_flag.jpg\",\"contentUrl\":\"https:\/\/webalkans.eu\/wp-content\/uploads\/2020\/11\/eu_flag.jpg\",\"width\":600,\"height\":401,\"caption\":\"European Union\"},\"image\":{\"@id\":\"https:\/\/webalkans.eu\/en\/#\/schema\/logo\/image\/\"},\"sameAs\":[\"https:\/\/www.facebook.com\/webalkans.eu\",\"https:\/\/x.com\/WeBalkans\"]},{\"@type\":\"Person\",\"@id\":\"https:\/\/webalkans.eu\/en\/#\/schema\/person\/95a8ea19ef21de3b7766e9b65ffdb4da\",\"name\":\"007designstudio@gmail.com\"}]}<\/script>\n<!-- \/ Yoast SEO plugin. -->","yoast_head_json":{"title":"YEA at EXIT Festival in Novi Sad News | WeBalkans","description":"YEA at EXIT Festival in Novi Sad","robots":{"index":"index","follow":"follow","max-snippet":"max-snippet:-1","max-image-preview":"max-image-preview:large","max-video-preview":"max-video-preview:-1"},"canonical":"https:\/\/webalkans.eu\/en\/news\/yea-at-exit-festival-in-novi-sad\/","og_locale":"en_US","og_type":"article","og_title":"YEA at EXIT Festival in Novi Sad News | WeBalkans","og_description":"YEA at EXIT Festival in Novi Sad","og_url":"https:\/\/webalkans.eu\/en\/news\/yea-at-exit-festival-in-novi-sad\/","og_site_name":"WeBalkans | EU Projects in the Western Balkans","article_publisher":"https:\/\/www.facebook.com\/webalkans.eu","article_published_time":"2022-07-18T08:55:16+00:00","article_modified_time":"2022-07-18T08:56:01+00:00","og_image":[{"width":2048,"height":1367,"url":"https:\/\/webalkans.eu\/wp-content\/uploads\/2022\/07\/7-2.jpg","type":"image\/jpeg"}],"author":"007designstudio@gmail.com","twitter_card":"summary_large_image","twitter_creator":"@WeBalkans","twitter_site":"@WeBalkans","twitter_misc":{"Written by":"007designstudio@gmail.com","Est. reading time":"1 minute"},"schema":{"@context":"https:\/\/schema.org","@graph":[{"@type":"Article","@id":"https:\/\/webalkans.eu\/en\/news\/yea-at-exit-festival-in-novi-sad\/#article","isPartOf":{"@id":"https:\/\/webalkans.eu\/en\/news\/yea-at-exit-festival-in-novi-sad\/"},"author":{"name":"007designstudio@gmail.com","@id":"https:\/\/webalkans.eu\/en\/#\/schema\/person\/95a8ea19ef21de3b7766e9b65ffdb4da"},"headline":"YEA at EXIT Festival in Novi Sad","datePublished":"2022-07-18T08:55:16+00:00","dateModified":"2022-07-18T08:56:01+00:00","mainEntityOfPage":{"@id":"https:\/\/webalkans.eu\/en\/news\/yea-at-exit-festival-in-novi-sad\/"},"wordCount":224,"publisher":{"@id":"https:\/\/webalkans.eu\/en\/#organization"},"image":{"@id":"https:\/\/webalkans.eu\/en\/news\/yea-at-exit-festival-in-novi-sad\/#primaryimage"},"thumbnailUrl":"https:\/\/webalkans.eu\/wp-content\/uploads\/2022\/07\/7-2.jpg","inLanguage":"en-US"},{"@type":"WebPage","@id":"https:\/\/webalkans.eu\/en\/news\/yea-at-exit-festival-in-novi-sad\/","url":"https:\/\/webalkans.eu\/en\/news\/yea-at-exit-festival-in-novi-sad\/","name":"YEA at EXIT Festival in Novi Sad News | WeBalkans","isPartOf":{"@id":"https:\/\/webalkans.eu\/en\/#website"},"primaryImageOfPage":{"@id":"https:\/\/webalkans.eu\/en\/news\/yea-at-exit-festival-in-novi-sad\/#primaryimage"},"image":{"@id":"https:\/\/webalkans.eu\/en\/news\/yea-at-exit-festival-in-novi-sad\/#primaryimage"},"thumbnailUrl":"https:\/\/webalkans.eu\/wp-content\/uploads\/2022\/07\/7-2.jpg","datePublished":"2022-07-18T08:55:16+00:00","dateModified":"2022-07-18T08:56:01+00:00","description":"YEA at EXIT Festival in Novi Sad","breadcrumb":{"@id":"https:\/\/webalkans.eu\/en\/news\/yea-at-exit-festival-in-novi-sad\/#breadcrumb"},"inLanguage":"en-US","potentialAction":[{"@type":"ReadAction","target":["https:\/\/webalkans.eu\/en\/news\/yea-at-exit-festival-in-novi-sad\/"]}]},{"@type":"ImageObject","inLanguage":"en-US","@id":"https:\/\/webalkans.eu\/en\/news\/yea-at-exit-festival-in-novi-sad\/#primaryimage","url":"https:\/\/webalkans.eu\/wp-content\/uploads\/2022\/07\/7-2.jpg","contentUrl":"https:\/\/webalkans.eu\/wp-content\/uploads\/2022\/07\/7-2.jpg","width":2048,"height":1367},{"@type":"BreadcrumbList","@id":"https:\/\/webalkans.eu\/en\/news\/yea-at-exit-festival-in-novi-sad\/#breadcrumb","itemListElement":[{"@type":"ListItem","position":1,"name":"Home","item":"https:\/\/webalkans.eu\/en\/"},{"@type":"ListItem","position":2,"name":"YEA at EXIT Festival in Novi Sad"}]},{"@type":"WebSite","@id":"https:\/\/webalkans.eu\/en\/#website","url":"https:\/\/webalkans.eu\/en\/","name":"WeBalkans | EU Projects in the Western Balkans","description":"","publisher":{"@id":"https:\/\/webalkans.eu\/en\/#organization"},"potentialAction":[{"@type":"SearchAction","target":{"@type":"EntryPoint","urlTemplate":"https:\/\/webalkans.eu\/en\/?s={search_term_string}"},"query-input":{"@type":"PropertyValueSpecification","valueRequired":true,"valueName":"search_term_string"}}],"inLanguage":"en-US"},{"@type":"Organization","@id":"https:\/\/webalkans.eu\/en\/#organization","name":"European Union","url":"https:\/\/webalkans.eu\/en\/","logo":{"@type":"ImageObject","inLanguage":"en-US","@id":"https:\/\/webalkans.eu\/en\/#\/schema\/logo\/image\/","url":"https:\/\/webalkans.eu\/wp-content\/uploads\/2020\/11\/eu_flag.jpg","contentUrl":"https:\/\/webalkans.eu\/wp-content\/uploads\/2020\/11\/eu_flag.jpg","width":600,"height":401,"caption":"European Union"},"image":{"@id":"https:\/\/webalkans.eu\/en\/#\/schema\/logo\/image\/"},"sameAs":["https:\/\/www.facebook.com\/webalkans.eu","https:\/\/x.com\/WeBalkans"]},{"@type":"Person","@id":"https:\/\/webalkans.eu\/en\/#\/schema\/person\/95a8ea19ef21de3b7766e9b65ffdb4da","name":"007designstudio@gmail.com"}]}},"_links":{"self":[{"href":"https:\/\/webalkans.eu\/en\/wp-json\/wp\/v2\/posts\/727188"}],"collection":[{"href":"https:\/\/webalkans.eu\/en\/wp-json\/wp\/v2\/posts"}],"about":[{"href":"https:\/\/webalkans.eu\/en\/wp-json\/wp\/v2\/types\/post"}],"author":[{"embeddable":true,"href":"https:\/\/webalkans.eu\/en\/wp-json\/wp\/v2\/users\/152227"}],"replies":[{"embeddable":true,"href":"https:\/\/webalkans.eu\/en\/wp-json\/wp\/v2\/comments?post=727188"}],"version-history":[{"count":0,"href":"https:\/\/webalkans.eu\/en\/wp-json\/wp\/v2\/posts\/727188\/revisions"}],"wp:featuredmedia":[{"embeddable":true,"href":"https:\/\/webalkans.eu\/en\/wp-json\/wp\/v2\/media\/727193"}],"wp:attachment":[{"href":"https:\/\/webalkans.eu\/en\/wp-json\/wp\/v2\/media?parent=727188"}],"wp:term":[{"taxonomy":"country-for-news","embeddable":true,"href":"https:\/\/webalkans.eu\/en\/wp-json\/wp\/v2\/country-for-news?post=727188"}],"curies":[{"name":"wp","href":"https:\/\/api.w.org\/{rel}","templated":true}]}}