
{"id":688927,"date":"2022-07-08T18:25:09","date_gmt":"2022-07-08T16:25:09","guid":{"rendered":"https:\/\/webalkans.eu\/?p=688927"},"modified":"2022-07-08T18:25:49","modified_gmt":"2022-07-08T16:25:49","slug":"yea-meet-the-austrian-minister-of-justice-ms-alma-zadic","status":"publish","type":"post","link":"https:\/\/webalkans.eu\/en\/news\/yea-meet-the-austrian-minister-of-justice-ms-alma-zadic\/","title":{"rendered":"YEA meet the Austrian Minister of Justice Ms Alma Zadi\u0107"},"content":{"rendered":"<p style=\"font-weight: 400;\">Young European Ambassadors (YEA) from Bosnia Herzegovina: Armin Poljak, Nikola Bodulovi\u0107, Hana Kuni\u0107, Nejra Gurbeta, Dragana Vu\u010dkovi\u0107 and D\u017eulisa Otuzbir had the opportunity to meet the Austrian Minister of Justice, Ms Alma Zadi\u0107, who participated in panel discussion called &#8220;Quo vadis, Bosnia and Herzegovina?&#8221; with EU Ambassador, Mr Johann Sattler and Bosnian civil society representatives.<\/p>\n<p>&nbsp;<\/p>\n<p style=\"font-weight: 400;\">After the discussion, YEAs had the opportunity to talk with Ms Zadi\u0107 and to present to her the work of the YEA network, as well as talk about the position of youth in Bosnia and Herzegovina.<\/p>\n<p>&nbsp;<\/p>\n<p style=\"font-weight: 400;\">The YEA platform is a creative network of young activists from across the Western Balkans (Albania, Bosnia and Herzegovina, Kosovo, Montenegro, North Macedonia, and Serbia). YEAs come from different backgrounds, yet they all share a common vision: the Western Balkans united in diversity. They learn about each other and the EU together, pursue creative projects, acquire new skills, connect via social media, and organise inspiring events \u2013 always driven by the idea that activism in youth is the most powerful force of social change.<\/p>\n<p>&nbsp;<\/p>\n<p style=\"font-weight: 400;\">The aims of the network are: to share EU values; to raise awareness about the EU\u2019s cooperation with its Western Balkan partners; to showcase the tangible results of this cooperation; to contribute to policy dialogue on various topics; and to help increase civic activism.<\/p>\n","protected":false},"excerpt":{"rendered":"<p>Young European Ambassadors (YEA) from Bosnia Herzegovina: Armin Poljak, Nikola Bodulovi\u0107, Hana Kuni\u0107, Nejra Gurbeta, Dragana Vu\u010dkovi\u0107 and D\u017eulisa Otuzbir had the opportunity to meet <\/p>\n","protected":false},"author":152227,"featured_media":688928,"comment_status":"closed","ping_status":"closed","sticky":false,"template":"","format":"standard","meta":{"_acf_changed":false,"_monsterinsights_skip_tracking":false,"_monsterinsights_sitenote_active":false,"_monsterinsights_sitenote_note":"","_monsterinsights_sitenote_category":0,"footnotes":""},"country-for-news":[50],"class_list":["post-688927","post","type-post","status-publish","format-standard","has-post-thumbnail","hentry","wb_theme-culture-and-youth","country-for-news-bosnia-and-herzegovina"],"acf":[],"yoast_head":"<!-- This site is optimized with the Yoast SEO plugin v25.3.1 - https:\/\/yoast.com\/wordpress\/plugins\/seo\/ -->\n<title>YEA meet the Austrian Minister of Justice Ms Alma Zadi\u0107 News | WeBalkans<\/title>\n<meta name=\"description\" content=\"YEA meet the Austrian Minister of Justice Ms Alma Zadi\u0107\" \/>\n<meta name=\"robots\" content=\"index, follow, max-snippet:-1, max-image-preview:large, max-video-preview:-1\" \/>\n<link rel=\"canonical\" href=\"https:\/\/webalkans.eu\/en\/news\/yea-meet-the-austrian-minister-of-justice-ms-alma-zadic\/\" \/>\n<meta property=\"og:locale\" content=\"en_US\" \/>\n<meta property=\"og:type\" content=\"article\" \/>\n<meta property=\"og:title\" content=\"YEA meet the Austrian Minister of Justice Ms Alma Zadi\u0107 News | WeBalkans\" \/>\n<meta property=\"og:description\" content=\"YEA meet the Austrian Minister of Justice Ms Alma Zadi\u0107\" \/>\n<meta property=\"og:url\" content=\"https:\/\/webalkans.eu\/en\/news\/yea-meet-the-austrian-minister-of-justice-ms-alma-zadic\/\" \/>\n<meta property=\"og:site_name\" content=\"WeBalkans | EU Projects in the Western Balkans\" \/>\n<meta property=\"article:publisher\" content=\"https:\/\/www.facebook.com\/webalkans.eu\" \/>\n<meta property=\"article:published_time\" content=\"2022-07-08T16:25:09+00:00\" \/>\n<meta property=\"article:modified_time\" content=\"2022-07-08T16:25:49+00:00\" \/>\n<meta property=\"og:image\" content=\"https:\/\/webalkans.eu\/wp-content\/uploads\/2022\/07\/6-1.jpg\" \/>\n\t<meta property=\"og:image:width\" content=\"480\" \/>\n\t<meta property=\"og:image:height\" content=\"600\" \/>\n\t<meta property=\"og:image:type\" content=\"image\/jpeg\" \/>\n<meta name=\"author\" content=\"007designstudio@gmail.com\" \/>\n<meta name=\"twitter:card\" content=\"summary_large_image\" \/>\n<meta name=\"twitter:creator\" content=\"@WeBalkans\" \/>\n<meta name=\"twitter:site\" content=\"@WeBalkans\" \/>\n<meta name=\"twitter:label1\" content=\"Written by\" \/>\n\t<meta name=\"twitter:data1\" content=\"007designstudio@gmail.com\" \/>\n\t<meta name=\"twitter:label2\" content=\"Est. reading time\" \/>\n\t<meta name=\"twitter:data2\" content=\"1 minute\" \/>\n<script type=\"application\/ld+json\" class=\"yoast-schema-graph\">{\"@context\":\"https:\/\/schema.org\",\"@graph\":[{\"@type\":\"Article\",\"@id\":\"https:\/\/webalkans.eu\/en\/news\/yea-meet-the-austrian-minister-of-justice-ms-alma-zadic\/#article\",\"isPartOf\":{\"@id\":\"https:\/\/webalkans.eu\/en\/news\/yea-meet-the-austrian-minister-of-justice-ms-alma-zadic\/\"},\"author\":{\"name\":\"007designstudio@gmail.com\",\"@id\":\"https:\/\/webalkans.eu\/en\/#\/schema\/person\/95a8ea19ef21de3b7766e9b65ffdb4da\"},\"headline\":\"YEA meet the Austrian Minister of Justice Ms Alma Zadi\u0107\",\"datePublished\":\"2022-07-08T16:25:09+00:00\",\"dateModified\":\"2022-07-08T16:25:49+00:00\",\"mainEntityOfPage\":{\"@id\":\"https:\/\/webalkans.eu\/en\/news\/yea-meet-the-austrian-minister-of-justice-ms-alma-zadic\/\"},\"wordCount\":234,\"publisher\":{\"@id\":\"https:\/\/webalkans.eu\/en\/#organization\"},\"image\":{\"@id\":\"https:\/\/webalkans.eu\/en\/news\/yea-meet-the-austrian-minister-of-justice-ms-alma-zadic\/#primaryimage\"},\"thumbnailUrl\":\"https:\/\/webalkans.eu\/wp-content\/uploads\/2022\/07\/6-1.jpg\",\"inLanguage\":\"en-US\"},{\"@type\":\"WebPage\",\"@id\":\"https:\/\/webalkans.eu\/en\/news\/yea-meet-the-austrian-minister-of-justice-ms-alma-zadic\/\",\"url\":\"https:\/\/webalkans.eu\/en\/news\/yea-meet-the-austrian-minister-of-justice-ms-alma-zadic\/\",\"name\":\"YEA meet the Austrian Minister of Justice Ms Alma Zadi\u0107 News | WeBalkans\",\"isPartOf\":{\"@id\":\"https:\/\/webalkans.eu\/en\/#website\"},\"primaryImageOfPage\":{\"@id\":\"https:\/\/webalkans.eu\/en\/news\/yea-meet-the-austrian-minister-of-justice-ms-alma-zadic\/#primaryimage\"},\"image\":{\"@id\":\"https:\/\/webalkans.eu\/en\/news\/yea-meet-the-austrian-minister-of-justice-ms-alma-zadic\/#primaryimage\"},\"thumbnailUrl\":\"https:\/\/webalkans.eu\/wp-content\/uploads\/2022\/07\/6-1.jpg\",\"datePublished\":\"2022-07-08T16:25:09+00:00\",\"dateModified\":\"2022-07-08T16:25:49+00:00\",\"description\":\"YEA meet the Austrian Minister of Justice Ms Alma Zadi\u0107\",\"breadcrumb\":{\"@id\":\"https:\/\/webalkans.eu\/en\/news\/yea-meet-the-austrian-minister-of-justice-ms-alma-zadic\/#breadcrumb\"},\"inLanguage\":\"en-US\",\"potentialAction\":[{\"@type\":\"ReadAction\",\"target\":[\"https:\/\/webalkans.eu\/en\/news\/yea-meet-the-austrian-minister-of-justice-ms-alma-zadic\/\"]}]},{\"@type\":\"ImageObject\",\"inLanguage\":\"en-US\",\"@id\":\"https:\/\/webalkans.eu\/en\/news\/yea-meet-the-austrian-minister-of-justice-ms-alma-zadic\/#primaryimage\",\"url\":\"https:\/\/webalkans.eu\/wp-content\/uploads\/2022\/07\/6-1.jpg\",\"contentUrl\":\"https:\/\/webalkans.eu\/wp-content\/uploads\/2022\/07\/6-1.jpg\",\"width\":480,\"height\":600},{\"@type\":\"BreadcrumbList\",\"@id\":\"https:\/\/webalkans.eu\/en\/news\/yea-meet-the-austrian-minister-of-justice-ms-alma-zadic\/#breadcrumb\",\"itemListElement\":[{\"@type\":\"ListItem\",\"position\":1,\"name\":\"Home\",\"item\":\"https:\/\/webalkans.eu\/en\/\"},{\"@type\":\"ListItem\",\"position\":2,\"name\":\"YEA meet the Austrian Minister of Justice Ms Alma Zadi\u0107\"}]},{\"@type\":\"WebSite\",\"@id\":\"https:\/\/webalkans.eu\/en\/#website\",\"url\":\"https:\/\/webalkans.eu\/en\/\",\"name\":\"WeBalkans | EU Projects in the Western Balkans\",\"description\":\"\",\"publisher\":{\"@id\":\"https:\/\/webalkans.eu\/en\/#organization\"},\"potentialAction\":[{\"@type\":\"SearchAction\",\"target\":{\"@type\":\"EntryPoint\",\"urlTemplate\":\"https:\/\/webalkans.eu\/en\/?s={search_term_string}\"},\"query-input\":{\"@type\":\"PropertyValueSpecification\",\"valueRequired\":true,\"valueName\":\"search_term_string\"}}],\"inLanguage\":\"en-US\"},{\"@type\":\"Organization\",\"@id\":\"https:\/\/webalkans.eu\/en\/#organization\",\"name\":\"European Union\",\"url\":\"https:\/\/webalkans.eu\/en\/\",\"logo\":{\"@type\":\"ImageObject\",\"inLanguage\":\"en-US\",\"@id\":\"https:\/\/webalkans.eu\/en\/#\/schema\/logo\/image\/\",\"url\":\"https:\/\/webalkans.eu\/wp-content\/uploads\/2020\/11\/eu_flag.jpg\",\"contentUrl\":\"https:\/\/webalkans.eu\/wp-content\/uploads\/2020\/11\/eu_flag.jpg\",\"width\":600,\"height\":401,\"caption\":\"European Union\"},\"image\":{\"@id\":\"https:\/\/webalkans.eu\/en\/#\/schema\/logo\/image\/\"},\"sameAs\":[\"https:\/\/www.facebook.com\/webalkans.eu\",\"https:\/\/x.com\/WeBalkans\"]},{\"@type\":\"Person\",\"@id\":\"https:\/\/webalkans.eu\/en\/#\/schema\/person\/95a8ea19ef21de3b7766e9b65ffdb4da\",\"name\":\"007designstudio@gmail.com\"}]}<\/script>\n<!-- \/ Yoast SEO plugin. -->","yoast_head_json":{"title":"YEA meet the Austrian Minister of Justice Ms Alma Zadi\u0107 News | WeBalkans","description":"YEA meet the Austrian Minister of Justice Ms Alma Zadi\u0107","robots":{"index":"index","follow":"follow","max-snippet":"max-snippet:-1","max-image-preview":"max-image-preview:large","max-video-preview":"max-video-preview:-1"},"canonical":"https:\/\/webalkans.eu\/en\/news\/yea-meet-the-austrian-minister-of-justice-ms-alma-zadic\/","og_locale":"en_US","og_type":"article","og_title":"YEA meet the Austrian Minister of Justice Ms Alma Zadi\u0107 News | WeBalkans","og_description":"YEA meet the Austrian Minister of Justice Ms Alma Zadi\u0107","og_url":"https:\/\/webalkans.eu\/en\/news\/yea-meet-the-austrian-minister-of-justice-ms-alma-zadic\/","og_site_name":"WeBalkans | EU Projects in the Western Balkans","article_publisher":"https:\/\/www.facebook.com\/webalkans.eu","article_published_time":"2022-07-08T16:25:09+00:00","article_modified_time":"2022-07-08T16:25:49+00:00","og_image":[{"width":480,"height":600,"url":"https:\/\/webalkans.eu\/wp-content\/uploads\/2022\/07\/6-1.jpg","type":"image\/jpeg"}],"author":"007designstudio@gmail.com","twitter_card":"summary_large_image","twitter_creator":"@WeBalkans","twitter_site":"@WeBalkans","twitter_misc":{"Written by":"007designstudio@gmail.com","Est. reading time":"1 minute"},"schema":{"@context":"https:\/\/schema.org","@graph":[{"@type":"Article","@id":"https:\/\/webalkans.eu\/en\/news\/yea-meet-the-austrian-minister-of-justice-ms-alma-zadic\/#article","isPartOf":{"@id":"https:\/\/webalkans.eu\/en\/news\/yea-meet-the-austrian-minister-of-justice-ms-alma-zadic\/"},"author":{"name":"007designstudio@gmail.com","@id":"https:\/\/webalkans.eu\/en\/#\/schema\/person\/95a8ea19ef21de3b7766e9b65ffdb4da"},"headline":"YEA meet the Austrian Minister of Justice Ms Alma Zadi\u0107","datePublished":"2022-07-08T16:25:09+00:00","dateModified":"2022-07-08T16:25:49+00:00","mainEntityOfPage":{"@id":"https:\/\/webalkans.eu\/en\/news\/yea-meet-the-austrian-minister-of-justice-ms-alma-zadic\/"},"wordCount":234,"publisher":{"@id":"https:\/\/webalkans.eu\/en\/#organization"},"image":{"@id":"https:\/\/webalkans.eu\/en\/news\/yea-meet-the-austrian-minister-of-justice-ms-alma-zadic\/#primaryimage"},"thumbnailUrl":"https:\/\/webalkans.eu\/wp-content\/uploads\/2022\/07\/6-1.jpg","inLanguage":"en-US"},{"@type":"WebPage","@id":"https:\/\/webalkans.eu\/en\/news\/yea-meet-the-austrian-minister-of-justice-ms-alma-zadic\/","url":"https:\/\/webalkans.eu\/en\/news\/yea-meet-the-austrian-minister-of-justice-ms-alma-zadic\/","name":"YEA meet the Austrian Minister of Justice Ms Alma Zadi\u0107 News | WeBalkans","isPartOf":{"@id":"https:\/\/webalkans.eu\/en\/#website"},"primaryImageOfPage":{"@id":"https:\/\/webalkans.eu\/en\/news\/yea-meet-the-austrian-minister-of-justice-ms-alma-zadic\/#primaryimage"},"image":{"@id":"https:\/\/webalkans.eu\/en\/news\/yea-meet-the-austrian-minister-of-justice-ms-alma-zadic\/#primaryimage"},"thumbnailUrl":"https:\/\/webalkans.eu\/wp-content\/uploads\/2022\/07\/6-1.jpg","datePublished":"2022-07-08T16:25:09+00:00","dateModified":"2022-07-08T16:25:49+00:00","description":"YEA meet the Austrian Minister of Justice Ms Alma Zadi\u0107","breadcrumb":{"@id":"https:\/\/webalkans.eu\/en\/news\/yea-meet-the-austrian-minister-of-justice-ms-alma-zadic\/#breadcrumb"},"inLanguage":"en-US","potentialAction":[{"@type":"ReadAction","target":["https:\/\/webalkans.eu\/en\/news\/yea-meet-the-austrian-minister-of-justice-ms-alma-zadic\/"]}]},{"@type":"ImageObject","inLanguage":"en-US","@id":"https:\/\/webalkans.eu\/en\/news\/yea-meet-the-austrian-minister-of-justice-ms-alma-zadic\/#primaryimage","url":"https:\/\/webalkans.eu\/wp-content\/uploads\/2022\/07\/6-1.jpg","contentUrl":"https:\/\/webalkans.eu\/wp-content\/uploads\/2022\/07\/6-1.jpg","width":480,"height":600},{"@type":"BreadcrumbList","@id":"https:\/\/webalkans.eu\/en\/news\/yea-meet-the-austrian-minister-of-justice-ms-alma-zadic\/#breadcrumb","itemListElement":[{"@type":"ListItem","position":1,"name":"Home","item":"https:\/\/webalkans.eu\/en\/"},{"@type":"ListItem","position":2,"name":"YEA meet the Austrian Minister of Justice Ms Alma Zadi\u0107"}]},{"@type":"WebSite","@id":"https:\/\/webalkans.eu\/en\/#website","url":"https:\/\/webalkans.eu\/en\/","name":"WeBalkans | EU Projects in the Western Balkans","description":"","publisher":{"@id":"https:\/\/webalkans.eu\/en\/#organization"},"potentialAction":[{"@type":"SearchAction","target":{"@type":"EntryPoint","urlTemplate":"https:\/\/webalkans.eu\/en\/?s={search_term_string}"},"query-input":{"@type":"PropertyValueSpecification","valueRequired":true,"valueName":"search_term_string"}}],"inLanguage":"en-US"},{"@type":"Organization","@id":"https:\/\/webalkans.eu\/en\/#organization","name":"European Union","url":"https:\/\/webalkans.eu\/en\/","logo":{"@type":"ImageObject","inLanguage":"en-US","@id":"https:\/\/webalkans.eu\/en\/#\/schema\/logo\/image\/","url":"https:\/\/webalkans.eu\/wp-content\/uploads\/2020\/11\/eu_flag.jpg","contentUrl":"https:\/\/webalkans.eu\/wp-content\/uploads\/2020\/11\/eu_flag.jpg","width":600,"height":401,"caption":"European Union"},"image":{"@id":"https:\/\/webalkans.eu\/en\/#\/schema\/logo\/image\/"},"sameAs":["https:\/\/www.facebook.com\/webalkans.eu","https:\/\/x.com\/WeBalkans"]},{"@type":"Person","@id":"https:\/\/webalkans.eu\/en\/#\/schema\/person\/95a8ea19ef21de3b7766e9b65ffdb4da","name":"007designstudio@gmail.com"}]}},"_links":{"self":[{"href":"https:\/\/webalkans.eu\/en\/wp-json\/wp\/v2\/posts\/688927"}],"collection":[{"href":"https:\/\/webalkans.eu\/en\/wp-json\/wp\/v2\/posts"}],"about":[{"href":"https:\/\/webalkans.eu\/en\/wp-json\/wp\/v2\/types\/post"}],"author":[{"embeddable":true,"href":"https:\/\/webalkans.eu\/en\/wp-json\/wp\/v2\/users\/152227"}],"replies":[{"embeddable":true,"href":"https:\/\/webalkans.eu\/en\/wp-json\/wp\/v2\/comments?post=688927"}],"version-history":[{"count":0,"href":"https:\/\/webalkans.eu\/en\/wp-json\/wp\/v2\/posts\/688927\/revisions"}],"wp:featuredmedia":[{"embeddable":true,"href":"https:\/\/webalkans.eu\/en\/wp-json\/wp\/v2\/media\/688928"}],"wp:attachment":[{"href":"https:\/\/webalkans.eu\/en\/wp-json\/wp\/v2\/media?parent=688927"}],"wp:term":[{"taxonomy":"country-for-news","embeddable":true,"href":"https:\/\/webalkans.eu\/en\/wp-json\/wp\/v2\/country-for-news?post=688927"}],"curies":[{"name":"wp","href":"https:\/\/api.w.org\/{rel}","templated":true}]}}