
{"id":446086,"date":"2021-12-16T16:43:19","date_gmt":"2021-12-16T15:43:19","guid":{"rendered":"https:\/\/webalkans.eu\/?p=446086"},"modified":"2021-12-16T16:43:19","modified_gmt":"2021-12-16T15:43:19","slug":"eu-launches-block-the-hatred-share-the-love-campaign-in-montenegro","status":"publish","type":"post","link":"https:\/\/webalkans.eu\/en\/news\/eu-launches-block-the-hatred-share-the-love-campaign-in-montenegro\/","title":{"rendered":"EU launches \u201cBlock the hatred. Share the love\u201d campaign in Montenegro"},"content":{"rendered":"<p>The European Union and the Council of Europe have launched a \u201cBlock the hatred. Share the love\u201d campaign in Montenegro. The campaign aims to combat forms of hate speech targeting specific communities and individuals in Montenegrin society. It also aims to inform and educate society, and especially young people, about the role that everyone has in the fight against hate speech.<\/p>\n<p>&nbsp;<\/p>\n<p>The campaign will be rolled out online through dedicated social media channels and in the media, as well as through public events. These activities will involve prominent public figures, institutions and activists, promoting diversity and equality in Montenegro and in the region through personal storytelling, testimonies and exchange of good practices.<\/p>\n<p>&nbsp;<\/p>\n<p>The No-Hate-Speech Ambassadors include tennis player\u00a0<strong>Danka Kovini\u0107<\/strong>; the high jump Olympic Champion <strong>Marija Vukovi\u0107<\/strong>; Paralympic table tennis bronze medal winner <strong>Filip Radovi\u0107<\/strong><strong>;<\/strong> opera singer\u00a0<strong>Tamara Radjenovi\u0107<\/strong>; and actress\u00a0<strong>Dubravka Draki\u0107<\/strong>. They are joined by <a href=\"https:\/\/webalkans.eu\/en\/yea\/\">Young European Ambassadors<\/a> Bojana Lalatovi\u0107, Stefan Vukmanovi\u0107, Emina Balota and Dado Dervanovi\u0107 who responded to the call of this campaign to engage actively with counter-narratives and behaviours.<\/p>\n<p>&nbsp;<\/p>\n<p>The campaign is being implemented within the \u201c<a href=\"https:\/\/www.coe.int\/en\/web\/podgorica\/promotion-of-diversity-and-equality-in-montenegro1\">Promotion of diversity and equality in Montenegro<\/a>\u201d initiative, which is a part of the joint European Union and Council of Europe &#8220;Horizontal Facility for the Western Balkans and Turkey 2019-2022&#8221; programme.<\/p>\n","protected":false},"excerpt":{"rendered":"<p>The European Union and the Council of Europe have launched a \u201cBlock the hatred. Share the love\u201d campaign in Montenegro. The campaign aims to combat <\/p>\n","protected":false},"author":152227,"featured_media":446092,"comment_status":"closed","ping_status":"closed","sticky":false,"template":"","format":"standard","meta":{"_acf_changed":false,"_monsterinsights_skip_tracking":false,"_monsterinsights_sitenote_active":false,"_monsterinsights_sitenote_note":"","_monsterinsights_sitenote_category":0,"footnotes":""},"country-for-news":[52],"class_list":["post-446086","post","type-post","status-publish","format-standard","has-post-thumbnail","hentry","wb_theme-democracy-and-fundamental-rights","country-for-news-montenegro"],"acf":[],"yoast_head":"<!-- This site is optimized with the Yoast SEO plugin v25.3.1 - https:\/\/yoast.com\/wordpress\/plugins\/seo\/ -->\n<title>EU launches \u201cBlock the hatred. Share the love\u201d campaign in Montenegro News | WeBalkans<\/title>\n<meta name=\"description\" content=\"The European Union and the Council of Europe have launched a \u201cBlock the hatred. Share the love\u201d campaign in Montenegro.\" \/>\n<meta name=\"robots\" content=\"index, follow, max-snippet:-1, max-image-preview:large, max-video-preview:-1\" \/>\n<link rel=\"canonical\" href=\"https:\/\/webalkans.eu\/en\/news\/eu-launches-block-the-hatred-share-the-love-campaign-in-montenegro\/\" \/>\n<meta property=\"og:locale\" content=\"en_US\" \/>\n<meta property=\"og:type\" content=\"article\" \/>\n<meta property=\"og:title\" content=\"EU launches \u201cBlock the hatred. Share the love\u201d campaign in Montenegro News | WeBalkans\" \/>\n<meta property=\"og:description\" content=\"The European Union and the Council of Europe have launched a \u201cBlock the hatred. Share the love\u201d campaign in Montenegro.\" \/>\n<meta property=\"og:url\" content=\"https:\/\/webalkans.eu\/en\/news\/eu-launches-block-the-hatred-share-the-love-campaign-in-montenegro\/\" \/>\n<meta property=\"og:site_name\" content=\"WeBalkans | EU Projects in the Western Balkans\" \/>\n<meta property=\"article:publisher\" content=\"https:\/\/www.facebook.com\/webalkans.eu\" \/>\n<meta property=\"article:published_time\" content=\"2021-12-16T15:43:19+00:00\" \/>\n<meta property=\"og:image\" content=\"https:\/\/webalkans.eu\/wp-content\/uploads\/2021\/12\/1-2.png\" \/>\n\t<meta property=\"og:image:width\" content=\"870\" \/>\n\t<meta property=\"og:image:height\" content=\"581\" \/>\n\t<meta property=\"og:image:type\" content=\"image\/png\" \/>\n<meta name=\"author\" content=\"007designstudio@gmail.com\" \/>\n<meta name=\"twitter:card\" content=\"summary_large_image\" \/>\n<meta name=\"twitter:creator\" content=\"@WeBalkans\" \/>\n<meta name=\"twitter:site\" content=\"@WeBalkans\" \/>\n<meta name=\"twitter:label1\" content=\"Written by\" \/>\n\t<meta name=\"twitter:data1\" content=\"007designstudio@gmail.com\" \/>\n\t<meta name=\"twitter:label2\" content=\"Est. reading time\" \/>\n\t<meta name=\"twitter:data2\" content=\"1 minute\" \/>\n<script type=\"application\/ld+json\" class=\"yoast-schema-graph\">{\"@context\":\"https:\/\/schema.org\",\"@graph\":[{\"@type\":\"Article\",\"@id\":\"https:\/\/webalkans.eu\/en\/news\/eu-launches-block-the-hatred-share-the-love-campaign-in-montenegro\/#article\",\"isPartOf\":{\"@id\":\"https:\/\/webalkans.eu\/en\/news\/eu-launches-block-the-hatred-share-the-love-campaign-in-montenegro\/\"},\"author\":{\"name\":\"007designstudio@gmail.com\",\"@id\":\"https:\/\/webalkans.eu\/en\/#\/schema\/person\/95a8ea19ef21de3b7766e9b65ffdb4da\"},\"headline\":\"EU launches \u201cBlock the hatred. Share the love\u201d campaign in Montenegro\",\"datePublished\":\"2021-12-16T15:43:19+00:00\",\"mainEntityOfPage\":{\"@id\":\"https:\/\/webalkans.eu\/en\/news\/eu-launches-block-the-hatred-share-the-love-campaign-in-montenegro\/\"},\"wordCount\":226,\"publisher\":{\"@id\":\"https:\/\/webalkans.eu\/en\/#organization\"},\"image\":{\"@id\":\"https:\/\/webalkans.eu\/en\/news\/eu-launches-block-the-hatred-share-the-love-campaign-in-montenegro\/#primaryimage\"},\"thumbnailUrl\":\"https:\/\/webalkans.eu\/wp-content\/uploads\/2021\/12\/1-2.png\",\"inLanguage\":\"en-US\"},{\"@type\":\"WebPage\",\"@id\":\"https:\/\/webalkans.eu\/en\/news\/eu-launches-block-the-hatred-share-the-love-campaign-in-montenegro\/\",\"url\":\"https:\/\/webalkans.eu\/en\/news\/eu-launches-block-the-hatred-share-the-love-campaign-in-montenegro\/\",\"name\":\"EU launches \u201cBlock the hatred. Share the love\u201d campaign in Montenegro News | WeBalkans\",\"isPartOf\":{\"@id\":\"https:\/\/webalkans.eu\/en\/#website\"},\"primaryImageOfPage\":{\"@id\":\"https:\/\/webalkans.eu\/en\/news\/eu-launches-block-the-hatred-share-the-love-campaign-in-montenegro\/#primaryimage\"},\"image\":{\"@id\":\"https:\/\/webalkans.eu\/en\/news\/eu-launches-block-the-hatred-share-the-love-campaign-in-montenegro\/#primaryimage\"},\"thumbnailUrl\":\"https:\/\/webalkans.eu\/wp-content\/uploads\/2021\/12\/1-2.png\",\"datePublished\":\"2021-12-16T15:43:19+00:00\",\"description\":\"The European Union and the Council of Europe have launched a \u201cBlock the hatred. Share the love\u201d campaign in Montenegro.\",\"breadcrumb\":{\"@id\":\"https:\/\/webalkans.eu\/en\/news\/eu-launches-block-the-hatred-share-the-love-campaign-in-montenegro\/#breadcrumb\"},\"inLanguage\":\"en-US\",\"potentialAction\":[{\"@type\":\"ReadAction\",\"target\":[\"https:\/\/webalkans.eu\/en\/news\/eu-launches-block-the-hatred-share-the-love-campaign-in-montenegro\/\"]}]},{\"@type\":\"ImageObject\",\"inLanguage\":\"en-US\",\"@id\":\"https:\/\/webalkans.eu\/en\/news\/eu-launches-block-the-hatred-share-the-love-campaign-in-montenegro\/#primaryimage\",\"url\":\"https:\/\/webalkans.eu\/wp-content\/uploads\/2021\/12\/1-2.png\",\"contentUrl\":\"https:\/\/webalkans.eu\/wp-content\/uploads\/2021\/12\/1-2.png\",\"width\":870,\"height\":581},{\"@type\":\"BreadcrumbList\",\"@id\":\"https:\/\/webalkans.eu\/en\/news\/eu-launches-block-the-hatred-share-the-love-campaign-in-montenegro\/#breadcrumb\",\"itemListElement\":[{\"@type\":\"ListItem\",\"position\":1,\"name\":\"Home\",\"item\":\"https:\/\/webalkans.eu\/en\/\"},{\"@type\":\"ListItem\",\"position\":2,\"name\":\"EU launches \u201cBlock the hatred. Share the love\u201d campaign in Montenegro\"}]},{\"@type\":\"WebSite\",\"@id\":\"https:\/\/webalkans.eu\/en\/#website\",\"url\":\"https:\/\/webalkans.eu\/en\/\",\"name\":\"WeBalkans | EU Projects in the Western Balkans\",\"description\":\"\",\"publisher\":{\"@id\":\"https:\/\/webalkans.eu\/en\/#organization\"},\"potentialAction\":[{\"@type\":\"SearchAction\",\"target\":{\"@type\":\"EntryPoint\",\"urlTemplate\":\"https:\/\/webalkans.eu\/en\/?s={search_term_string}\"},\"query-input\":{\"@type\":\"PropertyValueSpecification\",\"valueRequired\":true,\"valueName\":\"search_term_string\"}}],\"inLanguage\":\"en-US\"},{\"@type\":\"Organization\",\"@id\":\"https:\/\/webalkans.eu\/en\/#organization\",\"name\":\"European Union\",\"url\":\"https:\/\/webalkans.eu\/en\/\",\"logo\":{\"@type\":\"ImageObject\",\"inLanguage\":\"en-US\",\"@id\":\"https:\/\/webalkans.eu\/en\/#\/schema\/logo\/image\/\",\"url\":\"https:\/\/webalkans.eu\/wp-content\/uploads\/2020\/11\/eu_flag.jpg\",\"contentUrl\":\"https:\/\/webalkans.eu\/wp-content\/uploads\/2020\/11\/eu_flag.jpg\",\"width\":600,\"height\":401,\"caption\":\"European Union\"},\"image\":{\"@id\":\"https:\/\/webalkans.eu\/en\/#\/schema\/logo\/image\/\"},\"sameAs\":[\"https:\/\/www.facebook.com\/webalkans.eu\",\"https:\/\/x.com\/WeBalkans\"]},{\"@type\":\"Person\",\"@id\":\"https:\/\/webalkans.eu\/en\/#\/schema\/person\/95a8ea19ef21de3b7766e9b65ffdb4da\",\"name\":\"007designstudio@gmail.com\"}]}<\/script>\n<!-- \/ Yoast SEO plugin. -->","yoast_head_json":{"title":"EU launches \u201cBlock the hatred. Share the love\u201d campaign in Montenegro News | WeBalkans","description":"The European Union and the Council of Europe have launched a \u201cBlock the hatred. Share the love\u201d campaign in Montenegro.","robots":{"index":"index","follow":"follow","max-snippet":"max-snippet:-1","max-image-preview":"max-image-preview:large","max-video-preview":"max-video-preview:-1"},"canonical":"https:\/\/webalkans.eu\/en\/news\/eu-launches-block-the-hatred-share-the-love-campaign-in-montenegro\/","og_locale":"en_US","og_type":"article","og_title":"EU launches \u201cBlock the hatred. Share the love\u201d campaign in Montenegro News | WeBalkans","og_description":"The European Union and the Council of Europe have launched a \u201cBlock the hatred. Share the love\u201d campaign in Montenegro.","og_url":"https:\/\/webalkans.eu\/en\/news\/eu-launches-block-the-hatred-share-the-love-campaign-in-montenegro\/","og_site_name":"WeBalkans | EU Projects in the Western Balkans","article_publisher":"https:\/\/www.facebook.com\/webalkans.eu","article_published_time":"2021-12-16T15:43:19+00:00","og_image":[{"width":870,"height":581,"url":"https:\/\/webalkans.eu\/wp-content\/uploads\/2021\/12\/1-2.png","type":"image\/png"}],"author":"007designstudio@gmail.com","twitter_card":"summary_large_image","twitter_creator":"@WeBalkans","twitter_site":"@WeBalkans","twitter_misc":{"Written by":"007designstudio@gmail.com","Est. reading time":"1 minute"},"schema":{"@context":"https:\/\/schema.org","@graph":[{"@type":"Article","@id":"https:\/\/webalkans.eu\/en\/news\/eu-launches-block-the-hatred-share-the-love-campaign-in-montenegro\/#article","isPartOf":{"@id":"https:\/\/webalkans.eu\/en\/news\/eu-launches-block-the-hatred-share-the-love-campaign-in-montenegro\/"},"author":{"name":"007designstudio@gmail.com","@id":"https:\/\/webalkans.eu\/en\/#\/schema\/person\/95a8ea19ef21de3b7766e9b65ffdb4da"},"headline":"EU launches \u201cBlock the hatred. Share the love\u201d campaign in Montenegro","datePublished":"2021-12-16T15:43:19+00:00","mainEntityOfPage":{"@id":"https:\/\/webalkans.eu\/en\/news\/eu-launches-block-the-hatred-share-the-love-campaign-in-montenegro\/"},"wordCount":226,"publisher":{"@id":"https:\/\/webalkans.eu\/en\/#organization"},"image":{"@id":"https:\/\/webalkans.eu\/en\/news\/eu-launches-block-the-hatred-share-the-love-campaign-in-montenegro\/#primaryimage"},"thumbnailUrl":"https:\/\/webalkans.eu\/wp-content\/uploads\/2021\/12\/1-2.png","inLanguage":"en-US"},{"@type":"WebPage","@id":"https:\/\/webalkans.eu\/en\/news\/eu-launches-block-the-hatred-share-the-love-campaign-in-montenegro\/","url":"https:\/\/webalkans.eu\/en\/news\/eu-launches-block-the-hatred-share-the-love-campaign-in-montenegro\/","name":"EU launches \u201cBlock the hatred. Share the love\u201d campaign in Montenegro News | WeBalkans","isPartOf":{"@id":"https:\/\/webalkans.eu\/en\/#website"},"primaryImageOfPage":{"@id":"https:\/\/webalkans.eu\/en\/news\/eu-launches-block-the-hatred-share-the-love-campaign-in-montenegro\/#primaryimage"},"image":{"@id":"https:\/\/webalkans.eu\/en\/news\/eu-launches-block-the-hatred-share-the-love-campaign-in-montenegro\/#primaryimage"},"thumbnailUrl":"https:\/\/webalkans.eu\/wp-content\/uploads\/2021\/12\/1-2.png","datePublished":"2021-12-16T15:43:19+00:00","description":"The European Union and the Council of Europe have launched a \u201cBlock the hatred. Share the love\u201d campaign in Montenegro.","breadcrumb":{"@id":"https:\/\/webalkans.eu\/en\/news\/eu-launches-block-the-hatred-share-the-love-campaign-in-montenegro\/#breadcrumb"},"inLanguage":"en-US","potentialAction":[{"@type":"ReadAction","target":["https:\/\/webalkans.eu\/en\/news\/eu-launches-block-the-hatred-share-the-love-campaign-in-montenegro\/"]}]},{"@type":"ImageObject","inLanguage":"en-US","@id":"https:\/\/webalkans.eu\/en\/news\/eu-launches-block-the-hatred-share-the-love-campaign-in-montenegro\/#primaryimage","url":"https:\/\/webalkans.eu\/wp-content\/uploads\/2021\/12\/1-2.png","contentUrl":"https:\/\/webalkans.eu\/wp-content\/uploads\/2021\/12\/1-2.png","width":870,"height":581},{"@type":"BreadcrumbList","@id":"https:\/\/webalkans.eu\/en\/news\/eu-launches-block-the-hatred-share-the-love-campaign-in-montenegro\/#breadcrumb","itemListElement":[{"@type":"ListItem","position":1,"name":"Home","item":"https:\/\/webalkans.eu\/en\/"},{"@type":"ListItem","position":2,"name":"EU launches \u201cBlock the hatred. Share the love\u201d campaign in Montenegro"}]},{"@type":"WebSite","@id":"https:\/\/webalkans.eu\/en\/#website","url":"https:\/\/webalkans.eu\/en\/","name":"WeBalkans | EU Projects in the Western Balkans","description":"","publisher":{"@id":"https:\/\/webalkans.eu\/en\/#organization"},"potentialAction":[{"@type":"SearchAction","target":{"@type":"EntryPoint","urlTemplate":"https:\/\/webalkans.eu\/en\/?s={search_term_string}"},"query-input":{"@type":"PropertyValueSpecification","valueRequired":true,"valueName":"search_term_string"}}],"inLanguage":"en-US"},{"@type":"Organization","@id":"https:\/\/webalkans.eu\/en\/#organization","name":"European Union","url":"https:\/\/webalkans.eu\/en\/","logo":{"@type":"ImageObject","inLanguage":"en-US","@id":"https:\/\/webalkans.eu\/en\/#\/schema\/logo\/image\/","url":"https:\/\/webalkans.eu\/wp-content\/uploads\/2020\/11\/eu_flag.jpg","contentUrl":"https:\/\/webalkans.eu\/wp-content\/uploads\/2020\/11\/eu_flag.jpg","width":600,"height":401,"caption":"European Union"},"image":{"@id":"https:\/\/webalkans.eu\/en\/#\/schema\/logo\/image\/"},"sameAs":["https:\/\/www.facebook.com\/webalkans.eu","https:\/\/x.com\/WeBalkans"]},{"@type":"Person","@id":"https:\/\/webalkans.eu\/en\/#\/schema\/person\/95a8ea19ef21de3b7766e9b65ffdb4da","name":"007designstudio@gmail.com"}]}},"_links":{"self":[{"href":"https:\/\/webalkans.eu\/en\/wp-json\/wp\/v2\/posts\/446086"}],"collection":[{"href":"https:\/\/webalkans.eu\/en\/wp-json\/wp\/v2\/posts"}],"about":[{"href":"https:\/\/webalkans.eu\/en\/wp-json\/wp\/v2\/types\/post"}],"author":[{"embeddable":true,"href":"https:\/\/webalkans.eu\/en\/wp-json\/wp\/v2\/users\/152227"}],"replies":[{"embeddable":true,"href":"https:\/\/webalkans.eu\/en\/wp-json\/wp\/v2\/comments?post=446086"}],"version-history":[{"count":0,"href":"https:\/\/webalkans.eu\/en\/wp-json\/wp\/v2\/posts\/446086\/revisions"}],"wp:featuredmedia":[{"embeddable":true,"href":"https:\/\/webalkans.eu\/en\/wp-json\/wp\/v2\/media\/446092"}],"wp:attachment":[{"href":"https:\/\/webalkans.eu\/en\/wp-json\/wp\/v2\/media?parent=446086"}],"wp:term":[{"taxonomy":"country-for-news","embeddable":true,"href":"https:\/\/webalkans.eu\/en\/wp-json\/wp\/v2\/country-for-news?post=446086"}],"curies":[{"name":"wp","href":"https:\/\/api.w.org\/{rel}","templated":true}]}}