
{"id":1283067,"date":"2024-03-13T21:14:47","date_gmt":"2024-03-13T20:14:47","guid":{"rendered":"https:\/\/webalkans.eu\/?p=1283067"},"modified":"2024-03-29T21:20:31","modified_gmt":"2024-03-29T20:20:31","slug":"winners-of-the-western-balkans-women-entrepreneurs-of-year-2023-announced","status":"publish","type":"post","link":"https:\/\/webalkans.eu\/en\/news\/winners-of-the-western-balkans-women-entrepreneurs-of-year-2023-announced\/","title":{"rendered":"Winners of the Western Balkans Women Entrepreneurs of year 2023 announced"},"content":{"rendered":"<p><span data-contrast=\"none\">The Regional Cooperation Council (RCC) celebrated the outstanding successes of female entrepreneurship in the Western Balkans by naming six women \u201cWomen Entrepreneurs of the Year for 2023\u201d in Sarajevo. Rigersa Loku (Green Woman Entrepreneur), Ilda Humi\u0107 (Social Star Woman Entrepreneur), Hana Qerimi (Young Woman Entrepreneur), Nikolina Kova\u010devi\u0107 (Tourism Woman Entrepreneur), Irena Chaushevska Danilovska (ICT Woman Entrepreneur) and Marija Ivankovi\u0107 Juri\u0161i\u0107 (Artistic Woman Entrepreneur) were chosen from 250 applicants, reflecting an array of businesses from green to technology and artistic initiative<\/span><span data-contrast=\"none\">s<\/span><span data-contrast=\"none\">.<\/span><span data-ccp-props=\"{&quot;134233117&quot;:true,&quot;134233118&quot;:true}\">\u00a0<\/span><\/p>\n<p><span data-contrast=\"none\">\u201cOut of about 250 nominations this year, the jury had a tough job selecting six women entrepreneurs of the year for 2023, but I believe they chose well. Thanks to all the nominees, and congratulations to those who won this prestigious title tonight. To you I am bowing my head and applauding you for letting us take the inspiration from your success. I know that behind each of you there is a story of hard work, sleepless nights, sacrifice, but also strength, persistence, dedication and bravery. Women entrepreneurs are vital contributors to the prosperity of the Western Balkans and through this initiative, we give a humble recognition to brave and fierce women who dared to fight stereotypes and bring about the change,\u201d said\u202f<\/span><b><span data-contrast=\"none\">Amer Kapetanovic<\/span><\/b><span data-contrast=\"none\">, Head of RCC Political Department in his welcoming speech on behalf of RCC Secretary General.\u202f\u00a0<\/span><span data-ccp-props=\"{&quot;134233117&quot;:true,&quot;134233118&quot;:true}\">\u00a0<\/span><\/p>\n<p><span data-contrast=\"none\">The ceremony, which also featured speeches from Anna Vezyroglou <\/span><span data-contrast=\"none\">from<\/span><span data-contrast=\"none\"> the European Commission<\/span><span data-contrast=\"none\">,<\/span><span data-contrast=\"none\"> and moderation by international news anchor Nafisa Latic, celebrated the initiative&#8217;s success in promoting female entrepreneurship. <\/span><span data-contrast=\"none\">Responding to the outstanding<\/span><span data-contrast=\"none\"> quality of nominations, a Special Recognition Jury was introduced this year, honoring six additional women for their contributions to reshaping societal norms, promoting healthy lifestyles, Balkan cuisine, mental health, women&#8217;s empowerment, and family business development.<\/span><span data-ccp-props=\"{&quot;134233117&quot;:true,&quot;134233118&quot;:true}\">\u00a0<\/span><\/p>\n<p><span data-contrast=\"none\">The project is part of <\/span><span data-contrast=\"none\">Regional Cooperation Council\u2019s<\/span><span data-contrast=\"none\"> Women Economic Empowerment Agenda and the common Regional Market Action Plan 2021-2024<\/span><span data-contrast=\"none\">, aiming<\/span><span data-contrast=\"none\"> to recognize and assist women who have set up and grown businesses, creating new and sustainable job opportunities in the region. Funded by the European Union, the project will reward through the years the best women entrepreneurs, recognizing women\u2019s achievements <\/span><span data-contrast=\"none\">while<\/span><span data-contrast=\"none\"> encourag<\/span><span data-contrast=\"none\">ing<\/span><span data-contrast=\"none\"> others by <\/span><span data-contrast=\"none\">portraying success stories<\/span><span data-contrast=\"none\"> and battling for the growth of their businesses and facing their challenges.<\/span><span data-ccp-props=\"{&quot;134233117&quot;:true,&quot;134233118&quot;:true}\">\u00a0<\/span><\/p>\n<p><span data-ccp-props=\"{}\">\u00a0<\/span><\/p>\n<p><span data-contrast=\"none\">Photo: RCC\/Jasmin Sakovic<\/span><span data-ccp-props=\"{}\">\u00a0<\/span><\/p>\n","protected":false},"excerpt":{"rendered":"<p>The Regional Cooperation Council (RCC) celebrated the outstanding successes of female entrepreneurship in the Western Balkans by naming six women \u201cWomen Entrepreneurs of the Year <\/p>\n","protected":false},"author":1,"featured_media":1283076,"comment_status":"closed","ping_status":"closed","sticky":false,"template":"","format":"standard","meta":{"_acf_changed":false,"_monsterinsights_skip_tracking":false,"_monsterinsights_sitenote_active":false,"_monsterinsights_sitenote_note":"","_monsterinsights_sitenote_category":0,"footnotes":""},"country-for-news":[],"class_list":["post-1283067","post","type-post","status-publish","format-standard","has-post-thumbnail","hentry"],"acf":[],"yoast_head":"<!-- This site is optimized with the Yoast SEO plugin v25.3.1 - https:\/\/yoast.com\/wordpress\/plugins\/seo\/ -->\n<title>Winners of the Western Balkans Women Entrepreneurs of year 2023 announced News | WeBalkans<\/title>\n<meta name=\"robots\" content=\"index, follow, max-snippet:-1, max-image-preview:large, max-video-preview:-1\" \/>\n<link rel=\"canonical\" href=\"https:\/\/webalkans.eu\/en\/news\/winners-of-the-western-balkans-women-entrepreneurs-of-year-2023-announced\/\" \/>\n<meta property=\"og:locale\" content=\"en_US\" \/>\n<meta property=\"og:type\" content=\"article\" \/>\n<meta property=\"og:title\" content=\"Winners of the Western Balkans Women Entrepreneurs of year 2023 announced News | WeBalkans\" \/>\n<meta property=\"og:description\" content=\"The Regional Cooperation Council (RCC) celebrated the outstanding successes of female entrepreneurship in the Western Balkans by naming six women \u201cWomen Entrepreneurs of the Year\" \/>\n<meta property=\"og:url\" content=\"https:\/\/webalkans.eu\/en\/news\/winners-of-the-western-balkans-women-entrepreneurs-of-year-2023-announced\/\" \/>\n<meta property=\"og:site_name\" content=\"WeBalkans | EU Projects in the Western Balkans\" \/>\n<meta property=\"article:publisher\" content=\"https:\/\/www.facebook.com\/webalkans.eu\" \/>\n<meta property=\"article:published_time\" content=\"2024-03-13T20:14:47+00:00\" \/>\n<meta property=\"article:modified_time\" content=\"2024-03-29T20:20:31+00:00\" \/>\n<meta property=\"og:image\" content=\"https:\/\/webalkans.eu\/wp-content\/uploads\/2024\/03\/432314758_18123005149340839_758331437226267960_n.jpg\" \/>\n\t<meta property=\"og:image:width\" content=\"1440\" \/>\n\t<meta property=\"og:image:height\" content=\"960\" \/>\n\t<meta property=\"og:image:type\" content=\"image\/jpeg\" \/>\n<meta name=\"author\" content=\"administrator\" \/>\n<meta name=\"twitter:card\" content=\"summary_large_image\" \/>\n<meta name=\"twitter:creator\" content=\"@WeBalkans\" \/>\n<meta name=\"twitter:site\" content=\"@WeBalkans\" \/>\n<meta name=\"twitter:label1\" content=\"Written by\" \/>\n\t<meta name=\"twitter:data1\" content=\"administrator\" \/>\n\t<meta name=\"twitter:label2\" content=\"Est. reading time\" \/>\n\t<meta name=\"twitter:data2\" content=\"2 minutes\" \/>\n<script type=\"application\/ld+json\" class=\"yoast-schema-graph\">{\"@context\":\"https:\/\/schema.org\",\"@graph\":[{\"@type\":\"Article\",\"@id\":\"https:\/\/webalkans.eu\/en\/news\/winners-of-the-western-balkans-women-entrepreneurs-of-year-2023-announced\/#article\",\"isPartOf\":{\"@id\":\"https:\/\/webalkans.eu\/en\/news\/winners-of-the-western-balkans-women-entrepreneurs-of-year-2023-announced\/\"},\"author\":{\"name\":\"administrator\",\"@id\":\"https:\/\/webalkans.eu\/en\/#\/schema\/person\/729645105be3c7a0a7bd8f7092203b20\"},\"headline\":\"Winners of the Western Balkans Women Entrepreneurs of year 2023 announced\",\"datePublished\":\"2024-03-13T20:14:47+00:00\",\"dateModified\":\"2024-03-29T20:20:31+00:00\",\"mainEntityOfPage\":{\"@id\":\"https:\/\/webalkans.eu\/en\/news\/winners-of-the-western-balkans-women-entrepreneurs-of-year-2023-announced\/\"},\"wordCount\":386,\"publisher\":{\"@id\":\"https:\/\/webalkans.eu\/en\/#organization\"},\"image\":{\"@id\":\"https:\/\/webalkans.eu\/en\/news\/winners-of-the-western-balkans-women-entrepreneurs-of-year-2023-announced\/#primaryimage\"},\"thumbnailUrl\":\"https:\/\/webalkans.eu\/wp-content\/uploads\/2024\/03\/432314758_18123005149340839_758331437226267960_n.jpg\",\"inLanguage\":\"en-US\"},{\"@type\":\"WebPage\",\"@id\":\"https:\/\/webalkans.eu\/en\/news\/winners-of-the-western-balkans-women-entrepreneurs-of-year-2023-announced\/\",\"url\":\"https:\/\/webalkans.eu\/en\/news\/winners-of-the-western-balkans-women-entrepreneurs-of-year-2023-announced\/\",\"name\":\"Winners of the Western Balkans Women Entrepreneurs of year 2023 announced News | WeBalkans\",\"isPartOf\":{\"@id\":\"https:\/\/webalkans.eu\/en\/#website\"},\"primaryImageOfPage\":{\"@id\":\"https:\/\/webalkans.eu\/en\/news\/winners-of-the-western-balkans-women-entrepreneurs-of-year-2023-announced\/#primaryimage\"},\"image\":{\"@id\":\"https:\/\/webalkans.eu\/en\/news\/winners-of-the-western-balkans-women-entrepreneurs-of-year-2023-announced\/#primaryimage\"},\"thumbnailUrl\":\"https:\/\/webalkans.eu\/wp-content\/uploads\/2024\/03\/432314758_18123005149340839_758331437226267960_n.jpg\",\"datePublished\":\"2024-03-13T20:14:47+00:00\",\"dateModified\":\"2024-03-29T20:20:31+00:00\",\"breadcrumb\":{\"@id\":\"https:\/\/webalkans.eu\/en\/news\/winners-of-the-western-balkans-women-entrepreneurs-of-year-2023-announced\/#breadcrumb\"},\"inLanguage\":\"en-US\",\"potentialAction\":[{\"@type\":\"ReadAction\",\"target\":[\"https:\/\/webalkans.eu\/en\/news\/winners-of-the-western-balkans-women-entrepreneurs-of-year-2023-announced\/\"]}]},{\"@type\":\"ImageObject\",\"inLanguage\":\"en-US\",\"@id\":\"https:\/\/webalkans.eu\/en\/news\/winners-of-the-western-balkans-women-entrepreneurs-of-year-2023-announced\/#primaryimage\",\"url\":\"https:\/\/webalkans.eu\/wp-content\/uploads\/2024\/03\/432314758_18123005149340839_758331437226267960_n.jpg\",\"contentUrl\":\"https:\/\/webalkans.eu\/wp-content\/uploads\/2024\/03\/432314758_18123005149340839_758331437226267960_n.jpg\",\"width\":1440,\"height\":960},{\"@type\":\"BreadcrumbList\",\"@id\":\"https:\/\/webalkans.eu\/en\/news\/winners-of-the-western-balkans-women-entrepreneurs-of-year-2023-announced\/#breadcrumb\",\"itemListElement\":[{\"@type\":\"ListItem\",\"position\":1,\"name\":\"Home\",\"item\":\"https:\/\/webalkans.eu\/en\/\"},{\"@type\":\"ListItem\",\"position\":2,\"name\":\"Winners of the Western Balkans Women Entrepreneurs of year 2023 announced\"}]},{\"@type\":\"WebSite\",\"@id\":\"https:\/\/webalkans.eu\/en\/#website\",\"url\":\"https:\/\/webalkans.eu\/en\/\",\"name\":\"WeBalkans | EU Projects in the Western Balkans\",\"description\":\"\",\"publisher\":{\"@id\":\"https:\/\/webalkans.eu\/en\/#organization\"},\"potentialAction\":[{\"@type\":\"SearchAction\",\"target\":{\"@type\":\"EntryPoint\",\"urlTemplate\":\"https:\/\/webalkans.eu\/en\/?s={search_term_string}\"},\"query-input\":{\"@type\":\"PropertyValueSpecification\",\"valueRequired\":true,\"valueName\":\"search_term_string\"}}],\"inLanguage\":\"en-US\"},{\"@type\":\"Organization\",\"@id\":\"https:\/\/webalkans.eu\/en\/#organization\",\"name\":\"European Union\",\"url\":\"https:\/\/webalkans.eu\/en\/\",\"logo\":{\"@type\":\"ImageObject\",\"inLanguage\":\"en-US\",\"@id\":\"https:\/\/webalkans.eu\/en\/#\/schema\/logo\/image\/\",\"url\":\"https:\/\/webalkans.eu\/wp-content\/uploads\/2020\/11\/eu_flag.jpg\",\"contentUrl\":\"https:\/\/webalkans.eu\/wp-content\/uploads\/2020\/11\/eu_flag.jpg\",\"width\":600,\"height\":401,\"caption\":\"European Union\"},\"image\":{\"@id\":\"https:\/\/webalkans.eu\/en\/#\/schema\/logo\/image\/\"},\"sameAs\":[\"https:\/\/www.facebook.com\/webalkans.eu\",\"https:\/\/x.com\/WeBalkans\"]},{\"@type\":\"Person\",\"@id\":\"https:\/\/webalkans.eu\/en\/#\/schema\/person\/729645105be3c7a0a7bd8f7092203b20\",\"name\":\"administrator\"}]}<\/script>\n<!-- \/ Yoast SEO plugin. -->","yoast_head_json":{"title":"Winners of the Western Balkans Women Entrepreneurs of year 2023 announced News | WeBalkans","robots":{"index":"index","follow":"follow","max-snippet":"max-snippet:-1","max-image-preview":"max-image-preview:large","max-video-preview":"max-video-preview:-1"},"canonical":"https:\/\/webalkans.eu\/en\/news\/winners-of-the-western-balkans-women-entrepreneurs-of-year-2023-announced\/","og_locale":"en_US","og_type":"article","og_title":"Winners of the Western Balkans Women Entrepreneurs of year 2023 announced News | WeBalkans","og_description":"The Regional Cooperation Council (RCC) celebrated the outstanding successes of female entrepreneurship in the Western Balkans by naming six women \u201cWomen Entrepreneurs of the Year","og_url":"https:\/\/webalkans.eu\/en\/news\/winners-of-the-western-balkans-women-entrepreneurs-of-year-2023-announced\/","og_site_name":"WeBalkans | EU Projects in the Western Balkans","article_publisher":"https:\/\/www.facebook.com\/webalkans.eu","article_published_time":"2024-03-13T20:14:47+00:00","article_modified_time":"2024-03-29T20:20:31+00:00","og_image":[{"width":1440,"height":960,"url":"https:\/\/webalkans.eu\/wp-content\/uploads\/2024\/03\/432314758_18123005149340839_758331437226267960_n.jpg","type":"image\/jpeg"}],"author":"administrator","twitter_card":"summary_large_image","twitter_creator":"@WeBalkans","twitter_site":"@WeBalkans","twitter_misc":{"Written by":"administrator","Est. reading time":"2 minutes"},"schema":{"@context":"https:\/\/schema.org","@graph":[{"@type":"Article","@id":"https:\/\/webalkans.eu\/en\/news\/winners-of-the-western-balkans-women-entrepreneurs-of-year-2023-announced\/#article","isPartOf":{"@id":"https:\/\/webalkans.eu\/en\/news\/winners-of-the-western-balkans-women-entrepreneurs-of-year-2023-announced\/"},"author":{"name":"administrator","@id":"https:\/\/webalkans.eu\/en\/#\/schema\/person\/729645105be3c7a0a7bd8f7092203b20"},"headline":"Winners of the Western Balkans Women Entrepreneurs of year 2023 announced","datePublished":"2024-03-13T20:14:47+00:00","dateModified":"2024-03-29T20:20:31+00:00","mainEntityOfPage":{"@id":"https:\/\/webalkans.eu\/en\/news\/winners-of-the-western-balkans-women-entrepreneurs-of-year-2023-announced\/"},"wordCount":386,"publisher":{"@id":"https:\/\/webalkans.eu\/en\/#organization"},"image":{"@id":"https:\/\/webalkans.eu\/en\/news\/winners-of-the-western-balkans-women-entrepreneurs-of-year-2023-announced\/#primaryimage"},"thumbnailUrl":"https:\/\/webalkans.eu\/wp-content\/uploads\/2024\/03\/432314758_18123005149340839_758331437226267960_n.jpg","inLanguage":"en-US"},{"@type":"WebPage","@id":"https:\/\/webalkans.eu\/en\/news\/winners-of-the-western-balkans-women-entrepreneurs-of-year-2023-announced\/","url":"https:\/\/webalkans.eu\/en\/news\/winners-of-the-western-balkans-women-entrepreneurs-of-year-2023-announced\/","name":"Winners of the Western Balkans Women Entrepreneurs of year 2023 announced News | WeBalkans","isPartOf":{"@id":"https:\/\/webalkans.eu\/en\/#website"},"primaryImageOfPage":{"@id":"https:\/\/webalkans.eu\/en\/news\/winners-of-the-western-balkans-women-entrepreneurs-of-year-2023-announced\/#primaryimage"},"image":{"@id":"https:\/\/webalkans.eu\/en\/news\/winners-of-the-western-balkans-women-entrepreneurs-of-year-2023-announced\/#primaryimage"},"thumbnailUrl":"https:\/\/webalkans.eu\/wp-content\/uploads\/2024\/03\/432314758_18123005149340839_758331437226267960_n.jpg","datePublished":"2024-03-13T20:14:47+00:00","dateModified":"2024-03-29T20:20:31+00:00","breadcrumb":{"@id":"https:\/\/webalkans.eu\/en\/news\/winners-of-the-western-balkans-women-entrepreneurs-of-year-2023-announced\/#breadcrumb"},"inLanguage":"en-US","potentialAction":[{"@type":"ReadAction","target":["https:\/\/webalkans.eu\/en\/news\/winners-of-the-western-balkans-women-entrepreneurs-of-year-2023-announced\/"]}]},{"@type":"ImageObject","inLanguage":"en-US","@id":"https:\/\/webalkans.eu\/en\/news\/winners-of-the-western-balkans-women-entrepreneurs-of-year-2023-announced\/#primaryimage","url":"https:\/\/webalkans.eu\/wp-content\/uploads\/2024\/03\/432314758_18123005149340839_758331437226267960_n.jpg","contentUrl":"https:\/\/webalkans.eu\/wp-content\/uploads\/2024\/03\/432314758_18123005149340839_758331437226267960_n.jpg","width":1440,"height":960},{"@type":"BreadcrumbList","@id":"https:\/\/webalkans.eu\/en\/news\/winners-of-the-western-balkans-women-entrepreneurs-of-year-2023-announced\/#breadcrumb","itemListElement":[{"@type":"ListItem","position":1,"name":"Home","item":"https:\/\/webalkans.eu\/en\/"},{"@type":"ListItem","position":2,"name":"Winners of the Western Balkans Women Entrepreneurs of year 2023 announced"}]},{"@type":"WebSite","@id":"https:\/\/webalkans.eu\/en\/#website","url":"https:\/\/webalkans.eu\/en\/","name":"WeBalkans | EU Projects in the Western Balkans","description":"","publisher":{"@id":"https:\/\/webalkans.eu\/en\/#organization"},"potentialAction":[{"@type":"SearchAction","target":{"@type":"EntryPoint","urlTemplate":"https:\/\/webalkans.eu\/en\/?s={search_term_string}"},"query-input":{"@type":"PropertyValueSpecification","valueRequired":true,"valueName":"search_term_string"}}],"inLanguage":"en-US"},{"@type":"Organization","@id":"https:\/\/webalkans.eu\/en\/#organization","name":"European Union","url":"https:\/\/webalkans.eu\/en\/","logo":{"@type":"ImageObject","inLanguage":"en-US","@id":"https:\/\/webalkans.eu\/en\/#\/schema\/logo\/image\/","url":"https:\/\/webalkans.eu\/wp-content\/uploads\/2020\/11\/eu_flag.jpg","contentUrl":"https:\/\/webalkans.eu\/wp-content\/uploads\/2020\/11\/eu_flag.jpg","width":600,"height":401,"caption":"European Union"},"image":{"@id":"https:\/\/webalkans.eu\/en\/#\/schema\/logo\/image\/"},"sameAs":["https:\/\/www.facebook.com\/webalkans.eu","https:\/\/x.com\/WeBalkans"]},{"@type":"Person","@id":"https:\/\/webalkans.eu\/en\/#\/schema\/person\/729645105be3c7a0a7bd8f7092203b20","name":"administrator"}]}},"_links":{"self":[{"href":"https:\/\/webalkans.eu\/en\/wp-json\/wp\/v2\/posts\/1283067"}],"collection":[{"href":"https:\/\/webalkans.eu\/en\/wp-json\/wp\/v2\/posts"}],"about":[{"href":"https:\/\/webalkans.eu\/en\/wp-json\/wp\/v2\/types\/post"}],"author":[{"embeddable":true,"href":"https:\/\/webalkans.eu\/en\/wp-json\/wp\/v2\/users\/1"}],"replies":[{"embeddable":true,"href":"https:\/\/webalkans.eu\/en\/wp-json\/wp\/v2\/comments?post=1283067"}],"version-history":[{"count":1,"href":"https:\/\/webalkans.eu\/en\/wp-json\/wp\/v2\/posts\/1283067\/revisions"}],"predecessor-version":[{"id":1283082,"href":"https:\/\/webalkans.eu\/en\/wp-json\/wp\/v2\/posts\/1283067\/revisions\/1283082"}],"wp:featuredmedia":[{"embeddable":true,"href":"https:\/\/webalkans.eu\/en\/wp-json\/wp\/v2\/media\/1283076"}],"wp:attachment":[{"href":"https:\/\/webalkans.eu\/en\/wp-json\/wp\/v2\/media?parent=1283067"}],"wp:term":[{"taxonomy":"country-for-news","embeddable":true,"href":"https:\/\/webalkans.eu\/en\/wp-json\/wp\/v2\/country-for-news?post=1283067"}],"curies":[{"name":"wp","href":"https:\/\/api.w.org\/{rel}","templated":true}]}}