
{"id":1228461,"date":"2023-11-07T08:12:31","date_gmt":"2023-11-07T07:12:31","guid":{"rendered":"https:\/\/webalkans.eu\/?p=1228461"},"modified":"2023-11-09T08:13:16","modified_gmt":"2023-11-09T07:13:16","slug":"yeas-organize-media-information-literacy-workshops-in-serbia-and-montenegro","status":"publish","type":"post","link":"https:\/\/webalkans.eu\/en\/news\/yeas-organize-media-information-literacy-workshops-in-serbia-and-montenegro\/","title":{"rendered":"YEAs Organize Media Information Literacy Workshops in Serbia and Montenegro"},"content":{"rendered":"<p style=\"font-weight: 400;\">On October 24th and 25th, Young European Ambassadors (YEAs) successfully conducted a series of Media Information Literacy (MIL) workshops in Novi Sad and Ni\u0161, Serbia, as well as in Podgorica, Montenegro. During these workshops, YEAs had the valuable opportunity to share their knowledge on media-related topics, journalism, and various aspects of media literacy with their peers. The events were made possible thanks to the dedication and efforts of Young European Ambassadors including Bojana Mara\u0161, An\u0111ela Mici\u0107, Maja Trajkovi\u0107, Anja Kafed\u017eiska, Teodora Ceki\u0107, and Aleksandra Grbovi\u0107 Biti\u0107.<\/p>\n","protected":false},"excerpt":{"rendered":"<p>On October 24th and 25th, Young European Ambassadors (YEAs) successfully conducted a series of Media Information Literacy (MIL) workshops in Novi Sad and Ni\u0161, Serbia, <\/p>\n","protected":false},"author":152227,"featured_media":1228462,"comment_status":"closed","ping_status":"closed","sticky":false,"template":"","format":"standard","meta":{"_acf_changed":false,"_monsterinsights_skip_tracking":false,"_monsterinsights_sitenote_active":false,"_monsterinsights_sitenote_note":"","_monsterinsights_sitenote_category":0,"footnotes":""},"country-for-news":[52,54],"class_list":["post-1228461","post","type-post","status-publish","format-standard","has-post-thumbnail","hentry","wb_theme-democracy-and-fundamental-rights","wb_theme-culture-and-youth","country-for-news-montenegro","country-for-news-serbia"],"acf":[],"yoast_head":"<!-- This site is optimized with the Yoast SEO plugin v25.3.1 - https:\/\/yoast.com\/wordpress\/plugins\/seo\/ -->\n<title>YEAs Organize Media Information Literacy Workshops in Serbia and Montenegro News | WeBalkans<\/title>\n<meta name=\"description\" content=\"YEAs Organize Media Information Literacy Workshops in Serbia and Montenegro\" \/>\n<meta name=\"robots\" content=\"index, follow, max-snippet:-1, max-image-preview:large, max-video-preview:-1\" \/>\n<link rel=\"canonical\" href=\"https:\/\/webalkans.eu\/en\/news\/yeas-organize-media-information-literacy-workshops-in-serbia-and-montenegro\/\" \/>\n<meta property=\"og:locale\" content=\"en_US\" \/>\n<meta property=\"og:type\" content=\"article\" \/>\n<meta property=\"og:title\" content=\"YEAs Organize Media Information Literacy Workshops in Serbia and Montenegro News | WeBalkans\" \/>\n<meta property=\"og:description\" content=\"YEAs Organize Media Information Literacy Workshops in Serbia and Montenegro\" \/>\n<meta property=\"og:url\" content=\"https:\/\/webalkans.eu\/en\/news\/yeas-organize-media-information-literacy-workshops-in-serbia-and-montenegro\/\" \/>\n<meta property=\"og:site_name\" content=\"WeBalkans | EU Projects in the Western Balkans\" \/>\n<meta property=\"article:publisher\" content=\"https:\/\/www.facebook.com\/webalkans.eu\" \/>\n<meta property=\"article:published_time\" content=\"2023-11-07T07:12:31+00:00\" \/>\n<meta property=\"article:modified_time\" content=\"2023-11-09T07:13:16+00:00\" \/>\n<meta property=\"og:image\" content=\"https:\/\/webalkans.eu\/wp-content\/uploads\/2023\/11\/4-scaled.jpg\" \/>\n\t<meta property=\"og:image:width\" content=\"2560\" \/>\n\t<meta property=\"og:image:height\" content=\"1707\" \/>\n\t<meta property=\"og:image:type\" content=\"image\/jpeg\" \/>\n<meta name=\"author\" content=\"007designstudio@gmail.com\" \/>\n<meta name=\"twitter:card\" content=\"summary_large_image\" \/>\n<meta name=\"twitter:creator\" content=\"@WeBalkans\" \/>\n<meta name=\"twitter:site\" content=\"@WeBalkans\" \/>\n<meta name=\"twitter:label1\" content=\"Written by\" \/>\n\t<meta name=\"twitter:data1\" content=\"007designstudio@gmail.com\" \/>\n<script type=\"application\/ld+json\" class=\"yoast-schema-graph\">{\"@context\":\"https:\/\/schema.org\",\"@graph\":[{\"@type\":\"Article\",\"@id\":\"https:\/\/webalkans.eu\/en\/news\/yeas-organize-media-information-literacy-workshops-in-serbia-and-montenegro\/#article\",\"isPartOf\":{\"@id\":\"https:\/\/webalkans.eu\/en\/news\/yeas-organize-media-information-literacy-workshops-in-serbia-and-montenegro\/\"},\"author\":{\"name\":\"007designstudio@gmail.com\",\"@id\":\"https:\/\/webalkans.eu\/en\/#\/schema\/person\/95a8ea19ef21de3b7766e9b65ffdb4da\"},\"headline\":\"YEAs Organize Media Information Literacy Workshops in Serbia and Montenegro\",\"datePublished\":\"2023-11-07T07:12:31+00:00\",\"dateModified\":\"2023-11-09T07:13:16+00:00\",\"mainEntityOfPage\":{\"@id\":\"https:\/\/webalkans.eu\/en\/news\/yeas-organize-media-information-literacy-workshops-in-serbia-and-montenegro\/\"},\"wordCount\":98,\"publisher\":{\"@id\":\"https:\/\/webalkans.eu\/en\/#organization\"},\"image\":{\"@id\":\"https:\/\/webalkans.eu\/en\/news\/yeas-organize-media-information-literacy-workshops-in-serbia-and-montenegro\/#primaryimage\"},\"thumbnailUrl\":\"https:\/\/webalkans.eu\/wp-content\/uploads\/2023\/11\/4-scaled.jpg\",\"inLanguage\":\"en-US\"},{\"@type\":\"WebPage\",\"@id\":\"https:\/\/webalkans.eu\/en\/news\/yeas-organize-media-information-literacy-workshops-in-serbia-and-montenegro\/\",\"url\":\"https:\/\/webalkans.eu\/en\/news\/yeas-organize-media-information-literacy-workshops-in-serbia-and-montenegro\/\",\"name\":\"YEAs Organize Media Information Literacy Workshops in Serbia and Montenegro News | WeBalkans\",\"isPartOf\":{\"@id\":\"https:\/\/webalkans.eu\/en\/#website\"},\"primaryImageOfPage\":{\"@id\":\"https:\/\/webalkans.eu\/en\/news\/yeas-organize-media-information-literacy-workshops-in-serbia-and-montenegro\/#primaryimage\"},\"image\":{\"@id\":\"https:\/\/webalkans.eu\/en\/news\/yeas-organize-media-information-literacy-workshops-in-serbia-and-montenegro\/#primaryimage\"},\"thumbnailUrl\":\"https:\/\/webalkans.eu\/wp-content\/uploads\/2023\/11\/4-scaled.jpg\",\"datePublished\":\"2023-11-07T07:12:31+00:00\",\"dateModified\":\"2023-11-09T07:13:16+00:00\",\"description\":\"YEAs Organize Media Information Literacy Workshops in Serbia and Montenegro\",\"breadcrumb\":{\"@id\":\"https:\/\/webalkans.eu\/en\/news\/yeas-organize-media-information-literacy-workshops-in-serbia-and-montenegro\/#breadcrumb\"},\"inLanguage\":\"en-US\",\"potentialAction\":[{\"@type\":\"ReadAction\",\"target\":[\"https:\/\/webalkans.eu\/en\/news\/yeas-organize-media-information-literacy-workshops-in-serbia-and-montenegro\/\"]}]},{\"@type\":\"ImageObject\",\"inLanguage\":\"en-US\",\"@id\":\"https:\/\/webalkans.eu\/en\/news\/yeas-organize-media-information-literacy-workshops-in-serbia-and-montenegro\/#primaryimage\",\"url\":\"https:\/\/webalkans.eu\/wp-content\/uploads\/2023\/11\/4-scaled.jpg\",\"contentUrl\":\"https:\/\/webalkans.eu\/wp-content\/uploads\/2023\/11\/4-scaled.jpg\",\"width\":2560,\"height\":1707},{\"@type\":\"BreadcrumbList\",\"@id\":\"https:\/\/webalkans.eu\/en\/news\/yeas-organize-media-information-literacy-workshops-in-serbia-and-montenegro\/#breadcrumb\",\"itemListElement\":[{\"@type\":\"ListItem\",\"position\":1,\"name\":\"Home\",\"item\":\"https:\/\/webalkans.eu\/en\/\"},{\"@type\":\"ListItem\",\"position\":2,\"name\":\"YEAs Organize Media Information Literacy Workshops in Serbia and Montenegro\"}]},{\"@type\":\"WebSite\",\"@id\":\"https:\/\/webalkans.eu\/en\/#website\",\"url\":\"https:\/\/webalkans.eu\/en\/\",\"name\":\"WeBalkans | EU Projects in the Western Balkans\",\"description\":\"\",\"publisher\":{\"@id\":\"https:\/\/webalkans.eu\/en\/#organization\"},\"potentialAction\":[{\"@type\":\"SearchAction\",\"target\":{\"@type\":\"EntryPoint\",\"urlTemplate\":\"https:\/\/webalkans.eu\/en\/?s={search_term_string}\"},\"query-input\":{\"@type\":\"PropertyValueSpecification\",\"valueRequired\":true,\"valueName\":\"search_term_string\"}}],\"inLanguage\":\"en-US\"},{\"@type\":\"Organization\",\"@id\":\"https:\/\/webalkans.eu\/en\/#organization\",\"name\":\"European Union\",\"url\":\"https:\/\/webalkans.eu\/en\/\",\"logo\":{\"@type\":\"ImageObject\",\"inLanguage\":\"en-US\",\"@id\":\"https:\/\/webalkans.eu\/en\/#\/schema\/logo\/image\/\",\"url\":\"https:\/\/webalkans.eu\/wp-content\/uploads\/2020\/11\/eu_flag.jpg\",\"contentUrl\":\"https:\/\/webalkans.eu\/wp-content\/uploads\/2020\/11\/eu_flag.jpg\",\"width\":600,\"height\":401,\"caption\":\"European Union\"},\"image\":{\"@id\":\"https:\/\/webalkans.eu\/en\/#\/schema\/logo\/image\/\"},\"sameAs\":[\"https:\/\/www.facebook.com\/webalkans.eu\",\"https:\/\/x.com\/WeBalkans\"]},{\"@type\":\"Person\",\"@id\":\"https:\/\/webalkans.eu\/en\/#\/schema\/person\/95a8ea19ef21de3b7766e9b65ffdb4da\",\"name\":\"007designstudio@gmail.com\"}]}<\/script>\n<!-- \/ Yoast SEO plugin. -->","yoast_head_json":{"title":"YEAs Organize Media Information Literacy Workshops in Serbia and Montenegro News | WeBalkans","description":"YEAs Organize Media Information Literacy Workshops in Serbia and Montenegro","robots":{"index":"index","follow":"follow","max-snippet":"max-snippet:-1","max-image-preview":"max-image-preview:large","max-video-preview":"max-video-preview:-1"},"canonical":"https:\/\/webalkans.eu\/en\/news\/yeas-organize-media-information-literacy-workshops-in-serbia-and-montenegro\/","og_locale":"en_US","og_type":"article","og_title":"YEAs Organize Media Information Literacy Workshops in Serbia and Montenegro News | WeBalkans","og_description":"YEAs Organize Media Information Literacy Workshops in Serbia and Montenegro","og_url":"https:\/\/webalkans.eu\/en\/news\/yeas-organize-media-information-literacy-workshops-in-serbia-and-montenegro\/","og_site_name":"WeBalkans | EU Projects in the Western Balkans","article_publisher":"https:\/\/www.facebook.com\/webalkans.eu","article_published_time":"2023-11-07T07:12:31+00:00","article_modified_time":"2023-11-09T07:13:16+00:00","og_image":[{"width":2560,"height":1707,"url":"https:\/\/webalkans.eu\/wp-content\/uploads\/2023\/11\/4-scaled.jpg","type":"image\/jpeg"}],"author":"007designstudio@gmail.com","twitter_card":"summary_large_image","twitter_creator":"@WeBalkans","twitter_site":"@WeBalkans","twitter_misc":{"Written by":"007designstudio@gmail.com"},"schema":{"@context":"https:\/\/schema.org","@graph":[{"@type":"Article","@id":"https:\/\/webalkans.eu\/en\/news\/yeas-organize-media-information-literacy-workshops-in-serbia-and-montenegro\/#article","isPartOf":{"@id":"https:\/\/webalkans.eu\/en\/news\/yeas-organize-media-information-literacy-workshops-in-serbia-and-montenegro\/"},"author":{"name":"007designstudio@gmail.com","@id":"https:\/\/webalkans.eu\/en\/#\/schema\/person\/95a8ea19ef21de3b7766e9b65ffdb4da"},"headline":"YEAs Organize Media Information Literacy Workshops in Serbia and Montenegro","datePublished":"2023-11-07T07:12:31+00:00","dateModified":"2023-11-09T07:13:16+00:00","mainEntityOfPage":{"@id":"https:\/\/webalkans.eu\/en\/news\/yeas-organize-media-information-literacy-workshops-in-serbia-and-montenegro\/"},"wordCount":98,"publisher":{"@id":"https:\/\/webalkans.eu\/en\/#organization"},"image":{"@id":"https:\/\/webalkans.eu\/en\/news\/yeas-organize-media-information-literacy-workshops-in-serbia-and-montenegro\/#primaryimage"},"thumbnailUrl":"https:\/\/webalkans.eu\/wp-content\/uploads\/2023\/11\/4-scaled.jpg","inLanguage":"en-US"},{"@type":"WebPage","@id":"https:\/\/webalkans.eu\/en\/news\/yeas-organize-media-information-literacy-workshops-in-serbia-and-montenegro\/","url":"https:\/\/webalkans.eu\/en\/news\/yeas-organize-media-information-literacy-workshops-in-serbia-and-montenegro\/","name":"YEAs Organize Media Information Literacy Workshops in Serbia and Montenegro News | WeBalkans","isPartOf":{"@id":"https:\/\/webalkans.eu\/en\/#website"},"primaryImageOfPage":{"@id":"https:\/\/webalkans.eu\/en\/news\/yeas-organize-media-information-literacy-workshops-in-serbia-and-montenegro\/#primaryimage"},"image":{"@id":"https:\/\/webalkans.eu\/en\/news\/yeas-organize-media-information-literacy-workshops-in-serbia-and-montenegro\/#primaryimage"},"thumbnailUrl":"https:\/\/webalkans.eu\/wp-content\/uploads\/2023\/11\/4-scaled.jpg","datePublished":"2023-11-07T07:12:31+00:00","dateModified":"2023-11-09T07:13:16+00:00","description":"YEAs Organize Media Information Literacy Workshops in Serbia and Montenegro","breadcrumb":{"@id":"https:\/\/webalkans.eu\/en\/news\/yeas-organize-media-information-literacy-workshops-in-serbia-and-montenegro\/#breadcrumb"},"inLanguage":"en-US","potentialAction":[{"@type":"ReadAction","target":["https:\/\/webalkans.eu\/en\/news\/yeas-organize-media-information-literacy-workshops-in-serbia-and-montenegro\/"]}]},{"@type":"ImageObject","inLanguage":"en-US","@id":"https:\/\/webalkans.eu\/en\/news\/yeas-organize-media-information-literacy-workshops-in-serbia-and-montenegro\/#primaryimage","url":"https:\/\/webalkans.eu\/wp-content\/uploads\/2023\/11\/4-scaled.jpg","contentUrl":"https:\/\/webalkans.eu\/wp-content\/uploads\/2023\/11\/4-scaled.jpg","width":2560,"height":1707},{"@type":"BreadcrumbList","@id":"https:\/\/webalkans.eu\/en\/news\/yeas-organize-media-information-literacy-workshops-in-serbia-and-montenegro\/#breadcrumb","itemListElement":[{"@type":"ListItem","position":1,"name":"Home","item":"https:\/\/webalkans.eu\/en\/"},{"@type":"ListItem","position":2,"name":"YEAs Organize Media Information Literacy Workshops in Serbia and Montenegro"}]},{"@type":"WebSite","@id":"https:\/\/webalkans.eu\/en\/#website","url":"https:\/\/webalkans.eu\/en\/","name":"WeBalkans | EU Projects in the Western Balkans","description":"","publisher":{"@id":"https:\/\/webalkans.eu\/en\/#organization"},"potentialAction":[{"@type":"SearchAction","target":{"@type":"EntryPoint","urlTemplate":"https:\/\/webalkans.eu\/en\/?s={search_term_string}"},"query-input":{"@type":"PropertyValueSpecification","valueRequired":true,"valueName":"search_term_string"}}],"inLanguage":"en-US"},{"@type":"Organization","@id":"https:\/\/webalkans.eu\/en\/#organization","name":"European Union","url":"https:\/\/webalkans.eu\/en\/","logo":{"@type":"ImageObject","inLanguage":"en-US","@id":"https:\/\/webalkans.eu\/en\/#\/schema\/logo\/image\/","url":"https:\/\/webalkans.eu\/wp-content\/uploads\/2020\/11\/eu_flag.jpg","contentUrl":"https:\/\/webalkans.eu\/wp-content\/uploads\/2020\/11\/eu_flag.jpg","width":600,"height":401,"caption":"European Union"},"image":{"@id":"https:\/\/webalkans.eu\/en\/#\/schema\/logo\/image\/"},"sameAs":["https:\/\/www.facebook.com\/webalkans.eu","https:\/\/x.com\/WeBalkans"]},{"@type":"Person","@id":"https:\/\/webalkans.eu\/en\/#\/schema\/person\/95a8ea19ef21de3b7766e9b65ffdb4da","name":"007designstudio@gmail.com"}]}},"_links":{"self":[{"href":"https:\/\/webalkans.eu\/en\/wp-json\/wp\/v2\/posts\/1228461"}],"collection":[{"href":"https:\/\/webalkans.eu\/en\/wp-json\/wp\/v2\/posts"}],"about":[{"href":"https:\/\/webalkans.eu\/en\/wp-json\/wp\/v2\/types\/post"}],"author":[{"embeddable":true,"href":"https:\/\/webalkans.eu\/en\/wp-json\/wp\/v2\/users\/152227"}],"replies":[{"embeddable":true,"href":"https:\/\/webalkans.eu\/en\/wp-json\/wp\/v2\/comments?post=1228461"}],"version-history":[{"count":0,"href":"https:\/\/webalkans.eu\/en\/wp-json\/wp\/v2\/posts\/1228461\/revisions"}],"wp:featuredmedia":[{"embeddable":true,"href":"https:\/\/webalkans.eu\/en\/wp-json\/wp\/v2\/media\/1228462"}],"wp:attachment":[{"href":"https:\/\/webalkans.eu\/en\/wp-json\/wp\/v2\/media?parent=1228461"}],"wp:term":[{"taxonomy":"country-for-news","embeddable":true,"href":"https:\/\/webalkans.eu\/en\/wp-json\/wp\/v2\/country-for-news?post=1228461"}],"curies":[{"name":"wp","href":"https:\/\/api.w.org\/{rel}","templated":true}]}}