
{"id":1151929,"date":"2023-06-27T16:47:28","date_gmt":"2023-06-27T14:47:28","guid":{"rendered":"https:\/\/webalkans.eu\/?p=1151929"},"modified":"2023-06-27T16:48:30","modified_gmt":"2023-06-27T14:48:30","slug":"rhp-delivers-30-apartments-to-refigee-and-displaced-families-in-capljina-bosnia-and-herzegovina","status":"publish","type":"post","link":"https:\/\/webalkans.eu\/en\/news\/rhp-delivers-30-apartments-to-refigee-and-displaced-families-in-capljina-bosnia-and-herzegovina\/","title":{"rendered":"RHP delivers 30 apartments to refigee and displaced families in Capljina Bosnia and Herzegovina"},"content":{"rendered":"<p style=\"font-weight: 400;\">A further 30 refugee and displaced families can celebrate World Refugee Day (20 June 2023) in their new homes thanks to the Regional Housing Programme (RHP), as keys to newly-built RHP apartments were delivered in \u010capljina, Bosnia and Herzegovina (BiH) on 19 June.<\/p>\n<p>&nbsp;<\/p>\n<p style=\"font-weight: 400;\">In addition to the beneficiaries themselves, the event was attended by Gianluca Vannini, Head of Operations, Section for Social Development, Civil Society and Cross-Border Cooperation at the European Union Delegation to BiH; Nerin Dizdar, Minister of Displaced Persons and Refugees in the Federation of BiH; Smiljan Vidi\u0107, Mayor of \u010capljina; Ioannis Piliouris, Head of the Field Office in Mostar at the OSCE Mission in BiH; Nermina D\u017eepar-Ganibegovi\u0107, RHP Country Housing Project Lead Manager at the Ministry for Human Rights and Refugees of BiH, and Anita Hod\u017ei\u0107, Adviser to the Minister for Human Rights and Refugees of BiH.<\/p>\n<p>&nbsp;<\/p>\n<p style=\"font-weight: 400;\">On behalf of the European Union \u2013 the main Donor to the RHP \u2013 Gianluca Vannini congratulated the BiH authorities on the completion of approximately 2 600 housing units, and stated that he eagerly looked forward to the successful completion of the RHP this year, by which time approximately 34 000 people would enjoy decent homes across the region. He additionally urged Partner Countries to make all efforts to ensure that all remaining families received their new accommodation as planned by Programme-end.<\/p>\n<p>&nbsp;<\/p>\n<p style=\"font-weight: 400;\">Minister Dizdar proudly pointed out that the RHP building was the largest project intended for refugees and displaced persons in the Herzegovina region, thanks to the EU and other RHP Donors. \u2033We will end the story of displaced persons, refugees and returnees in BiH so that everyone is able to exercise their right to housing, as well as equal access to public services and employment,\u2033he said.<\/p>\n<p>&nbsp;<\/p>\n<p style=\"font-weight: 400;\">One of the beneficiaries, Sanela Brajkovi\u0107, expressed her gratitude to all those who had made it possible for her family to receive their new apartment.<em> \u201c<\/em>We have a special feeling today,\u2033\u00a0she said.\u00a0\u201cGood people made it possible for us to get a new home. It is our dream come true.\u2033<\/p>\n","protected":false},"excerpt":{"rendered":"<p>A further 30 refugee and displaced families can celebrate World Refugee Day (20 June 2023) in their new homes thanks to the Regional Housing Programme <\/p>\n","protected":false},"author":152227,"featured_media":1151930,"comment_status":"closed","ping_status":"closed","sticky":false,"template":"","format":"standard","meta":{"_acf_changed":false,"_monsterinsights_skip_tracking":false,"_monsterinsights_sitenote_active":false,"_monsterinsights_sitenote_note":"","_monsterinsights_sitenote_category":0,"footnotes":""},"country-for-news":[50],"class_list":["post-1151929","post","type-post","status-publish","format-standard","has-post-thumbnail","hentry","wb_theme-equality-and-fair-society","country-for-news-bosnia-and-herzegovina"],"acf":[],"yoast_head":"<!-- This site is optimized with the Yoast SEO plugin v25.3.1 - https:\/\/yoast.com\/wordpress\/plugins\/seo\/ -->\n<title>RHP delivers 30 apartments to refigee and displaced families in Capljina Bosnia and Herzegovina News | WeBalkans<\/title>\n<meta name=\"description\" content=\"RHP delivers 30 apartments to refigee and displaced families in Capljina Bosnia and Herzegovina\" \/>\n<meta name=\"robots\" content=\"index, follow, max-snippet:-1, max-image-preview:large, max-video-preview:-1\" \/>\n<link rel=\"canonical\" href=\"https:\/\/webalkans.eu\/en\/news\/rhp-delivers-30-apartments-to-refigee-and-displaced-families-in-capljina-bosnia-and-herzegovina\/\" \/>\n<meta property=\"og:locale\" content=\"en_US\" \/>\n<meta property=\"og:type\" content=\"article\" \/>\n<meta property=\"og:title\" content=\"RHP delivers 30 apartments to refigee and displaced families in Capljina Bosnia and Herzegovina News | WeBalkans\" \/>\n<meta property=\"og:description\" content=\"RHP delivers 30 apartments to refigee and displaced families in Capljina Bosnia and Herzegovina\" \/>\n<meta property=\"og:url\" content=\"https:\/\/webalkans.eu\/en\/news\/rhp-delivers-30-apartments-to-refigee-and-displaced-families-in-capljina-bosnia-and-herzegovina\/\" \/>\n<meta property=\"og:site_name\" content=\"WeBalkans | EU Projects in the Western Balkans\" \/>\n<meta property=\"article:publisher\" content=\"https:\/\/www.facebook.com\/webalkans.eu\" \/>\n<meta property=\"article:published_time\" content=\"2023-06-27T14:47:28+00:00\" \/>\n<meta property=\"article:modified_time\" content=\"2023-06-27T14:48:30+00:00\" \/>\n<meta property=\"og:image\" content=\"https:\/\/webalkans.eu\/wp-content\/uploads\/2023\/06\/5-4.jpeg\" \/>\n\t<meta property=\"og:image:width\" content=\"1380\" \/>\n\t<meta property=\"og:image:height\" content=\"918\" \/>\n\t<meta property=\"og:image:type\" content=\"image\/jpeg\" \/>\n<meta name=\"author\" content=\"007designstudio@gmail.com\" \/>\n<meta name=\"twitter:card\" content=\"summary_large_image\" \/>\n<meta name=\"twitter:creator\" content=\"@WeBalkans\" \/>\n<meta name=\"twitter:site\" content=\"@WeBalkans\" \/>\n<meta name=\"twitter:label1\" content=\"Written by\" \/>\n\t<meta name=\"twitter:data1\" content=\"007designstudio@gmail.com\" \/>\n\t<meta name=\"twitter:label2\" content=\"Est. reading time\" \/>\n\t<meta name=\"twitter:data2\" content=\"2 minutes\" \/>\n<script type=\"application\/ld+json\" class=\"yoast-schema-graph\">{\"@context\":\"https:\/\/schema.org\",\"@graph\":[{\"@type\":\"Article\",\"@id\":\"https:\/\/webalkans.eu\/en\/news\/rhp-delivers-30-apartments-to-refigee-and-displaced-families-in-capljina-bosnia-and-herzegovina\/#article\",\"isPartOf\":{\"@id\":\"https:\/\/webalkans.eu\/en\/news\/rhp-delivers-30-apartments-to-refigee-and-displaced-families-in-capljina-bosnia-and-herzegovina\/\"},\"author\":{\"name\":\"007designstudio@gmail.com\",\"@id\":\"https:\/\/webalkans.eu\/en\/#\/schema\/person\/95a8ea19ef21de3b7766e9b65ffdb4da\"},\"headline\":\"RHP delivers 30 apartments to refigee and displaced families in Capljina Bosnia and Herzegovina\",\"datePublished\":\"2023-06-27T14:47:28+00:00\",\"dateModified\":\"2023-06-27T14:48:30+00:00\",\"mainEntityOfPage\":{\"@id\":\"https:\/\/webalkans.eu\/en\/news\/rhp-delivers-30-apartments-to-refigee-and-displaced-families-in-capljina-bosnia-and-herzegovina\/\"},\"wordCount\":349,\"publisher\":{\"@id\":\"https:\/\/webalkans.eu\/en\/#organization\"},\"image\":{\"@id\":\"https:\/\/webalkans.eu\/en\/news\/rhp-delivers-30-apartments-to-refigee-and-displaced-families-in-capljina-bosnia-and-herzegovina\/#primaryimage\"},\"thumbnailUrl\":\"https:\/\/webalkans.eu\/wp-content\/uploads\/2023\/06\/5-4.jpeg\",\"inLanguage\":\"en-US\"},{\"@type\":\"WebPage\",\"@id\":\"https:\/\/webalkans.eu\/en\/news\/rhp-delivers-30-apartments-to-refigee-and-displaced-families-in-capljina-bosnia-and-herzegovina\/\",\"url\":\"https:\/\/webalkans.eu\/en\/news\/rhp-delivers-30-apartments-to-refigee-and-displaced-families-in-capljina-bosnia-and-herzegovina\/\",\"name\":\"RHP delivers 30 apartments to refigee and displaced families in Capljina Bosnia and Herzegovina News | WeBalkans\",\"isPartOf\":{\"@id\":\"https:\/\/webalkans.eu\/en\/#website\"},\"primaryImageOfPage\":{\"@id\":\"https:\/\/webalkans.eu\/en\/news\/rhp-delivers-30-apartments-to-refigee-and-displaced-families-in-capljina-bosnia-and-herzegovina\/#primaryimage\"},\"image\":{\"@id\":\"https:\/\/webalkans.eu\/en\/news\/rhp-delivers-30-apartments-to-refigee-and-displaced-families-in-capljina-bosnia-and-herzegovina\/#primaryimage\"},\"thumbnailUrl\":\"https:\/\/webalkans.eu\/wp-content\/uploads\/2023\/06\/5-4.jpeg\",\"datePublished\":\"2023-06-27T14:47:28+00:00\",\"dateModified\":\"2023-06-27T14:48:30+00:00\",\"description\":\"RHP delivers 30 apartments to refigee and displaced families in Capljina Bosnia and Herzegovina\",\"breadcrumb\":{\"@id\":\"https:\/\/webalkans.eu\/en\/news\/rhp-delivers-30-apartments-to-refigee-and-displaced-families-in-capljina-bosnia-and-herzegovina\/#breadcrumb\"},\"inLanguage\":\"en-US\",\"potentialAction\":[{\"@type\":\"ReadAction\",\"target\":[\"https:\/\/webalkans.eu\/en\/news\/rhp-delivers-30-apartments-to-refigee-and-displaced-families-in-capljina-bosnia-and-herzegovina\/\"]}]},{\"@type\":\"ImageObject\",\"inLanguage\":\"en-US\",\"@id\":\"https:\/\/webalkans.eu\/en\/news\/rhp-delivers-30-apartments-to-refigee-and-displaced-families-in-capljina-bosnia-and-herzegovina\/#primaryimage\",\"url\":\"https:\/\/webalkans.eu\/wp-content\/uploads\/2023\/06\/5-4.jpeg\",\"contentUrl\":\"https:\/\/webalkans.eu\/wp-content\/uploads\/2023\/06\/5-4.jpeg\",\"width\":1380,\"height\":918},{\"@type\":\"BreadcrumbList\",\"@id\":\"https:\/\/webalkans.eu\/en\/news\/rhp-delivers-30-apartments-to-refigee-and-displaced-families-in-capljina-bosnia-and-herzegovina\/#breadcrumb\",\"itemListElement\":[{\"@type\":\"ListItem\",\"position\":1,\"name\":\"Home\",\"item\":\"https:\/\/webalkans.eu\/en\/\"},{\"@type\":\"ListItem\",\"position\":2,\"name\":\"RHP delivers 30 apartments to refigee and displaced families in Capljina Bosnia and Herzegovina\"}]},{\"@type\":\"WebSite\",\"@id\":\"https:\/\/webalkans.eu\/en\/#website\",\"url\":\"https:\/\/webalkans.eu\/en\/\",\"name\":\"WeBalkans | EU Projects in the Western Balkans\",\"description\":\"\",\"publisher\":{\"@id\":\"https:\/\/webalkans.eu\/en\/#organization\"},\"potentialAction\":[{\"@type\":\"SearchAction\",\"target\":{\"@type\":\"EntryPoint\",\"urlTemplate\":\"https:\/\/webalkans.eu\/en\/?s={search_term_string}\"},\"query-input\":{\"@type\":\"PropertyValueSpecification\",\"valueRequired\":true,\"valueName\":\"search_term_string\"}}],\"inLanguage\":\"en-US\"},{\"@type\":\"Organization\",\"@id\":\"https:\/\/webalkans.eu\/en\/#organization\",\"name\":\"European Union\",\"url\":\"https:\/\/webalkans.eu\/en\/\",\"logo\":{\"@type\":\"ImageObject\",\"inLanguage\":\"en-US\",\"@id\":\"https:\/\/webalkans.eu\/en\/#\/schema\/logo\/image\/\",\"url\":\"https:\/\/webalkans.eu\/wp-content\/uploads\/2020\/11\/eu_flag.jpg\",\"contentUrl\":\"https:\/\/webalkans.eu\/wp-content\/uploads\/2020\/11\/eu_flag.jpg\",\"width\":600,\"height\":401,\"caption\":\"European Union\"},\"image\":{\"@id\":\"https:\/\/webalkans.eu\/en\/#\/schema\/logo\/image\/\"},\"sameAs\":[\"https:\/\/www.facebook.com\/webalkans.eu\",\"https:\/\/x.com\/WeBalkans\"]},{\"@type\":\"Person\",\"@id\":\"https:\/\/webalkans.eu\/en\/#\/schema\/person\/95a8ea19ef21de3b7766e9b65ffdb4da\",\"name\":\"007designstudio@gmail.com\"}]}<\/script>\n<!-- \/ Yoast SEO plugin. -->","yoast_head_json":{"title":"RHP delivers 30 apartments to refigee and displaced families in Capljina Bosnia and Herzegovina News | WeBalkans","description":"RHP delivers 30 apartments to refigee and displaced families in Capljina Bosnia and Herzegovina","robots":{"index":"index","follow":"follow","max-snippet":"max-snippet:-1","max-image-preview":"max-image-preview:large","max-video-preview":"max-video-preview:-1"},"canonical":"https:\/\/webalkans.eu\/en\/news\/rhp-delivers-30-apartments-to-refigee-and-displaced-families-in-capljina-bosnia-and-herzegovina\/","og_locale":"en_US","og_type":"article","og_title":"RHP delivers 30 apartments to refigee and displaced families in Capljina Bosnia and Herzegovina News | WeBalkans","og_description":"RHP delivers 30 apartments to refigee and displaced families in Capljina Bosnia and Herzegovina","og_url":"https:\/\/webalkans.eu\/en\/news\/rhp-delivers-30-apartments-to-refigee-and-displaced-families-in-capljina-bosnia-and-herzegovina\/","og_site_name":"WeBalkans | EU Projects in the Western Balkans","article_publisher":"https:\/\/www.facebook.com\/webalkans.eu","article_published_time":"2023-06-27T14:47:28+00:00","article_modified_time":"2023-06-27T14:48:30+00:00","og_image":[{"width":1380,"height":918,"url":"https:\/\/webalkans.eu\/wp-content\/uploads\/2023\/06\/5-4.jpeg","type":"image\/jpeg"}],"author":"007designstudio@gmail.com","twitter_card":"summary_large_image","twitter_creator":"@WeBalkans","twitter_site":"@WeBalkans","twitter_misc":{"Written by":"007designstudio@gmail.com","Est. reading time":"2 minutes"},"schema":{"@context":"https:\/\/schema.org","@graph":[{"@type":"Article","@id":"https:\/\/webalkans.eu\/en\/news\/rhp-delivers-30-apartments-to-refigee-and-displaced-families-in-capljina-bosnia-and-herzegovina\/#article","isPartOf":{"@id":"https:\/\/webalkans.eu\/en\/news\/rhp-delivers-30-apartments-to-refigee-and-displaced-families-in-capljina-bosnia-and-herzegovina\/"},"author":{"name":"007designstudio@gmail.com","@id":"https:\/\/webalkans.eu\/en\/#\/schema\/person\/95a8ea19ef21de3b7766e9b65ffdb4da"},"headline":"RHP delivers 30 apartments to refigee and displaced families in Capljina Bosnia and Herzegovina","datePublished":"2023-06-27T14:47:28+00:00","dateModified":"2023-06-27T14:48:30+00:00","mainEntityOfPage":{"@id":"https:\/\/webalkans.eu\/en\/news\/rhp-delivers-30-apartments-to-refigee-and-displaced-families-in-capljina-bosnia-and-herzegovina\/"},"wordCount":349,"publisher":{"@id":"https:\/\/webalkans.eu\/en\/#organization"},"image":{"@id":"https:\/\/webalkans.eu\/en\/news\/rhp-delivers-30-apartments-to-refigee-and-displaced-families-in-capljina-bosnia-and-herzegovina\/#primaryimage"},"thumbnailUrl":"https:\/\/webalkans.eu\/wp-content\/uploads\/2023\/06\/5-4.jpeg","inLanguage":"en-US"},{"@type":"WebPage","@id":"https:\/\/webalkans.eu\/en\/news\/rhp-delivers-30-apartments-to-refigee-and-displaced-families-in-capljina-bosnia-and-herzegovina\/","url":"https:\/\/webalkans.eu\/en\/news\/rhp-delivers-30-apartments-to-refigee-and-displaced-families-in-capljina-bosnia-and-herzegovina\/","name":"RHP delivers 30 apartments to refigee and displaced families in Capljina Bosnia and Herzegovina News | WeBalkans","isPartOf":{"@id":"https:\/\/webalkans.eu\/en\/#website"},"primaryImageOfPage":{"@id":"https:\/\/webalkans.eu\/en\/news\/rhp-delivers-30-apartments-to-refigee-and-displaced-families-in-capljina-bosnia-and-herzegovina\/#primaryimage"},"image":{"@id":"https:\/\/webalkans.eu\/en\/news\/rhp-delivers-30-apartments-to-refigee-and-displaced-families-in-capljina-bosnia-and-herzegovina\/#primaryimage"},"thumbnailUrl":"https:\/\/webalkans.eu\/wp-content\/uploads\/2023\/06\/5-4.jpeg","datePublished":"2023-06-27T14:47:28+00:00","dateModified":"2023-06-27T14:48:30+00:00","description":"RHP delivers 30 apartments to refigee and displaced families in Capljina Bosnia and Herzegovina","breadcrumb":{"@id":"https:\/\/webalkans.eu\/en\/news\/rhp-delivers-30-apartments-to-refigee-and-displaced-families-in-capljina-bosnia-and-herzegovina\/#breadcrumb"},"inLanguage":"en-US","potentialAction":[{"@type":"ReadAction","target":["https:\/\/webalkans.eu\/en\/news\/rhp-delivers-30-apartments-to-refigee-and-displaced-families-in-capljina-bosnia-and-herzegovina\/"]}]},{"@type":"ImageObject","inLanguage":"en-US","@id":"https:\/\/webalkans.eu\/en\/news\/rhp-delivers-30-apartments-to-refigee-and-displaced-families-in-capljina-bosnia-and-herzegovina\/#primaryimage","url":"https:\/\/webalkans.eu\/wp-content\/uploads\/2023\/06\/5-4.jpeg","contentUrl":"https:\/\/webalkans.eu\/wp-content\/uploads\/2023\/06\/5-4.jpeg","width":1380,"height":918},{"@type":"BreadcrumbList","@id":"https:\/\/webalkans.eu\/en\/news\/rhp-delivers-30-apartments-to-refigee-and-displaced-families-in-capljina-bosnia-and-herzegovina\/#breadcrumb","itemListElement":[{"@type":"ListItem","position":1,"name":"Home","item":"https:\/\/webalkans.eu\/en\/"},{"@type":"ListItem","position":2,"name":"RHP delivers 30 apartments to refigee and displaced families in Capljina Bosnia and Herzegovina"}]},{"@type":"WebSite","@id":"https:\/\/webalkans.eu\/en\/#website","url":"https:\/\/webalkans.eu\/en\/","name":"WeBalkans | EU Projects in the Western Balkans","description":"","publisher":{"@id":"https:\/\/webalkans.eu\/en\/#organization"},"potentialAction":[{"@type":"SearchAction","target":{"@type":"EntryPoint","urlTemplate":"https:\/\/webalkans.eu\/en\/?s={search_term_string}"},"query-input":{"@type":"PropertyValueSpecification","valueRequired":true,"valueName":"search_term_string"}}],"inLanguage":"en-US"},{"@type":"Organization","@id":"https:\/\/webalkans.eu\/en\/#organization","name":"European Union","url":"https:\/\/webalkans.eu\/en\/","logo":{"@type":"ImageObject","inLanguage":"en-US","@id":"https:\/\/webalkans.eu\/en\/#\/schema\/logo\/image\/","url":"https:\/\/webalkans.eu\/wp-content\/uploads\/2020\/11\/eu_flag.jpg","contentUrl":"https:\/\/webalkans.eu\/wp-content\/uploads\/2020\/11\/eu_flag.jpg","width":600,"height":401,"caption":"European Union"},"image":{"@id":"https:\/\/webalkans.eu\/en\/#\/schema\/logo\/image\/"},"sameAs":["https:\/\/www.facebook.com\/webalkans.eu","https:\/\/x.com\/WeBalkans"]},{"@type":"Person","@id":"https:\/\/webalkans.eu\/en\/#\/schema\/person\/95a8ea19ef21de3b7766e9b65ffdb4da","name":"007designstudio@gmail.com"}]}},"_links":{"self":[{"href":"https:\/\/webalkans.eu\/en\/wp-json\/wp\/v2\/posts\/1151929"}],"collection":[{"href":"https:\/\/webalkans.eu\/en\/wp-json\/wp\/v2\/posts"}],"about":[{"href":"https:\/\/webalkans.eu\/en\/wp-json\/wp\/v2\/types\/post"}],"author":[{"embeddable":true,"href":"https:\/\/webalkans.eu\/en\/wp-json\/wp\/v2\/users\/152227"}],"replies":[{"embeddable":true,"href":"https:\/\/webalkans.eu\/en\/wp-json\/wp\/v2\/comments?post=1151929"}],"version-history":[{"count":0,"href":"https:\/\/webalkans.eu\/en\/wp-json\/wp\/v2\/posts\/1151929\/revisions"}],"wp:featuredmedia":[{"embeddable":true,"href":"https:\/\/webalkans.eu\/en\/wp-json\/wp\/v2\/media\/1151930"}],"wp:attachment":[{"href":"https:\/\/webalkans.eu\/en\/wp-json\/wp\/v2\/media?parent=1151929"}],"wp:term":[{"taxonomy":"country-for-news","embeddable":true,"href":"https:\/\/webalkans.eu\/en\/wp-json\/wp\/v2\/country-for-news?post=1151929"}],"curies":[{"name":"wp","href":"https:\/\/api.w.org\/{rel}","templated":true}]}}