
{"id":11263,"date":"2021-11-05T15:25:35","date_gmt":"2021-11-05T14:25:35","guid":{"rendered":"https:\/\/webalkans.eu\/?p=11263"},"modified":"2021-11-05T15:25:35","modified_gmt":"2021-11-05T14:25:35","slug":"eu-marks-climate-diplomacy-week-in-montengro-with-tree-planting","status":"publish","type":"post","link":"https:\/\/webalkans.eu\/en\/news\/eu-marks-climate-diplomacy-week-in-montengro-with-tree-planting\/","title":{"rendered":"EU marks Climate Diplomacy week in Montengro with tree planting"},"content":{"rendered":"<p>The Delegation of the European Union in Montenegro, in cooperation with the EU Info Centre, the Municipality of Nik\u0161i\u0107 and the local NGO sector, organised tree-planting in Trebjesa to mark the Week of Climate Diplomacy.<\/p>\n<p>&nbsp;<\/p>\n<p>\u201cWe are symbolically taking \u2018action,\u2019 which along with \u2018ambition\u2019 is the central theme for EU climate diplomacy in 2021. Both ambition and action are what the EU wants to showcase with its Green Deal, its Climate Law and the latest set of policy proposals \u2013 the goal is to achieve at least 55% emission reduction by 2030 as an intermediate step towards the EU\u2019s climate neutrality target by 2050,\u201d said EU Ambassador to Montenegro, Oana Cristina Popa, during the planting.<\/p>\n<p>&nbsp;<\/p>\n<p>Ambassador Popa planted the first seedlings, together with the President of the Municipality of Nik\u0161i\u0107, Marko Kova\u010devi\u0107, and representatives of the local NGO sector. Over 100 participants gathered to plant fir, cedar and birch seedlings, provided by the EU Info Centre in an area which was recently affected by forest fires.<\/p>\n<p>&nbsp;<\/p>\n<p>Popa noted that in the last 13 years the EU has donated more than \u20ac40 million to help Montenegro to protect its environment. In Nik\u0161i\u0107, Popa learned about the impact that this support has had &#8211; for example, a representative of the NGO FORS Montenegro said that his organisation is implementing an EU project procuring underground waste containers and a modern waste collection vehicle.<\/p>\n","protected":false},"excerpt":{"rendered":"<p>The Delegation of the European Union in Montenegro, in cooperation with the EU Info Centre, the Municipality of Nik\u0161i\u0107 and the local NGO sector, organised <\/p>\n","protected":false},"author":152227,"featured_media":11264,"comment_status":"closed","ping_status":"closed","sticky":false,"template":"","format":"standard","meta":{"_acf_changed":false,"_monsterinsights_skip_tracking":false,"_monsterinsights_sitenote_active":false,"_monsterinsights_sitenote_note":"","_monsterinsights_sitenote_category":0,"footnotes":""},"country-for-news":[52],"class_list":["post-11263","post","type-post","status-publish","format-standard","has-post-thumbnail","hentry","wb_theme-environment","country-for-news-montenegro"],"acf":[],"yoast_head":"<!-- This site is optimized with the Yoast SEO plugin v25.3.1 - https:\/\/yoast.com\/wordpress\/plugins\/seo\/ -->\n<title>EU marks Climate Diplomacy week in Montengro with tree planting News | WeBalkans<\/title>\n<meta name=\"robots\" content=\"index, follow, max-snippet:-1, max-image-preview:large, max-video-preview:-1\" \/>\n<link rel=\"canonical\" href=\"https:\/\/webalkans.eu\/en\/news\/eu-marks-climate-diplomacy-week-in-montengro-with-tree-planting\/\" \/>\n<meta property=\"og:locale\" content=\"en_US\" \/>\n<meta property=\"og:type\" content=\"article\" \/>\n<meta property=\"og:title\" content=\"EU marks Climate Diplomacy week in Montengro with tree planting News | WeBalkans\" \/>\n<meta property=\"og:description\" content=\"The Delegation of the European Union in Montenegro, in cooperation with the EU Info Centre, the Municipality of Nik\u0161i\u0107 and the local NGO sector, organised\" \/>\n<meta property=\"og:url\" content=\"https:\/\/webalkans.eu\/en\/news\/eu-marks-climate-diplomacy-week-in-montengro-with-tree-planting\/\" \/>\n<meta property=\"og:site_name\" content=\"WeBalkans | EU Projects in the Western Balkans\" \/>\n<meta property=\"article:publisher\" content=\"https:\/\/www.facebook.com\/webalkans.eu\" \/>\n<meta property=\"article:published_time\" content=\"2021-11-05T14:25:35+00:00\" \/>\n<meta property=\"og:image\" content=\"https:\/\/webalkans.eu\/wp-content\/uploads\/2021\/11\/3-1.jpeg\" \/>\n\t<meta property=\"og:image:width\" content=\"750\" \/>\n\t<meta property=\"og:image:height\" content=\"500\" \/>\n\t<meta property=\"og:image:type\" content=\"image\/jpeg\" \/>\n<meta name=\"author\" content=\"007designstudio@gmail.com\" \/>\n<meta name=\"twitter:card\" content=\"summary_large_image\" \/>\n<meta name=\"twitter:creator\" content=\"@WeBalkans\" \/>\n<meta name=\"twitter:site\" content=\"@WeBalkans\" \/>\n<meta name=\"twitter:label1\" content=\"Written by\" \/>\n\t<meta name=\"twitter:data1\" content=\"007designstudio@gmail.com\" \/>\n\t<meta name=\"twitter:label2\" content=\"Est. reading time\" \/>\n\t<meta name=\"twitter:data2\" content=\"1 minute\" \/>\n<script type=\"application\/ld+json\" class=\"yoast-schema-graph\">{\"@context\":\"https:\/\/schema.org\",\"@graph\":[{\"@type\":\"Article\",\"@id\":\"https:\/\/webalkans.eu\/en\/news\/eu-marks-climate-diplomacy-week-in-montengro-with-tree-planting\/#article\",\"isPartOf\":{\"@id\":\"https:\/\/webalkans.eu\/en\/news\/eu-marks-climate-diplomacy-week-in-montengro-with-tree-planting\/\"},\"author\":{\"name\":\"007designstudio@gmail.com\",\"@id\":\"https:\/\/webalkans.eu\/en\/#\/schema\/person\/95a8ea19ef21de3b7766e9b65ffdb4da\"},\"headline\":\"EU marks Climate Diplomacy week in Montengro with tree planting\",\"datePublished\":\"2021-11-05T14:25:35+00:00\",\"mainEntityOfPage\":{\"@id\":\"https:\/\/webalkans.eu\/en\/news\/eu-marks-climate-diplomacy-week-in-montengro-with-tree-planting\/\"},\"wordCount\":240,\"publisher\":{\"@id\":\"https:\/\/webalkans.eu\/en\/#organization\"},\"image\":{\"@id\":\"https:\/\/webalkans.eu\/en\/news\/eu-marks-climate-diplomacy-week-in-montengro-with-tree-planting\/#primaryimage\"},\"thumbnailUrl\":\"https:\/\/webalkans.eu\/wp-content\/uploads\/2021\/11\/3-1.jpeg\",\"inLanguage\":\"en-US\"},{\"@type\":\"WebPage\",\"@id\":\"https:\/\/webalkans.eu\/en\/news\/eu-marks-climate-diplomacy-week-in-montengro-with-tree-planting\/\",\"url\":\"https:\/\/webalkans.eu\/en\/news\/eu-marks-climate-diplomacy-week-in-montengro-with-tree-planting\/\",\"name\":\"EU marks Climate Diplomacy week in Montengro with tree planting News | WeBalkans\",\"isPartOf\":{\"@id\":\"https:\/\/webalkans.eu\/en\/#website\"},\"primaryImageOfPage\":{\"@id\":\"https:\/\/webalkans.eu\/en\/news\/eu-marks-climate-diplomacy-week-in-montengro-with-tree-planting\/#primaryimage\"},\"image\":{\"@id\":\"https:\/\/webalkans.eu\/en\/news\/eu-marks-climate-diplomacy-week-in-montengro-with-tree-planting\/#primaryimage\"},\"thumbnailUrl\":\"https:\/\/webalkans.eu\/wp-content\/uploads\/2021\/11\/3-1.jpeg\",\"datePublished\":\"2021-11-05T14:25:35+00:00\",\"breadcrumb\":{\"@id\":\"https:\/\/webalkans.eu\/en\/news\/eu-marks-climate-diplomacy-week-in-montengro-with-tree-planting\/#breadcrumb\"},\"inLanguage\":\"en-US\",\"potentialAction\":[{\"@type\":\"ReadAction\",\"target\":[\"https:\/\/webalkans.eu\/en\/news\/eu-marks-climate-diplomacy-week-in-montengro-with-tree-planting\/\"]}]},{\"@type\":\"ImageObject\",\"inLanguage\":\"en-US\",\"@id\":\"https:\/\/webalkans.eu\/en\/news\/eu-marks-climate-diplomacy-week-in-montengro-with-tree-planting\/#primaryimage\",\"url\":\"https:\/\/webalkans.eu\/wp-content\/uploads\/2021\/11\/3-1.jpeg\",\"contentUrl\":\"https:\/\/webalkans.eu\/wp-content\/uploads\/2021\/11\/3-1.jpeg\",\"width\":750,\"height\":500},{\"@type\":\"BreadcrumbList\",\"@id\":\"https:\/\/webalkans.eu\/en\/news\/eu-marks-climate-diplomacy-week-in-montengro-with-tree-planting\/#breadcrumb\",\"itemListElement\":[{\"@type\":\"ListItem\",\"position\":1,\"name\":\"Home\",\"item\":\"https:\/\/webalkans.eu\/en\/\"},{\"@type\":\"ListItem\",\"position\":2,\"name\":\"EU marks Climate Diplomacy week in Montengro with tree planting\"}]},{\"@type\":\"WebSite\",\"@id\":\"https:\/\/webalkans.eu\/en\/#website\",\"url\":\"https:\/\/webalkans.eu\/en\/\",\"name\":\"WeBalkans | EU Projects in the Western Balkans\",\"description\":\"\",\"publisher\":{\"@id\":\"https:\/\/webalkans.eu\/en\/#organization\"},\"potentialAction\":[{\"@type\":\"SearchAction\",\"target\":{\"@type\":\"EntryPoint\",\"urlTemplate\":\"https:\/\/webalkans.eu\/en\/?s={search_term_string}\"},\"query-input\":{\"@type\":\"PropertyValueSpecification\",\"valueRequired\":true,\"valueName\":\"search_term_string\"}}],\"inLanguage\":\"en-US\"},{\"@type\":\"Organization\",\"@id\":\"https:\/\/webalkans.eu\/en\/#organization\",\"name\":\"European Union\",\"url\":\"https:\/\/webalkans.eu\/en\/\",\"logo\":{\"@type\":\"ImageObject\",\"inLanguage\":\"en-US\",\"@id\":\"https:\/\/webalkans.eu\/en\/#\/schema\/logo\/image\/\",\"url\":\"https:\/\/webalkans.eu\/wp-content\/uploads\/2020\/11\/eu_flag.jpg\",\"contentUrl\":\"https:\/\/webalkans.eu\/wp-content\/uploads\/2020\/11\/eu_flag.jpg\",\"width\":600,\"height\":401,\"caption\":\"European Union\"},\"image\":{\"@id\":\"https:\/\/webalkans.eu\/en\/#\/schema\/logo\/image\/\"},\"sameAs\":[\"https:\/\/www.facebook.com\/webalkans.eu\",\"https:\/\/x.com\/WeBalkans\"]},{\"@type\":\"Person\",\"@id\":\"https:\/\/webalkans.eu\/en\/#\/schema\/person\/95a8ea19ef21de3b7766e9b65ffdb4da\",\"name\":\"007designstudio@gmail.com\"}]}<\/script>\n<!-- \/ Yoast SEO plugin. -->","yoast_head_json":{"title":"EU marks Climate Diplomacy week in Montengro with tree planting News | WeBalkans","robots":{"index":"index","follow":"follow","max-snippet":"max-snippet:-1","max-image-preview":"max-image-preview:large","max-video-preview":"max-video-preview:-1"},"canonical":"https:\/\/webalkans.eu\/en\/news\/eu-marks-climate-diplomacy-week-in-montengro-with-tree-planting\/","og_locale":"en_US","og_type":"article","og_title":"EU marks Climate Diplomacy week in Montengro with tree planting News | WeBalkans","og_description":"The Delegation of the European Union in Montenegro, in cooperation with the EU Info Centre, the Municipality of Nik\u0161i\u0107 and the local NGO sector, organised","og_url":"https:\/\/webalkans.eu\/en\/news\/eu-marks-climate-diplomacy-week-in-montengro-with-tree-planting\/","og_site_name":"WeBalkans | EU Projects in the Western Balkans","article_publisher":"https:\/\/www.facebook.com\/webalkans.eu","article_published_time":"2021-11-05T14:25:35+00:00","og_image":[{"width":750,"height":500,"url":"https:\/\/webalkans.eu\/wp-content\/uploads\/2021\/11\/3-1.jpeg","type":"image\/jpeg"}],"author":"007designstudio@gmail.com","twitter_card":"summary_large_image","twitter_creator":"@WeBalkans","twitter_site":"@WeBalkans","twitter_misc":{"Written by":"007designstudio@gmail.com","Est. reading time":"1 minute"},"schema":{"@context":"https:\/\/schema.org","@graph":[{"@type":"Article","@id":"https:\/\/webalkans.eu\/en\/news\/eu-marks-climate-diplomacy-week-in-montengro-with-tree-planting\/#article","isPartOf":{"@id":"https:\/\/webalkans.eu\/en\/news\/eu-marks-climate-diplomacy-week-in-montengro-with-tree-planting\/"},"author":{"name":"007designstudio@gmail.com","@id":"https:\/\/webalkans.eu\/en\/#\/schema\/person\/95a8ea19ef21de3b7766e9b65ffdb4da"},"headline":"EU marks Climate Diplomacy week in Montengro with tree planting","datePublished":"2021-11-05T14:25:35+00:00","mainEntityOfPage":{"@id":"https:\/\/webalkans.eu\/en\/news\/eu-marks-climate-diplomacy-week-in-montengro-with-tree-planting\/"},"wordCount":240,"publisher":{"@id":"https:\/\/webalkans.eu\/en\/#organization"},"image":{"@id":"https:\/\/webalkans.eu\/en\/news\/eu-marks-climate-diplomacy-week-in-montengro-with-tree-planting\/#primaryimage"},"thumbnailUrl":"https:\/\/webalkans.eu\/wp-content\/uploads\/2021\/11\/3-1.jpeg","inLanguage":"en-US"},{"@type":"WebPage","@id":"https:\/\/webalkans.eu\/en\/news\/eu-marks-climate-diplomacy-week-in-montengro-with-tree-planting\/","url":"https:\/\/webalkans.eu\/en\/news\/eu-marks-climate-diplomacy-week-in-montengro-with-tree-planting\/","name":"EU marks Climate Diplomacy week in Montengro with tree planting News | WeBalkans","isPartOf":{"@id":"https:\/\/webalkans.eu\/en\/#website"},"primaryImageOfPage":{"@id":"https:\/\/webalkans.eu\/en\/news\/eu-marks-climate-diplomacy-week-in-montengro-with-tree-planting\/#primaryimage"},"image":{"@id":"https:\/\/webalkans.eu\/en\/news\/eu-marks-climate-diplomacy-week-in-montengro-with-tree-planting\/#primaryimage"},"thumbnailUrl":"https:\/\/webalkans.eu\/wp-content\/uploads\/2021\/11\/3-1.jpeg","datePublished":"2021-11-05T14:25:35+00:00","breadcrumb":{"@id":"https:\/\/webalkans.eu\/en\/news\/eu-marks-climate-diplomacy-week-in-montengro-with-tree-planting\/#breadcrumb"},"inLanguage":"en-US","potentialAction":[{"@type":"ReadAction","target":["https:\/\/webalkans.eu\/en\/news\/eu-marks-climate-diplomacy-week-in-montengro-with-tree-planting\/"]}]},{"@type":"ImageObject","inLanguage":"en-US","@id":"https:\/\/webalkans.eu\/en\/news\/eu-marks-climate-diplomacy-week-in-montengro-with-tree-planting\/#primaryimage","url":"https:\/\/webalkans.eu\/wp-content\/uploads\/2021\/11\/3-1.jpeg","contentUrl":"https:\/\/webalkans.eu\/wp-content\/uploads\/2021\/11\/3-1.jpeg","width":750,"height":500},{"@type":"BreadcrumbList","@id":"https:\/\/webalkans.eu\/en\/news\/eu-marks-climate-diplomacy-week-in-montengro-with-tree-planting\/#breadcrumb","itemListElement":[{"@type":"ListItem","position":1,"name":"Home","item":"https:\/\/webalkans.eu\/en\/"},{"@type":"ListItem","position":2,"name":"EU marks Climate Diplomacy week in Montengro with tree planting"}]},{"@type":"WebSite","@id":"https:\/\/webalkans.eu\/en\/#website","url":"https:\/\/webalkans.eu\/en\/","name":"WeBalkans | EU Projects in the Western Balkans","description":"","publisher":{"@id":"https:\/\/webalkans.eu\/en\/#organization"},"potentialAction":[{"@type":"SearchAction","target":{"@type":"EntryPoint","urlTemplate":"https:\/\/webalkans.eu\/en\/?s={search_term_string}"},"query-input":{"@type":"PropertyValueSpecification","valueRequired":true,"valueName":"search_term_string"}}],"inLanguage":"en-US"},{"@type":"Organization","@id":"https:\/\/webalkans.eu\/en\/#organization","name":"European Union","url":"https:\/\/webalkans.eu\/en\/","logo":{"@type":"ImageObject","inLanguage":"en-US","@id":"https:\/\/webalkans.eu\/en\/#\/schema\/logo\/image\/","url":"https:\/\/webalkans.eu\/wp-content\/uploads\/2020\/11\/eu_flag.jpg","contentUrl":"https:\/\/webalkans.eu\/wp-content\/uploads\/2020\/11\/eu_flag.jpg","width":600,"height":401,"caption":"European Union"},"image":{"@id":"https:\/\/webalkans.eu\/en\/#\/schema\/logo\/image\/"},"sameAs":["https:\/\/www.facebook.com\/webalkans.eu","https:\/\/x.com\/WeBalkans"]},{"@type":"Person","@id":"https:\/\/webalkans.eu\/en\/#\/schema\/person\/95a8ea19ef21de3b7766e9b65ffdb4da","name":"007designstudio@gmail.com"}]}},"_links":{"self":[{"href":"https:\/\/webalkans.eu\/en\/wp-json\/wp\/v2\/posts\/11263"}],"collection":[{"href":"https:\/\/webalkans.eu\/en\/wp-json\/wp\/v2\/posts"}],"about":[{"href":"https:\/\/webalkans.eu\/en\/wp-json\/wp\/v2\/types\/post"}],"author":[{"embeddable":true,"href":"https:\/\/webalkans.eu\/en\/wp-json\/wp\/v2\/users\/152227"}],"replies":[{"embeddable":true,"href":"https:\/\/webalkans.eu\/en\/wp-json\/wp\/v2\/comments?post=11263"}],"version-history":[{"count":0,"href":"https:\/\/webalkans.eu\/en\/wp-json\/wp\/v2\/posts\/11263\/revisions"}],"wp:featuredmedia":[{"embeddable":true,"href":"https:\/\/webalkans.eu\/en\/wp-json\/wp\/v2\/media\/11264"}],"wp:attachment":[{"href":"https:\/\/webalkans.eu\/en\/wp-json\/wp\/v2\/media?parent=11263"}],"wp:term":[{"taxonomy":"country-for-news","embeddable":true,"href":"https:\/\/webalkans.eu\/en\/wp-json\/wp\/v2\/country-for-news?post=11263"}],"curies":[{"name":"wp","href":"https:\/\/api.w.org\/{rel}","templated":true}]}}