
{"id":1105350,"date":"2023-05-05T16:19:57","date_gmt":"2023-05-05T14:19:57","guid":{"rendered":"https:\/\/webalkans.eu\/?p=1105350"},"modified":"2023-05-05T16:21:13","modified_gmt":"2023-05-05T14:21:13","slug":"ceremonial-opening-of-the-renovated-fetislam-fortress-in-kladovo","status":"publish","type":"post","link":"https:\/\/webalkans.eu\/en\/news\/ceremonial-opening-of-the-renovated-fetislam-fortress-in-kladovo\/","title":{"rendered":"Ceremonial opening of the renovated Fetislam fortress in Kladovo"},"content":{"rendered":"<p style=\"font-weight: 400;\">The renovated Fetislam fortress with a reconstructed summer stage was officially opened yesterday, on April 26<sup>th<\/sup>, on Kladovo Municipality Day, in the presence of the President of the Republic of Serbia Aleksandar Vu\u010di\u0107, Head of the Delegation of the European Union Emanuele Giaufret and the Ambassador of the Federal Republic of Germany Anke Konrad, Minister for European Integration Tanja Mi\u0161\u010devi\u0107, as well as Vice President of the Government of the Republic of Serbia and Minister of Culture Maja Gojkovi\u0107, Minister of Tourism and Youth Husein Memi\u0107, representatives of the diplomatic corps and a large number of citizens of Kladovo.<\/p>\n<p style=\"font-weight: 400;\"><strong>\u00a0<\/strong><\/p>\n<p style=\"font-weight: 400;\">\u201cToday we see the concrete results of the cooperation between the European Union and Serbia to preserve something we all care about \u2013 our common European heritage, to preserve it for our common future. After Golubac and\u00a0<a href=\"https:\/\/europa.rs\/bac-uskoro-na-mapi-unesco-a\/\">Ba\u010d<\/a>, the EU supported the restoration of the Fetislam fortress in Kladovo, another impressive fortification on the Danube and its summer stage, with co-financing from the Government of the Federal Republic of Germany. By investing in the preservation of cultural heritage and the development of tourism capacities, we are also creating opportunities for employment and economic development,\u201d\u00a0Ambassador Giaufret\u00a0said.<\/p>\n<p>&nbsp;<\/p>\n<p style=\"font-weight: 400;\">The official opening was followed by the concert of\u00a0<strong>\u201cCine and Rock\u201d orchestra<\/strong>, which breathed new life into the summer stage of Fetislam fortress with its performance.<\/p>\n","protected":false},"excerpt":{"rendered":"<p>The renovated Fetislam fortress with a reconstructed summer stage was officially opened yesterday, on April 26th, on Kladovo Municipality Day, in the presence of the <\/p>\n","protected":false},"author":152227,"featured_media":1105363,"comment_status":"closed","ping_status":"closed","sticky":false,"template":"","format":"standard","meta":{"_acf_changed":false,"_monsterinsights_skip_tracking":false,"_monsterinsights_sitenote_active":false,"_monsterinsights_sitenote_note":"","_monsterinsights_sitenote_category":0,"footnotes":""},"country-for-news":[54],"class_list":["post-1105350","post","type-post","status-publish","format-standard","has-post-thumbnail","hentry","wb_theme-culture-and-youth","country-for-news-serbia"],"acf":[],"yoast_head":"<!-- This site is optimized with the Yoast SEO plugin v25.3.1 - https:\/\/yoast.com\/wordpress\/plugins\/seo\/ -->\n<title>Ceremonial opening of the renovated Fetislam fortress in Kladovo News | WeBalkans<\/title>\n<meta name=\"description\" content=\"Ceremonial opening of the renovated Fetislam fortress in Kladovo\" \/>\n<meta name=\"robots\" content=\"index, follow, max-snippet:-1, max-image-preview:large, max-video-preview:-1\" \/>\n<link rel=\"canonical\" href=\"https:\/\/webalkans.eu\/en\/news\/ceremonial-opening-of-the-renovated-fetislam-fortress-in-kladovo\/\" \/>\n<meta property=\"og:locale\" content=\"en_US\" \/>\n<meta property=\"og:type\" content=\"article\" \/>\n<meta property=\"og:title\" content=\"Ceremonial opening of the renovated Fetislam fortress in Kladovo News | WeBalkans\" \/>\n<meta property=\"og:description\" content=\"Ceremonial opening of the renovated Fetislam fortress in Kladovo\" \/>\n<meta property=\"og:url\" content=\"https:\/\/webalkans.eu\/en\/news\/ceremonial-opening-of-the-renovated-fetislam-fortress-in-kladovo\/\" \/>\n<meta property=\"og:site_name\" content=\"WeBalkans | EU Projects in the Western Balkans\" \/>\n<meta property=\"article:publisher\" content=\"https:\/\/www.facebook.com\/webalkans.eu\" \/>\n<meta property=\"article:published_time\" content=\"2023-05-05T14:19:57+00:00\" \/>\n<meta property=\"article:modified_time\" content=\"2023-05-05T14:21:13+00:00\" \/>\n<meta property=\"og:image\" content=\"https:\/\/webalkans.eu\/wp-content\/uploads\/2023\/05\/4-2.jpeg\" \/>\n\t<meta property=\"og:image:width\" content=\"1024\" \/>\n\t<meta property=\"og:image:height\" content=\"680\" \/>\n\t<meta property=\"og:image:type\" content=\"image\/jpeg\" \/>\n<meta name=\"author\" content=\"007designstudio@gmail.com\" \/>\n<meta name=\"twitter:card\" content=\"summary_large_image\" \/>\n<meta name=\"twitter:creator\" content=\"@WeBalkans\" \/>\n<meta name=\"twitter:site\" content=\"@WeBalkans\" \/>\n<meta name=\"twitter:label1\" content=\"Written by\" \/>\n\t<meta name=\"twitter:data1\" content=\"007designstudio@gmail.com\" \/>\n\t<meta name=\"twitter:label2\" content=\"Est. reading time\" \/>\n\t<meta name=\"twitter:data2\" content=\"1 minute\" \/>\n<script type=\"application\/ld+json\" class=\"yoast-schema-graph\">{\"@context\":\"https:\/\/schema.org\",\"@graph\":[{\"@type\":\"Article\",\"@id\":\"https:\/\/webalkans.eu\/en\/news\/ceremonial-opening-of-the-renovated-fetislam-fortress-in-kladovo\/#article\",\"isPartOf\":{\"@id\":\"https:\/\/webalkans.eu\/en\/news\/ceremonial-opening-of-the-renovated-fetislam-fortress-in-kladovo\/\"},\"author\":{\"name\":\"007designstudio@gmail.com\",\"@id\":\"https:\/\/webalkans.eu\/en\/#\/schema\/person\/95a8ea19ef21de3b7766e9b65ffdb4da\"},\"headline\":\"Ceremonial opening of the renovated Fetislam fortress in Kladovo\",\"datePublished\":\"2023-05-05T14:19:57+00:00\",\"dateModified\":\"2023-05-05T14:21:13+00:00\",\"mainEntityOfPage\":{\"@id\":\"https:\/\/webalkans.eu\/en\/news\/ceremonial-opening-of-the-renovated-fetislam-fortress-in-kladovo\/\"},\"wordCount\":234,\"publisher\":{\"@id\":\"https:\/\/webalkans.eu\/en\/#organization\"},\"image\":{\"@id\":\"https:\/\/webalkans.eu\/en\/news\/ceremonial-opening-of-the-renovated-fetislam-fortress-in-kladovo\/#primaryimage\"},\"thumbnailUrl\":\"https:\/\/webalkans.eu\/wp-content\/uploads\/2023\/05\/4-2.jpeg\",\"inLanguage\":\"en-US\"},{\"@type\":\"WebPage\",\"@id\":\"https:\/\/webalkans.eu\/en\/news\/ceremonial-opening-of-the-renovated-fetislam-fortress-in-kladovo\/\",\"url\":\"https:\/\/webalkans.eu\/en\/news\/ceremonial-opening-of-the-renovated-fetislam-fortress-in-kladovo\/\",\"name\":\"Ceremonial opening of the renovated Fetislam fortress in Kladovo News | WeBalkans\",\"isPartOf\":{\"@id\":\"https:\/\/webalkans.eu\/en\/#website\"},\"primaryImageOfPage\":{\"@id\":\"https:\/\/webalkans.eu\/en\/news\/ceremonial-opening-of-the-renovated-fetislam-fortress-in-kladovo\/#primaryimage\"},\"image\":{\"@id\":\"https:\/\/webalkans.eu\/en\/news\/ceremonial-opening-of-the-renovated-fetislam-fortress-in-kladovo\/#primaryimage\"},\"thumbnailUrl\":\"https:\/\/webalkans.eu\/wp-content\/uploads\/2023\/05\/4-2.jpeg\",\"datePublished\":\"2023-05-05T14:19:57+00:00\",\"dateModified\":\"2023-05-05T14:21:13+00:00\",\"description\":\"Ceremonial opening of the renovated Fetislam fortress in Kladovo\",\"breadcrumb\":{\"@id\":\"https:\/\/webalkans.eu\/en\/news\/ceremonial-opening-of-the-renovated-fetislam-fortress-in-kladovo\/#breadcrumb\"},\"inLanguage\":\"en-US\",\"potentialAction\":[{\"@type\":\"ReadAction\",\"target\":[\"https:\/\/webalkans.eu\/en\/news\/ceremonial-opening-of-the-renovated-fetislam-fortress-in-kladovo\/\"]}]},{\"@type\":\"ImageObject\",\"inLanguage\":\"en-US\",\"@id\":\"https:\/\/webalkans.eu\/en\/news\/ceremonial-opening-of-the-renovated-fetislam-fortress-in-kladovo\/#primaryimage\",\"url\":\"https:\/\/webalkans.eu\/wp-content\/uploads\/2023\/05\/4-2.jpeg\",\"contentUrl\":\"https:\/\/webalkans.eu\/wp-content\/uploads\/2023\/05\/4-2.jpeg\",\"width\":1024,\"height\":680},{\"@type\":\"BreadcrumbList\",\"@id\":\"https:\/\/webalkans.eu\/en\/news\/ceremonial-opening-of-the-renovated-fetislam-fortress-in-kladovo\/#breadcrumb\",\"itemListElement\":[{\"@type\":\"ListItem\",\"position\":1,\"name\":\"Home\",\"item\":\"https:\/\/webalkans.eu\/en\/\"},{\"@type\":\"ListItem\",\"position\":2,\"name\":\"Ceremonial opening of the renovated Fetislam fortress in Kladovo\"}]},{\"@type\":\"WebSite\",\"@id\":\"https:\/\/webalkans.eu\/en\/#website\",\"url\":\"https:\/\/webalkans.eu\/en\/\",\"name\":\"WeBalkans | EU Projects in the Western Balkans\",\"description\":\"\",\"publisher\":{\"@id\":\"https:\/\/webalkans.eu\/en\/#organization\"},\"potentialAction\":[{\"@type\":\"SearchAction\",\"target\":{\"@type\":\"EntryPoint\",\"urlTemplate\":\"https:\/\/webalkans.eu\/en\/?s={search_term_string}\"},\"query-input\":{\"@type\":\"PropertyValueSpecification\",\"valueRequired\":true,\"valueName\":\"search_term_string\"}}],\"inLanguage\":\"en-US\"},{\"@type\":\"Organization\",\"@id\":\"https:\/\/webalkans.eu\/en\/#organization\",\"name\":\"European Union\",\"url\":\"https:\/\/webalkans.eu\/en\/\",\"logo\":{\"@type\":\"ImageObject\",\"inLanguage\":\"en-US\",\"@id\":\"https:\/\/webalkans.eu\/en\/#\/schema\/logo\/image\/\",\"url\":\"https:\/\/webalkans.eu\/wp-content\/uploads\/2020\/11\/eu_flag.jpg\",\"contentUrl\":\"https:\/\/webalkans.eu\/wp-content\/uploads\/2020\/11\/eu_flag.jpg\",\"width\":600,\"height\":401,\"caption\":\"European Union\"},\"image\":{\"@id\":\"https:\/\/webalkans.eu\/en\/#\/schema\/logo\/image\/\"},\"sameAs\":[\"https:\/\/www.facebook.com\/webalkans.eu\",\"https:\/\/x.com\/WeBalkans\"]},{\"@type\":\"Person\",\"@id\":\"https:\/\/webalkans.eu\/en\/#\/schema\/person\/95a8ea19ef21de3b7766e9b65ffdb4da\",\"name\":\"007designstudio@gmail.com\"}]}<\/script>\n<!-- \/ Yoast SEO plugin. -->","yoast_head_json":{"title":"Ceremonial opening of the renovated Fetislam fortress in Kladovo News | WeBalkans","description":"Ceremonial opening of the renovated Fetislam fortress in Kladovo","robots":{"index":"index","follow":"follow","max-snippet":"max-snippet:-1","max-image-preview":"max-image-preview:large","max-video-preview":"max-video-preview:-1"},"canonical":"https:\/\/webalkans.eu\/en\/news\/ceremonial-opening-of-the-renovated-fetislam-fortress-in-kladovo\/","og_locale":"en_US","og_type":"article","og_title":"Ceremonial opening of the renovated Fetislam fortress in Kladovo News | WeBalkans","og_description":"Ceremonial opening of the renovated Fetislam fortress in Kladovo","og_url":"https:\/\/webalkans.eu\/en\/news\/ceremonial-opening-of-the-renovated-fetislam-fortress-in-kladovo\/","og_site_name":"WeBalkans | EU Projects in the Western Balkans","article_publisher":"https:\/\/www.facebook.com\/webalkans.eu","article_published_time":"2023-05-05T14:19:57+00:00","article_modified_time":"2023-05-05T14:21:13+00:00","og_image":[{"width":1024,"height":680,"url":"https:\/\/webalkans.eu\/wp-content\/uploads\/2023\/05\/4-2.jpeg","type":"image\/jpeg"}],"author":"007designstudio@gmail.com","twitter_card":"summary_large_image","twitter_creator":"@WeBalkans","twitter_site":"@WeBalkans","twitter_misc":{"Written by":"007designstudio@gmail.com","Est. reading time":"1 minute"},"schema":{"@context":"https:\/\/schema.org","@graph":[{"@type":"Article","@id":"https:\/\/webalkans.eu\/en\/news\/ceremonial-opening-of-the-renovated-fetislam-fortress-in-kladovo\/#article","isPartOf":{"@id":"https:\/\/webalkans.eu\/en\/news\/ceremonial-opening-of-the-renovated-fetislam-fortress-in-kladovo\/"},"author":{"name":"007designstudio@gmail.com","@id":"https:\/\/webalkans.eu\/en\/#\/schema\/person\/95a8ea19ef21de3b7766e9b65ffdb4da"},"headline":"Ceremonial opening of the renovated Fetislam fortress in Kladovo","datePublished":"2023-05-05T14:19:57+00:00","dateModified":"2023-05-05T14:21:13+00:00","mainEntityOfPage":{"@id":"https:\/\/webalkans.eu\/en\/news\/ceremonial-opening-of-the-renovated-fetislam-fortress-in-kladovo\/"},"wordCount":234,"publisher":{"@id":"https:\/\/webalkans.eu\/en\/#organization"},"image":{"@id":"https:\/\/webalkans.eu\/en\/news\/ceremonial-opening-of-the-renovated-fetislam-fortress-in-kladovo\/#primaryimage"},"thumbnailUrl":"https:\/\/webalkans.eu\/wp-content\/uploads\/2023\/05\/4-2.jpeg","inLanguage":"en-US"},{"@type":"WebPage","@id":"https:\/\/webalkans.eu\/en\/news\/ceremonial-opening-of-the-renovated-fetislam-fortress-in-kladovo\/","url":"https:\/\/webalkans.eu\/en\/news\/ceremonial-opening-of-the-renovated-fetislam-fortress-in-kladovo\/","name":"Ceremonial opening of the renovated Fetislam fortress in Kladovo News | WeBalkans","isPartOf":{"@id":"https:\/\/webalkans.eu\/en\/#website"},"primaryImageOfPage":{"@id":"https:\/\/webalkans.eu\/en\/news\/ceremonial-opening-of-the-renovated-fetislam-fortress-in-kladovo\/#primaryimage"},"image":{"@id":"https:\/\/webalkans.eu\/en\/news\/ceremonial-opening-of-the-renovated-fetislam-fortress-in-kladovo\/#primaryimage"},"thumbnailUrl":"https:\/\/webalkans.eu\/wp-content\/uploads\/2023\/05\/4-2.jpeg","datePublished":"2023-05-05T14:19:57+00:00","dateModified":"2023-05-05T14:21:13+00:00","description":"Ceremonial opening of the renovated Fetislam fortress in Kladovo","breadcrumb":{"@id":"https:\/\/webalkans.eu\/en\/news\/ceremonial-opening-of-the-renovated-fetislam-fortress-in-kladovo\/#breadcrumb"},"inLanguage":"en-US","potentialAction":[{"@type":"ReadAction","target":["https:\/\/webalkans.eu\/en\/news\/ceremonial-opening-of-the-renovated-fetislam-fortress-in-kladovo\/"]}]},{"@type":"ImageObject","inLanguage":"en-US","@id":"https:\/\/webalkans.eu\/en\/news\/ceremonial-opening-of-the-renovated-fetislam-fortress-in-kladovo\/#primaryimage","url":"https:\/\/webalkans.eu\/wp-content\/uploads\/2023\/05\/4-2.jpeg","contentUrl":"https:\/\/webalkans.eu\/wp-content\/uploads\/2023\/05\/4-2.jpeg","width":1024,"height":680},{"@type":"BreadcrumbList","@id":"https:\/\/webalkans.eu\/en\/news\/ceremonial-opening-of-the-renovated-fetislam-fortress-in-kladovo\/#breadcrumb","itemListElement":[{"@type":"ListItem","position":1,"name":"Home","item":"https:\/\/webalkans.eu\/en\/"},{"@type":"ListItem","position":2,"name":"Ceremonial opening of the renovated Fetislam fortress in Kladovo"}]},{"@type":"WebSite","@id":"https:\/\/webalkans.eu\/en\/#website","url":"https:\/\/webalkans.eu\/en\/","name":"WeBalkans | EU Projects in the Western Balkans","description":"","publisher":{"@id":"https:\/\/webalkans.eu\/en\/#organization"},"potentialAction":[{"@type":"SearchAction","target":{"@type":"EntryPoint","urlTemplate":"https:\/\/webalkans.eu\/en\/?s={search_term_string}"},"query-input":{"@type":"PropertyValueSpecification","valueRequired":true,"valueName":"search_term_string"}}],"inLanguage":"en-US"},{"@type":"Organization","@id":"https:\/\/webalkans.eu\/en\/#organization","name":"European Union","url":"https:\/\/webalkans.eu\/en\/","logo":{"@type":"ImageObject","inLanguage":"en-US","@id":"https:\/\/webalkans.eu\/en\/#\/schema\/logo\/image\/","url":"https:\/\/webalkans.eu\/wp-content\/uploads\/2020\/11\/eu_flag.jpg","contentUrl":"https:\/\/webalkans.eu\/wp-content\/uploads\/2020\/11\/eu_flag.jpg","width":600,"height":401,"caption":"European Union"},"image":{"@id":"https:\/\/webalkans.eu\/en\/#\/schema\/logo\/image\/"},"sameAs":["https:\/\/www.facebook.com\/webalkans.eu","https:\/\/x.com\/WeBalkans"]},{"@type":"Person","@id":"https:\/\/webalkans.eu\/en\/#\/schema\/person\/95a8ea19ef21de3b7766e9b65ffdb4da","name":"007designstudio@gmail.com"}]}},"_links":{"self":[{"href":"https:\/\/webalkans.eu\/en\/wp-json\/wp\/v2\/posts\/1105350"}],"collection":[{"href":"https:\/\/webalkans.eu\/en\/wp-json\/wp\/v2\/posts"}],"about":[{"href":"https:\/\/webalkans.eu\/en\/wp-json\/wp\/v2\/types\/post"}],"author":[{"embeddable":true,"href":"https:\/\/webalkans.eu\/en\/wp-json\/wp\/v2\/users\/152227"}],"replies":[{"embeddable":true,"href":"https:\/\/webalkans.eu\/en\/wp-json\/wp\/v2\/comments?post=1105350"}],"version-history":[{"count":0,"href":"https:\/\/webalkans.eu\/en\/wp-json\/wp\/v2\/posts\/1105350\/revisions"}],"wp:featuredmedia":[{"embeddable":true,"href":"https:\/\/webalkans.eu\/en\/wp-json\/wp\/v2\/media\/1105363"}],"wp:attachment":[{"href":"https:\/\/webalkans.eu\/en\/wp-json\/wp\/v2\/media?parent=1105350"}],"wp:term":[{"taxonomy":"country-for-news","embeddable":true,"href":"https:\/\/webalkans.eu\/en\/wp-json\/wp\/v2\/country-for-news?post=1105350"}],"curies":[{"name":"wp","href":"https:\/\/api.w.org\/{rel}","templated":true}]}}