
{"id":1081915,"date":"2023-04-05T16:58:49","date_gmt":"2023-04-05T14:58:49","guid":{"rendered":"https:\/\/webalkans.eu\/?p=1081915"},"modified":"2023-04-05T17:00:25","modified_gmt":"2023-04-05T15:00:25","slug":"we-care-better-together","status":"publish","type":"post","link":"https:\/\/webalkans.eu\/en\/news\/we-care-better-together\/","title":{"rendered":"WE CARE \u2013 BETTER TOGETHER!"},"content":{"rendered":"<p style=\"font-weight: 400;\">\u201cWe care about Europe, we care about Serbia and its citizens \u2013 We are better together\u201d, is the main message of the campaign in which the Ambassador of the European Union in Serbia and the ambassadors of the member states participate.<\/p>\n<p>&nbsp;<\/p>\n<p style=\"font-weight: 400;\">At the launch event of the campaign, Ambassador Giaufret and his colleagues hosted media representatives at the Residence of the European Union in Belgrade. The event was also attended by the Minister for European Integration Tanja Mi\u0161\u010devi\u0107, in the spirit of the partnership between Serbia and the EU, as well as proof of the continuation of Serbia\u2019s European integration path.<\/p>\n<p>&nbsp;<\/p>\n<p style=\"font-weight: 400;\">Ambassador Giaufret explained the motivation behind the launching of the campaign.<\/p>\n<p>&nbsp;<\/p>\n<p style=\"font-weight: 400;\">\u201cWhy do we have this campaign? You often see us in the media discussing political issues \u2013 such as the Dialogue between Belgrade and Pri\u0161tina or alignment with foreign policy. These are important topics, but sometimes we don\u2019t explain why we invest so much energy and resources. The response is in the slogan of the campaign \u2013 We care about Serbia and its citizens \u2013 We are better together\u201d, says Ambassador Giaufret.<\/p>\n<p>&nbsp;<\/p>\n<p style=\"font-weight: 400;\">The ambassadors stated that with this campaign they want to emphasise that they care about the citizens of Serbia, and about the same things as they do \u2013 successful agriculture, empowering companies, environment, ensuring better air quality, road infrastructure and connectivity, energy efficiency and support in overcoming the energy crisis, cultural heritage, rule of law, education and many other topics.<\/p>\n","protected":false},"excerpt":{"rendered":"<p>\u201cWe care about Europe, we care about Serbia and its citizens \u2013 We are better together\u201d, is the main message of the campaign in which <\/p>\n","protected":false},"author":152227,"featured_media":1081918,"comment_status":"closed","ping_status":"closed","sticky":false,"template":"","format":"standard","meta":{"_acf_changed":false,"_monsterinsights_skip_tracking":false,"_monsterinsights_sitenote_active":false,"_monsterinsights_sitenote_note":"","_monsterinsights_sitenote_category":0,"footnotes":""},"country-for-news":[54],"class_list":["post-1081915","post","type-post","status-publish","format-standard","has-post-thumbnail","hentry","wb_theme-equality-and-fair-society","wb_theme-innovation-and-skills","wb_theme-regional-cooperation","wb_theme-connectivity","wb_theme-culture-and-youth","wb_theme-democracy-and-fundamental-rights","wb_theme-economy","wb_theme-environment","country-for-news-serbia"],"acf":[],"yoast_head":"<!-- This site is optimized with the Yoast SEO plugin v25.3.1 - https:\/\/yoast.com\/wordpress\/plugins\/seo\/ -->\n<title>WE CARE \u2013 BETTER TOGETHER! News | WeBalkans<\/title>\n<meta name=\"description\" content=\"WE CARE \u2013 BETTER TOGETHER!\" \/>\n<meta name=\"robots\" content=\"index, follow, max-snippet:-1, max-image-preview:large, max-video-preview:-1\" \/>\n<link rel=\"canonical\" href=\"https:\/\/webalkans.eu\/en\/news\/we-care-better-together\/\" \/>\n<meta property=\"og:locale\" content=\"en_US\" \/>\n<meta property=\"og:type\" content=\"article\" \/>\n<meta property=\"og:title\" content=\"WE CARE \u2013 BETTER TOGETHER! News | WeBalkans\" \/>\n<meta property=\"og:description\" content=\"WE CARE \u2013 BETTER TOGETHER!\" \/>\n<meta property=\"og:url\" content=\"https:\/\/webalkans.eu\/en\/news\/we-care-better-together\/\" \/>\n<meta property=\"og:site_name\" content=\"WeBalkans | EU Projects in the Western Balkans\" \/>\n<meta property=\"article:publisher\" content=\"https:\/\/www.facebook.com\/webalkans.eu\" \/>\n<meta property=\"article:published_time\" content=\"2023-04-05T14:58:49+00:00\" \/>\n<meta property=\"article:modified_time\" content=\"2023-04-05T15:00:25+00:00\" \/>\n<meta property=\"og:image\" content=\"https:\/\/webalkans.eu\/wp-content\/uploads\/2023\/04\/1.jpeg\" \/>\n\t<meta property=\"og:image:width\" content=\"1600\" \/>\n\t<meta property=\"og:image:height\" content=\"1066\" \/>\n\t<meta property=\"og:image:type\" content=\"image\/jpeg\" \/>\n<meta name=\"author\" content=\"007designstudio@gmail.com\" \/>\n<meta name=\"twitter:card\" content=\"summary_large_image\" \/>\n<meta name=\"twitter:creator\" content=\"@WeBalkans\" \/>\n<meta name=\"twitter:site\" content=\"@WeBalkans\" \/>\n<meta name=\"twitter:label1\" content=\"Written by\" \/>\n\t<meta name=\"twitter:data1\" content=\"007designstudio@gmail.com\" \/>\n\t<meta name=\"twitter:label2\" content=\"Est. reading time\" \/>\n\t<meta name=\"twitter:data2\" content=\"2 minutes\" \/>\n<script type=\"application\/ld+json\" class=\"yoast-schema-graph\">{\"@context\":\"https:\/\/schema.org\",\"@graph\":[{\"@type\":\"Article\",\"@id\":\"https:\/\/webalkans.eu\/en\/news\/we-care-better-together\/#article\",\"isPartOf\":{\"@id\":\"https:\/\/webalkans.eu\/en\/news\/we-care-better-together\/\"},\"author\":{\"name\":\"007designstudio@gmail.com\",\"@id\":\"https:\/\/webalkans.eu\/en\/#\/schema\/person\/95a8ea19ef21de3b7766e9b65ffdb4da\"},\"headline\":\"WE CARE \u2013 BETTER TOGETHER!\",\"datePublished\":\"2023-04-05T14:58:49+00:00\",\"dateModified\":\"2023-04-05T15:00:25+00:00\",\"mainEntityOfPage\":{\"@id\":\"https:\/\/webalkans.eu\/en\/news\/we-care-better-together\/\"},\"wordCount\":251,\"publisher\":{\"@id\":\"https:\/\/webalkans.eu\/en\/#organization\"},\"image\":{\"@id\":\"https:\/\/webalkans.eu\/en\/news\/we-care-better-together\/#primaryimage\"},\"thumbnailUrl\":\"https:\/\/webalkans.eu\/wp-content\/uploads\/2023\/04\/1.jpeg\",\"inLanguage\":\"en-US\"},{\"@type\":\"WebPage\",\"@id\":\"https:\/\/webalkans.eu\/en\/news\/we-care-better-together\/\",\"url\":\"https:\/\/webalkans.eu\/en\/news\/we-care-better-together\/\",\"name\":\"WE CARE \u2013 BETTER TOGETHER! News | WeBalkans\",\"isPartOf\":{\"@id\":\"https:\/\/webalkans.eu\/en\/#website\"},\"primaryImageOfPage\":{\"@id\":\"https:\/\/webalkans.eu\/en\/news\/we-care-better-together\/#primaryimage\"},\"image\":{\"@id\":\"https:\/\/webalkans.eu\/en\/news\/we-care-better-together\/#primaryimage\"},\"thumbnailUrl\":\"https:\/\/webalkans.eu\/wp-content\/uploads\/2023\/04\/1.jpeg\",\"datePublished\":\"2023-04-05T14:58:49+00:00\",\"dateModified\":\"2023-04-05T15:00:25+00:00\",\"description\":\"WE CARE \u2013 BETTER TOGETHER!\",\"breadcrumb\":{\"@id\":\"https:\/\/webalkans.eu\/en\/news\/we-care-better-together\/#breadcrumb\"},\"inLanguage\":\"en-US\",\"potentialAction\":[{\"@type\":\"ReadAction\",\"target\":[\"https:\/\/webalkans.eu\/en\/news\/we-care-better-together\/\"]}]},{\"@type\":\"ImageObject\",\"inLanguage\":\"en-US\",\"@id\":\"https:\/\/webalkans.eu\/en\/news\/we-care-better-together\/#primaryimage\",\"url\":\"https:\/\/webalkans.eu\/wp-content\/uploads\/2023\/04\/1.jpeg\",\"contentUrl\":\"https:\/\/webalkans.eu\/wp-content\/uploads\/2023\/04\/1.jpeg\",\"width\":1600,\"height\":1066},{\"@type\":\"BreadcrumbList\",\"@id\":\"https:\/\/webalkans.eu\/en\/news\/we-care-better-together\/#breadcrumb\",\"itemListElement\":[{\"@type\":\"ListItem\",\"position\":1,\"name\":\"Home\",\"item\":\"https:\/\/webalkans.eu\/en\/\"},{\"@type\":\"ListItem\",\"position\":2,\"name\":\"WE CARE \u2013 BETTER TOGETHER!\"}]},{\"@type\":\"WebSite\",\"@id\":\"https:\/\/webalkans.eu\/en\/#website\",\"url\":\"https:\/\/webalkans.eu\/en\/\",\"name\":\"WeBalkans | EU Projects in the Western Balkans\",\"description\":\"\",\"publisher\":{\"@id\":\"https:\/\/webalkans.eu\/en\/#organization\"},\"potentialAction\":[{\"@type\":\"SearchAction\",\"target\":{\"@type\":\"EntryPoint\",\"urlTemplate\":\"https:\/\/webalkans.eu\/en\/?s={search_term_string}\"},\"query-input\":{\"@type\":\"PropertyValueSpecification\",\"valueRequired\":true,\"valueName\":\"search_term_string\"}}],\"inLanguage\":\"en-US\"},{\"@type\":\"Organization\",\"@id\":\"https:\/\/webalkans.eu\/en\/#organization\",\"name\":\"European Union\",\"url\":\"https:\/\/webalkans.eu\/en\/\",\"logo\":{\"@type\":\"ImageObject\",\"inLanguage\":\"en-US\",\"@id\":\"https:\/\/webalkans.eu\/en\/#\/schema\/logo\/image\/\",\"url\":\"https:\/\/webalkans.eu\/wp-content\/uploads\/2020\/11\/eu_flag.jpg\",\"contentUrl\":\"https:\/\/webalkans.eu\/wp-content\/uploads\/2020\/11\/eu_flag.jpg\",\"width\":600,\"height\":401,\"caption\":\"European Union\"},\"image\":{\"@id\":\"https:\/\/webalkans.eu\/en\/#\/schema\/logo\/image\/\"},\"sameAs\":[\"https:\/\/www.facebook.com\/webalkans.eu\",\"https:\/\/x.com\/WeBalkans\"]},{\"@type\":\"Person\",\"@id\":\"https:\/\/webalkans.eu\/en\/#\/schema\/person\/95a8ea19ef21de3b7766e9b65ffdb4da\",\"name\":\"007designstudio@gmail.com\"}]}<\/script>\n<!-- \/ Yoast SEO plugin. -->","yoast_head_json":{"title":"WE CARE \u2013 BETTER TOGETHER! News | WeBalkans","description":"WE CARE \u2013 BETTER TOGETHER!","robots":{"index":"index","follow":"follow","max-snippet":"max-snippet:-1","max-image-preview":"max-image-preview:large","max-video-preview":"max-video-preview:-1"},"canonical":"https:\/\/webalkans.eu\/en\/news\/we-care-better-together\/","og_locale":"en_US","og_type":"article","og_title":"WE CARE \u2013 BETTER TOGETHER! News | WeBalkans","og_description":"WE CARE \u2013 BETTER TOGETHER!","og_url":"https:\/\/webalkans.eu\/en\/news\/we-care-better-together\/","og_site_name":"WeBalkans | EU Projects in the Western Balkans","article_publisher":"https:\/\/www.facebook.com\/webalkans.eu","article_published_time":"2023-04-05T14:58:49+00:00","article_modified_time":"2023-04-05T15:00:25+00:00","og_image":[{"width":1600,"height":1066,"url":"https:\/\/webalkans.eu\/wp-content\/uploads\/2023\/04\/1.jpeg","type":"image\/jpeg"}],"author":"007designstudio@gmail.com","twitter_card":"summary_large_image","twitter_creator":"@WeBalkans","twitter_site":"@WeBalkans","twitter_misc":{"Written by":"007designstudio@gmail.com","Est. reading time":"2 minutes"},"schema":{"@context":"https:\/\/schema.org","@graph":[{"@type":"Article","@id":"https:\/\/webalkans.eu\/en\/news\/we-care-better-together\/#article","isPartOf":{"@id":"https:\/\/webalkans.eu\/en\/news\/we-care-better-together\/"},"author":{"name":"007designstudio@gmail.com","@id":"https:\/\/webalkans.eu\/en\/#\/schema\/person\/95a8ea19ef21de3b7766e9b65ffdb4da"},"headline":"WE CARE \u2013 BETTER TOGETHER!","datePublished":"2023-04-05T14:58:49+00:00","dateModified":"2023-04-05T15:00:25+00:00","mainEntityOfPage":{"@id":"https:\/\/webalkans.eu\/en\/news\/we-care-better-together\/"},"wordCount":251,"publisher":{"@id":"https:\/\/webalkans.eu\/en\/#organization"},"image":{"@id":"https:\/\/webalkans.eu\/en\/news\/we-care-better-together\/#primaryimage"},"thumbnailUrl":"https:\/\/webalkans.eu\/wp-content\/uploads\/2023\/04\/1.jpeg","inLanguage":"en-US"},{"@type":"WebPage","@id":"https:\/\/webalkans.eu\/en\/news\/we-care-better-together\/","url":"https:\/\/webalkans.eu\/en\/news\/we-care-better-together\/","name":"WE CARE \u2013 BETTER TOGETHER! News | WeBalkans","isPartOf":{"@id":"https:\/\/webalkans.eu\/en\/#website"},"primaryImageOfPage":{"@id":"https:\/\/webalkans.eu\/en\/news\/we-care-better-together\/#primaryimage"},"image":{"@id":"https:\/\/webalkans.eu\/en\/news\/we-care-better-together\/#primaryimage"},"thumbnailUrl":"https:\/\/webalkans.eu\/wp-content\/uploads\/2023\/04\/1.jpeg","datePublished":"2023-04-05T14:58:49+00:00","dateModified":"2023-04-05T15:00:25+00:00","description":"WE CARE \u2013 BETTER TOGETHER!","breadcrumb":{"@id":"https:\/\/webalkans.eu\/en\/news\/we-care-better-together\/#breadcrumb"},"inLanguage":"en-US","potentialAction":[{"@type":"ReadAction","target":["https:\/\/webalkans.eu\/en\/news\/we-care-better-together\/"]}]},{"@type":"ImageObject","inLanguage":"en-US","@id":"https:\/\/webalkans.eu\/en\/news\/we-care-better-together\/#primaryimage","url":"https:\/\/webalkans.eu\/wp-content\/uploads\/2023\/04\/1.jpeg","contentUrl":"https:\/\/webalkans.eu\/wp-content\/uploads\/2023\/04\/1.jpeg","width":1600,"height":1066},{"@type":"BreadcrumbList","@id":"https:\/\/webalkans.eu\/en\/news\/we-care-better-together\/#breadcrumb","itemListElement":[{"@type":"ListItem","position":1,"name":"Home","item":"https:\/\/webalkans.eu\/en\/"},{"@type":"ListItem","position":2,"name":"WE CARE \u2013 BETTER TOGETHER!"}]},{"@type":"WebSite","@id":"https:\/\/webalkans.eu\/en\/#website","url":"https:\/\/webalkans.eu\/en\/","name":"WeBalkans | EU Projects in the Western Balkans","description":"","publisher":{"@id":"https:\/\/webalkans.eu\/en\/#organization"},"potentialAction":[{"@type":"SearchAction","target":{"@type":"EntryPoint","urlTemplate":"https:\/\/webalkans.eu\/en\/?s={search_term_string}"},"query-input":{"@type":"PropertyValueSpecification","valueRequired":true,"valueName":"search_term_string"}}],"inLanguage":"en-US"},{"@type":"Organization","@id":"https:\/\/webalkans.eu\/en\/#organization","name":"European Union","url":"https:\/\/webalkans.eu\/en\/","logo":{"@type":"ImageObject","inLanguage":"en-US","@id":"https:\/\/webalkans.eu\/en\/#\/schema\/logo\/image\/","url":"https:\/\/webalkans.eu\/wp-content\/uploads\/2020\/11\/eu_flag.jpg","contentUrl":"https:\/\/webalkans.eu\/wp-content\/uploads\/2020\/11\/eu_flag.jpg","width":600,"height":401,"caption":"European Union"},"image":{"@id":"https:\/\/webalkans.eu\/en\/#\/schema\/logo\/image\/"},"sameAs":["https:\/\/www.facebook.com\/webalkans.eu","https:\/\/x.com\/WeBalkans"]},{"@type":"Person","@id":"https:\/\/webalkans.eu\/en\/#\/schema\/person\/95a8ea19ef21de3b7766e9b65ffdb4da","name":"007designstudio@gmail.com"}]}},"_links":{"self":[{"href":"https:\/\/webalkans.eu\/en\/wp-json\/wp\/v2\/posts\/1081915"}],"collection":[{"href":"https:\/\/webalkans.eu\/en\/wp-json\/wp\/v2\/posts"}],"about":[{"href":"https:\/\/webalkans.eu\/en\/wp-json\/wp\/v2\/types\/post"}],"author":[{"embeddable":true,"href":"https:\/\/webalkans.eu\/en\/wp-json\/wp\/v2\/users\/152227"}],"replies":[{"embeddable":true,"href":"https:\/\/webalkans.eu\/en\/wp-json\/wp\/v2\/comments?post=1081915"}],"version-history":[{"count":0,"href":"https:\/\/webalkans.eu\/en\/wp-json\/wp\/v2\/posts\/1081915\/revisions"}],"wp:featuredmedia":[{"embeddable":true,"href":"https:\/\/webalkans.eu\/en\/wp-json\/wp\/v2\/media\/1081918"}],"wp:attachment":[{"href":"https:\/\/webalkans.eu\/en\/wp-json\/wp\/v2\/media?parent=1081915"}],"wp:term":[{"taxonomy":"country-for-news","embeddable":true,"href":"https:\/\/webalkans.eu\/en\/wp-json\/wp\/v2\/country-for-news?post=1081915"}],"curies":[{"name":"wp","href":"https:\/\/api.w.org\/{rel}","templated":true}]}}