
{"id":957752,"date":"2022-12-15T15:31:09","date_gmt":"2022-12-15T14:31:09","guid":{"rendered":"https:\/\/webalkans.eu\/news\/rcc-hosts-the-second-butterfly-innovation-and-business-forum-in-sarajevo\/"},"modified":"2022-12-23T17:43:23","modified_gmt":"2022-12-23T16:43:23","slug":"rcc-hosts-the-second-butterfly-innovation-and-business-forum-in-sarajevo","status":"publish","type":"post","link":"https:\/\/webalkans.eu\/bs\/news\/rcc-hosts-the-second-butterfly-innovation-and-business-forum-in-sarajevo\/","title":{"rendered":"RCC doma\u0107in drugog Butterfly Inovation and Business Foruma u Sarajevu"},"content":{"rendered":"<p style=\"font-weight: 400;\">Drugi Butterfly Innovation and Business Forum odr\u017ean je 6. i 7. decembra u Sarajevo. Doma\u0107in je bio Regional Cooperation Council (RCC) u saradnji sa EU4DigitalSME &#8211; Inovacije i digitalizacija malih \u00a0i srednjih preduze\u0107a u BiH &#8211; projekat koji sprovodi GIZ i Enterprise Europe Network.<\/p>\n<p>&nbsp;<\/p>\n<p style=\"font-weight: 400;\">Ovogodi\u0161nji forum se fokusirao na promociju odr\u017eivih modela akademske i poslovne saradnje i snage centara za digitalne inovacije, strat-up preduze\u0107a, partnerstva sa visoko\u0161kolskim ustanovama, kao i izvanrednih inovativnih inicijativa koje su zahvatile jugoisto\u010dnu Evropu. Zanimljivi govornici su podijelili svoja transformativna iskustva iz prve ruke u skladu sa motom \u201cImagine. Innovate. Create\u2026\u201d (\u201cZamisli.Inoviraj. Napravi\u2026\u201d)<\/p>\n<p>&nbsp;<\/p>\n<p style=\"font-weight: 400;\">Forum je okupio impresivnu grupu stru\u010dnjaka koji se bave inovacijama koji su podijelili nau\u010dene lekcije o razvoju ekosistema za inovacije i saradnji akademske i poslovne zajednice. Ova aktivnost je dio Common Regional Market Action Plan (Akcioni plan za zajedni\u010dko regionalno tr\u017ei\u0161te), a sufinansira \u00a0ga Evropska unija.<\/p>\n","protected":false},"excerpt":{"rendered":"<p>Drugi Butterfly Innovation and Business Forum odr\u017ean je 6. i 7. decembra u Sarajevo. Doma\u0107in je bio Regional Cooperation Council (RCC) u saradnji sa EU4DigitalSME <\/p>\n","protected":false},"author":152227,"featured_media":929780,"comment_status":"closed","ping_status":"closed","sticky":false,"template":"","format":"standard","meta":{"_acf_changed":false,"_monsterinsights_skip_tracking":false,"_monsterinsights_sitenote_active":false,"_monsterinsights_sitenote_note":"","_monsterinsights_sitenote_category":0,"footnotes":""},"country-for-news":[438,442,416,420,425,432],"class_list":["post-957752","post","type-post","status-publish","format-standard","has-post-thumbnail","hentry","wb_theme-connectivity","wb_theme-economy","country-for-news-north-macedonia","country-for-news-serbia","country-for-news-albania","country-for-news-bosnia-and-herzegovina","country-for-news-kosovo","country-for-news-montenegro"],"acf":[],"yoast_head":"<!-- This site is optimized with the Yoast SEO plugin v25.3.1 - https:\/\/yoast.com\/wordpress\/plugins\/seo\/ -->\n<title>RCC doma\u0107in drugog Butterfly Inovation and Business Foruma u Sarajevu News | WeBalkans<\/title>\n<meta name=\"description\" content=\"RCC doma\u0107in drugog Butterfly Inovation and Business Foruma u Sarajevu\" \/>\n<meta name=\"robots\" content=\"index, follow, max-snippet:-1, max-image-preview:large, max-video-preview:-1\" \/>\n<link rel=\"canonical\" href=\"https:\/\/webalkans.eu\/bs\/news\/rcc-hosts-the-second-butterfly-innovation-and-business-forum-in-sarajevo\/\" \/>\n<meta property=\"og:locale\" content=\"bs_BA\" \/>\n<meta property=\"og:type\" content=\"article\" \/>\n<meta property=\"og:title\" content=\"RCC doma\u0107in drugog Butterfly Inovation and Business Foruma u Sarajevu News | WeBalkans\" \/>\n<meta property=\"og:description\" content=\"RCC doma\u0107in drugog Butterfly Inovation and Business Foruma u Sarajevu\" \/>\n<meta property=\"og:url\" content=\"https:\/\/webalkans.eu\/bs\/news\/rcc-hosts-the-second-butterfly-innovation-and-business-forum-in-sarajevo\/\" \/>\n<meta property=\"og:site_name\" content=\"WeBalkans | EU Projects in the Western Balkans\" \/>\n<meta property=\"article:publisher\" content=\"https:\/\/www.facebook.com\/webalkans.eu\" \/>\n<meta property=\"article:published_time\" content=\"2022-12-15T14:31:09+00:00\" \/>\n<meta property=\"article:modified_time\" content=\"2022-12-23T16:43:23+00:00\" \/>\n<meta property=\"og:image\" content=\"https:\/\/webalkans.eu\/wp-content\/uploads\/2022\/12\/6-scaled.jpeg\" \/>\n\t<meta property=\"og:image:width\" content=\"2560\" \/>\n\t<meta property=\"og:image:height\" content=\"1440\" \/>\n\t<meta property=\"og:image:type\" content=\"image\/jpeg\" \/>\n<meta name=\"author\" content=\"007designstudio@gmail.com\" \/>\n<meta name=\"twitter:card\" content=\"summary_large_image\" \/>\n<meta name=\"twitter:creator\" content=\"@WeBalkans\" \/>\n<meta name=\"twitter:site\" content=\"@WeBalkans\" \/>\n<meta name=\"twitter:label1\" content=\"Written by\" \/>\n\t<meta name=\"twitter:data1\" content=\"007designstudio@gmail.com\" \/>\n\t<meta name=\"twitter:label2\" content=\"Est. reading time\" \/>\n\t<meta name=\"twitter:data2\" content=\"1 minuta\" \/>\n<script type=\"application\/ld+json\" class=\"yoast-schema-graph\">{\"@context\":\"https:\/\/schema.org\",\"@graph\":[{\"@type\":\"Article\",\"@id\":\"https:\/\/webalkans.eu\/bs\/news\/rcc-hosts-the-second-butterfly-innovation-and-business-forum-in-sarajevo\/#article\",\"isPartOf\":{\"@id\":\"https:\/\/webalkans.eu\/bs\/news\/rcc-hosts-the-second-butterfly-innovation-and-business-forum-in-sarajevo\/\"},\"author\":{\"name\":\"007designstudio@gmail.com\",\"@id\":\"https:\/\/webalkans.eu\/bs\/#\/schema\/person\/95a8ea19ef21de3b7766e9b65ffdb4da\"},\"headline\":\"RCC doma\u0107in drugog Butterfly Inovation and Business Foruma u Sarajevu\",\"datePublished\":\"2022-12-15T14:31:09+00:00\",\"dateModified\":\"2022-12-23T16:43:23+00:00\",\"mainEntityOfPage\":{\"@id\":\"https:\/\/webalkans.eu\/bs\/news\/rcc-hosts-the-second-butterfly-innovation-and-business-forum-in-sarajevo\/\"},\"wordCount\":169,\"publisher\":{\"@id\":\"https:\/\/webalkans.eu\/bs\/#organization\"},\"image\":{\"@id\":\"https:\/\/webalkans.eu\/bs\/news\/rcc-hosts-the-second-butterfly-innovation-and-business-forum-in-sarajevo\/#primaryimage\"},\"thumbnailUrl\":\"https:\/\/webalkans.eu\/wp-content\/uploads\/2022\/12\/6-scaled.jpeg\",\"inLanguage\":\"bs-BA\"},{\"@type\":\"WebPage\",\"@id\":\"https:\/\/webalkans.eu\/bs\/news\/rcc-hosts-the-second-butterfly-innovation-and-business-forum-in-sarajevo\/\",\"url\":\"https:\/\/webalkans.eu\/bs\/news\/rcc-hosts-the-second-butterfly-innovation-and-business-forum-in-sarajevo\/\",\"name\":\"RCC doma\u0107in drugog Butterfly Inovation and Business Foruma u Sarajevu News | WeBalkans\",\"isPartOf\":{\"@id\":\"https:\/\/webalkans.eu\/bs\/#website\"},\"primaryImageOfPage\":{\"@id\":\"https:\/\/webalkans.eu\/bs\/news\/rcc-hosts-the-second-butterfly-innovation-and-business-forum-in-sarajevo\/#primaryimage\"},\"image\":{\"@id\":\"https:\/\/webalkans.eu\/bs\/news\/rcc-hosts-the-second-butterfly-innovation-and-business-forum-in-sarajevo\/#primaryimage\"},\"thumbnailUrl\":\"https:\/\/webalkans.eu\/wp-content\/uploads\/2022\/12\/6-scaled.jpeg\",\"datePublished\":\"2022-12-15T14:31:09+00:00\",\"dateModified\":\"2022-12-23T16:43:23+00:00\",\"description\":\"RCC doma\u0107in drugog Butterfly Inovation and Business Foruma u Sarajevu\",\"breadcrumb\":{\"@id\":\"https:\/\/webalkans.eu\/bs\/news\/rcc-hosts-the-second-butterfly-innovation-and-business-forum-in-sarajevo\/#breadcrumb\"},\"inLanguage\":\"bs-BA\",\"potentialAction\":[{\"@type\":\"ReadAction\",\"target\":[\"https:\/\/webalkans.eu\/bs\/news\/rcc-hosts-the-second-butterfly-innovation-and-business-forum-in-sarajevo\/\"]}]},{\"@type\":\"ImageObject\",\"inLanguage\":\"bs-BA\",\"@id\":\"https:\/\/webalkans.eu\/bs\/news\/rcc-hosts-the-second-butterfly-innovation-and-business-forum-in-sarajevo\/#primaryimage\",\"url\":\"https:\/\/webalkans.eu\/wp-content\/uploads\/2022\/12\/6-scaled.jpeg\",\"contentUrl\":\"https:\/\/webalkans.eu\/wp-content\/uploads\/2022\/12\/6-scaled.jpeg\",\"width\":2560,\"height\":1440},{\"@type\":\"BreadcrumbList\",\"@id\":\"https:\/\/webalkans.eu\/bs\/news\/rcc-hosts-the-second-butterfly-innovation-and-business-forum-in-sarajevo\/#breadcrumb\",\"itemListElement\":[{\"@type\":\"ListItem\",\"position\":1,\"name\":\"Home\",\"item\":\"https:\/\/webalkans.eu\/bs\/homepage\/\"},{\"@type\":\"ListItem\",\"position\":2,\"name\":\"RCC doma\u0107in drugog Butterfly Inovation and Business Foruma u Sarajevu\"}]},{\"@type\":\"WebSite\",\"@id\":\"https:\/\/webalkans.eu\/bs\/#website\",\"url\":\"https:\/\/webalkans.eu\/bs\/\",\"name\":\"WeBalkans | EU Projects in the Western Balkans\",\"description\":\"\",\"publisher\":{\"@id\":\"https:\/\/webalkans.eu\/bs\/#organization\"},\"potentialAction\":[{\"@type\":\"SearchAction\",\"target\":{\"@type\":\"EntryPoint\",\"urlTemplate\":\"https:\/\/webalkans.eu\/bs\/?s={search_term_string}\"},\"query-input\":{\"@type\":\"PropertyValueSpecification\",\"valueRequired\":true,\"valueName\":\"search_term_string\"}}],\"inLanguage\":\"bs-BA\"},{\"@type\":\"Organization\",\"@id\":\"https:\/\/webalkans.eu\/bs\/#organization\",\"name\":\"European Union\",\"url\":\"https:\/\/webalkans.eu\/bs\/\",\"logo\":{\"@type\":\"ImageObject\",\"inLanguage\":\"bs-BA\",\"@id\":\"https:\/\/webalkans.eu\/bs\/#\/schema\/logo\/image\/\",\"url\":\"https:\/\/webalkans.eu\/wp-content\/uploads\/2020\/11\/eu_flag.jpg\",\"contentUrl\":\"https:\/\/webalkans.eu\/wp-content\/uploads\/2020\/11\/eu_flag.jpg\",\"width\":600,\"height\":401,\"caption\":\"European Union\"},\"image\":{\"@id\":\"https:\/\/webalkans.eu\/bs\/#\/schema\/logo\/image\/\"},\"sameAs\":[\"https:\/\/www.facebook.com\/webalkans.eu\",\"https:\/\/x.com\/WeBalkans\"]},{\"@type\":\"Person\",\"@id\":\"https:\/\/webalkans.eu\/bs\/#\/schema\/person\/95a8ea19ef21de3b7766e9b65ffdb4da\",\"name\":\"007designstudio@gmail.com\"}]}<\/script>\n<!-- \/ Yoast SEO plugin. -->","yoast_head_json":{"title":"RCC doma\u0107in drugog Butterfly Inovation and Business Foruma u Sarajevu News | WeBalkans","description":"RCC doma\u0107in drugog Butterfly Inovation and Business Foruma u Sarajevu","robots":{"index":"index","follow":"follow","max-snippet":"max-snippet:-1","max-image-preview":"max-image-preview:large","max-video-preview":"max-video-preview:-1"},"canonical":"https:\/\/webalkans.eu\/bs\/news\/rcc-hosts-the-second-butterfly-innovation-and-business-forum-in-sarajevo\/","og_locale":"bs_BA","og_type":"article","og_title":"RCC doma\u0107in drugog Butterfly Inovation and Business Foruma u Sarajevu News | WeBalkans","og_description":"RCC doma\u0107in drugog Butterfly Inovation and Business Foruma u Sarajevu","og_url":"https:\/\/webalkans.eu\/bs\/news\/rcc-hosts-the-second-butterfly-innovation-and-business-forum-in-sarajevo\/","og_site_name":"WeBalkans | EU Projects in the Western Balkans","article_publisher":"https:\/\/www.facebook.com\/webalkans.eu","article_published_time":"2022-12-15T14:31:09+00:00","article_modified_time":"2022-12-23T16:43:23+00:00","og_image":[{"width":2560,"height":1440,"url":"https:\/\/webalkans.eu\/wp-content\/uploads\/2022\/12\/6-scaled.jpeg","type":"image\/jpeg"}],"author":"007designstudio@gmail.com","twitter_card":"summary_large_image","twitter_creator":"@WeBalkans","twitter_site":"@WeBalkans","twitter_misc":{"Written by":"007designstudio@gmail.com","Est. reading time":"1 minuta"},"schema":{"@context":"https:\/\/schema.org","@graph":[{"@type":"Article","@id":"https:\/\/webalkans.eu\/bs\/news\/rcc-hosts-the-second-butterfly-innovation-and-business-forum-in-sarajevo\/#article","isPartOf":{"@id":"https:\/\/webalkans.eu\/bs\/news\/rcc-hosts-the-second-butterfly-innovation-and-business-forum-in-sarajevo\/"},"author":{"name":"007designstudio@gmail.com","@id":"https:\/\/webalkans.eu\/bs\/#\/schema\/person\/95a8ea19ef21de3b7766e9b65ffdb4da"},"headline":"RCC doma\u0107in drugog Butterfly Inovation and Business Foruma u Sarajevu","datePublished":"2022-12-15T14:31:09+00:00","dateModified":"2022-12-23T16:43:23+00:00","mainEntityOfPage":{"@id":"https:\/\/webalkans.eu\/bs\/news\/rcc-hosts-the-second-butterfly-innovation-and-business-forum-in-sarajevo\/"},"wordCount":169,"publisher":{"@id":"https:\/\/webalkans.eu\/bs\/#organization"},"image":{"@id":"https:\/\/webalkans.eu\/bs\/news\/rcc-hosts-the-second-butterfly-innovation-and-business-forum-in-sarajevo\/#primaryimage"},"thumbnailUrl":"https:\/\/webalkans.eu\/wp-content\/uploads\/2022\/12\/6-scaled.jpeg","inLanguage":"bs-BA"},{"@type":"WebPage","@id":"https:\/\/webalkans.eu\/bs\/news\/rcc-hosts-the-second-butterfly-innovation-and-business-forum-in-sarajevo\/","url":"https:\/\/webalkans.eu\/bs\/news\/rcc-hosts-the-second-butterfly-innovation-and-business-forum-in-sarajevo\/","name":"RCC doma\u0107in drugog Butterfly Inovation and Business Foruma u Sarajevu News | WeBalkans","isPartOf":{"@id":"https:\/\/webalkans.eu\/bs\/#website"},"primaryImageOfPage":{"@id":"https:\/\/webalkans.eu\/bs\/news\/rcc-hosts-the-second-butterfly-innovation-and-business-forum-in-sarajevo\/#primaryimage"},"image":{"@id":"https:\/\/webalkans.eu\/bs\/news\/rcc-hosts-the-second-butterfly-innovation-and-business-forum-in-sarajevo\/#primaryimage"},"thumbnailUrl":"https:\/\/webalkans.eu\/wp-content\/uploads\/2022\/12\/6-scaled.jpeg","datePublished":"2022-12-15T14:31:09+00:00","dateModified":"2022-12-23T16:43:23+00:00","description":"RCC doma\u0107in drugog Butterfly Inovation and Business Foruma u Sarajevu","breadcrumb":{"@id":"https:\/\/webalkans.eu\/bs\/news\/rcc-hosts-the-second-butterfly-innovation-and-business-forum-in-sarajevo\/#breadcrumb"},"inLanguage":"bs-BA","potentialAction":[{"@type":"ReadAction","target":["https:\/\/webalkans.eu\/bs\/news\/rcc-hosts-the-second-butterfly-innovation-and-business-forum-in-sarajevo\/"]}]},{"@type":"ImageObject","inLanguage":"bs-BA","@id":"https:\/\/webalkans.eu\/bs\/news\/rcc-hosts-the-second-butterfly-innovation-and-business-forum-in-sarajevo\/#primaryimage","url":"https:\/\/webalkans.eu\/wp-content\/uploads\/2022\/12\/6-scaled.jpeg","contentUrl":"https:\/\/webalkans.eu\/wp-content\/uploads\/2022\/12\/6-scaled.jpeg","width":2560,"height":1440},{"@type":"BreadcrumbList","@id":"https:\/\/webalkans.eu\/bs\/news\/rcc-hosts-the-second-butterfly-innovation-and-business-forum-in-sarajevo\/#breadcrumb","itemListElement":[{"@type":"ListItem","position":1,"name":"Home","item":"https:\/\/webalkans.eu\/bs\/homepage\/"},{"@type":"ListItem","position":2,"name":"RCC doma\u0107in drugog Butterfly Inovation and Business Foruma u Sarajevu"}]},{"@type":"WebSite","@id":"https:\/\/webalkans.eu\/bs\/#website","url":"https:\/\/webalkans.eu\/bs\/","name":"WeBalkans | EU Projects in the Western Balkans","description":"","publisher":{"@id":"https:\/\/webalkans.eu\/bs\/#organization"},"potentialAction":[{"@type":"SearchAction","target":{"@type":"EntryPoint","urlTemplate":"https:\/\/webalkans.eu\/bs\/?s={search_term_string}"},"query-input":{"@type":"PropertyValueSpecification","valueRequired":true,"valueName":"search_term_string"}}],"inLanguage":"bs-BA"},{"@type":"Organization","@id":"https:\/\/webalkans.eu\/bs\/#organization","name":"European Union","url":"https:\/\/webalkans.eu\/bs\/","logo":{"@type":"ImageObject","inLanguage":"bs-BA","@id":"https:\/\/webalkans.eu\/bs\/#\/schema\/logo\/image\/","url":"https:\/\/webalkans.eu\/wp-content\/uploads\/2020\/11\/eu_flag.jpg","contentUrl":"https:\/\/webalkans.eu\/wp-content\/uploads\/2020\/11\/eu_flag.jpg","width":600,"height":401,"caption":"European Union"},"image":{"@id":"https:\/\/webalkans.eu\/bs\/#\/schema\/logo\/image\/"},"sameAs":["https:\/\/www.facebook.com\/webalkans.eu","https:\/\/x.com\/WeBalkans"]},{"@type":"Person","@id":"https:\/\/webalkans.eu\/bs\/#\/schema\/person\/95a8ea19ef21de3b7766e9b65ffdb4da","name":"007designstudio@gmail.com"}]}},"_links":{"self":[{"href":"https:\/\/webalkans.eu\/bs\/wp-json\/wp\/v2\/posts\/957752"}],"collection":[{"href":"https:\/\/webalkans.eu\/bs\/wp-json\/wp\/v2\/posts"}],"about":[{"href":"https:\/\/webalkans.eu\/bs\/wp-json\/wp\/v2\/types\/post"}],"author":[{"embeddable":true,"href":"https:\/\/webalkans.eu\/bs\/wp-json\/wp\/v2\/users\/152227"}],"replies":[{"embeddable":true,"href":"https:\/\/webalkans.eu\/bs\/wp-json\/wp\/v2\/comments?post=957752"}],"version-history":[{"count":0,"href":"https:\/\/webalkans.eu\/bs\/wp-json\/wp\/v2\/posts\/957752\/revisions"}],"wp:featuredmedia":[{"embeddable":true,"href":"https:\/\/webalkans.eu\/bs\/wp-json\/wp\/v2\/media\/929780"}],"wp:attachment":[{"href":"https:\/\/webalkans.eu\/bs\/wp-json\/wp\/v2\/media?parent=957752"}],"wp:term":[{"taxonomy":"country-for-news","embeddable":true,"href":"https:\/\/webalkans.eu\/bs\/wp-json\/wp\/v2\/country-for-news?post=957752"}],"curies":[{"name":"wp","href":"https:\/\/api.w.org\/{rel}","templated":true}]}}