
{"id":956692,"date":"2022-12-07T11:19:24","date_gmt":"2022-12-07T10:19:24","guid":{"rendered":"https:\/\/webalkans.eu\/news\/made-of-us-an-incredible-adventure-is-about-to-begin-in-spring-2023\/"},"modified":"2022-12-23T10:12:50","modified_gmt":"2022-12-23T09:12:50","slug":"made-of-us-an-incredible-adventure-is-about-to-begin-in-spring-2023","status":"publish","type":"post","link":"https:\/\/webalkans.eu\/bs\/news\/made-of-us-an-incredible-adventure-is-about-to-begin-in-spring-2023\/","title":{"rendered":"MADE OF US: Nevjerovatna avantura uskoro po\u010dinje u prolje\u0107e 2023"},"content":{"rendered":"<p style=\"font-weight: 400;\">WeBalkans sa ponosom pokre\u0107e poziv za prijave koji se odnosi na mlade vlogere sa Zapadnog Balkana\u00a0koji \u017eele biti dio \u201cMade of us\u201d turneje po Zapadnom Balkanu. Ova avantura treba da se odr\u017ei u prolje\u0107e 2023. Pozivamo sve talentovane vlogere sa Zapadnog Balkana, starosti od 21 do 30 godina, da se prijave na portal <u>WeBalkans.eu<\/u>.<\/p>\n<p>&nbsp;<\/p>\n<p style=\"font-weight: 400;\">Odabrani vlogeri \u0107e posjetiti projekte koje je podr\u017eala EU i upoznati zanimljive i inspirativne li\u010dnosti,\u00a0 istovremeno \u0107e vidjeti prirodni pejza\u017e, izuzetne znamenitosti\u00a0 i jedinstveno kulturno naslije\u0111e koje Zapadni Balkan mo\u017ee da ponudi. Odabrani putnici \u0107e snimati svoje iskustvo koriste\u0107i svoju opremu i prenijeti svoje putovanje na visoko kvalitetne dru\u0161tvene medije i web sadr\u017eaje, fotografije i video zapise, koji \u0107e biti distribuirani preko njihovih i WeBalkans kanala.<\/p>\n<p>&nbsp;<\/p>\n<p style=\"font-weight: 400;\">Putovanje \u0107e biti jo\u0161 uzbudljivije jer \u0161est pobjednika sa Zapadnog Balkana ne\u0107e putovati sami. Po\u010detkom 2023. pridru\u017eit \u0107e im se \u0161est mladih kreatora iz EU kako bi zajedno putovali i sara\u0111ivali na cjelokupnoj produkciji sadr\u017eaja. Ovih \u0161est putni\u010dkih parova EU-Zapadni Balkan ima\u0107e priliku da istra\u017ee najbolje od Zapadnog Balkana, te \u00a0ispri\u010daju ostatku svijeta o tome vlastitim rije\u010dima u aprilu-maju 2023!<\/p>\n<p>&nbsp;<\/p>\n<p style=\"font-weight: 400;\">Pozivamo sve zainteresovane da posjete na\u0161u web stranicu <a href=\"https:\/\/webalkans.eu\/en\/made-of-us\/\">webalkans.eu<\/a> za vi\u0161e informacija o procesu selekcije, uklju\u010duju\u0107i uslove i odredbe za u\u010destvovanje. Faza prijava po\u010dinje 7. decembra i bi\u0107e otvorena do 7. januara 2023. \u201cMade of Us\u201d je tre\u0107e regionalna kampanja podizanja svijesti koju je pokrenuo WeBalkans, projekat koji finansira Evropska Unija.<\/p>\n<p style=\"font-weight: 400;\">\n","protected":false},"excerpt":{"rendered":"<p>WeBalkans sa ponosom pokre\u0107e poziv za prijave koji se odnosi na mlade vlogere sa Zapadnog Balkana\u00a0koji \u017eele biti dio \u201cMade of us\u201d turneje po Zapadnom <\/p>\n","protected":false},"author":152227,"featured_media":905488,"comment_status":"closed","ping_status":"closed","sticky":false,"template":"","format":"standard","meta":{"_acf_changed":false,"_monsterinsights_skip_tracking":false,"_monsterinsights_sitenote_active":false,"_monsterinsights_sitenote_note":"","_monsterinsights_sitenote_category":0,"footnotes":""},"country-for-news":[420,425,432,438,442,416],"class_list":["post-956692","post","type-post","status-publish","format-standard","has-post-thumbnail","hentry","wb_theme-equality-and-fair-society","wb_theme-innovation-and-skills","wb_theme-regional-cooperation","wb_theme-connectivity","wb_theme-culture-and-youth","wb_theme-democracy-and-fundamental-rights","wb_theme-economy","wb_theme-environment","country-for-news-bosnia-and-herzegovina","country-for-news-kosovo","country-for-news-montenegro","country-for-news-north-macedonia","country-for-news-serbia","country-for-news-albania"],"acf":[],"yoast_head":"<!-- This site is optimized with the Yoast SEO plugin v25.3.1 - https:\/\/yoast.com\/wordpress\/plugins\/seo\/ -->\n<title>MADE OF US: Nevjerovatna avantura uskoro po\u010dinje u prolje\u0107e 2023 News | WeBalkans<\/title>\n<meta name=\"description\" content=\"MADE OF US: Nevjerovatna avantura uskoro po\u010dinje u prolje\u0107e 2023\" \/>\n<meta name=\"robots\" content=\"index, follow, max-snippet:-1, max-image-preview:large, max-video-preview:-1\" \/>\n<link rel=\"canonical\" href=\"https:\/\/webalkans.eu\/bs\/news\/made-of-us-an-incredible-adventure-is-about-to-begin-in-spring-2023\/\" \/>\n<meta property=\"og:locale\" content=\"bs_BA\" \/>\n<meta property=\"og:type\" content=\"article\" \/>\n<meta property=\"og:title\" content=\"MADE OF US: Nevjerovatna avantura uskoro po\u010dinje u prolje\u0107e 2023 News | WeBalkans\" \/>\n<meta property=\"og:description\" content=\"MADE OF US: Nevjerovatna avantura uskoro po\u010dinje u prolje\u0107e 2023\" \/>\n<meta property=\"og:url\" content=\"https:\/\/webalkans.eu\/bs\/news\/made-of-us-an-incredible-adventure-is-about-to-begin-in-spring-2023\/\" \/>\n<meta property=\"og:site_name\" content=\"WeBalkans | EU Projects in the Western Balkans\" \/>\n<meta property=\"article:publisher\" content=\"https:\/\/www.facebook.com\/webalkans.eu\" \/>\n<meta property=\"article:published_time\" content=\"2022-12-07T10:19:24+00:00\" \/>\n<meta property=\"article:modified_time\" content=\"2022-12-23T09:12:50+00:00\" \/>\n<meta property=\"og:image\" content=\"https:\/\/webalkans.eu\/wp-content\/uploads\/2022\/12\/CARD-NEWS-763X450.png\" \/>\n\t<meta property=\"og:image:width\" content=\"763\" \/>\n\t<meta property=\"og:image:height\" content=\"450\" \/>\n\t<meta property=\"og:image:type\" content=\"image\/png\" \/>\n<meta name=\"author\" content=\"007designstudio@gmail.com\" \/>\n<meta name=\"twitter:card\" content=\"summary_large_image\" \/>\n<meta name=\"twitter:creator\" content=\"@WeBalkans\" \/>\n<meta name=\"twitter:site\" content=\"@WeBalkans\" \/>\n<meta name=\"twitter:label1\" content=\"Written by\" \/>\n\t<meta name=\"twitter:data1\" content=\"007designstudio@gmail.com\" \/>\n\t<meta name=\"twitter:label2\" content=\"Est. reading time\" \/>\n\t<meta name=\"twitter:data2\" content=\"1 minuta\" \/>\n<script type=\"application\/ld+json\" class=\"yoast-schema-graph\">{\"@context\":\"https:\/\/schema.org\",\"@graph\":[{\"@type\":\"Article\",\"@id\":\"https:\/\/webalkans.eu\/bs\/news\/made-of-us-an-incredible-adventure-is-about-to-begin-in-spring-2023\/#article\",\"isPartOf\":{\"@id\":\"https:\/\/webalkans.eu\/bs\/news\/made-of-us-an-incredible-adventure-is-about-to-begin-in-spring-2023\/\"},\"author\":{\"name\":\"007designstudio@gmail.com\",\"@id\":\"https:\/\/webalkans.eu\/bs\/#\/schema\/person\/95a8ea19ef21de3b7766e9b65ffdb4da\"},\"headline\":\"MADE OF US: Nevjerovatna avantura uskoro po\u010dinje u prolje\u0107e 2023\",\"datePublished\":\"2022-12-07T10:19:24+00:00\",\"dateModified\":\"2022-12-23T09:12:50+00:00\",\"mainEntityOfPage\":{\"@id\":\"https:\/\/webalkans.eu\/bs\/news\/made-of-us-an-incredible-adventure-is-about-to-begin-in-spring-2023\/\"},\"wordCount\":268,\"publisher\":{\"@id\":\"https:\/\/webalkans.eu\/bs\/#organization\"},\"image\":{\"@id\":\"https:\/\/webalkans.eu\/bs\/news\/made-of-us-an-incredible-adventure-is-about-to-begin-in-spring-2023\/#primaryimage\"},\"thumbnailUrl\":\"https:\/\/webalkans.eu\/wp-content\/uploads\/2022\/12\/CARD-NEWS-763X450.png\",\"inLanguage\":\"bs-BA\"},{\"@type\":\"WebPage\",\"@id\":\"https:\/\/webalkans.eu\/bs\/news\/made-of-us-an-incredible-adventure-is-about-to-begin-in-spring-2023\/\",\"url\":\"https:\/\/webalkans.eu\/bs\/news\/made-of-us-an-incredible-adventure-is-about-to-begin-in-spring-2023\/\",\"name\":\"MADE OF US: Nevjerovatna avantura uskoro po\u010dinje u prolje\u0107e 2023 News | WeBalkans\",\"isPartOf\":{\"@id\":\"https:\/\/webalkans.eu\/bs\/#website\"},\"primaryImageOfPage\":{\"@id\":\"https:\/\/webalkans.eu\/bs\/news\/made-of-us-an-incredible-adventure-is-about-to-begin-in-spring-2023\/#primaryimage\"},\"image\":{\"@id\":\"https:\/\/webalkans.eu\/bs\/news\/made-of-us-an-incredible-adventure-is-about-to-begin-in-spring-2023\/#primaryimage\"},\"thumbnailUrl\":\"https:\/\/webalkans.eu\/wp-content\/uploads\/2022\/12\/CARD-NEWS-763X450.png\",\"datePublished\":\"2022-12-07T10:19:24+00:00\",\"dateModified\":\"2022-12-23T09:12:50+00:00\",\"description\":\"MADE OF US: Nevjerovatna avantura uskoro po\u010dinje u prolje\u0107e 2023\",\"breadcrumb\":{\"@id\":\"https:\/\/webalkans.eu\/bs\/news\/made-of-us-an-incredible-adventure-is-about-to-begin-in-spring-2023\/#breadcrumb\"},\"inLanguage\":\"bs-BA\",\"potentialAction\":[{\"@type\":\"ReadAction\",\"target\":[\"https:\/\/webalkans.eu\/bs\/news\/made-of-us-an-incredible-adventure-is-about-to-begin-in-spring-2023\/\"]}]},{\"@type\":\"ImageObject\",\"inLanguage\":\"bs-BA\",\"@id\":\"https:\/\/webalkans.eu\/bs\/news\/made-of-us-an-incredible-adventure-is-about-to-begin-in-spring-2023\/#primaryimage\",\"url\":\"https:\/\/webalkans.eu\/wp-content\/uploads\/2022\/12\/CARD-NEWS-763X450.png\",\"contentUrl\":\"https:\/\/webalkans.eu\/wp-content\/uploads\/2022\/12\/CARD-NEWS-763X450.png\",\"width\":763,\"height\":450},{\"@type\":\"BreadcrumbList\",\"@id\":\"https:\/\/webalkans.eu\/bs\/news\/made-of-us-an-incredible-adventure-is-about-to-begin-in-spring-2023\/#breadcrumb\",\"itemListElement\":[{\"@type\":\"ListItem\",\"position\":1,\"name\":\"Home\",\"item\":\"https:\/\/webalkans.eu\/bs\/homepage\/\"},{\"@type\":\"ListItem\",\"position\":2,\"name\":\"MADE OF US: Nevjerovatna avantura uskoro po\u010dinje u prolje\u0107e 2023\"}]},{\"@type\":\"WebSite\",\"@id\":\"https:\/\/webalkans.eu\/bs\/#website\",\"url\":\"https:\/\/webalkans.eu\/bs\/\",\"name\":\"WeBalkans | EU Projects in the Western Balkans\",\"description\":\"\",\"publisher\":{\"@id\":\"https:\/\/webalkans.eu\/bs\/#organization\"},\"potentialAction\":[{\"@type\":\"SearchAction\",\"target\":{\"@type\":\"EntryPoint\",\"urlTemplate\":\"https:\/\/webalkans.eu\/bs\/?s={search_term_string}\"},\"query-input\":{\"@type\":\"PropertyValueSpecification\",\"valueRequired\":true,\"valueName\":\"search_term_string\"}}],\"inLanguage\":\"bs-BA\"},{\"@type\":\"Organization\",\"@id\":\"https:\/\/webalkans.eu\/bs\/#organization\",\"name\":\"European Union\",\"url\":\"https:\/\/webalkans.eu\/bs\/\",\"logo\":{\"@type\":\"ImageObject\",\"inLanguage\":\"bs-BA\",\"@id\":\"https:\/\/webalkans.eu\/bs\/#\/schema\/logo\/image\/\",\"url\":\"https:\/\/webalkans.eu\/wp-content\/uploads\/2020\/11\/eu_flag.jpg\",\"contentUrl\":\"https:\/\/webalkans.eu\/wp-content\/uploads\/2020\/11\/eu_flag.jpg\",\"width\":600,\"height\":401,\"caption\":\"European Union\"},\"image\":{\"@id\":\"https:\/\/webalkans.eu\/bs\/#\/schema\/logo\/image\/\"},\"sameAs\":[\"https:\/\/www.facebook.com\/webalkans.eu\",\"https:\/\/x.com\/WeBalkans\"]},{\"@type\":\"Person\",\"@id\":\"https:\/\/webalkans.eu\/bs\/#\/schema\/person\/95a8ea19ef21de3b7766e9b65ffdb4da\",\"name\":\"007designstudio@gmail.com\"}]}<\/script>\n<!-- \/ Yoast SEO plugin. -->","yoast_head_json":{"title":"MADE OF US: Nevjerovatna avantura uskoro po\u010dinje u prolje\u0107e 2023 News | WeBalkans","description":"MADE OF US: Nevjerovatna avantura uskoro po\u010dinje u prolje\u0107e 2023","robots":{"index":"index","follow":"follow","max-snippet":"max-snippet:-1","max-image-preview":"max-image-preview:large","max-video-preview":"max-video-preview:-1"},"canonical":"https:\/\/webalkans.eu\/bs\/news\/made-of-us-an-incredible-adventure-is-about-to-begin-in-spring-2023\/","og_locale":"bs_BA","og_type":"article","og_title":"MADE OF US: Nevjerovatna avantura uskoro po\u010dinje u prolje\u0107e 2023 News | WeBalkans","og_description":"MADE OF US: Nevjerovatna avantura uskoro po\u010dinje u prolje\u0107e 2023","og_url":"https:\/\/webalkans.eu\/bs\/news\/made-of-us-an-incredible-adventure-is-about-to-begin-in-spring-2023\/","og_site_name":"WeBalkans | EU Projects in the Western Balkans","article_publisher":"https:\/\/www.facebook.com\/webalkans.eu","article_published_time":"2022-12-07T10:19:24+00:00","article_modified_time":"2022-12-23T09:12:50+00:00","og_image":[{"width":763,"height":450,"url":"https:\/\/webalkans.eu\/wp-content\/uploads\/2022\/12\/CARD-NEWS-763X450.png","type":"image\/png"}],"author":"007designstudio@gmail.com","twitter_card":"summary_large_image","twitter_creator":"@WeBalkans","twitter_site":"@WeBalkans","twitter_misc":{"Written by":"007designstudio@gmail.com","Est. reading time":"1 minuta"},"schema":{"@context":"https:\/\/schema.org","@graph":[{"@type":"Article","@id":"https:\/\/webalkans.eu\/bs\/news\/made-of-us-an-incredible-adventure-is-about-to-begin-in-spring-2023\/#article","isPartOf":{"@id":"https:\/\/webalkans.eu\/bs\/news\/made-of-us-an-incredible-adventure-is-about-to-begin-in-spring-2023\/"},"author":{"name":"007designstudio@gmail.com","@id":"https:\/\/webalkans.eu\/bs\/#\/schema\/person\/95a8ea19ef21de3b7766e9b65ffdb4da"},"headline":"MADE OF US: Nevjerovatna avantura uskoro po\u010dinje u prolje\u0107e 2023","datePublished":"2022-12-07T10:19:24+00:00","dateModified":"2022-12-23T09:12:50+00:00","mainEntityOfPage":{"@id":"https:\/\/webalkans.eu\/bs\/news\/made-of-us-an-incredible-adventure-is-about-to-begin-in-spring-2023\/"},"wordCount":268,"publisher":{"@id":"https:\/\/webalkans.eu\/bs\/#organization"},"image":{"@id":"https:\/\/webalkans.eu\/bs\/news\/made-of-us-an-incredible-adventure-is-about-to-begin-in-spring-2023\/#primaryimage"},"thumbnailUrl":"https:\/\/webalkans.eu\/wp-content\/uploads\/2022\/12\/CARD-NEWS-763X450.png","inLanguage":"bs-BA"},{"@type":"WebPage","@id":"https:\/\/webalkans.eu\/bs\/news\/made-of-us-an-incredible-adventure-is-about-to-begin-in-spring-2023\/","url":"https:\/\/webalkans.eu\/bs\/news\/made-of-us-an-incredible-adventure-is-about-to-begin-in-spring-2023\/","name":"MADE OF US: Nevjerovatna avantura uskoro po\u010dinje u prolje\u0107e 2023 News | WeBalkans","isPartOf":{"@id":"https:\/\/webalkans.eu\/bs\/#website"},"primaryImageOfPage":{"@id":"https:\/\/webalkans.eu\/bs\/news\/made-of-us-an-incredible-adventure-is-about-to-begin-in-spring-2023\/#primaryimage"},"image":{"@id":"https:\/\/webalkans.eu\/bs\/news\/made-of-us-an-incredible-adventure-is-about-to-begin-in-spring-2023\/#primaryimage"},"thumbnailUrl":"https:\/\/webalkans.eu\/wp-content\/uploads\/2022\/12\/CARD-NEWS-763X450.png","datePublished":"2022-12-07T10:19:24+00:00","dateModified":"2022-12-23T09:12:50+00:00","description":"MADE OF US: Nevjerovatna avantura uskoro po\u010dinje u prolje\u0107e 2023","breadcrumb":{"@id":"https:\/\/webalkans.eu\/bs\/news\/made-of-us-an-incredible-adventure-is-about-to-begin-in-spring-2023\/#breadcrumb"},"inLanguage":"bs-BA","potentialAction":[{"@type":"ReadAction","target":["https:\/\/webalkans.eu\/bs\/news\/made-of-us-an-incredible-adventure-is-about-to-begin-in-spring-2023\/"]}]},{"@type":"ImageObject","inLanguage":"bs-BA","@id":"https:\/\/webalkans.eu\/bs\/news\/made-of-us-an-incredible-adventure-is-about-to-begin-in-spring-2023\/#primaryimage","url":"https:\/\/webalkans.eu\/wp-content\/uploads\/2022\/12\/CARD-NEWS-763X450.png","contentUrl":"https:\/\/webalkans.eu\/wp-content\/uploads\/2022\/12\/CARD-NEWS-763X450.png","width":763,"height":450},{"@type":"BreadcrumbList","@id":"https:\/\/webalkans.eu\/bs\/news\/made-of-us-an-incredible-adventure-is-about-to-begin-in-spring-2023\/#breadcrumb","itemListElement":[{"@type":"ListItem","position":1,"name":"Home","item":"https:\/\/webalkans.eu\/bs\/homepage\/"},{"@type":"ListItem","position":2,"name":"MADE OF US: Nevjerovatna avantura uskoro po\u010dinje u prolje\u0107e 2023"}]},{"@type":"WebSite","@id":"https:\/\/webalkans.eu\/bs\/#website","url":"https:\/\/webalkans.eu\/bs\/","name":"WeBalkans | EU Projects in the Western Balkans","description":"","publisher":{"@id":"https:\/\/webalkans.eu\/bs\/#organization"},"potentialAction":[{"@type":"SearchAction","target":{"@type":"EntryPoint","urlTemplate":"https:\/\/webalkans.eu\/bs\/?s={search_term_string}"},"query-input":{"@type":"PropertyValueSpecification","valueRequired":true,"valueName":"search_term_string"}}],"inLanguage":"bs-BA"},{"@type":"Organization","@id":"https:\/\/webalkans.eu\/bs\/#organization","name":"European Union","url":"https:\/\/webalkans.eu\/bs\/","logo":{"@type":"ImageObject","inLanguage":"bs-BA","@id":"https:\/\/webalkans.eu\/bs\/#\/schema\/logo\/image\/","url":"https:\/\/webalkans.eu\/wp-content\/uploads\/2020\/11\/eu_flag.jpg","contentUrl":"https:\/\/webalkans.eu\/wp-content\/uploads\/2020\/11\/eu_flag.jpg","width":600,"height":401,"caption":"European Union"},"image":{"@id":"https:\/\/webalkans.eu\/bs\/#\/schema\/logo\/image\/"},"sameAs":["https:\/\/www.facebook.com\/webalkans.eu","https:\/\/x.com\/WeBalkans"]},{"@type":"Person","@id":"https:\/\/webalkans.eu\/bs\/#\/schema\/person\/95a8ea19ef21de3b7766e9b65ffdb4da","name":"007designstudio@gmail.com"}]}},"_links":{"self":[{"href":"https:\/\/webalkans.eu\/bs\/wp-json\/wp\/v2\/posts\/956692"}],"collection":[{"href":"https:\/\/webalkans.eu\/bs\/wp-json\/wp\/v2\/posts"}],"about":[{"href":"https:\/\/webalkans.eu\/bs\/wp-json\/wp\/v2\/types\/post"}],"author":[{"embeddable":true,"href":"https:\/\/webalkans.eu\/bs\/wp-json\/wp\/v2\/users\/152227"}],"replies":[{"embeddable":true,"href":"https:\/\/webalkans.eu\/bs\/wp-json\/wp\/v2\/comments?post=956692"}],"version-history":[{"count":0,"href":"https:\/\/webalkans.eu\/bs\/wp-json\/wp\/v2\/posts\/956692\/revisions"}],"wp:featuredmedia":[{"embeddable":true,"href":"https:\/\/webalkans.eu\/bs\/wp-json\/wp\/v2\/media\/905488"}],"wp:attachment":[{"href":"https:\/\/webalkans.eu\/bs\/wp-json\/wp\/v2\/media?parent=956692"}],"wp:term":[{"taxonomy":"country-for-news","embeddable":true,"href":"https:\/\/webalkans.eu\/bs\/wp-json\/wp\/v2\/country-for-news?post=956692"}],"curies":[{"name":"wp","href":"https:\/\/api.w.org\/{rel}","templated":true}]}}