
{"id":954348,"date":"2022-12-06T13:08:08","date_gmt":"2022-12-06T12:08:08","guid":{"rendered":"https:\/\/webalkans.eu\/news\/the-new-european-bauhaus-opportunities-for-the-western-balkans-turkey\/"},"modified":"2022-12-22T17:47:53","modified_gmt":"2022-12-22T16:47:53","slug":"the-new-european-bauhaus-opportunities-for-the-western-balkans-turkey","status":"publish","type":"post","link":"https:\/\/webalkans.eu\/bs\/news\/the-new-european-bauhaus-opportunities-for-the-western-balkans-turkey\/","title":{"rendered":"Novi evropski Bauhaus: mogu\u0107nosti za zapadni Balkan i Tursku"},"content":{"rendered":"<p style=\"font-weight: 400;\">Od danas, Komisija otvara prijave za Novi evropski bahaus nagrade za 2023. (New European Bauhaus Prizes 2023). Nakon uspje\u0161na prethodna dva izdanja na koja je pristiglo preko 3.000 prijava iz svih zemalja \u010dlanica EU, konkurs 2023. \u0107e nagraditi 15 primjernih inicijativa koji povezuju odr\u017eivost, estetiku i inkluzivnost &#8211; tri klju\u010dne vrijednosti New European Bauhaus-a.<\/p>\n<p>&nbsp;<\/p>\n<p style=\"font-weight: 400;\">U kontekstu Evropske godine vje\u0161tina (European Year of Skills), ovogodi\u0161nje izdanje \u0107e se fokusirati na obrazovanje i u\u010denje. Po prvi put, prihvati\u0107emo prijave za projekte i koncepte sa Zapadnog Balkana. Kao i pro\u0161le godine, bi\u0107e posebne nagrade za mla\u0111e od 30 godina. Poziv je otvoren do 31.januara 2023. do 19 \u010dasova po srednjeevropskom vremenu.<\/p>\n<p>&nbsp;<\/p>\n<p style=\"font-weight: 400;\">Konkurs 2023 \u0107e nagraditi postoje\u0107e projekte kao i koncepte koje su razvili mladi talenti u \u010detiri kategorije:<\/p>\n<p>&nbsp;<\/p>\n<p style=\"font-weight: 400;\">&#8211; Povezivanje sa prirodom<\/p>\n<p style=\"font-weight: 400;\">&#8211; Povratak osje\u0107aja pripadnosti<\/p>\n<p style=\"font-weight: 400;\">&#8211; Davanje prioriteta mjestima i ljudima kojima je to najpotrebnije<\/p>\n<p style=\"font-weight: 400;\">&#8211; Potreba za dugoro\u010dnim razmi\u0161ljanjem o \u017eivotnom ciklusu u industrijskom ekosistemu<\/p>\n<p style=\"font-weight: 400;\">U svakoj kategoriji kandidati mogu birati izme\u0111u tri paralelna takmi\u010darska dijela:<\/p>\n<p style=\"font-weight: 400;\">-Dio A:\u00a0\u201cNew evropski bauhaus \u0161ampioni\u201d,\u00a0posve\u0107en postoje\u0107im i zavr\u0161enim projektima sa jasnim i pozitivnim rezultatima.<\/p>\n<p style=\"font-weight: 400;\">-Dio B:\u00a0\u201cNove evropske bauhaus zvijezde u usponu\u201d\u00a0posve\u0107en konceptima koje su poslali mladi talenti starosti do 30 godina. Koncepti mogu biti razli\u010dite faze razvoja, od ideje sa jasnim planom do nivoa prototipa.<\/p>\n<p style=\"font-weight: 400;\">-Dio C:\u00a0\u201cNove evropske bauhaus \u0161ampioni u obrazovanju\u201d\u00a0posve\u0107en inicijativama koje se fokusiraju na obrazovanje i u\u010denje. Prihvatljivi su I zavr\u0161eni projekti kao i inicijative sa minimalnim nivoom zrelosti.<\/p>\n<p>&nbsp;<\/p>\n<p style=\"font-weight: 400;\">Nagrade za 2023.\u0107e biti dodijeljene 15 pobjednika koji \u0107e dobiti nov\u010danu nagradu do 30.000 eura, kao i komunikacioni paket koji \u0107e im pomo\u0107i u daljem razvoju i promociji njihovih projekata i koncepta<\/p>\n","protected":false},"excerpt":{"rendered":"<p>Od danas, Komisija otvara prijave za Novi evropski bahaus nagrade za 2023. (New European Bauhaus Prizes 2023). Nakon uspje\u0161na prethodna dva izdanja na koja je <\/p>\n","protected":false},"author":152227,"featured_media":904726,"comment_status":"closed","ping_status":"closed","sticky":false,"template":"","format":"standard","meta":{"_acf_changed":false,"_monsterinsights_skip_tracking":false,"_monsterinsights_sitenote_active":false,"_monsterinsights_sitenote_note":"","_monsterinsights_sitenote_category":0,"footnotes":""},"country-for-news":[420,425,432,438,442,416],"class_list":["post-954348","post","type-post","status-publish","format-standard","has-post-thumbnail","hentry","wb_theme-culture-and-youth","wb_theme-youth","wb_theme-environment","wb_theme-climate-action","wb_theme-environmental-protection","country-for-news-bosnia-and-herzegovina","country-for-news-kosovo","country-for-news-montenegro","country-for-news-north-macedonia","country-for-news-serbia","country-for-news-albania"],"acf":[],"yoast_head":"<!-- This site is optimized with the Yoast SEO plugin v25.3.1 - https:\/\/yoast.com\/wordpress\/plugins\/seo\/ -->\n<title>Novi evropski Bauhaus: mogu\u0107nosti za zapadni Balkan i Tursku News | WeBalkans<\/title>\n<meta name=\"description\" content=\"Novi evropski Bauhaus: mogu\u0107nosti za zapadni Balkan i Tursku\" \/>\n<meta name=\"robots\" content=\"index, follow, max-snippet:-1, max-image-preview:large, max-video-preview:-1\" \/>\n<link rel=\"canonical\" href=\"https:\/\/webalkans.eu\/bs\/news\/the-new-european-bauhaus-opportunities-for-the-western-balkans-turkey\/\" \/>\n<meta property=\"og:locale\" content=\"bs_BA\" \/>\n<meta property=\"og:type\" content=\"article\" \/>\n<meta property=\"og:title\" content=\"Novi evropski Bauhaus: mogu\u0107nosti za zapadni Balkan i Tursku News | WeBalkans\" \/>\n<meta property=\"og:description\" content=\"Novi evropski Bauhaus: mogu\u0107nosti za zapadni Balkan i Tursku\" \/>\n<meta property=\"og:url\" content=\"https:\/\/webalkans.eu\/bs\/news\/the-new-european-bauhaus-opportunities-for-the-western-balkans-turkey\/\" \/>\n<meta property=\"og:site_name\" content=\"WeBalkans | EU Projects in the Western Balkans\" \/>\n<meta property=\"article:publisher\" content=\"https:\/\/www.facebook.com\/webalkans.eu\" \/>\n<meta property=\"article:published_time\" content=\"2022-12-06T12:08:08+00:00\" \/>\n<meta property=\"article:modified_time\" content=\"2022-12-22T16:47:53+00:00\" \/>\n<meta property=\"og:image\" content=\"https:\/\/webalkans.eu\/wp-content\/uploads\/2022\/12\/NEB_logo_small_shape.png\" \/>\n\t<meta property=\"og:image:width\" content=\"709\" \/>\n\t<meta property=\"og:image:height\" content=\"713\" \/>\n\t<meta property=\"og:image:type\" content=\"image\/png\" \/>\n<meta name=\"author\" content=\"007designstudio@gmail.com\" \/>\n<meta name=\"twitter:card\" content=\"summary_large_image\" \/>\n<meta name=\"twitter:creator\" content=\"@WeBalkans\" \/>\n<meta name=\"twitter:site\" content=\"@WeBalkans\" \/>\n<meta name=\"twitter:label1\" content=\"Written by\" \/>\n\t<meta name=\"twitter:data1\" content=\"007designstudio@gmail.com\" \/>\n\t<meta name=\"twitter:label2\" content=\"Est. reading time\" \/>\n\t<meta name=\"twitter:data2\" content=\"1 minuta\" \/>\n<script type=\"application\/ld+json\" class=\"yoast-schema-graph\">{\"@context\":\"https:\/\/schema.org\",\"@graph\":[{\"@type\":\"Article\",\"@id\":\"https:\/\/webalkans.eu\/bs\/news\/the-new-european-bauhaus-opportunities-for-the-western-balkans-turkey\/#article\",\"isPartOf\":{\"@id\":\"https:\/\/webalkans.eu\/bs\/news\/the-new-european-bauhaus-opportunities-for-the-western-balkans-turkey\/\"},\"author\":{\"name\":\"007designstudio@gmail.com\",\"@id\":\"https:\/\/webalkans.eu\/bs\/#\/schema\/person\/95a8ea19ef21de3b7766e9b65ffdb4da\"},\"headline\":\"Novi evropski Bauhaus: mogu\u0107nosti za zapadni Balkan i Tursku\",\"datePublished\":\"2022-12-06T12:08:08+00:00\",\"dateModified\":\"2022-12-22T16:47:53+00:00\",\"mainEntityOfPage\":{\"@id\":\"https:\/\/webalkans.eu\/bs\/news\/the-new-european-bauhaus-opportunities-for-the-western-balkans-turkey\/\"},\"wordCount\":303,\"publisher\":{\"@id\":\"https:\/\/webalkans.eu\/bs\/#organization\"},\"image\":{\"@id\":\"https:\/\/webalkans.eu\/bs\/news\/the-new-european-bauhaus-opportunities-for-the-western-balkans-turkey\/#primaryimage\"},\"thumbnailUrl\":\"https:\/\/webalkans.eu\/wp-content\/uploads\/2022\/12\/NEB_logo_small_shape.png\",\"inLanguage\":\"bs-BA\"},{\"@type\":\"WebPage\",\"@id\":\"https:\/\/webalkans.eu\/bs\/news\/the-new-european-bauhaus-opportunities-for-the-western-balkans-turkey\/\",\"url\":\"https:\/\/webalkans.eu\/bs\/news\/the-new-european-bauhaus-opportunities-for-the-western-balkans-turkey\/\",\"name\":\"Novi evropski Bauhaus: mogu\u0107nosti za zapadni Balkan i Tursku News | WeBalkans\",\"isPartOf\":{\"@id\":\"https:\/\/webalkans.eu\/bs\/#website\"},\"primaryImageOfPage\":{\"@id\":\"https:\/\/webalkans.eu\/bs\/news\/the-new-european-bauhaus-opportunities-for-the-western-balkans-turkey\/#primaryimage\"},\"image\":{\"@id\":\"https:\/\/webalkans.eu\/bs\/news\/the-new-european-bauhaus-opportunities-for-the-western-balkans-turkey\/#primaryimage\"},\"thumbnailUrl\":\"https:\/\/webalkans.eu\/wp-content\/uploads\/2022\/12\/NEB_logo_small_shape.png\",\"datePublished\":\"2022-12-06T12:08:08+00:00\",\"dateModified\":\"2022-12-22T16:47:53+00:00\",\"description\":\"Novi evropski Bauhaus: mogu\u0107nosti za zapadni Balkan i Tursku\",\"breadcrumb\":{\"@id\":\"https:\/\/webalkans.eu\/bs\/news\/the-new-european-bauhaus-opportunities-for-the-western-balkans-turkey\/#breadcrumb\"},\"inLanguage\":\"bs-BA\",\"potentialAction\":[{\"@type\":\"ReadAction\",\"target\":[\"https:\/\/webalkans.eu\/bs\/news\/the-new-european-bauhaus-opportunities-for-the-western-balkans-turkey\/\"]}]},{\"@type\":\"ImageObject\",\"inLanguage\":\"bs-BA\",\"@id\":\"https:\/\/webalkans.eu\/bs\/news\/the-new-european-bauhaus-opportunities-for-the-western-balkans-turkey\/#primaryimage\",\"url\":\"https:\/\/webalkans.eu\/wp-content\/uploads\/2022\/12\/NEB_logo_small_shape.png\",\"contentUrl\":\"https:\/\/webalkans.eu\/wp-content\/uploads\/2022\/12\/NEB_logo_small_shape.png\",\"width\":709,\"height\":713},{\"@type\":\"BreadcrumbList\",\"@id\":\"https:\/\/webalkans.eu\/bs\/news\/the-new-european-bauhaus-opportunities-for-the-western-balkans-turkey\/#breadcrumb\",\"itemListElement\":[{\"@type\":\"ListItem\",\"position\":1,\"name\":\"Home\",\"item\":\"https:\/\/webalkans.eu\/bs\/homepage\/\"},{\"@type\":\"ListItem\",\"position\":2,\"name\":\"Novi evropski Bauhaus: mogu\u0107nosti za zapadni Balkan i Tursku\"}]},{\"@type\":\"WebSite\",\"@id\":\"https:\/\/webalkans.eu\/bs\/#website\",\"url\":\"https:\/\/webalkans.eu\/bs\/\",\"name\":\"WeBalkans | EU Projects in the Western Balkans\",\"description\":\"\",\"publisher\":{\"@id\":\"https:\/\/webalkans.eu\/bs\/#organization\"},\"potentialAction\":[{\"@type\":\"SearchAction\",\"target\":{\"@type\":\"EntryPoint\",\"urlTemplate\":\"https:\/\/webalkans.eu\/bs\/?s={search_term_string}\"},\"query-input\":{\"@type\":\"PropertyValueSpecification\",\"valueRequired\":true,\"valueName\":\"search_term_string\"}}],\"inLanguage\":\"bs-BA\"},{\"@type\":\"Organization\",\"@id\":\"https:\/\/webalkans.eu\/bs\/#organization\",\"name\":\"European Union\",\"url\":\"https:\/\/webalkans.eu\/bs\/\",\"logo\":{\"@type\":\"ImageObject\",\"inLanguage\":\"bs-BA\",\"@id\":\"https:\/\/webalkans.eu\/bs\/#\/schema\/logo\/image\/\",\"url\":\"https:\/\/webalkans.eu\/wp-content\/uploads\/2020\/11\/eu_flag.jpg\",\"contentUrl\":\"https:\/\/webalkans.eu\/wp-content\/uploads\/2020\/11\/eu_flag.jpg\",\"width\":600,\"height\":401,\"caption\":\"European Union\"},\"image\":{\"@id\":\"https:\/\/webalkans.eu\/bs\/#\/schema\/logo\/image\/\"},\"sameAs\":[\"https:\/\/www.facebook.com\/webalkans.eu\",\"https:\/\/x.com\/WeBalkans\"]},{\"@type\":\"Person\",\"@id\":\"https:\/\/webalkans.eu\/bs\/#\/schema\/person\/95a8ea19ef21de3b7766e9b65ffdb4da\",\"name\":\"007designstudio@gmail.com\"}]}<\/script>\n<!-- \/ Yoast SEO plugin. -->","yoast_head_json":{"title":"Novi evropski Bauhaus: mogu\u0107nosti za zapadni Balkan i Tursku News | WeBalkans","description":"Novi evropski Bauhaus: mogu\u0107nosti za zapadni Balkan i Tursku","robots":{"index":"index","follow":"follow","max-snippet":"max-snippet:-1","max-image-preview":"max-image-preview:large","max-video-preview":"max-video-preview:-1"},"canonical":"https:\/\/webalkans.eu\/bs\/news\/the-new-european-bauhaus-opportunities-for-the-western-balkans-turkey\/","og_locale":"bs_BA","og_type":"article","og_title":"Novi evropski Bauhaus: mogu\u0107nosti za zapadni Balkan i Tursku News | WeBalkans","og_description":"Novi evropski Bauhaus: mogu\u0107nosti za zapadni Balkan i Tursku","og_url":"https:\/\/webalkans.eu\/bs\/news\/the-new-european-bauhaus-opportunities-for-the-western-balkans-turkey\/","og_site_name":"WeBalkans | EU Projects in the Western Balkans","article_publisher":"https:\/\/www.facebook.com\/webalkans.eu","article_published_time":"2022-12-06T12:08:08+00:00","article_modified_time":"2022-12-22T16:47:53+00:00","og_image":[{"width":709,"height":713,"url":"https:\/\/webalkans.eu\/wp-content\/uploads\/2022\/12\/NEB_logo_small_shape.png","type":"image\/png"}],"author":"007designstudio@gmail.com","twitter_card":"summary_large_image","twitter_creator":"@WeBalkans","twitter_site":"@WeBalkans","twitter_misc":{"Written by":"007designstudio@gmail.com","Est. reading time":"1 minuta"},"schema":{"@context":"https:\/\/schema.org","@graph":[{"@type":"Article","@id":"https:\/\/webalkans.eu\/bs\/news\/the-new-european-bauhaus-opportunities-for-the-western-balkans-turkey\/#article","isPartOf":{"@id":"https:\/\/webalkans.eu\/bs\/news\/the-new-european-bauhaus-opportunities-for-the-western-balkans-turkey\/"},"author":{"name":"007designstudio@gmail.com","@id":"https:\/\/webalkans.eu\/bs\/#\/schema\/person\/95a8ea19ef21de3b7766e9b65ffdb4da"},"headline":"Novi evropski Bauhaus: mogu\u0107nosti za zapadni Balkan i Tursku","datePublished":"2022-12-06T12:08:08+00:00","dateModified":"2022-12-22T16:47:53+00:00","mainEntityOfPage":{"@id":"https:\/\/webalkans.eu\/bs\/news\/the-new-european-bauhaus-opportunities-for-the-western-balkans-turkey\/"},"wordCount":303,"publisher":{"@id":"https:\/\/webalkans.eu\/bs\/#organization"},"image":{"@id":"https:\/\/webalkans.eu\/bs\/news\/the-new-european-bauhaus-opportunities-for-the-western-balkans-turkey\/#primaryimage"},"thumbnailUrl":"https:\/\/webalkans.eu\/wp-content\/uploads\/2022\/12\/NEB_logo_small_shape.png","inLanguage":"bs-BA"},{"@type":"WebPage","@id":"https:\/\/webalkans.eu\/bs\/news\/the-new-european-bauhaus-opportunities-for-the-western-balkans-turkey\/","url":"https:\/\/webalkans.eu\/bs\/news\/the-new-european-bauhaus-opportunities-for-the-western-balkans-turkey\/","name":"Novi evropski Bauhaus: mogu\u0107nosti za zapadni Balkan i Tursku News | WeBalkans","isPartOf":{"@id":"https:\/\/webalkans.eu\/bs\/#website"},"primaryImageOfPage":{"@id":"https:\/\/webalkans.eu\/bs\/news\/the-new-european-bauhaus-opportunities-for-the-western-balkans-turkey\/#primaryimage"},"image":{"@id":"https:\/\/webalkans.eu\/bs\/news\/the-new-european-bauhaus-opportunities-for-the-western-balkans-turkey\/#primaryimage"},"thumbnailUrl":"https:\/\/webalkans.eu\/wp-content\/uploads\/2022\/12\/NEB_logo_small_shape.png","datePublished":"2022-12-06T12:08:08+00:00","dateModified":"2022-12-22T16:47:53+00:00","description":"Novi evropski Bauhaus: mogu\u0107nosti za zapadni Balkan i Tursku","breadcrumb":{"@id":"https:\/\/webalkans.eu\/bs\/news\/the-new-european-bauhaus-opportunities-for-the-western-balkans-turkey\/#breadcrumb"},"inLanguage":"bs-BA","potentialAction":[{"@type":"ReadAction","target":["https:\/\/webalkans.eu\/bs\/news\/the-new-european-bauhaus-opportunities-for-the-western-balkans-turkey\/"]}]},{"@type":"ImageObject","inLanguage":"bs-BA","@id":"https:\/\/webalkans.eu\/bs\/news\/the-new-european-bauhaus-opportunities-for-the-western-balkans-turkey\/#primaryimage","url":"https:\/\/webalkans.eu\/wp-content\/uploads\/2022\/12\/NEB_logo_small_shape.png","contentUrl":"https:\/\/webalkans.eu\/wp-content\/uploads\/2022\/12\/NEB_logo_small_shape.png","width":709,"height":713},{"@type":"BreadcrumbList","@id":"https:\/\/webalkans.eu\/bs\/news\/the-new-european-bauhaus-opportunities-for-the-western-balkans-turkey\/#breadcrumb","itemListElement":[{"@type":"ListItem","position":1,"name":"Home","item":"https:\/\/webalkans.eu\/bs\/homepage\/"},{"@type":"ListItem","position":2,"name":"Novi evropski Bauhaus: mogu\u0107nosti za zapadni Balkan i Tursku"}]},{"@type":"WebSite","@id":"https:\/\/webalkans.eu\/bs\/#website","url":"https:\/\/webalkans.eu\/bs\/","name":"WeBalkans | EU Projects in the Western Balkans","description":"","publisher":{"@id":"https:\/\/webalkans.eu\/bs\/#organization"},"potentialAction":[{"@type":"SearchAction","target":{"@type":"EntryPoint","urlTemplate":"https:\/\/webalkans.eu\/bs\/?s={search_term_string}"},"query-input":{"@type":"PropertyValueSpecification","valueRequired":true,"valueName":"search_term_string"}}],"inLanguage":"bs-BA"},{"@type":"Organization","@id":"https:\/\/webalkans.eu\/bs\/#organization","name":"European Union","url":"https:\/\/webalkans.eu\/bs\/","logo":{"@type":"ImageObject","inLanguage":"bs-BA","@id":"https:\/\/webalkans.eu\/bs\/#\/schema\/logo\/image\/","url":"https:\/\/webalkans.eu\/wp-content\/uploads\/2020\/11\/eu_flag.jpg","contentUrl":"https:\/\/webalkans.eu\/wp-content\/uploads\/2020\/11\/eu_flag.jpg","width":600,"height":401,"caption":"European Union"},"image":{"@id":"https:\/\/webalkans.eu\/bs\/#\/schema\/logo\/image\/"},"sameAs":["https:\/\/www.facebook.com\/webalkans.eu","https:\/\/x.com\/WeBalkans"]},{"@type":"Person","@id":"https:\/\/webalkans.eu\/bs\/#\/schema\/person\/95a8ea19ef21de3b7766e9b65ffdb4da","name":"007designstudio@gmail.com"}]}},"_links":{"self":[{"href":"https:\/\/webalkans.eu\/bs\/wp-json\/wp\/v2\/posts\/954348"}],"collection":[{"href":"https:\/\/webalkans.eu\/bs\/wp-json\/wp\/v2\/posts"}],"about":[{"href":"https:\/\/webalkans.eu\/bs\/wp-json\/wp\/v2\/types\/post"}],"author":[{"embeddable":true,"href":"https:\/\/webalkans.eu\/bs\/wp-json\/wp\/v2\/users\/152227"}],"replies":[{"embeddable":true,"href":"https:\/\/webalkans.eu\/bs\/wp-json\/wp\/v2\/comments?post=954348"}],"version-history":[{"count":0,"href":"https:\/\/webalkans.eu\/bs\/wp-json\/wp\/v2\/posts\/954348\/revisions"}],"wp:featuredmedia":[{"embeddable":true,"href":"https:\/\/webalkans.eu\/bs\/wp-json\/wp\/v2\/media\/904726"}],"wp:attachment":[{"href":"https:\/\/webalkans.eu\/bs\/wp-json\/wp\/v2\/media?parent=954348"}],"wp:term":[{"taxonomy":"country-for-news","embeddable":true,"href":"https:\/\/webalkans.eu\/bs\/wp-json\/wp\/v2\/country-for-news?post=954348"}],"curies":[{"name":"wp","href":"https:\/\/api.w.org\/{rel}","templated":true}]}}