
{"id":932848,"date":"2022-11-30T17:17:39","date_gmt":"2022-11-30T16:17:39","guid":{"rendered":"https:\/\/webalkans.eu\/news\/completion-of-works-on-the-state-of-the-art-prison-in-kragujevac-serbia\/"},"modified":"2022-12-16T18:47:03","modified_gmt":"2022-12-16T17:47:03","slug":"completion-of-works-on-the-state-of-the-art-prison-in-kragujevac-serbia","status":"publish","type":"post","link":"https:\/\/webalkans.eu\/bs\/news\/completion-of-works-on-the-state-of-the-art-prison-in-kragujevac-serbia\/","title":{"rendered":"Zavr\u0161etak radova na najsavremenijem zatvoru u Kragujevcu u Srbiji"},"content":{"rendered":"<div>\n<p><span lang=\"BS-LATN-BA\">U utorak, 16. novembra 2022. godine, visoki zvani\u010dnici\u00a0 iz Srbije, EU i drugih donatorskih zemalja, prisustvovali su otvaranju zatvora u Kragujevcu. Ukupni tro\u0161kovi za novi zatvorski objekat iznose 40 miliona eura. Djelimi\u010dno je finansiran sa 17 miliona eura kredita od CEB-a i 3 miliona eura u grantovima tehni\u010dke pomo\u0107i od EU i WBIF bilateralnih donatora.<\/span><\/p>\n<p>&nbsp;<\/p>\n<\/div>\n<div>\n<p><span lang=\"BS-LATN-BA\">Jedan od najmodernijih i najsigurnijih kazneno-popravnih zavoda u Evropi, zatvor u Kragujevcu mo\u017ee primiti do 500 zatvorenika u 265 \u0107elija, uklju\u010duju\u0107i neke koje su prilago\u0111ene zatvorenicima sa invaliditetom. Kompleks se sastoji od 11 objekata na povr\u0161ini od 22.000 kvadratnih metara, sa prostorom za dru\u017eenje, radne aktivnosti, stru\u010dno osposobljavanje\u00a0 kao i modernu opremu i prostorije za zdravstvenu za\u0161titu. Zaposli\u0107e 270 ljudi.<\/span><\/p>\n<p>&nbsp;<\/p>\n<\/div>\n<div>\n<p><span lang=\"BS-LATN-BA\">Od 2009.godine, uz pomo\u0107 EU, WBIF bilateralnih donatora i Council of Europe Development Bank (CEB), Srbija je zapo\u010dela program modernizacije svojih zatvorskih objekata u skladu sa Evropskim zatvorskim pravilima. U okviru programa pokrenut je projekat WBIF koji se odnosi na izgradnju i opremanje dva nova zatvorska objekta u Pan\u010devu i Kragujevcu. Zatvorski objekat Pan\u010devo, kapaciteta za 500 zatvorenika, zavr\u0161en je 2018. godine.<\/span><\/p>\n<\/div>\n","protected":false},"excerpt":{"rendered":"<p>U utorak, 16. novembra 2022. godine, visoki zvani\u010dnici\u00a0 iz Srbije, EU i drugih donatorskih zemalja, prisustvovali su otvaranju zatvora u Kragujevcu. Ukupni tro\u0161kovi za novi <\/p>\n","protected":false},"author":152227,"featured_media":899365,"comment_status":"closed","ping_status":"closed","sticky":false,"template":"","format":"standard","meta":{"_acf_changed":false,"_monsterinsights_skip_tracking":false,"_monsterinsights_sitenote_active":false,"_monsterinsights_sitenote_note":"","_monsterinsights_sitenote_category":0,"footnotes":""},"country-for-news":[442],"class_list":["post-932848","post","type-post","status-publish","format-standard","has-post-thumbnail","hentry","wb_theme-democracy-and-fundamental-rights","country-for-news-serbia"],"acf":[],"yoast_head":"<!-- This site is optimized with the Yoast SEO plugin v25.3.1 - https:\/\/yoast.com\/wordpress\/plugins\/seo\/ -->\n<title>Zavr\u0161etak radova na najsavremenijem zatvoru u Kragujevcu u Srbiji News | WeBalkans<\/title>\n<meta name=\"description\" content=\"Zavr\u0161etak radova na najsavremenijem zatvoru u Kragujevcu u Srbiji\" \/>\n<meta name=\"robots\" content=\"index, follow, max-snippet:-1, max-image-preview:large, max-video-preview:-1\" \/>\n<link rel=\"canonical\" href=\"https:\/\/webalkans.eu\/bs\/news\/completion-of-works-on-the-state-of-the-art-prison-in-kragujevac-serbia\/\" \/>\n<meta property=\"og:locale\" content=\"bs_BA\" \/>\n<meta property=\"og:type\" content=\"article\" \/>\n<meta property=\"og:title\" content=\"Zavr\u0161etak radova na najsavremenijem zatvoru u Kragujevcu u Srbiji News | WeBalkans\" \/>\n<meta property=\"og:description\" content=\"Zavr\u0161etak radova na najsavremenijem zatvoru u Kragujevcu u Srbiji\" \/>\n<meta property=\"og:url\" content=\"https:\/\/webalkans.eu\/bs\/news\/completion-of-works-on-the-state-of-the-art-prison-in-kragujevac-serbia\/\" \/>\n<meta property=\"og:site_name\" content=\"WeBalkans | EU Projects in the Western Balkans\" \/>\n<meta property=\"article:publisher\" content=\"https:\/\/www.facebook.com\/webalkans.eu\" \/>\n<meta property=\"article:published_time\" content=\"2022-11-30T16:17:39+00:00\" \/>\n<meta property=\"article:modified_time\" content=\"2022-12-16T17:47:03+00:00\" \/>\n<meta property=\"og:image\" content=\"https:\/\/webalkans.eu\/wp-content\/uploads\/2022\/11\/4-5.jpeg\" \/>\n\t<meta property=\"og:image:width\" content=\"500\" \/>\n\t<meta property=\"og:image:height\" content=\"675\" \/>\n\t<meta property=\"og:image:type\" content=\"image\/jpeg\" \/>\n<meta name=\"author\" content=\"007designstudio@gmail.com\" \/>\n<meta name=\"twitter:card\" content=\"summary_large_image\" \/>\n<meta name=\"twitter:creator\" content=\"@WeBalkans\" \/>\n<meta name=\"twitter:site\" content=\"@WeBalkans\" \/>\n<meta name=\"twitter:label1\" content=\"Written by\" \/>\n\t<meta name=\"twitter:data1\" content=\"007designstudio@gmail.com\" \/>\n\t<meta name=\"twitter:label2\" content=\"Est. reading time\" \/>\n\t<meta name=\"twitter:data2\" content=\"1 minuta\" \/>\n<script type=\"application\/ld+json\" class=\"yoast-schema-graph\">{\"@context\":\"https:\/\/schema.org\",\"@graph\":[{\"@type\":\"Article\",\"@id\":\"https:\/\/webalkans.eu\/bs\/news\/completion-of-works-on-the-state-of-the-art-prison-in-kragujevac-serbia\/#article\",\"isPartOf\":{\"@id\":\"https:\/\/webalkans.eu\/bs\/news\/completion-of-works-on-the-state-of-the-art-prison-in-kragujevac-serbia\/\"},\"author\":{\"name\":\"007designstudio@gmail.com\",\"@id\":\"https:\/\/webalkans.eu\/bs\/#\/schema\/person\/95a8ea19ef21de3b7766e9b65ffdb4da\"},\"headline\":\"Zavr\u0161etak radova na najsavremenijem zatvoru u Kragujevcu u Srbiji\",\"datePublished\":\"2022-11-30T16:17:39+00:00\",\"dateModified\":\"2022-12-16T17:47:03+00:00\",\"mainEntityOfPage\":{\"@id\":\"https:\/\/webalkans.eu\/bs\/news\/completion-of-works-on-the-state-of-the-art-prison-in-kragujevac-serbia\/\"},\"wordCount\":195,\"publisher\":{\"@id\":\"https:\/\/webalkans.eu\/bs\/#organization\"},\"image\":{\"@id\":\"https:\/\/webalkans.eu\/bs\/news\/completion-of-works-on-the-state-of-the-art-prison-in-kragujevac-serbia\/#primaryimage\"},\"thumbnailUrl\":\"https:\/\/webalkans.eu\/wp-content\/uploads\/2022\/11\/4-5.jpeg\",\"inLanguage\":\"bs-BA\"},{\"@type\":\"WebPage\",\"@id\":\"https:\/\/webalkans.eu\/bs\/news\/completion-of-works-on-the-state-of-the-art-prison-in-kragujevac-serbia\/\",\"url\":\"https:\/\/webalkans.eu\/bs\/news\/completion-of-works-on-the-state-of-the-art-prison-in-kragujevac-serbia\/\",\"name\":\"Zavr\u0161etak radova na najsavremenijem zatvoru u Kragujevcu u Srbiji News | WeBalkans\",\"isPartOf\":{\"@id\":\"https:\/\/webalkans.eu\/bs\/#website\"},\"primaryImageOfPage\":{\"@id\":\"https:\/\/webalkans.eu\/bs\/news\/completion-of-works-on-the-state-of-the-art-prison-in-kragujevac-serbia\/#primaryimage\"},\"image\":{\"@id\":\"https:\/\/webalkans.eu\/bs\/news\/completion-of-works-on-the-state-of-the-art-prison-in-kragujevac-serbia\/#primaryimage\"},\"thumbnailUrl\":\"https:\/\/webalkans.eu\/wp-content\/uploads\/2022\/11\/4-5.jpeg\",\"datePublished\":\"2022-11-30T16:17:39+00:00\",\"dateModified\":\"2022-12-16T17:47:03+00:00\",\"description\":\"Zavr\u0161etak radova na najsavremenijem zatvoru u Kragujevcu u Srbiji\",\"breadcrumb\":{\"@id\":\"https:\/\/webalkans.eu\/bs\/news\/completion-of-works-on-the-state-of-the-art-prison-in-kragujevac-serbia\/#breadcrumb\"},\"inLanguage\":\"bs-BA\",\"potentialAction\":[{\"@type\":\"ReadAction\",\"target\":[\"https:\/\/webalkans.eu\/bs\/news\/completion-of-works-on-the-state-of-the-art-prison-in-kragujevac-serbia\/\"]}]},{\"@type\":\"ImageObject\",\"inLanguage\":\"bs-BA\",\"@id\":\"https:\/\/webalkans.eu\/bs\/news\/completion-of-works-on-the-state-of-the-art-prison-in-kragujevac-serbia\/#primaryimage\",\"url\":\"https:\/\/webalkans.eu\/wp-content\/uploads\/2022\/11\/4-5.jpeg\",\"contentUrl\":\"https:\/\/webalkans.eu\/wp-content\/uploads\/2022\/11\/4-5.jpeg\",\"width\":500,\"height\":675},{\"@type\":\"BreadcrumbList\",\"@id\":\"https:\/\/webalkans.eu\/bs\/news\/completion-of-works-on-the-state-of-the-art-prison-in-kragujevac-serbia\/#breadcrumb\",\"itemListElement\":[{\"@type\":\"ListItem\",\"position\":1,\"name\":\"Home\",\"item\":\"https:\/\/webalkans.eu\/bs\/homepage\/\"},{\"@type\":\"ListItem\",\"position\":2,\"name\":\"Zavr\u0161etak radova na najsavremenijem zatvoru u Kragujevcu u Srbiji\"}]},{\"@type\":\"WebSite\",\"@id\":\"https:\/\/webalkans.eu\/bs\/#website\",\"url\":\"https:\/\/webalkans.eu\/bs\/\",\"name\":\"WeBalkans | EU Projects in the Western Balkans\",\"description\":\"\",\"publisher\":{\"@id\":\"https:\/\/webalkans.eu\/bs\/#organization\"},\"potentialAction\":[{\"@type\":\"SearchAction\",\"target\":{\"@type\":\"EntryPoint\",\"urlTemplate\":\"https:\/\/webalkans.eu\/bs\/?s={search_term_string}\"},\"query-input\":{\"@type\":\"PropertyValueSpecification\",\"valueRequired\":true,\"valueName\":\"search_term_string\"}}],\"inLanguage\":\"bs-BA\"},{\"@type\":\"Organization\",\"@id\":\"https:\/\/webalkans.eu\/bs\/#organization\",\"name\":\"European Union\",\"url\":\"https:\/\/webalkans.eu\/bs\/\",\"logo\":{\"@type\":\"ImageObject\",\"inLanguage\":\"bs-BA\",\"@id\":\"https:\/\/webalkans.eu\/bs\/#\/schema\/logo\/image\/\",\"url\":\"https:\/\/webalkans.eu\/wp-content\/uploads\/2020\/11\/eu_flag.jpg\",\"contentUrl\":\"https:\/\/webalkans.eu\/wp-content\/uploads\/2020\/11\/eu_flag.jpg\",\"width\":600,\"height\":401,\"caption\":\"European Union\"},\"image\":{\"@id\":\"https:\/\/webalkans.eu\/bs\/#\/schema\/logo\/image\/\"},\"sameAs\":[\"https:\/\/www.facebook.com\/webalkans.eu\",\"https:\/\/x.com\/WeBalkans\"]},{\"@type\":\"Person\",\"@id\":\"https:\/\/webalkans.eu\/bs\/#\/schema\/person\/95a8ea19ef21de3b7766e9b65ffdb4da\",\"name\":\"007designstudio@gmail.com\"}]}<\/script>\n<!-- \/ Yoast SEO plugin. -->","yoast_head_json":{"title":"Zavr\u0161etak radova na najsavremenijem zatvoru u Kragujevcu u Srbiji News | WeBalkans","description":"Zavr\u0161etak radova na najsavremenijem zatvoru u Kragujevcu u Srbiji","robots":{"index":"index","follow":"follow","max-snippet":"max-snippet:-1","max-image-preview":"max-image-preview:large","max-video-preview":"max-video-preview:-1"},"canonical":"https:\/\/webalkans.eu\/bs\/news\/completion-of-works-on-the-state-of-the-art-prison-in-kragujevac-serbia\/","og_locale":"bs_BA","og_type":"article","og_title":"Zavr\u0161etak radova na najsavremenijem zatvoru u Kragujevcu u Srbiji News | WeBalkans","og_description":"Zavr\u0161etak radova na najsavremenijem zatvoru u Kragujevcu u Srbiji","og_url":"https:\/\/webalkans.eu\/bs\/news\/completion-of-works-on-the-state-of-the-art-prison-in-kragujevac-serbia\/","og_site_name":"WeBalkans | EU Projects in the Western Balkans","article_publisher":"https:\/\/www.facebook.com\/webalkans.eu","article_published_time":"2022-11-30T16:17:39+00:00","article_modified_time":"2022-12-16T17:47:03+00:00","og_image":[{"width":500,"height":675,"url":"https:\/\/webalkans.eu\/wp-content\/uploads\/2022\/11\/4-5.jpeg","type":"image\/jpeg"}],"author":"007designstudio@gmail.com","twitter_card":"summary_large_image","twitter_creator":"@WeBalkans","twitter_site":"@WeBalkans","twitter_misc":{"Written by":"007designstudio@gmail.com","Est. reading time":"1 minuta"},"schema":{"@context":"https:\/\/schema.org","@graph":[{"@type":"Article","@id":"https:\/\/webalkans.eu\/bs\/news\/completion-of-works-on-the-state-of-the-art-prison-in-kragujevac-serbia\/#article","isPartOf":{"@id":"https:\/\/webalkans.eu\/bs\/news\/completion-of-works-on-the-state-of-the-art-prison-in-kragujevac-serbia\/"},"author":{"name":"007designstudio@gmail.com","@id":"https:\/\/webalkans.eu\/bs\/#\/schema\/person\/95a8ea19ef21de3b7766e9b65ffdb4da"},"headline":"Zavr\u0161etak radova na najsavremenijem zatvoru u Kragujevcu u Srbiji","datePublished":"2022-11-30T16:17:39+00:00","dateModified":"2022-12-16T17:47:03+00:00","mainEntityOfPage":{"@id":"https:\/\/webalkans.eu\/bs\/news\/completion-of-works-on-the-state-of-the-art-prison-in-kragujevac-serbia\/"},"wordCount":195,"publisher":{"@id":"https:\/\/webalkans.eu\/bs\/#organization"},"image":{"@id":"https:\/\/webalkans.eu\/bs\/news\/completion-of-works-on-the-state-of-the-art-prison-in-kragujevac-serbia\/#primaryimage"},"thumbnailUrl":"https:\/\/webalkans.eu\/wp-content\/uploads\/2022\/11\/4-5.jpeg","inLanguage":"bs-BA"},{"@type":"WebPage","@id":"https:\/\/webalkans.eu\/bs\/news\/completion-of-works-on-the-state-of-the-art-prison-in-kragujevac-serbia\/","url":"https:\/\/webalkans.eu\/bs\/news\/completion-of-works-on-the-state-of-the-art-prison-in-kragujevac-serbia\/","name":"Zavr\u0161etak radova na najsavremenijem zatvoru u Kragujevcu u Srbiji News | WeBalkans","isPartOf":{"@id":"https:\/\/webalkans.eu\/bs\/#website"},"primaryImageOfPage":{"@id":"https:\/\/webalkans.eu\/bs\/news\/completion-of-works-on-the-state-of-the-art-prison-in-kragujevac-serbia\/#primaryimage"},"image":{"@id":"https:\/\/webalkans.eu\/bs\/news\/completion-of-works-on-the-state-of-the-art-prison-in-kragujevac-serbia\/#primaryimage"},"thumbnailUrl":"https:\/\/webalkans.eu\/wp-content\/uploads\/2022\/11\/4-5.jpeg","datePublished":"2022-11-30T16:17:39+00:00","dateModified":"2022-12-16T17:47:03+00:00","description":"Zavr\u0161etak radova na najsavremenijem zatvoru u Kragujevcu u Srbiji","breadcrumb":{"@id":"https:\/\/webalkans.eu\/bs\/news\/completion-of-works-on-the-state-of-the-art-prison-in-kragujevac-serbia\/#breadcrumb"},"inLanguage":"bs-BA","potentialAction":[{"@type":"ReadAction","target":["https:\/\/webalkans.eu\/bs\/news\/completion-of-works-on-the-state-of-the-art-prison-in-kragujevac-serbia\/"]}]},{"@type":"ImageObject","inLanguage":"bs-BA","@id":"https:\/\/webalkans.eu\/bs\/news\/completion-of-works-on-the-state-of-the-art-prison-in-kragujevac-serbia\/#primaryimage","url":"https:\/\/webalkans.eu\/wp-content\/uploads\/2022\/11\/4-5.jpeg","contentUrl":"https:\/\/webalkans.eu\/wp-content\/uploads\/2022\/11\/4-5.jpeg","width":500,"height":675},{"@type":"BreadcrumbList","@id":"https:\/\/webalkans.eu\/bs\/news\/completion-of-works-on-the-state-of-the-art-prison-in-kragujevac-serbia\/#breadcrumb","itemListElement":[{"@type":"ListItem","position":1,"name":"Home","item":"https:\/\/webalkans.eu\/bs\/homepage\/"},{"@type":"ListItem","position":2,"name":"Zavr\u0161etak radova na najsavremenijem zatvoru u Kragujevcu u Srbiji"}]},{"@type":"WebSite","@id":"https:\/\/webalkans.eu\/bs\/#website","url":"https:\/\/webalkans.eu\/bs\/","name":"WeBalkans | EU Projects in the Western Balkans","description":"","publisher":{"@id":"https:\/\/webalkans.eu\/bs\/#organization"},"potentialAction":[{"@type":"SearchAction","target":{"@type":"EntryPoint","urlTemplate":"https:\/\/webalkans.eu\/bs\/?s={search_term_string}"},"query-input":{"@type":"PropertyValueSpecification","valueRequired":true,"valueName":"search_term_string"}}],"inLanguage":"bs-BA"},{"@type":"Organization","@id":"https:\/\/webalkans.eu\/bs\/#organization","name":"European Union","url":"https:\/\/webalkans.eu\/bs\/","logo":{"@type":"ImageObject","inLanguage":"bs-BA","@id":"https:\/\/webalkans.eu\/bs\/#\/schema\/logo\/image\/","url":"https:\/\/webalkans.eu\/wp-content\/uploads\/2020\/11\/eu_flag.jpg","contentUrl":"https:\/\/webalkans.eu\/wp-content\/uploads\/2020\/11\/eu_flag.jpg","width":600,"height":401,"caption":"European Union"},"image":{"@id":"https:\/\/webalkans.eu\/bs\/#\/schema\/logo\/image\/"},"sameAs":["https:\/\/www.facebook.com\/webalkans.eu","https:\/\/x.com\/WeBalkans"]},{"@type":"Person","@id":"https:\/\/webalkans.eu\/bs\/#\/schema\/person\/95a8ea19ef21de3b7766e9b65ffdb4da","name":"007designstudio@gmail.com"}]}},"_links":{"self":[{"href":"https:\/\/webalkans.eu\/bs\/wp-json\/wp\/v2\/posts\/932848"}],"collection":[{"href":"https:\/\/webalkans.eu\/bs\/wp-json\/wp\/v2\/posts"}],"about":[{"href":"https:\/\/webalkans.eu\/bs\/wp-json\/wp\/v2\/types\/post"}],"author":[{"embeddable":true,"href":"https:\/\/webalkans.eu\/bs\/wp-json\/wp\/v2\/users\/152227"}],"replies":[{"embeddable":true,"href":"https:\/\/webalkans.eu\/bs\/wp-json\/wp\/v2\/comments?post=932848"}],"version-history":[{"count":0,"href":"https:\/\/webalkans.eu\/bs\/wp-json\/wp\/v2\/posts\/932848\/revisions"}],"wp:featuredmedia":[{"embeddable":true,"href":"https:\/\/webalkans.eu\/bs\/wp-json\/wp\/v2\/media\/899365"}],"wp:attachment":[{"href":"https:\/\/webalkans.eu\/bs\/wp-json\/wp\/v2\/media?parent=932848"}],"wp:term":[{"taxonomy":"country-for-news","embeddable":true,"href":"https:\/\/webalkans.eu\/bs\/wp-json\/wp\/v2\/country-for-news?post=932848"}],"curies":[{"name":"wp","href":"https:\/\/api.w.org\/{rel}","templated":true}]}}