
{"id":782237,"date":"2022-08-08T11:35:40","date_gmt":"2022-08-08T09:35:40","guid":{"rendered":"https:\/\/webalkans.eu\/news\/yeas-participate-in-so-keres-europa-forum-in-tirana-albania\/"},"modified":"2022-08-15T17:37:14","modified_gmt":"2022-08-15T15:37:14","slug":"yeas-participate-in-so-keres-europa-forum-in-tirana-albania","status":"publish","type":"post","link":"https:\/\/webalkans.eu\/bs\/news\/yeas-participate-in-so-keres-europa-forum-in-tirana-albania\/","title":{"rendered":"Mladi evropski ambasadori (YEA) u\u010destvuju na forumu \u201eSo Keres Europa?!\u201c u Tirani, Albanija"},"content":{"rendered":"<p style=\"font-weight: 400;\">&#8216;Pa Keres Europa?!&#8217; (\u201c\u0160ta ima, Evropo?!\u201d u prevodu sa romskog jezika) je me\u0111unarodni jednonedeljni dru\u0161tveni forum i dio aktivnosti organizovanih pod pokroviteljstvom grada Tirane, Evropske prijestolnice mladih, koji je ugostio preko 150 mladih ljudi i pozvao da prisustvuje nizu radionica, uklju\u010duju\u0107i mlade evropske ambasadore (YEA), iz cijele EU, Zapadnog Balkana i Turske. Radionice su odr\u017eavane u Tirani od 11. do 17. jula a njihovi u\u010desnici su bili Romi i neromi koji su razgovarali o temama ljudskih i manjinskih prava u Evropi, intersekcionalnosti, umjetnosti i kulturi, zagovaranju za pitanja mladih i otporu Roma.<\/p>\n<p>&nbsp;<\/p>\n<p style=\"font-weight: 400;\">Nakon jednonedeljne radionice, forum je kulminirao javnim doga\u0111ajem \u2013 Me\u0111unarodnim romskim festivalom mladih \u2013 gdje su grupe predstavile rezultate svog rada, a predstavnici Evropske prijestolnice mladih, predstavnici vlasti i nacionalni politi\u010dari imali priliku da zajedno sa u\u010desnicima iz Evrope zauzmu stav podr\u0161ke raznolikosti i inkluziji svih mladih ljudi.<\/p>\n<p>&nbsp;<\/p>\n<p style=\"font-weight: 400;\">Doma\u0107ini doga\u0111aja bili su organizacija <em>Roma Active<\/em> iz Albanije i inicijativa <em>Tirana Youth Capital<\/em>, a forum su sufinansirali EU, Erasmus+ i inicijativa Tirana evropska prijestolnica mladih 2022.<\/p>\n","protected":false},"excerpt":{"rendered":"<p>&#8216;Pa Keres Europa?!&#8217; (\u201c\u0160ta ima, Evropo?!\u201d u prevodu sa romskog jezika) je me\u0111unarodni jednonedeljni dru\u0161tveni forum i dio aktivnosti organizovanih pod pokroviteljstvom grada Tirane, Evropske <\/p>\n","protected":false},"author":152227,"featured_media":770968,"comment_status":"closed","ping_status":"closed","sticky":false,"template":"","format":"standard","meta":{"_acf_changed":false,"_monsterinsights_skip_tracking":false,"_monsterinsights_sitenote_active":false,"_monsterinsights_sitenote_note":"","_monsterinsights_sitenote_category":0,"footnotes":""},"country-for-news":[416,420,425,432,438,442],"class_list":["post-782237","post","type-post","status-publish","format-standard","has-post-thumbnail","hentry","wb_theme-culture-and-youth","country-for-news-albania","country-for-news-bosnia-and-herzegovina","country-for-news-kosovo","country-for-news-montenegro","country-for-news-north-macedonia","country-for-news-serbia"],"acf":[],"yoast_head":"<!-- This site is optimized with the Yoast SEO plugin v25.3.1 - https:\/\/yoast.com\/wordpress\/plugins\/seo\/ -->\n<title>Mladi evropski ambasadori (YEA) u\u010destvuju na forumu \u201eSo Keres Europa?!\u201c u Tirani, Albanija News | WeBalkans<\/title>\n<meta name=\"description\" content=\"Mladi evropski ambasadori (YEA) u\u010destvuju na forumu \u201eSo Keres Europa?!\u201c u Tirani, Albanija\" \/>\n<meta name=\"robots\" content=\"index, follow, max-snippet:-1, max-image-preview:large, max-video-preview:-1\" \/>\n<link rel=\"canonical\" href=\"https:\/\/webalkans.eu\/bs\/news\/yeas-participate-in-so-keres-europa-forum-in-tirana-albania\/\" \/>\n<meta property=\"og:locale\" content=\"bs_BA\" \/>\n<meta property=\"og:type\" content=\"article\" \/>\n<meta property=\"og:title\" content=\"Mladi evropski ambasadori (YEA) u\u010destvuju na forumu \u201eSo Keres Europa?!\u201c u Tirani, Albanija News | WeBalkans\" \/>\n<meta property=\"og:description\" content=\"Mladi evropski ambasadori (YEA) u\u010destvuju na forumu \u201eSo Keres Europa?!\u201c u Tirani, Albanija\" \/>\n<meta property=\"og:url\" content=\"https:\/\/webalkans.eu\/bs\/news\/yeas-participate-in-so-keres-europa-forum-in-tirana-albania\/\" \/>\n<meta property=\"og:site_name\" content=\"WeBalkans | EU Projects in the Western Balkans\" \/>\n<meta property=\"article:publisher\" content=\"https:\/\/www.facebook.com\/webalkans.eu\" \/>\n<meta property=\"article:published_time\" content=\"2022-08-08T09:35:40+00:00\" \/>\n<meta property=\"article:modified_time\" content=\"2022-08-15T15:37:14+00:00\" \/>\n<meta property=\"og:image\" content=\"https:\/\/webalkans.eu\/wp-content\/uploads\/2022\/08\/1-3.jpeg\" \/>\n\t<meta property=\"og:image:width\" content=\"2048\" \/>\n\t<meta property=\"og:image:height\" content=\"1536\" \/>\n\t<meta property=\"og:image:type\" content=\"image\/jpeg\" \/>\n<meta name=\"author\" content=\"007designstudio@gmail.com\" \/>\n<meta name=\"twitter:card\" content=\"summary_large_image\" \/>\n<meta name=\"twitter:creator\" content=\"@WeBalkans\" \/>\n<meta name=\"twitter:site\" content=\"@WeBalkans\" \/>\n<meta name=\"twitter:label1\" content=\"Written by\" \/>\n\t<meta name=\"twitter:data1\" content=\"007designstudio@gmail.com\" \/>\n\t<meta name=\"twitter:label2\" content=\"Est. reading time\" \/>\n\t<meta name=\"twitter:data2\" content=\"1 minuta\" \/>\n<script type=\"application\/ld+json\" class=\"yoast-schema-graph\">{\"@context\":\"https:\/\/schema.org\",\"@graph\":[{\"@type\":\"Article\",\"@id\":\"https:\/\/webalkans.eu\/bs\/news\/yeas-participate-in-so-keres-europa-forum-in-tirana-albania\/#article\",\"isPartOf\":{\"@id\":\"https:\/\/webalkans.eu\/bs\/news\/yeas-participate-in-so-keres-europa-forum-in-tirana-albania\/\"},\"author\":{\"name\":\"007designstudio@gmail.com\",\"@id\":\"https:\/\/webalkans.eu\/bs\/#\/schema\/person\/95a8ea19ef21de3b7766e9b65ffdb4da\"},\"headline\":\"Mladi evropski ambasadori (YEA) u\u010destvuju na forumu \u201eSo Keres Europa?!\u201c u Tirani, Albanija\",\"datePublished\":\"2022-08-08T09:35:40+00:00\",\"dateModified\":\"2022-08-15T15:37:14+00:00\",\"mainEntityOfPage\":{\"@id\":\"https:\/\/webalkans.eu\/bs\/news\/yeas-participate-in-so-keres-europa-forum-in-tirana-albania\/\"},\"wordCount\":190,\"publisher\":{\"@id\":\"https:\/\/webalkans.eu\/bs\/#organization\"},\"image\":{\"@id\":\"https:\/\/webalkans.eu\/bs\/news\/yeas-participate-in-so-keres-europa-forum-in-tirana-albania\/#primaryimage\"},\"thumbnailUrl\":\"https:\/\/webalkans.eu\/wp-content\/uploads\/2022\/08\/1-3.jpeg\",\"inLanguage\":\"bs-BA\"},{\"@type\":\"WebPage\",\"@id\":\"https:\/\/webalkans.eu\/bs\/news\/yeas-participate-in-so-keres-europa-forum-in-tirana-albania\/\",\"url\":\"https:\/\/webalkans.eu\/bs\/news\/yeas-participate-in-so-keres-europa-forum-in-tirana-albania\/\",\"name\":\"Mladi evropski ambasadori (YEA) u\u010destvuju na forumu \u201eSo Keres Europa?!\u201c u Tirani, Albanija News | WeBalkans\",\"isPartOf\":{\"@id\":\"https:\/\/webalkans.eu\/bs\/#website\"},\"primaryImageOfPage\":{\"@id\":\"https:\/\/webalkans.eu\/bs\/news\/yeas-participate-in-so-keres-europa-forum-in-tirana-albania\/#primaryimage\"},\"image\":{\"@id\":\"https:\/\/webalkans.eu\/bs\/news\/yeas-participate-in-so-keres-europa-forum-in-tirana-albania\/#primaryimage\"},\"thumbnailUrl\":\"https:\/\/webalkans.eu\/wp-content\/uploads\/2022\/08\/1-3.jpeg\",\"datePublished\":\"2022-08-08T09:35:40+00:00\",\"dateModified\":\"2022-08-15T15:37:14+00:00\",\"description\":\"Mladi evropski ambasadori (YEA) u\u010destvuju na forumu \u201eSo Keres Europa?!\u201c u Tirani, Albanija\",\"breadcrumb\":{\"@id\":\"https:\/\/webalkans.eu\/bs\/news\/yeas-participate-in-so-keres-europa-forum-in-tirana-albania\/#breadcrumb\"},\"inLanguage\":\"bs-BA\",\"potentialAction\":[{\"@type\":\"ReadAction\",\"target\":[\"https:\/\/webalkans.eu\/bs\/news\/yeas-participate-in-so-keres-europa-forum-in-tirana-albania\/\"]}]},{\"@type\":\"ImageObject\",\"inLanguage\":\"bs-BA\",\"@id\":\"https:\/\/webalkans.eu\/bs\/news\/yeas-participate-in-so-keres-europa-forum-in-tirana-albania\/#primaryimage\",\"url\":\"https:\/\/webalkans.eu\/wp-content\/uploads\/2022\/08\/1-3.jpeg\",\"contentUrl\":\"https:\/\/webalkans.eu\/wp-content\/uploads\/2022\/08\/1-3.jpeg\",\"width\":2048,\"height\":1536},{\"@type\":\"BreadcrumbList\",\"@id\":\"https:\/\/webalkans.eu\/bs\/news\/yeas-participate-in-so-keres-europa-forum-in-tirana-albania\/#breadcrumb\",\"itemListElement\":[{\"@type\":\"ListItem\",\"position\":1,\"name\":\"Home\",\"item\":\"https:\/\/webalkans.eu\/bs\/homepage\/\"},{\"@type\":\"ListItem\",\"position\":2,\"name\":\"Mladi evropski ambasadori (YEA) u\u010destvuju na forumu \u201eSo Keres Europa?!\u201c u Tirani, Albanija\"}]},{\"@type\":\"WebSite\",\"@id\":\"https:\/\/webalkans.eu\/bs\/#website\",\"url\":\"https:\/\/webalkans.eu\/bs\/\",\"name\":\"WeBalkans | EU Projects in the Western Balkans\",\"description\":\"\",\"publisher\":{\"@id\":\"https:\/\/webalkans.eu\/bs\/#organization\"},\"potentialAction\":[{\"@type\":\"SearchAction\",\"target\":{\"@type\":\"EntryPoint\",\"urlTemplate\":\"https:\/\/webalkans.eu\/bs\/?s={search_term_string}\"},\"query-input\":{\"@type\":\"PropertyValueSpecification\",\"valueRequired\":true,\"valueName\":\"search_term_string\"}}],\"inLanguage\":\"bs-BA\"},{\"@type\":\"Organization\",\"@id\":\"https:\/\/webalkans.eu\/bs\/#organization\",\"name\":\"European Union\",\"url\":\"https:\/\/webalkans.eu\/bs\/\",\"logo\":{\"@type\":\"ImageObject\",\"inLanguage\":\"bs-BA\",\"@id\":\"https:\/\/webalkans.eu\/bs\/#\/schema\/logo\/image\/\",\"url\":\"https:\/\/webalkans.eu\/wp-content\/uploads\/2020\/11\/eu_flag.jpg\",\"contentUrl\":\"https:\/\/webalkans.eu\/wp-content\/uploads\/2020\/11\/eu_flag.jpg\",\"width\":600,\"height\":401,\"caption\":\"European Union\"},\"image\":{\"@id\":\"https:\/\/webalkans.eu\/bs\/#\/schema\/logo\/image\/\"},\"sameAs\":[\"https:\/\/www.facebook.com\/webalkans.eu\",\"https:\/\/x.com\/WeBalkans\"]},{\"@type\":\"Person\",\"@id\":\"https:\/\/webalkans.eu\/bs\/#\/schema\/person\/95a8ea19ef21de3b7766e9b65ffdb4da\",\"name\":\"007designstudio@gmail.com\"}]}<\/script>\n<!-- \/ Yoast SEO plugin. -->","yoast_head_json":{"title":"Mladi evropski ambasadori (YEA) u\u010destvuju na forumu \u201eSo Keres Europa?!\u201c u Tirani, Albanija News | WeBalkans","description":"Mladi evropski ambasadori (YEA) u\u010destvuju na forumu \u201eSo Keres Europa?!\u201c u Tirani, Albanija","robots":{"index":"index","follow":"follow","max-snippet":"max-snippet:-1","max-image-preview":"max-image-preview:large","max-video-preview":"max-video-preview:-1"},"canonical":"https:\/\/webalkans.eu\/bs\/news\/yeas-participate-in-so-keres-europa-forum-in-tirana-albania\/","og_locale":"bs_BA","og_type":"article","og_title":"Mladi evropski ambasadori (YEA) u\u010destvuju na forumu \u201eSo Keres Europa?!\u201c u Tirani, Albanija News | WeBalkans","og_description":"Mladi evropski ambasadori (YEA) u\u010destvuju na forumu \u201eSo Keres Europa?!\u201c u Tirani, Albanija","og_url":"https:\/\/webalkans.eu\/bs\/news\/yeas-participate-in-so-keres-europa-forum-in-tirana-albania\/","og_site_name":"WeBalkans | EU Projects in the Western Balkans","article_publisher":"https:\/\/www.facebook.com\/webalkans.eu","article_published_time":"2022-08-08T09:35:40+00:00","article_modified_time":"2022-08-15T15:37:14+00:00","og_image":[{"width":2048,"height":1536,"url":"https:\/\/webalkans.eu\/wp-content\/uploads\/2022\/08\/1-3.jpeg","type":"image\/jpeg"}],"author":"007designstudio@gmail.com","twitter_card":"summary_large_image","twitter_creator":"@WeBalkans","twitter_site":"@WeBalkans","twitter_misc":{"Written by":"007designstudio@gmail.com","Est. reading time":"1 minuta"},"schema":{"@context":"https:\/\/schema.org","@graph":[{"@type":"Article","@id":"https:\/\/webalkans.eu\/bs\/news\/yeas-participate-in-so-keres-europa-forum-in-tirana-albania\/#article","isPartOf":{"@id":"https:\/\/webalkans.eu\/bs\/news\/yeas-participate-in-so-keres-europa-forum-in-tirana-albania\/"},"author":{"name":"007designstudio@gmail.com","@id":"https:\/\/webalkans.eu\/bs\/#\/schema\/person\/95a8ea19ef21de3b7766e9b65ffdb4da"},"headline":"Mladi evropski ambasadori (YEA) u\u010destvuju na forumu \u201eSo Keres Europa?!\u201c u Tirani, Albanija","datePublished":"2022-08-08T09:35:40+00:00","dateModified":"2022-08-15T15:37:14+00:00","mainEntityOfPage":{"@id":"https:\/\/webalkans.eu\/bs\/news\/yeas-participate-in-so-keres-europa-forum-in-tirana-albania\/"},"wordCount":190,"publisher":{"@id":"https:\/\/webalkans.eu\/bs\/#organization"},"image":{"@id":"https:\/\/webalkans.eu\/bs\/news\/yeas-participate-in-so-keres-europa-forum-in-tirana-albania\/#primaryimage"},"thumbnailUrl":"https:\/\/webalkans.eu\/wp-content\/uploads\/2022\/08\/1-3.jpeg","inLanguage":"bs-BA"},{"@type":"WebPage","@id":"https:\/\/webalkans.eu\/bs\/news\/yeas-participate-in-so-keres-europa-forum-in-tirana-albania\/","url":"https:\/\/webalkans.eu\/bs\/news\/yeas-participate-in-so-keres-europa-forum-in-tirana-albania\/","name":"Mladi evropski ambasadori (YEA) u\u010destvuju na forumu \u201eSo Keres Europa?!\u201c u Tirani, Albanija News | WeBalkans","isPartOf":{"@id":"https:\/\/webalkans.eu\/bs\/#website"},"primaryImageOfPage":{"@id":"https:\/\/webalkans.eu\/bs\/news\/yeas-participate-in-so-keres-europa-forum-in-tirana-albania\/#primaryimage"},"image":{"@id":"https:\/\/webalkans.eu\/bs\/news\/yeas-participate-in-so-keres-europa-forum-in-tirana-albania\/#primaryimage"},"thumbnailUrl":"https:\/\/webalkans.eu\/wp-content\/uploads\/2022\/08\/1-3.jpeg","datePublished":"2022-08-08T09:35:40+00:00","dateModified":"2022-08-15T15:37:14+00:00","description":"Mladi evropski ambasadori (YEA) u\u010destvuju na forumu \u201eSo Keres Europa?!\u201c u Tirani, Albanija","breadcrumb":{"@id":"https:\/\/webalkans.eu\/bs\/news\/yeas-participate-in-so-keres-europa-forum-in-tirana-albania\/#breadcrumb"},"inLanguage":"bs-BA","potentialAction":[{"@type":"ReadAction","target":["https:\/\/webalkans.eu\/bs\/news\/yeas-participate-in-so-keres-europa-forum-in-tirana-albania\/"]}]},{"@type":"ImageObject","inLanguage":"bs-BA","@id":"https:\/\/webalkans.eu\/bs\/news\/yeas-participate-in-so-keres-europa-forum-in-tirana-albania\/#primaryimage","url":"https:\/\/webalkans.eu\/wp-content\/uploads\/2022\/08\/1-3.jpeg","contentUrl":"https:\/\/webalkans.eu\/wp-content\/uploads\/2022\/08\/1-3.jpeg","width":2048,"height":1536},{"@type":"BreadcrumbList","@id":"https:\/\/webalkans.eu\/bs\/news\/yeas-participate-in-so-keres-europa-forum-in-tirana-albania\/#breadcrumb","itemListElement":[{"@type":"ListItem","position":1,"name":"Home","item":"https:\/\/webalkans.eu\/bs\/homepage\/"},{"@type":"ListItem","position":2,"name":"Mladi evropski ambasadori (YEA) u\u010destvuju na forumu \u201eSo Keres Europa?!\u201c u Tirani, Albanija"}]},{"@type":"WebSite","@id":"https:\/\/webalkans.eu\/bs\/#website","url":"https:\/\/webalkans.eu\/bs\/","name":"WeBalkans | EU Projects in the Western Balkans","description":"","publisher":{"@id":"https:\/\/webalkans.eu\/bs\/#organization"},"potentialAction":[{"@type":"SearchAction","target":{"@type":"EntryPoint","urlTemplate":"https:\/\/webalkans.eu\/bs\/?s={search_term_string}"},"query-input":{"@type":"PropertyValueSpecification","valueRequired":true,"valueName":"search_term_string"}}],"inLanguage":"bs-BA"},{"@type":"Organization","@id":"https:\/\/webalkans.eu\/bs\/#organization","name":"European Union","url":"https:\/\/webalkans.eu\/bs\/","logo":{"@type":"ImageObject","inLanguage":"bs-BA","@id":"https:\/\/webalkans.eu\/bs\/#\/schema\/logo\/image\/","url":"https:\/\/webalkans.eu\/wp-content\/uploads\/2020\/11\/eu_flag.jpg","contentUrl":"https:\/\/webalkans.eu\/wp-content\/uploads\/2020\/11\/eu_flag.jpg","width":600,"height":401,"caption":"European Union"},"image":{"@id":"https:\/\/webalkans.eu\/bs\/#\/schema\/logo\/image\/"},"sameAs":["https:\/\/www.facebook.com\/webalkans.eu","https:\/\/x.com\/WeBalkans"]},{"@type":"Person","@id":"https:\/\/webalkans.eu\/bs\/#\/schema\/person\/95a8ea19ef21de3b7766e9b65ffdb4da","name":"007designstudio@gmail.com"}]}},"_links":{"self":[{"href":"https:\/\/webalkans.eu\/bs\/wp-json\/wp\/v2\/posts\/782237"}],"collection":[{"href":"https:\/\/webalkans.eu\/bs\/wp-json\/wp\/v2\/posts"}],"about":[{"href":"https:\/\/webalkans.eu\/bs\/wp-json\/wp\/v2\/types\/post"}],"author":[{"embeddable":true,"href":"https:\/\/webalkans.eu\/bs\/wp-json\/wp\/v2\/users\/152227"}],"replies":[{"embeddable":true,"href":"https:\/\/webalkans.eu\/bs\/wp-json\/wp\/v2\/comments?post=782237"}],"version-history":[{"count":0,"href":"https:\/\/webalkans.eu\/bs\/wp-json\/wp\/v2\/posts\/782237\/revisions"}],"wp:featuredmedia":[{"embeddable":true,"href":"https:\/\/webalkans.eu\/bs\/wp-json\/wp\/v2\/media\/770968"}],"wp:attachment":[{"href":"https:\/\/webalkans.eu\/bs\/wp-json\/wp\/v2\/media?parent=782237"}],"wp:term":[{"taxonomy":"country-for-news","embeddable":true,"href":"https:\/\/webalkans.eu\/bs\/wp-json\/wp\/v2\/country-for-news?post=782237"}],"curies":[{"name":"wp","href":"https:\/\/api.w.org\/{rel}","templated":true}]}}