
{"id":771045,"date":"2022-08-02T10:19:01","date_gmt":"2022-08-02T08:19:01","guid":{"rendered":"https:\/\/webalkans.eu\/news\/gradiska-bridge-completed-with-eu-grant-contribution-of-e3-2-million\/"},"modified":"2022-08-08T12:09:54","modified_gmt":"2022-08-08T10:09:54","slug":"gradiska-bridge-completed-with-eu-grant-contribution-of-e3-2-million","status":"publish","type":"post","link":"https:\/\/webalkans.eu\/bs\/news\/gradiska-bridge-completed-with-eu-grant-contribution-of-e3-2-million\/","title":{"rendered":"Most u Gradi\u0161ci zavr\u0161en uz donaciju EU vrijednu 3,2 miliona eura"},"content":{"rendered":"<p>29 jul \u2013 obilje\u017een zavr\u0161etak radova na prekograni\u010dnom mostu u Gradi\u0161ci koji povezuje Bosnu i Hercegovinu i Hrvatsku. To je jedan od najva\u017enijih projekata na rijeci Savi. Evropska unija sufinansirala je izgradnju mosta sa 3,2 miliona eura bespovratnih sredstava \u0161to je kombinovano sa povoljnim kreditom od 5,6 miliona eura od Evropske investicione banke (EIB).<\/p>\n<p>&nbsp;<\/p>\n<p style=\"font-weight: 400;\">Most du\u017eine 430 metara povezat \u0107e autocestu Ruta 2a u Bosni i Hercegovini sa brzim putem u Hrvatskoj koji je u izgradnji i koji \u0107e se protezati od granice sa Bosnom i Hercegovinom, preko Oku\u010dana, do granice sa Ma\u0111arskom. Zajedno sa grani\u010dnim prelazom, most \u0107e omogu\u0107iti vezu sa klju\u010dnom transevropskom mre\u017eom na Koridoru Vc i postati pokreta\u010d promjena za lokalnu ekonomiju.<\/p>\n<p>&nbsp;<\/p>\n<p style=\"font-weight: 400;\">Kada bude otvoren za transport, Gradi\u0161ki most \u0107e zna\u010dajno smanjiti vrijeme \u010dekanja na granici i omogu\u0107iti br\u017eu i sigurniju prevoznu rutu za preduze\u0107a i gra\u0111ane BiH i regiona, \u0161to \u0107e dovesti do pobolj\u0161anja ekonomskog rasta i novih radnih mjesta. Projekat je va\u017ean korak ka integraciji Zapadnog Balkana u Agendu povezivanja Evropske unije, \u010diji je cilj unapre\u0111enje infrastrukturnih veza u regionu.<\/p>\n<p>&nbsp;<\/p>\n<p style=\"font-weight: 400;\">Ovo je drugi prekograni\u010dni most preko rijeke Save koji sufinansira Evropska unija u BiH. Pro\u0161le godine otvoren je most, autoput i grani\u010dni prelaz u Svilaju, za koje je Evropska unija obezbijedila 25 miliona eura bespovratnih sredstava.<\/p>\n<p>&nbsp;<\/p>\n<p style=\"font-weight: 400;\">EU je do sada dodijelila preko 640 miliona eura grantova za 19 projekata u BiH u sektoru transporta, uklju\u010duju\u0107i nekoliko dionica na Koridoru Vc, ali i \u017eeljeznice, plovne puteve i luke. Bosna i Hercegovina je imala velike koristi od EU Agende povezivanja, a sada ima i od Ekonomskog investicionog plana.<\/p>\n<p style=\"font-weight: 400;\">\n","protected":false},"excerpt":{"rendered":"<p>29 jul \u2013 obilje\u017een zavr\u0161etak radova na prekograni\u010dnom mostu u Gradi\u0161ci koji povezuje Bosnu i Hercegovinu i Hrvatsku. To je jedan od najva\u017enijih projekata na <\/p>\n","protected":false},"author":152227,"featured_media":762382,"comment_status":"closed","ping_status":"closed","sticky":false,"template":"","format":"standard","meta":{"_acf_changed":false,"_monsterinsights_skip_tracking":false,"_monsterinsights_sitenote_active":false,"_monsterinsights_sitenote_note":"","_monsterinsights_sitenote_category":0,"footnotes":""},"country-for-news":[420],"class_list":["post-771045","post","type-post","status-publish","format-standard","has-post-thumbnail","hentry","wb_theme-connectivity","country-for-news-bosnia-and-herzegovina"],"acf":[],"yoast_head":"<!-- This site is optimized with the Yoast SEO plugin v25.3.1 - https:\/\/yoast.com\/wordpress\/plugins\/seo\/ -->\n<title>Most u Gradi\u0161ci zavr\u0161en uz donaciju EU vrijednu 3,2 miliona eura News | WeBalkans<\/title>\n<meta name=\"description\" content=\"Most u Gradi\u0161ci zavr\u0161en uz donaciju EU vrijednu 3,2 miliona eura\" \/>\n<meta name=\"robots\" content=\"index, follow, max-snippet:-1, max-image-preview:large, max-video-preview:-1\" \/>\n<link rel=\"canonical\" href=\"https:\/\/webalkans.eu\/bs\/news\/gradiska-bridge-completed-with-eu-grant-contribution-of-e3-2-million\/\" \/>\n<meta property=\"og:locale\" content=\"bs_BA\" \/>\n<meta property=\"og:type\" content=\"article\" \/>\n<meta property=\"og:title\" content=\"Most u Gradi\u0161ci zavr\u0161en uz donaciju EU vrijednu 3,2 miliona eura News | WeBalkans\" \/>\n<meta property=\"og:description\" content=\"Most u Gradi\u0161ci zavr\u0161en uz donaciju EU vrijednu 3,2 miliona eura\" \/>\n<meta property=\"og:url\" content=\"https:\/\/webalkans.eu\/bs\/news\/gradiska-bridge-completed-with-eu-grant-contribution-of-e3-2-million\/\" \/>\n<meta property=\"og:site_name\" content=\"WeBalkans | EU Projects in the Western Balkans\" \/>\n<meta property=\"article:publisher\" content=\"https:\/\/www.facebook.com\/webalkans.eu\" \/>\n<meta property=\"article:published_time\" content=\"2022-08-02T08:19:01+00:00\" \/>\n<meta property=\"article:modified_time\" content=\"2022-08-08T10:09:54+00:00\" \/>\n<meta property=\"og:image\" content=\"https:\/\/webalkans.eu\/wp-content\/uploads\/2022\/08\/1-1.jpeg\" \/>\n\t<meta property=\"og:image:width\" content=\"500\" \/>\n\t<meta property=\"og:image:height\" content=\"649\" \/>\n\t<meta property=\"og:image:type\" content=\"image\/jpeg\" \/>\n<meta name=\"author\" content=\"007designstudio@gmail.com\" \/>\n<meta name=\"twitter:card\" content=\"summary_large_image\" \/>\n<meta name=\"twitter:creator\" content=\"@WeBalkans\" \/>\n<meta name=\"twitter:site\" content=\"@WeBalkans\" \/>\n<meta name=\"twitter:label1\" content=\"Written by\" \/>\n\t<meta name=\"twitter:data1\" content=\"007designstudio@gmail.com\" \/>\n\t<meta name=\"twitter:label2\" content=\"Est. reading time\" \/>\n\t<meta name=\"twitter:data2\" content=\"1 minuta\" \/>\n<script type=\"application\/ld+json\" class=\"yoast-schema-graph\">{\"@context\":\"https:\/\/schema.org\",\"@graph\":[{\"@type\":\"Article\",\"@id\":\"https:\/\/webalkans.eu\/bs\/news\/gradiska-bridge-completed-with-eu-grant-contribution-of-e3-2-million\/#article\",\"isPartOf\":{\"@id\":\"https:\/\/webalkans.eu\/bs\/news\/gradiska-bridge-completed-with-eu-grant-contribution-of-e3-2-million\/\"},\"author\":{\"name\":\"007designstudio@gmail.com\",\"@id\":\"https:\/\/webalkans.eu\/bs\/#\/schema\/person\/95a8ea19ef21de3b7766e9b65ffdb4da\"},\"headline\":\"Most u Gradi\u0161ci zavr\u0161en uz donaciju EU vrijednu 3,2 miliona eura\",\"datePublished\":\"2022-08-02T08:19:01+00:00\",\"dateModified\":\"2022-08-08T10:09:54+00:00\",\"mainEntityOfPage\":{\"@id\":\"https:\/\/webalkans.eu\/bs\/news\/gradiska-bridge-completed-with-eu-grant-contribution-of-e3-2-million\/\"},\"wordCount\":295,\"publisher\":{\"@id\":\"https:\/\/webalkans.eu\/bs\/#organization\"},\"image\":{\"@id\":\"https:\/\/webalkans.eu\/bs\/news\/gradiska-bridge-completed-with-eu-grant-contribution-of-e3-2-million\/#primaryimage\"},\"thumbnailUrl\":\"https:\/\/webalkans.eu\/wp-content\/uploads\/2022\/08\/1-1.jpeg\",\"inLanguage\":\"bs-BA\"},{\"@type\":\"WebPage\",\"@id\":\"https:\/\/webalkans.eu\/bs\/news\/gradiska-bridge-completed-with-eu-grant-contribution-of-e3-2-million\/\",\"url\":\"https:\/\/webalkans.eu\/bs\/news\/gradiska-bridge-completed-with-eu-grant-contribution-of-e3-2-million\/\",\"name\":\"Most u Gradi\u0161ci zavr\u0161en uz donaciju EU vrijednu 3,2 miliona eura News | WeBalkans\",\"isPartOf\":{\"@id\":\"https:\/\/webalkans.eu\/bs\/#website\"},\"primaryImageOfPage\":{\"@id\":\"https:\/\/webalkans.eu\/bs\/news\/gradiska-bridge-completed-with-eu-grant-contribution-of-e3-2-million\/#primaryimage\"},\"image\":{\"@id\":\"https:\/\/webalkans.eu\/bs\/news\/gradiska-bridge-completed-with-eu-grant-contribution-of-e3-2-million\/#primaryimage\"},\"thumbnailUrl\":\"https:\/\/webalkans.eu\/wp-content\/uploads\/2022\/08\/1-1.jpeg\",\"datePublished\":\"2022-08-02T08:19:01+00:00\",\"dateModified\":\"2022-08-08T10:09:54+00:00\",\"description\":\"Most u Gradi\u0161ci zavr\u0161en uz donaciju EU vrijednu 3,2 miliona eura\",\"breadcrumb\":{\"@id\":\"https:\/\/webalkans.eu\/bs\/news\/gradiska-bridge-completed-with-eu-grant-contribution-of-e3-2-million\/#breadcrumb\"},\"inLanguage\":\"bs-BA\",\"potentialAction\":[{\"@type\":\"ReadAction\",\"target\":[\"https:\/\/webalkans.eu\/bs\/news\/gradiska-bridge-completed-with-eu-grant-contribution-of-e3-2-million\/\"]}]},{\"@type\":\"ImageObject\",\"inLanguage\":\"bs-BA\",\"@id\":\"https:\/\/webalkans.eu\/bs\/news\/gradiska-bridge-completed-with-eu-grant-contribution-of-e3-2-million\/#primaryimage\",\"url\":\"https:\/\/webalkans.eu\/wp-content\/uploads\/2022\/08\/1-1.jpeg\",\"contentUrl\":\"https:\/\/webalkans.eu\/wp-content\/uploads\/2022\/08\/1-1.jpeg\",\"width\":500,\"height\":649},{\"@type\":\"BreadcrumbList\",\"@id\":\"https:\/\/webalkans.eu\/bs\/news\/gradiska-bridge-completed-with-eu-grant-contribution-of-e3-2-million\/#breadcrumb\",\"itemListElement\":[{\"@type\":\"ListItem\",\"position\":1,\"name\":\"Home\",\"item\":\"https:\/\/webalkans.eu\/bs\/homepage\/\"},{\"@type\":\"ListItem\",\"position\":2,\"name\":\"Most u Gradi\u0161ci zavr\u0161en uz donaciju EU vrijednu 3,2 miliona eura\"}]},{\"@type\":\"WebSite\",\"@id\":\"https:\/\/webalkans.eu\/bs\/#website\",\"url\":\"https:\/\/webalkans.eu\/bs\/\",\"name\":\"WeBalkans | EU Projects in the Western Balkans\",\"description\":\"\",\"publisher\":{\"@id\":\"https:\/\/webalkans.eu\/bs\/#organization\"},\"potentialAction\":[{\"@type\":\"SearchAction\",\"target\":{\"@type\":\"EntryPoint\",\"urlTemplate\":\"https:\/\/webalkans.eu\/bs\/?s={search_term_string}\"},\"query-input\":{\"@type\":\"PropertyValueSpecification\",\"valueRequired\":true,\"valueName\":\"search_term_string\"}}],\"inLanguage\":\"bs-BA\"},{\"@type\":\"Organization\",\"@id\":\"https:\/\/webalkans.eu\/bs\/#organization\",\"name\":\"European Union\",\"url\":\"https:\/\/webalkans.eu\/bs\/\",\"logo\":{\"@type\":\"ImageObject\",\"inLanguage\":\"bs-BA\",\"@id\":\"https:\/\/webalkans.eu\/bs\/#\/schema\/logo\/image\/\",\"url\":\"https:\/\/webalkans.eu\/wp-content\/uploads\/2020\/11\/eu_flag.jpg\",\"contentUrl\":\"https:\/\/webalkans.eu\/wp-content\/uploads\/2020\/11\/eu_flag.jpg\",\"width\":600,\"height\":401,\"caption\":\"European Union\"},\"image\":{\"@id\":\"https:\/\/webalkans.eu\/bs\/#\/schema\/logo\/image\/\"},\"sameAs\":[\"https:\/\/www.facebook.com\/webalkans.eu\",\"https:\/\/x.com\/WeBalkans\"]},{\"@type\":\"Person\",\"@id\":\"https:\/\/webalkans.eu\/bs\/#\/schema\/person\/95a8ea19ef21de3b7766e9b65ffdb4da\",\"name\":\"007designstudio@gmail.com\"}]}<\/script>\n<!-- \/ Yoast SEO plugin. -->","yoast_head_json":{"title":"Most u Gradi\u0161ci zavr\u0161en uz donaciju EU vrijednu 3,2 miliona eura News | WeBalkans","description":"Most u Gradi\u0161ci zavr\u0161en uz donaciju EU vrijednu 3,2 miliona eura","robots":{"index":"index","follow":"follow","max-snippet":"max-snippet:-1","max-image-preview":"max-image-preview:large","max-video-preview":"max-video-preview:-1"},"canonical":"https:\/\/webalkans.eu\/bs\/news\/gradiska-bridge-completed-with-eu-grant-contribution-of-e3-2-million\/","og_locale":"bs_BA","og_type":"article","og_title":"Most u Gradi\u0161ci zavr\u0161en uz donaciju EU vrijednu 3,2 miliona eura News | WeBalkans","og_description":"Most u Gradi\u0161ci zavr\u0161en uz donaciju EU vrijednu 3,2 miliona eura","og_url":"https:\/\/webalkans.eu\/bs\/news\/gradiska-bridge-completed-with-eu-grant-contribution-of-e3-2-million\/","og_site_name":"WeBalkans | EU Projects in the Western Balkans","article_publisher":"https:\/\/www.facebook.com\/webalkans.eu","article_published_time":"2022-08-02T08:19:01+00:00","article_modified_time":"2022-08-08T10:09:54+00:00","og_image":[{"width":500,"height":649,"url":"https:\/\/webalkans.eu\/wp-content\/uploads\/2022\/08\/1-1.jpeg","type":"image\/jpeg"}],"author":"007designstudio@gmail.com","twitter_card":"summary_large_image","twitter_creator":"@WeBalkans","twitter_site":"@WeBalkans","twitter_misc":{"Written by":"007designstudio@gmail.com","Est. reading time":"1 minuta"},"schema":{"@context":"https:\/\/schema.org","@graph":[{"@type":"Article","@id":"https:\/\/webalkans.eu\/bs\/news\/gradiska-bridge-completed-with-eu-grant-contribution-of-e3-2-million\/#article","isPartOf":{"@id":"https:\/\/webalkans.eu\/bs\/news\/gradiska-bridge-completed-with-eu-grant-contribution-of-e3-2-million\/"},"author":{"name":"007designstudio@gmail.com","@id":"https:\/\/webalkans.eu\/bs\/#\/schema\/person\/95a8ea19ef21de3b7766e9b65ffdb4da"},"headline":"Most u Gradi\u0161ci zavr\u0161en uz donaciju EU vrijednu 3,2 miliona eura","datePublished":"2022-08-02T08:19:01+00:00","dateModified":"2022-08-08T10:09:54+00:00","mainEntityOfPage":{"@id":"https:\/\/webalkans.eu\/bs\/news\/gradiska-bridge-completed-with-eu-grant-contribution-of-e3-2-million\/"},"wordCount":295,"publisher":{"@id":"https:\/\/webalkans.eu\/bs\/#organization"},"image":{"@id":"https:\/\/webalkans.eu\/bs\/news\/gradiska-bridge-completed-with-eu-grant-contribution-of-e3-2-million\/#primaryimage"},"thumbnailUrl":"https:\/\/webalkans.eu\/wp-content\/uploads\/2022\/08\/1-1.jpeg","inLanguage":"bs-BA"},{"@type":"WebPage","@id":"https:\/\/webalkans.eu\/bs\/news\/gradiska-bridge-completed-with-eu-grant-contribution-of-e3-2-million\/","url":"https:\/\/webalkans.eu\/bs\/news\/gradiska-bridge-completed-with-eu-grant-contribution-of-e3-2-million\/","name":"Most u Gradi\u0161ci zavr\u0161en uz donaciju EU vrijednu 3,2 miliona eura News | WeBalkans","isPartOf":{"@id":"https:\/\/webalkans.eu\/bs\/#website"},"primaryImageOfPage":{"@id":"https:\/\/webalkans.eu\/bs\/news\/gradiska-bridge-completed-with-eu-grant-contribution-of-e3-2-million\/#primaryimage"},"image":{"@id":"https:\/\/webalkans.eu\/bs\/news\/gradiska-bridge-completed-with-eu-grant-contribution-of-e3-2-million\/#primaryimage"},"thumbnailUrl":"https:\/\/webalkans.eu\/wp-content\/uploads\/2022\/08\/1-1.jpeg","datePublished":"2022-08-02T08:19:01+00:00","dateModified":"2022-08-08T10:09:54+00:00","description":"Most u Gradi\u0161ci zavr\u0161en uz donaciju EU vrijednu 3,2 miliona eura","breadcrumb":{"@id":"https:\/\/webalkans.eu\/bs\/news\/gradiska-bridge-completed-with-eu-grant-contribution-of-e3-2-million\/#breadcrumb"},"inLanguage":"bs-BA","potentialAction":[{"@type":"ReadAction","target":["https:\/\/webalkans.eu\/bs\/news\/gradiska-bridge-completed-with-eu-grant-contribution-of-e3-2-million\/"]}]},{"@type":"ImageObject","inLanguage":"bs-BA","@id":"https:\/\/webalkans.eu\/bs\/news\/gradiska-bridge-completed-with-eu-grant-contribution-of-e3-2-million\/#primaryimage","url":"https:\/\/webalkans.eu\/wp-content\/uploads\/2022\/08\/1-1.jpeg","contentUrl":"https:\/\/webalkans.eu\/wp-content\/uploads\/2022\/08\/1-1.jpeg","width":500,"height":649},{"@type":"BreadcrumbList","@id":"https:\/\/webalkans.eu\/bs\/news\/gradiska-bridge-completed-with-eu-grant-contribution-of-e3-2-million\/#breadcrumb","itemListElement":[{"@type":"ListItem","position":1,"name":"Home","item":"https:\/\/webalkans.eu\/bs\/homepage\/"},{"@type":"ListItem","position":2,"name":"Most u Gradi\u0161ci zavr\u0161en uz donaciju EU vrijednu 3,2 miliona eura"}]},{"@type":"WebSite","@id":"https:\/\/webalkans.eu\/bs\/#website","url":"https:\/\/webalkans.eu\/bs\/","name":"WeBalkans | EU Projects in the Western Balkans","description":"","publisher":{"@id":"https:\/\/webalkans.eu\/bs\/#organization"},"potentialAction":[{"@type":"SearchAction","target":{"@type":"EntryPoint","urlTemplate":"https:\/\/webalkans.eu\/bs\/?s={search_term_string}"},"query-input":{"@type":"PropertyValueSpecification","valueRequired":true,"valueName":"search_term_string"}}],"inLanguage":"bs-BA"},{"@type":"Organization","@id":"https:\/\/webalkans.eu\/bs\/#organization","name":"European Union","url":"https:\/\/webalkans.eu\/bs\/","logo":{"@type":"ImageObject","inLanguage":"bs-BA","@id":"https:\/\/webalkans.eu\/bs\/#\/schema\/logo\/image\/","url":"https:\/\/webalkans.eu\/wp-content\/uploads\/2020\/11\/eu_flag.jpg","contentUrl":"https:\/\/webalkans.eu\/wp-content\/uploads\/2020\/11\/eu_flag.jpg","width":600,"height":401,"caption":"European Union"},"image":{"@id":"https:\/\/webalkans.eu\/bs\/#\/schema\/logo\/image\/"},"sameAs":["https:\/\/www.facebook.com\/webalkans.eu","https:\/\/x.com\/WeBalkans"]},{"@type":"Person","@id":"https:\/\/webalkans.eu\/bs\/#\/schema\/person\/95a8ea19ef21de3b7766e9b65ffdb4da","name":"007designstudio@gmail.com"}]}},"_links":{"self":[{"href":"https:\/\/webalkans.eu\/bs\/wp-json\/wp\/v2\/posts\/771045"}],"collection":[{"href":"https:\/\/webalkans.eu\/bs\/wp-json\/wp\/v2\/posts"}],"about":[{"href":"https:\/\/webalkans.eu\/bs\/wp-json\/wp\/v2\/types\/post"}],"author":[{"embeddable":true,"href":"https:\/\/webalkans.eu\/bs\/wp-json\/wp\/v2\/users\/152227"}],"replies":[{"embeddable":true,"href":"https:\/\/webalkans.eu\/bs\/wp-json\/wp\/v2\/comments?post=771045"}],"version-history":[{"count":0,"href":"https:\/\/webalkans.eu\/bs\/wp-json\/wp\/v2\/posts\/771045\/revisions"}],"wp:featuredmedia":[{"embeddable":true,"href":"https:\/\/webalkans.eu\/bs\/wp-json\/wp\/v2\/media\/762382"}],"wp:attachment":[{"href":"https:\/\/webalkans.eu\/bs\/wp-json\/wp\/v2\/media?parent=771045"}],"wp:term":[{"taxonomy":"country-for-news","embeddable":true,"href":"https:\/\/webalkans.eu\/bs\/wp-json\/wp\/v2\/country-for-news?post=771045"}],"curies":[{"name":"wp","href":"https:\/\/api.w.org\/{rel}","templated":true}]}}