
{"id":728964,"date":"2022-07-08T18:25:09","date_gmt":"2022-07-08T16:25:09","guid":{"rendered":"https:\/\/webalkans.eu\/news\/yea-meet-the-austrian-minister-of-justice-ms-alma-zadic\/"},"modified":"2022-07-18T19:05:23","modified_gmt":"2022-07-18T17:05:23","slug":"yea-meet-the-austrian-minister-of-justice-ms-alma-zadic","status":"publish","type":"post","link":"https:\/\/webalkans.eu\/bs\/news\/yea-meet-the-austrian-minister-of-justice-ms-alma-zadic\/","title":{"rendered":"YEA se sastaje sa ministarkom pravde Austrije Almom Zadi\u0107"},"content":{"rendered":"<p style=\"font-weight: 400;\">Mladi evropski ambasadori (YEA) iz Bosne i Hercegovine: Armin Poljak, Nikola Bodulovic\u0301, Hana Kunic\u0301, Nejra Gurbeta, Dragana Vu\u010dkovic\u0301 i D\u017eulisa Otuzbir imali su priliku da se sastanu sa ministarkom pravde Austrije, gospo\u0111om Almom Zadic\u0301, koja je u\u010destvovala u panel diskusiji pod nazivom \u201eQuo vadis, Bosnia and Herzegovina?&#8221; sa ambasadorom EU, g. Johannom Sattlerom i predstavnicima bosanskog civilnog dru\u0161tva.<\/p>\n<p>&nbsp;<\/p>\n<p style=\"font-weight: 400;\">Nakon diskusije, YEA su imali priliku razgovarati sa gospo\u0111om Zadic\u0301 i predstaviti joj rad YEA mre\u017ee, kao i govoriti o polo\u017eaju mladih u Bosni i Hercegovini.<\/p>\n<p>&nbsp;<\/p>\n<p style=\"font-weight: 400;\">YEA platforma je kreativna mre\u017ea mladih aktivista iz cijelog zapadnog Balkana (Albanije, Bosne i Hercegovine, Kosova, Crne Gore, Severne Makedonije i Srbije). YEA dolaze iz razli\u010ditih sredina, ali svi dijele zajedni\u010dku viziju: Zapadni Balkan ujedinjen u raznolikosti. Zajedno u\u010de jedni o drugima i o EU, prate kreativne projekte, sti\u010du nove vje\u0161tine, povezuju se putem dru\u0161tvenih medija i organizuju inspirativna de\u0161avanja \u2013 uvijek navo\u0111eni idejom da je aktivizam mladih najmoc\u0301nija snaga dru\u0161tvenih promjena.<\/p>\n<p>&nbsp;<\/p>\n<p style=\"font-weight: 400;\">Ciljevi mre\u017ee su: da dijeli vrijednosti EU; da podigne svijest o saradnji EU sa partnerima na Zapadnom Balkanu; da prika\u017eu opipljive rezultate ove saradnje; da doprinese dijalogu o politici razli\u010ditih tema; i da pomogne povec\u0301anju gra\u0111anskog aktivizma.<\/p>\n","protected":false},"excerpt":{"rendered":"<p>Mladi evropski ambasadori (YEA) iz Bosne i Hercegovine: Armin Poljak, Nikola Bodulovic\u0301, Hana Kunic\u0301, Nejra Gurbeta, Dragana Vu\u010dkovic\u0301 i D\u017eulisa Otuzbir imali su priliku da <\/p>\n","protected":false},"author":152227,"featured_media":688930,"comment_status":"closed","ping_status":"closed","sticky":false,"template":"","format":"standard","meta":{"_acf_changed":false,"_monsterinsights_skip_tracking":false,"_monsterinsights_sitenote_active":false,"_monsterinsights_sitenote_note":"","_monsterinsights_sitenote_category":0,"footnotes":""},"country-for-news":[420],"class_list":["post-728964","post","type-post","status-publish","format-standard","has-post-thumbnail","hentry","wb_theme-culture-and-youth","country-for-news-bosnia-and-herzegovina"],"acf":[],"yoast_head":"<!-- This site is optimized with the Yoast SEO plugin v25.3.1 - https:\/\/yoast.com\/wordpress\/plugins\/seo\/ -->\n<title>YEA se sastaje sa ministarkom pravde Austrije Almom Zadi\u0107 News | WeBalkans<\/title>\n<meta name=\"description\" content=\"YEA se sastaje sa ministarkom pravde Austrije Almom Zadi\u0107\" \/>\n<meta name=\"robots\" content=\"index, follow, max-snippet:-1, max-image-preview:large, max-video-preview:-1\" \/>\n<link rel=\"canonical\" href=\"https:\/\/webalkans.eu\/bs\/news\/yea-meet-the-austrian-minister-of-justice-ms-alma-zadic\/\" \/>\n<meta property=\"og:locale\" content=\"bs_BA\" \/>\n<meta property=\"og:type\" content=\"article\" \/>\n<meta property=\"og:title\" content=\"YEA se sastaje sa ministarkom pravde Austrije Almom Zadi\u0107 News | WeBalkans\" \/>\n<meta property=\"og:description\" content=\"YEA se sastaje sa ministarkom pravde Austrije Almom Zadi\u0107\" \/>\n<meta property=\"og:url\" content=\"https:\/\/webalkans.eu\/bs\/news\/yea-meet-the-austrian-minister-of-justice-ms-alma-zadic\/\" \/>\n<meta property=\"og:site_name\" content=\"WeBalkans | EU Projects in the Western Balkans\" \/>\n<meta property=\"article:publisher\" content=\"https:\/\/www.facebook.com\/webalkans.eu\" \/>\n<meta property=\"article:published_time\" content=\"2022-07-08T16:25:09+00:00\" \/>\n<meta property=\"article:modified_time\" content=\"2022-07-18T17:05:23+00:00\" \/>\n<meta property=\"og:image\" content=\"https:\/\/webalkans.eu\/wp-content\/uploads\/2022\/07\/6-1.jpg\" \/>\n\t<meta property=\"og:image:width\" content=\"480\" \/>\n\t<meta property=\"og:image:height\" content=\"600\" \/>\n\t<meta property=\"og:image:type\" content=\"image\/jpeg\" \/>\n<meta name=\"author\" content=\"007designstudio@gmail.com\" \/>\n<meta name=\"twitter:card\" content=\"summary_large_image\" \/>\n<meta name=\"twitter:creator\" content=\"@WeBalkans\" \/>\n<meta name=\"twitter:site\" content=\"@WeBalkans\" \/>\n<meta name=\"twitter:label1\" content=\"Written by\" \/>\n\t<meta name=\"twitter:data1\" content=\"007designstudio@gmail.com\" \/>\n\t<meta name=\"twitter:label2\" content=\"Est. reading time\" \/>\n\t<meta name=\"twitter:data2\" content=\"1 minuta\" \/>\n<script type=\"application\/ld+json\" class=\"yoast-schema-graph\">{\"@context\":\"https:\/\/schema.org\",\"@graph\":[{\"@type\":\"Article\",\"@id\":\"https:\/\/webalkans.eu\/bs\/news\/yea-meet-the-austrian-minister-of-justice-ms-alma-zadic\/#article\",\"isPartOf\":{\"@id\":\"https:\/\/webalkans.eu\/bs\/news\/yea-meet-the-austrian-minister-of-justice-ms-alma-zadic\/\"},\"author\":{\"name\":\"007designstudio@gmail.com\",\"@id\":\"https:\/\/webalkans.eu\/bs\/#\/schema\/person\/95a8ea19ef21de3b7766e9b65ffdb4da\"},\"headline\":\"YEA se sastaje sa ministarkom pravde Austrije Almom Zadi\u0107\",\"datePublished\":\"2022-07-08T16:25:09+00:00\",\"dateModified\":\"2022-07-18T17:05:23+00:00\",\"mainEntityOfPage\":{\"@id\":\"https:\/\/webalkans.eu\/bs\/news\/yea-meet-the-austrian-minister-of-justice-ms-alma-zadic\/\"},\"wordCount\":228,\"publisher\":{\"@id\":\"https:\/\/webalkans.eu\/bs\/#organization\"},\"image\":{\"@id\":\"https:\/\/webalkans.eu\/bs\/news\/yea-meet-the-austrian-minister-of-justice-ms-alma-zadic\/#primaryimage\"},\"thumbnailUrl\":\"https:\/\/webalkans.eu\/wp-content\/uploads\/2022\/07\/6-1.jpg\",\"inLanguage\":\"bs-BA\"},{\"@type\":\"WebPage\",\"@id\":\"https:\/\/webalkans.eu\/bs\/news\/yea-meet-the-austrian-minister-of-justice-ms-alma-zadic\/\",\"url\":\"https:\/\/webalkans.eu\/bs\/news\/yea-meet-the-austrian-minister-of-justice-ms-alma-zadic\/\",\"name\":\"YEA se sastaje sa ministarkom pravde Austrije Almom Zadi\u0107 News | WeBalkans\",\"isPartOf\":{\"@id\":\"https:\/\/webalkans.eu\/bs\/#website\"},\"primaryImageOfPage\":{\"@id\":\"https:\/\/webalkans.eu\/bs\/news\/yea-meet-the-austrian-minister-of-justice-ms-alma-zadic\/#primaryimage\"},\"image\":{\"@id\":\"https:\/\/webalkans.eu\/bs\/news\/yea-meet-the-austrian-minister-of-justice-ms-alma-zadic\/#primaryimage\"},\"thumbnailUrl\":\"https:\/\/webalkans.eu\/wp-content\/uploads\/2022\/07\/6-1.jpg\",\"datePublished\":\"2022-07-08T16:25:09+00:00\",\"dateModified\":\"2022-07-18T17:05:23+00:00\",\"description\":\"YEA se sastaje sa ministarkom pravde Austrije Almom Zadi\u0107\",\"breadcrumb\":{\"@id\":\"https:\/\/webalkans.eu\/bs\/news\/yea-meet-the-austrian-minister-of-justice-ms-alma-zadic\/#breadcrumb\"},\"inLanguage\":\"bs-BA\",\"potentialAction\":[{\"@type\":\"ReadAction\",\"target\":[\"https:\/\/webalkans.eu\/bs\/news\/yea-meet-the-austrian-minister-of-justice-ms-alma-zadic\/\"]}]},{\"@type\":\"ImageObject\",\"inLanguage\":\"bs-BA\",\"@id\":\"https:\/\/webalkans.eu\/bs\/news\/yea-meet-the-austrian-minister-of-justice-ms-alma-zadic\/#primaryimage\",\"url\":\"https:\/\/webalkans.eu\/wp-content\/uploads\/2022\/07\/6-1.jpg\",\"contentUrl\":\"https:\/\/webalkans.eu\/wp-content\/uploads\/2022\/07\/6-1.jpg\",\"width\":480,\"height\":600},{\"@type\":\"BreadcrumbList\",\"@id\":\"https:\/\/webalkans.eu\/bs\/news\/yea-meet-the-austrian-minister-of-justice-ms-alma-zadic\/#breadcrumb\",\"itemListElement\":[{\"@type\":\"ListItem\",\"position\":1,\"name\":\"Home\",\"item\":\"https:\/\/webalkans.eu\/bs\/homepage\/\"},{\"@type\":\"ListItem\",\"position\":2,\"name\":\"YEA se sastaje sa ministarkom pravde Austrije Almom Zadi\u0107\"}]},{\"@type\":\"WebSite\",\"@id\":\"https:\/\/webalkans.eu\/bs\/#website\",\"url\":\"https:\/\/webalkans.eu\/bs\/\",\"name\":\"WeBalkans | EU Projects in the Western Balkans\",\"description\":\"\",\"publisher\":{\"@id\":\"https:\/\/webalkans.eu\/bs\/#organization\"},\"potentialAction\":[{\"@type\":\"SearchAction\",\"target\":{\"@type\":\"EntryPoint\",\"urlTemplate\":\"https:\/\/webalkans.eu\/bs\/?s={search_term_string}\"},\"query-input\":{\"@type\":\"PropertyValueSpecification\",\"valueRequired\":true,\"valueName\":\"search_term_string\"}}],\"inLanguage\":\"bs-BA\"},{\"@type\":\"Organization\",\"@id\":\"https:\/\/webalkans.eu\/bs\/#organization\",\"name\":\"European Union\",\"url\":\"https:\/\/webalkans.eu\/bs\/\",\"logo\":{\"@type\":\"ImageObject\",\"inLanguage\":\"bs-BA\",\"@id\":\"https:\/\/webalkans.eu\/bs\/#\/schema\/logo\/image\/\",\"url\":\"https:\/\/webalkans.eu\/wp-content\/uploads\/2020\/11\/eu_flag.jpg\",\"contentUrl\":\"https:\/\/webalkans.eu\/wp-content\/uploads\/2020\/11\/eu_flag.jpg\",\"width\":600,\"height\":401,\"caption\":\"European Union\"},\"image\":{\"@id\":\"https:\/\/webalkans.eu\/bs\/#\/schema\/logo\/image\/\"},\"sameAs\":[\"https:\/\/www.facebook.com\/webalkans.eu\",\"https:\/\/x.com\/WeBalkans\"]},{\"@type\":\"Person\",\"@id\":\"https:\/\/webalkans.eu\/bs\/#\/schema\/person\/95a8ea19ef21de3b7766e9b65ffdb4da\",\"name\":\"007designstudio@gmail.com\"}]}<\/script>\n<!-- \/ Yoast SEO plugin. -->","yoast_head_json":{"title":"YEA se sastaje sa ministarkom pravde Austrije Almom Zadi\u0107 News | WeBalkans","description":"YEA se sastaje sa ministarkom pravde Austrije Almom Zadi\u0107","robots":{"index":"index","follow":"follow","max-snippet":"max-snippet:-1","max-image-preview":"max-image-preview:large","max-video-preview":"max-video-preview:-1"},"canonical":"https:\/\/webalkans.eu\/bs\/news\/yea-meet-the-austrian-minister-of-justice-ms-alma-zadic\/","og_locale":"bs_BA","og_type":"article","og_title":"YEA se sastaje sa ministarkom pravde Austrije Almom Zadi\u0107 News | WeBalkans","og_description":"YEA se sastaje sa ministarkom pravde Austrije Almom Zadi\u0107","og_url":"https:\/\/webalkans.eu\/bs\/news\/yea-meet-the-austrian-minister-of-justice-ms-alma-zadic\/","og_site_name":"WeBalkans | EU Projects in the Western Balkans","article_publisher":"https:\/\/www.facebook.com\/webalkans.eu","article_published_time":"2022-07-08T16:25:09+00:00","article_modified_time":"2022-07-18T17:05:23+00:00","og_image":[{"width":480,"height":600,"url":"https:\/\/webalkans.eu\/wp-content\/uploads\/2022\/07\/6-1.jpg","type":"image\/jpeg"}],"author":"007designstudio@gmail.com","twitter_card":"summary_large_image","twitter_creator":"@WeBalkans","twitter_site":"@WeBalkans","twitter_misc":{"Written by":"007designstudio@gmail.com","Est. reading time":"1 minuta"},"schema":{"@context":"https:\/\/schema.org","@graph":[{"@type":"Article","@id":"https:\/\/webalkans.eu\/bs\/news\/yea-meet-the-austrian-minister-of-justice-ms-alma-zadic\/#article","isPartOf":{"@id":"https:\/\/webalkans.eu\/bs\/news\/yea-meet-the-austrian-minister-of-justice-ms-alma-zadic\/"},"author":{"name":"007designstudio@gmail.com","@id":"https:\/\/webalkans.eu\/bs\/#\/schema\/person\/95a8ea19ef21de3b7766e9b65ffdb4da"},"headline":"YEA se sastaje sa ministarkom pravde Austrije Almom Zadi\u0107","datePublished":"2022-07-08T16:25:09+00:00","dateModified":"2022-07-18T17:05:23+00:00","mainEntityOfPage":{"@id":"https:\/\/webalkans.eu\/bs\/news\/yea-meet-the-austrian-minister-of-justice-ms-alma-zadic\/"},"wordCount":228,"publisher":{"@id":"https:\/\/webalkans.eu\/bs\/#organization"},"image":{"@id":"https:\/\/webalkans.eu\/bs\/news\/yea-meet-the-austrian-minister-of-justice-ms-alma-zadic\/#primaryimage"},"thumbnailUrl":"https:\/\/webalkans.eu\/wp-content\/uploads\/2022\/07\/6-1.jpg","inLanguage":"bs-BA"},{"@type":"WebPage","@id":"https:\/\/webalkans.eu\/bs\/news\/yea-meet-the-austrian-minister-of-justice-ms-alma-zadic\/","url":"https:\/\/webalkans.eu\/bs\/news\/yea-meet-the-austrian-minister-of-justice-ms-alma-zadic\/","name":"YEA se sastaje sa ministarkom pravde Austrije Almom Zadi\u0107 News | WeBalkans","isPartOf":{"@id":"https:\/\/webalkans.eu\/bs\/#website"},"primaryImageOfPage":{"@id":"https:\/\/webalkans.eu\/bs\/news\/yea-meet-the-austrian-minister-of-justice-ms-alma-zadic\/#primaryimage"},"image":{"@id":"https:\/\/webalkans.eu\/bs\/news\/yea-meet-the-austrian-minister-of-justice-ms-alma-zadic\/#primaryimage"},"thumbnailUrl":"https:\/\/webalkans.eu\/wp-content\/uploads\/2022\/07\/6-1.jpg","datePublished":"2022-07-08T16:25:09+00:00","dateModified":"2022-07-18T17:05:23+00:00","description":"YEA se sastaje sa ministarkom pravde Austrije Almom Zadi\u0107","breadcrumb":{"@id":"https:\/\/webalkans.eu\/bs\/news\/yea-meet-the-austrian-minister-of-justice-ms-alma-zadic\/#breadcrumb"},"inLanguage":"bs-BA","potentialAction":[{"@type":"ReadAction","target":["https:\/\/webalkans.eu\/bs\/news\/yea-meet-the-austrian-minister-of-justice-ms-alma-zadic\/"]}]},{"@type":"ImageObject","inLanguage":"bs-BA","@id":"https:\/\/webalkans.eu\/bs\/news\/yea-meet-the-austrian-minister-of-justice-ms-alma-zadic\/#primaryimage","url":"https:\/\/webalkans.eu\/wp-content\/uploads\/2022\/07\/6-1.jpg","contentUrl":"https:\/\/webalkans.eu\/wp-content\/uploads\/2022\/07\/6-1.jpg","width":480,"height":600},{"@type":"BreadcrumbList","@id":"https:\/\/webalkans.eu\/bs\/news\/yea-meet-the-austrian-minister-of-justice-ms-alma-zadic\/#breadcrumb","itemListElement":[{"@type":"ListItem","position":1,"name":"Home","item":"https:\/\/webalkans.eu\/bs\/homepage\/"},{"@type":"ListItem","position":2,"name":"YEA se sastaje sa ministarkom pravde Austrije Almom Zadi\u0107"}]},{"@type":"WebSite","@id":"https:\/\/webalkans.eu\/bs\/#website","url":"https:\/\/webalkans.eu\/bs\/","name":"WeBalkans | EU Projects in the Western Balkans","description":"","publisher":{"@id":"https:\/\/webalkans.eu\/bs\/#organization"},"potentialAction":[{"@type":"SearchAction","target":{"@type":"EntryPoint","urlTemplate":"https:\/\/webalkans.eu\/bs\/?s={search_term_string}"},"query-input":{"@type":"PropertyValueSpecification","valueRequired":true,"valueName":"search_term_string"}}],"inLanguage":"bs-BA"},{"@type":"Organization","@id":"https:\/\/webalkans.eu\/bs\/#organization","name":"European Union","url":"https:\/\/webalkans.eu\/bs\/","logo":{"@type":"ImageObject","inLanguage":"bs-BA","@id":"https:\/\/webalkans.eu\/bs\/#\/schema\/logo\/image\/","url":"https:\/\/webalkans.eu\/wp-content\/uploads\/2020\/11\/eu_flag.jpg","contentUrl":"https:\/\/webalkans.eu\/wp-content\/uploads\/2020\/11\/eu_flag.jpg","width":600,"height":401,"caption":"European Union"},"image":{"@id":"https:\/\/webalkans.eu\/bs\/#\/schema\/logo\/image\/"},"sameAs":["https:\/\/www.facebook.com\/webalkans.eu","https:\/\/x.com\/WeBalkans"]},{"@type":"Person","@id":"https:\/\/webalkans.eu\/bs\/#\/schema\/person\/95a8ea19ef21de3b7766e9b65ffdb4da","name":"007designstudio@gmail.com"}]}},"_links":{"self":[{"href":"https:\/\/webalkans.eu\/bs\/wp-json\/wp\/v2\/posts\/728964"}],"collection":[{"href":"https:\/\/webalkans.eu\/bs\/wp-json\/wp\/v2\/posts"}],"about":[{"href":"https:\/\/webalkans.eu\/bs\/wp-json\/wp\/v2\/types\/post"}],"author":[{"embeddable":true,"href":"https:\/\/webalkans.eu\/bs\/wp-json\/wp\/v2\/users\/152227"}],"replies":[{"embeddable":true,"href":"https:\/\/webalkans.eu\/bs\/wp-json\/wp\/v2\/comments?post=728964"}],"version-history":[{"count":0,"href":"https:\/\/webalkans.eu\/bs\/wp-json\/wp\/v2\/posts\/728964\/revisions"}],"wp:featuredmedia":[{"embeddable":true,"href":"https:\/\/webalkans.eu\/bs\/wp-json\/wp\/v2\/media\/688930"}],"wp:attachment":[{"href":"https:\/\/webalkans.eu\/bs\/wp-json\/wp\/v2\/media?parent=728964"}],"wp:term":[{"taxonomy":"country-for-news","embeddable":true,"href":"https:\/\/webalkans.eu\/bs\/wp-json\/wp\/v2\/country-for-news?post=728964"}],"curies":[{"name":"wp","href":"https:\/\/api.w.org\/{rel}","templated":true}]}}