
{"id":728943,"date":"2022-07-08T18:17:33","date_gmt":"2022-07-08T16:17:33","guid":{"rendered":"https:\/\/webalkans.eu\/news\/eu-and-ebrd-to-support-transition-to-solar-energy-in-north-macedonia\/"},"modified":"2022-07-18T18:59:12","modified_gmt":"2022-07-18T16:59:12","slug":"eu-and-ebrd-to-support-transition-to-solar-energy-in-north-macedonia","status":"publish","type":"post","link":"https:\/\/webalkans.eu\/bs\/news\/eu-and-ebrd-to-support-transition-to-solar-energy-in-north-macedonia\/","title":{"rendered":"EU i EBRD \u0107e podr\u017eati prelazak na solarnu energiju u Sjevernoj Makedoniji"},"content":{"rendered":"<div>\n<p><span lang=\"EN-GB\">Planovi dekarbonizacije u Sjevernoj Makedoniji zna\u010dajno su napredovali. Evropska unija podr\u017eava Elektrana na Severna Makedonija (ESM), dr\u017eavnu elektroprivrednu kompaniju, u implementaciji fotonaponski (PV) projekta od 30 MW koji se sastoji od 10 MW na dijelu istro\u0161enog rudnika uglja termoelektrane Oslomej, i 20 MW u blizini termoelektrane Bitola. EU \u0107e obezbijediti grant od 5 miliona eura koji se finansira kroz Investicioni okvir za Zapadni Balkan (WBIF). Evropska banka za obnovu i razvoj (EBRD) pozajmljuje 25 miliona eura kako bi potpomogla ovaj razvoj.<\/span><\/p>\n<p>&nbsp;<\/p>\n<\/div>\n<div>\n<p><span lang=\"EN-GB\">Ambasador David Geer, \u0161ef Delegacije EU u Sjevernoj Makedoniji, rekao je: \u201eVidimo konkretne pomake u materijalizaciji Zelene agende za Zapadni Balkan i pretvaranju Ekonomskog i investicionog plana u stvarnost. Investicioni grant WBIF-a i zajam EBRD-a, koji podr\u017eavaju transformaciju elektrana Oslomej i Bitola s proizvodnje energije iz uglja na solarnu energiju, predstavljaju jasan pokazatelj da zemlja preduzima prave korake \u2013 prelazi na zelenu energiju, prolaze\u0107i dru\u0161tveno ispravan tranzicioni proces. Ova investicija je dugo kasnila i dolazi u pravo vrijeme za Sjevernu Makedoniju, osiguravaju\u0107i \u010disto i sigurno energetsko snabdijevanje.\u201d<\/span><\/p>\n<p>&nbsp;<\/p>\n<\/div>\n<div>\n<p><span lang=\"EN-GB\">Nove solarne elektrane su produ\u017eetak prve PV elektrane snage 10 MW, izgra\u0111ene na iscrpljenim rudnicima uglja u Oslomeju i dokaz su puta dekarbonizacije ESM-a i zemlje. Kada budu u funkciji, nova postrojenja proizvodit \u0107e gotovo 48 GWh elektri\u010dne energije godi\u0161nje \u2013 dovoljno za napajanje 10.000 domova i zamjenu 44.000 tona CO2 godi\u0161nje. Projekt \u0107e tako\u0111e podr\u017eati napore ESM-a da obnovi rudnike koji su nekada snabdijevali termoelektrane ugljem.<\/span><\/p>\n<\/div>\n","protected":false},"excerpt":{"rendered":"<p>Planovi dekarbonizacije u Sjevernoj Makedoniji zna\u010dajno su napredovali. Evropska unija podr\u017eava Elektrana na Severna Makedonija (ESM), dr\u017eavnu elektroprivrednu kompaniju, u implementaciji fotonaponski (PV) projekta od <\/p>\n","protected":false},"author":152227,"featured_media":688899,"comment_status":"closed","ping_status":"closed","sticky":false,"template":"","format":"standard","meta":{"_acf_changed":false,"_monsterinsights_skip_tracking":false,"_monsterinsights_sitenote_active":false,"_monsterinsights_sitenote_note":"","_monsterinsights_sitenote_category":0,"footnotes":""},"country-for-news":[438],"class_list":["post-728943","post","type-post","status-publish","format-standard","has-post-thumbnail","hentry","wb_theme-connectivity","country-for-news-north-macedonia"],"acf":[],"yoast_head":"<!-- This site is optimized with the Yoast SEO plugin v25.3.1 - https:\/\/yoast.com\/wordpress\/plugins\/seo\/ -->\n<title>EU i EBRD \u0107e podr\u017eati prelazak na solarnu energiju u Sjevernoj Makedoniji News | WeBalkans<\/title>\n<meta name=\"description\" content=\"EU i EBRD \u0107e podr\u017eati prelazak na solarnu energiju u Sjevernoj Makedoniji\" \/>\n<meta name=\"robots\" content=\"index, follow, max-snippet:-1, max-image-preview:large, max-video-preview:-1\" \/>\n<link rel=\"canonical\" href=\"https:\/\/webalkans.eu\/bs\/news\/eu-and-ebrd-to-support-transition-to-solar-energy-in-north-macedonia\/\" \/>\n<meta property=\"og:locale\" content=\"bs_BA\" \/>\n<meta property=\"og:type\" content=\"article\" \/>\n<meta property=\"og:title\" content=\"EU i EBRD \u0107e podr\u017eati prelazak na solarnu energiju u Sjevernoj Makedoniji News | WeBalkans\" \/>\n<meta property=\"og:description\" content=\"EU i EBRD \u0107e podr\u017eati prelazak na solarnu energiju u Sjevernoj Makedoniji\" \/>\n<meta property=\"og:url\" content=\"https:\/\/webalkans.eu\/bs\/news\/eu-and-ebrd-to-support-transition-to-solar-energy-in-north-macedonia\/\" \/>\n<meta property=\"og:site_name\" content=\"WeBalkans | EU Projects in the Western Balkans\" \/>\n<meta property=\"article:publisher\" content=\"https:\/\/www.facebook.com\/webalkans.eu\" \/>\n<meta property=\"article:published_time\" content=\"2022-07-08T16:17:33+00:00\" \/>\n<meta property=\"article:modified_time\" content=\"2022-07-18T16:59:12+00:00\" \/>\n<meta property=\"og:image\" content=\"https:\/\/webalkans.eu\/wp-content\/uploads\/2022\/07\/3.jpeg\" \/>\n\t<meta property=\"og:image:width\" content=\"500\" \/>\n\t<meta property=\"og:image:height\" content=\"668\" \/>\n\t<meta property=\"og:image:type\" content=\"image\/jpeg\" \/>\n<meta name=\"author\" content=\"007designstudio@gmail.com\" \/>\n<meta name=\"twitter:card\" content=\"summary_large_image\" \/>\n<meta name=\"twitter:creator\" content=\"@WeBalkans\" \/>\n<meta name=\"twitter:site\" content=\"@WeBalkans\" \/>\n<meta name=\"twitter:label1\" content=\"Written by\" \/>\n\t<meta name=\"twitter:data1\" content=\"007designstudio@gmail.com\" \/>\n\t<meta name=\"twitter:label2\" content=\"Est. reading time\" \/>\n\t<meta name=\"twitter:data2\" content=\"1 minuta\" \/>\n<script type=\"application\/ld+json\" class=\"yoast-schema-graph\">{\"@context\":\"https:\/\/schema.org\",\"@graph\":[{\"@type\":\"Article\",\"@id\":\"https:\/\/webalkans.eu\/bs\/news\/eu-and-ebrd-to-support-transition-to-solar-energy-in-north-macedonia\/#article\",\"isPartOf\":{\"@id\":\"https:\/\/webalkans.eu\/bs\/news\/eu-and-ebrd-to-support-transition-to-solar-energy-in-north-macedonia\/\"},\"author\":{\"name\":\"007designstudio@gmail.com\",\"@id\":\"https:\/\/webalkans.eu\/bs\/#\/schema\/person\/95a8ea19ef21de3b7766e9b65ffdb4da\"},\"headline\":\"EU i EBRD \u0107e podr\u017eati prelazak na solarnu energiju u Sjevernoj Makedoniji\",\"datePublished\":\"2022-07-08T16:17:33+00:00\",\"dateModified\":\"2022-07-18T16:59:12+00:00\",\"mainEntityOfPage\":{\"@id\":\"https:\/\/webalkans.eu\/bs\/news\/eu-and-ebrd-to-support-transition-to-solar-energy-in-north-macedonia\/\"},\"wordCount\":254,\"publisher\":{\"@id\":\"https:\/\/webalkans.eu\/bs\/#organization\"},\"image\":{\"@id\":\"https:\/\/webalkans.eu\/bs\/news\/eu-and-ebrd-to-support-transition-to-solar-energy-in-north-macedonia\/#primaryimage\"},\"thumbnailUrl\":\"https:\/\/webalkans.eu\/wp-content\/uploads\/2022\/07\/3.jpeg\",\"inLanguage\":\"bs-BA\"},{\"@type\":\"WebPage\",\"@id\":\"https:\/\/webalkans.eu\/bs\/news\/eu-and-ebrd-to-support-transition-to-solar-energy-in-north-macedonia\/\",\"url\":\"https:\/\/webalkans.eu\/bs\/news\/eu-and-ebrd-to-support-transition-to-solar-energy-in-north-macedonia\/\",\"name\":\"EU i EBRD \u0107e podr\u017eati prelazak na solarnu energiju u Sjevernoj Makedoniji News | WeBalkans\",\"isPartOf\":{\"@id\":\"https:\/\/webalkans.eu\/bs\/#website\"},\"primaryImageOfPage\":{\"@id\":\"https:\/\/webalkans.eu\/bs\/news\/eu-and-ebrd-to-support-transition-to-solar-energy-in-north-macedonia\/#primaryimage\"},\"image\":{\"@id\":\"https:\/\/webalkans.eu\/bs\/news\/eu-and-ebrd-to-support-transition-to-solar-energy-in-north-macedonia\/#primaryimage\"},\"thumbnailUrl\":\"https:\/\/webalkans.eu\/wp-content\/uploads\/2022\/07\/3.jpeg\",\"datePublished\":\"2022-07-08T16:17:33+00:00\",\"dateModified\":\"2022-07-18T16:59:12+00:00\",\"description\":\"EU i EBRD \u0107e podr\u017eati prelazak na solarnu energiju u Sjevernoj Makedoniji\",\"breadcrumb\":{\"@id\":\"https:\/\/webalkans.eu\/bs\/news\/eu-and-ebrd-to-support-transition-to-solar-energy-in-north-macedonia\/#breadcrumb\"},\"inLanguage\":\"bs-BA\",\"potentialAction\":[{\"@type\":\"ReadAction\",\"target\":[\"https:\/\/webalkans.eu\/bs\/news\/eu-and-ebrd-to-support-transition-to-solar-energy-in-north-macedonia\/\"]}]},{\"@type\":\"ImageObject\",\"inLanguage\":\"bs-BA\",\"@id\":\"https:\/\/webalkans.eu\/bs\/news\/eu-and-ebrd-to-support-transition-to-solar-energy-in-north-macedonia\/#primaryimage\",\"url\":\"https:\/\/webalkans.eu\/wp-content\/uploads\/2022\/07\/3.jpeg\",\"contentUrl\":\"https:\/\/webalkans.eu\/wp-content\/uploads\/2022\/07\/3.jpeg\",\"width\":500,\"height\":668},{\"@type\":\"BreadcrumbList\",\"@id\":\"https:\/\/webalkans.eu\/bs\/news\/eu-and-ebrd-to-support-transition-to-solar-energy-in-north-macedonia\/#breadcrumb\",\"itemListElement\":[{\"@type\":\"ListItem\",\"position\":1,\"name\":\"Home\",\"item\":\"https:\/\/webalkans.eu\/bs\/homepage\/\"},{\"@type\":\"ListItem\",\"position\":2,\"name\":\"EU i EBRD \u0107e podr\u017eati prelazak na solarnu energiju u Sjevernoj Makedoniji\"}]},{\"@type\":\"WebSite\",\"@id\":\"https:\/\/webalkans.eu\/bs\/#website\",\"url\":\"https:\/\/webalkans.eu\/bs\/\",\"name\":\"WeBalkans | EU Projects in the Western Balkans\",\"description\":\"\",\"publisher\":{\"@id\":\"https:\/\/webalkans.eu\/bs\/#organization\"},\"potentialAction\":[{\"@type\":\"SearchAction\",\"target\":{\"@type\":\"EntryPoint\",\"urlTemplate\":\"https:\/\/webalkans.eu\/bs\/?s={search_term_string}\"},\"query-input\":{\"@type\":\"PropertyValueSpecification\",\"valueRequired\":true,\"valueName\":\"search_term_string\"}}],\"inLanguage\":\"bs-BA\"},{\"@type\":\"Organization\",\"@id\":\"https:\/\/webalkans.eu\/bs\/#organization\",\"name\":\"European Union\",\"url\":\"https:\/\/webalkans.eu\/bs\/\",\"logo\":{\"@type\":\"ImageObject\",\"inLanguage\":\"bs-BA\",\"@id\":\"https:\/\/webalkans.eu\/bs\/#\/schema\/logo\/image\/\",\"url\":\"https:\/\/webalkans.eu\/wp-content\/uploads\/2020\/11\/eu_flag.jpg\",\"contentUrl\":\"https:\/\/webalkans.eu\/wp-content\/uploads\/2020\/11\/eu_flag.jpg\",\"width\":600,\"height\":401,\"caption\":\"European Union\"},\"image\":{\"@id\":\"https:\/\/webalkans.eu\/bs\/#\/schema\/logo\/image\/\"},\"sameAs\":[\"https:\/\/www.facebook.com\/webalkans.eu\",\"https:\/\/x.com\/WeBalkans\"]},{\"@type\":\"Person\",\"@id\":\"https:\/\/webalkans.eu\/bs\/#\/schema\/person\/95a8ea19ef21de3b7766e9b65ffdb4da\",\"name\":\"007designstudio@gmail.com\"}]}<\/script>\n<!-- \/ Yoast SEO plugin. -->","yoast_head_json":{"title":"EU i EBRD \u0107e podr\u017eati prelazak na solarnu energiju u Sjevernoj Makedoniji News | WeBalkans","description":"EU i EBRD \u0107e podr\u017eati prelazak na solarnu energiju u Sjevernoj Makedoniji","robots":{"index":"index","follow":"follow","max-snippet":"max-snippet:-1","max-image-preview":"max-image-preview:large","max-video-preview":"max-video-preview:-1"},"canonical":"https:\/\/webalkans.eu\/bs\/news\/eu-and-ebrd-to-support-transition-to-solar-energy-in-north-macedonia\/","og_locale":"bs_BA","og_type":"article","og_title":"EU i EBRD \u0107e podr\u017eati prelazak na solarnu energiju u Sjevernoj Makedoniji News | WeBalkans","og_description":"EU i EBRD \u0107e podr\u017eati prelazak na solarnu energiju u Sjevernoj Makedoniji","og_url":"https:\/\/webalkans.eu\/bs\/news\/eu-and-ebrd-to-support-transition-to-solar-energy-in-north-macedonia\/","og_site_name":"WeBalkans | EU Projects in the Western Balkans","article_publisher":"https:\/\/www.facebook.com\/webalkans.eu","article_published_time":"2022-07-08T16:17:33+00:00","article_modified_time":"2022-07-18T16:59:12+00:00","og_image":[{"width":500,"height":668,"url":"https:\/\/webalkans.eu\/wp-content\/uploads\/2022\/07\/3.jpeg","type":"image\/jpeg"}],"author":"007designstudio@gmail.com","twitter_card":"summary_large_image","twitter_creator":"@WeBalkans","twitter_site":"@WeBalkans","twitter_misc":{"Written by":"007designstudio@gmail.com","Est. reading time":"1 minuta"},"schema":{"@context":"https:\/\/schema.org","@graph":[{"@type":"Article","@id":"https:\/\/webalkans.eu\/bs\/news\/eu-and-ebrd-to-support-transition-to-solar-energy-in-north-macedonia\/#article","isPartOf":{"@id":"https:\/\/webalkans.eu\/bs\/news\/eu-and-ebrd-to-support-transition-to-solar-energy-in-north-macedonia\/"},"author":{"name":"007designstudio@gmail.com","@id":"https:\/\/webalkans.eu\/bs\/#\/schema\/person\/95a8ea19ef21de3b7766e9b65ffdb4da"},"headline":"EU i EBRD \u0107e podr\u017eati prelazak na solarnu energiju u Sjevernoj Makedoniji","datePublished":"2022-07-08T16:17:33+00:00","dateModified":"2022-07-18T16:59:12+00:00","mainEntityOfPage":{"@id":"https:\/\/webalkans.eu\/bs\/news\/eu-and-ebrd-to-support-transition-to-solar-energy-in-north-macedonia\/"},"wordCount":254,"publisher":{"@id":"https:\/\/webalkans.eu\/bs\/#organization"},"image":{"@id":"https:\/\/webalkans.eu\/bs\/news\/eu-and-ebrd-to-support-transition-to-solar-energy-in-north-macedonia\/#primaryimage"},"thumbnailUrl":"https:\/\/webalkans.eu\/wp-content\/uploads\/2022\/07\/3.jpeg","inLanguage":"bs-BA"},{"@type":"WebPage","@id":"https:\/\/webalkans.eu\/bs\/news\/eu-and-ebrd-to-support-transition-to-solar-energy-in-north-macedonia\/","url":"https:\/\/webalkans.eu\/bs\/news\/eu-and-ebrd-to-support-transition-to-solar-energy-in-north-macedonia\/","name":"EU i EBRD \u0107e podr\u017eati prelazak na solarnu energiju u Sjevernoj Makedoniji News | WeBalkans","isPartOf":{"@id":"https:\/\/webalkans.eu\/bs\/#website"},"primaryImageOfPage":{"@id":"https:\/\/webalkans.eu\/bs\/news\/eu-and-ebrd-to-support-transition-to-solar-energy-in-north-macedonia\/#primaryimage"},"image":{"@id":"https:\/\/webalkans.eu\/bs\/news\/eu-and-ebrd-to-support-transition-to-solar-energy-in-north-macedonia\/#primaryimage"},"thumbnailUrl":"https:\/\/webalkans.eu\/wp-content\/uploads\/2022\/07\/3.jpeg","datePublished":"2022-07-08T16:17:33+00:00","dateModified":"2022-07-18T16:59:12+00:00","description":"EU i EBRD \u0107e podr\u017eati prelazak na solarnu energiju u Sjevernoj Makedoniji","breadcrumb":{"@id":"https:\/\/webalkans.eu\/bs\/news\/eu-and-ebrd-to-support-transition-to-solar-energy-in-north-macedonia\/#breadcrumb"},"inLanguage":"bs-BA","potentialAction":[{"@type":"ReadAction","target":["https:\/\/webalkans.eu\/bs\/news\/eu-and-ebrd-to-support-transition-to-solar-energy-in-north-macedonia\/"]}]},{"@type":"ImageObject","inLanguage":"bs-BA","@id":"https:\/\/webalkans.eu\/bs\/news\/eu-and-ebrd-to-support-transition-to-solar-energy-in-north-macedonia\/#primaryimage","url":"https:\/\/webalkans.eu\/wp-content\/uploads\/2022\/07\/3.jpeg","contentUrl":"https:\/\/webalkans.eu\/wp-content\/uploads\/2022\/07\/3.jpeg","width":500,"height":668},{"@type":"BreadcrumbList","@id":"https:\/\/webalkans.eu\/bs\/news\/eu-and-ebrd-to-support-transition-to-solar-energy-in-north-macedonia\/#breadcrumb","itemListElement":[{"@type":"ListItem","position":1,"name":"Home","item":"https:\/\/webalkans.eu\/bs\/homepage\/"},{"@type":"ListItem","position":2,"name":"EU i EBRD \u0107e podr\u017eati prelazak na solarnu energiju u Sjevernoj Makedoniji"}]},{"@type":"WebSite","@id":"https:\/\/webalkans.eu\/bs\/#website","url":"https:\/\/webalkans.eu\/bs\/","name":"WeBalkans | EU Projects in the Western Balkans","description":"","publisher":{"@id":"https:\/\/webalkans.eu\/bs\/#organization"},"potentialAction":[{"@type":"SearchAction","target":{"@type":"EntryPoint","urlTemplate":"https:\/\/webalkans.eu\/bs\/?s={search_term_string}"},"query-input":{"@type":"PropertyValueSpecification","valueRequired":true,"valueName":"search_term_string"}}],"inLanguage":"bs-BA"},{"@type":"Organization","@id":"https:\/\/webalkans.eu\/bs\/#organization","name":"European Union","url":"https:\/\/webalkans.eu\/bs\/","logo":{"@type":"ImageObject","inLanguage":"bs-BA","@id":"https:\/\/webalkans.eu\/bs\/#\/schema\/logo\/image\/","url":"https:\/\/webalkans.eu\/wp-content\/uploads\/2020\/11\/eu_flag.jpg","contentUrl":"https:\/\/webalkans.eu\/wp-content\/uploads\/2020\/11\/eu_flag.jpg","width":600,"height":401,"caption":"European Union"},"image":{"@id":"https:\/\/webalkans.eu\/bs\/#\/schema\/logo\/image\/"},"sameAs":["https:\/\/www.facebook.com\/webalkans.eu","https:\/\/x.com\/WeBalkans"]},{"@type":"Person","@id":"https:\/\/webalkans.eu\/bs\/#\/schema\/person\/95a8ea19ef21de3b7766e9b65ffdb4da","name":"007designstudio@gmail.com"}]}},"_links":{"self":[{"href":"https:\/\/webalkans.eu\/bs\/wp-json\/wp\/v2\/posts\/728943"}],"collection":[{"href":"https:\/\/webalkans.eu\/bs\/wp-json\/wp\/v2\/posts"}],"about":[{"href":"https:\/\/webalkans.eu\/bs\/wp-json\/wp\/v2\/types\/post"}],"author":[{"embeddable":true,"href":"https:\/\/webalkans.eu\/bs\/wp-json\/wp\/v2\/users\/152227"}],"replies":[{"embeddable":true,"href":"https:\/\/webalkans.eu\/bs\/wp-json\/wp\/v2\/comments?post=728943"}],"version-history":[{"count":0,"href":"https:\/\/webalkans.eu\/bs\/wp-json\/wp\/v2\/posts\/728943\/revisions"}],"wp:featuredmedia":[{"embeddable":true,"href":"https:\/\/webalkans.eu\/bs\/wp-json\/wp\/v2\/media\/688899"}],"wp:attachment":[{"href":"https:\/\/webalkans.eu\/bs\/wp-json\/wp\/v2\/media?parent=728943"}],"wp:term":[{"taxonomy":"country-for-news","embeddable":true,"href":"https:\/\/webalkans.eu\/bs\/wp-json\/wp\/v2\/country-for-news?post=728943"}],"curies":[{"name":"wp","href":"https:\/\/api.w.org\/{rel}","templated":true}]}}