
{"id":683362,"date":"2022-06-21T07:24:40","date_gmt":"2022-06-21T05:24:40","guid":{"rendered":"https:\/\/webalkans.eu\/news\/public-opinion-poll-shows-a-strong-support-for-the-eu-in-montenegro\/"},"modified":"2022-07-01T12:13:02","modified_gmt":"2022-07-01T10:13:02","slug":"public-opinion-poll-shows-a-strong-support-for-the-eu-in-montenegro","status":"publish","type":"post","link":"https:\/\/webalkans.eu\/bs\/news\/public-opinion-poll-shows-a-strong-support-for-the-eu-in-montenegro\/","title":{"rendered":"Istra\u017eivanje javnog mnjenja pokazuje da gra\u0111ani Crne Gore daju sna\u017enu podr\u0161ku pristupu EU"},"content":{"rendered":"<p style=\"font-weight: 400;\">\u010clanstvo Crne Gore u Evropskoj uniji i dalje podr\u017eava velika ve\u0107ina gra\u0111ana, koja ima pozitivan stav prema zajednici i koja bi na potencijalnom referendumu glasala da Crna Gora postane sljede\u0107a dr\u017eava \u010dlanica EU. Ovo je jo\u0161 jednom potvrdilo istra\u017eivanje javnog mnjenja, koje je u maju sprovela agencija \u201cDeFacto Consultancy\u201d za Evropsku uniju i Vladu Crne Gore. Oni su ispitivali gra\u0111ane o njihovim stavovima prema EU integracijama i procesu pridru\u017eivanja EU, anketiraju\u0107i reprezentativni uzorak od 1.008 ispitanika \u0161irom zemlje.<\/p>\n<p>&nbsp;<\/p>\n<p style=\"font-weight: 400;\">Sna\u017ena podr\u0161ka evropskoj ideji, preto\u010dena u brojke, pokazuje da 76% gra\u0111ana ima pozitivan stav prema Evropskoj uniji, a skoro jednak broj (74,6%) podr\u017eava pristupanje Crne Gore Evropskoj uniji. Ukoliko bi referendum bio odr\u017ean sutra, na izbore bi iza\u0161lo skoro 90 odsto bira\u010da, od \u010dega bi preko \u010detiri petine, odnosno 83,5 odsto glasalo za ulazak Crne Gore u Evropsku uniju.<\/p>\n<p>&nbsp;<\/p>\n<p style=\"font-weight: 400;\">43 odsto gra\u0111ana smatra EU najve\u0107im stranim donatorom u Crnoj Gori, a 39 odsto ka\u017ee da je EU pokazala najve\u0107u solidarnost sa Crnom Gorom u borbi protiv COVID-19.<\/p>\n","protected":false},"excerpt":{"rendered":"<p>\u010clanstvo Crne Gore u Evropskoj uniji i dalje podr\u017eava velika ve\u0107ina gra\u0111ana, koja ima pozitivan stav prema zajednici i koja bi na potencijalnom referendumu glasala <\/p>\n","protected":false},"author":152227,"featured_media":664658,"comment_status":"closed","ping_status":"closed","sticky":false,"template":"","format":"standard","meta":{"_acf_changed":false,"_monsterinsights_skip_tracking":false,"_monsterinsights_sitenote_active":false,"_monsterinsights_sitenote_note":"","_monsterinsights_sitenote_category":0,"footnotes":""},"country-for-news":[432],"class_list":["post-683362","post","type-post","status-publish","format-standard","has-post-thumbnail","hentry","wb_theme-innovation-and-skills","wb_theme-regional-cooperation","wb_theme-connectivity","wb_theme-culture-and-youth","wb_theme-democracy-and-fundamental-rights","wb_theme-economy","wb_theme-environment","wb_theme-equality-and-fair-society","country-for-news-montenegro"],"acf":[],"yoast_head":"<!-- This site is optimized with the Yoast SEO plugin v25.3.1 - https:\/\/yoast.com\/wordpress\/plugins\/seo\/ -->\n<title>Istra\u017eivanje javnog mnjenja pokazuje da gra\u0111ani Crne Gore daju sna\u017enu podr\u0161ku pristupu EU News | WeBalkans<\/title>\n<meta name=\"description\" content=\"Istra\u017eivanje javnog mnjenja pokazuje da gra\u0111ani Crne Gore daju sna\u017enu podr\u0161ku pristupu EU\" \/>\n<meta name=\"robots\" content=\"index, follow, max-snippet:-1, max-image-preview:large, max-video-preview:-1\" \/>\n<link rel=\"canonical\" href=\"https:\/\/webalkans.eu\/bs\/news\/public-opinion-poll-shows-a-strong-support-for-the-eu-in-montenegro\/\" \/>\n<meta property=\"og:locale\" content=\"bs_BA\" \/>\n<meta property=\"og:type\" content=\"article\" \/>\n<meta property=\"og:title\" content=\"Istra\u017eivanje javnog mnjenja pokazuje da gra\u0111ani Crne Gore daju sna\u017enu podr\u0161ku pristupu EU News | WeBalkans\" \/>\n<meta property=\"og:description\" content=\"Istra\u017eivanje javnog mnjenja pokazuje da gra\u0111ani Crne Gore daju sna\u017enu podr\u0161ku pristupu EU\" \/>\n<meta property=\"og:url\" content=\"https:\/\/webalkans.eu\/bs\/news\/public-opinion-poll-shows-a-strong-support-for-the-eu-in-montenegro\/\" \/>\n<meta property=\"og:site_name\" content=\"WeBalkans | EU Projects in the Western Balkans\" \/>\n<meta property=\"article:publisher\" content=\"https:\/\/www.facebook.com\/webalkans.eu\" \/>\n<meta property=\"article:published_time\" content=\"2022-06-21T05:24:40+00:00\" \/>\n<meta property=\"article:modified_time\" content=\"2022-07-01T10:13:02+00:00\" \/>\n<meta property=\"og:image\" content=\"https:\/\/webalkans.eu\/wp-content\/uploads\/2022\/06\/2-3.jpeg\" \/>\n\t<meta property=\"og:image:width\" content=\"960\" \/>\n\t<meta property=\"og:image:height\" content=\"641\" \/>\n\t<meta property=\"og:image:type\" content=\"image\/jpeg\" \/>\n<meta name=\"author\" content=\"007designstudio@gmail.com\" \/>\n<meta name=\"twitter:card\" content=\"summary_large_image\" \/>\n<meta name=\"twitter:creator\" content=\"@WeBalkans\" \/>\n<meta name=\"twitter:site\" content=\"@WeBalkans\" \/>\n<meta name=\"twitter:label1\" content=\"Written by\" \/>\n\t<meta name=\"twitter:data1\" content=\"007designstudio@gmail.com\" \/>\n\t<meta name=\"twitter:label2\" content=\"Est. reading time\" \/>\n\t<meta name=\"twitter:data2\" content=\"1 minuta\" \/>\n<script type=\"application\/ld+json\" class=\"yoast-schema-graph\">{\"@context\":\"https:\/\/schema.org\",\"@graph\":[{\"@type\":\"Article\",\"@id\":\"https:\/\/webalkans.eu\/bs\/news\/public-opinion-poll-shows-a-strong-support-for-the-eu-in-montenegro\/#article\",\"isPartOf\":{\"@id\":\"https:\/\/webalkans.eu\/bs\/news\/public-opinion-poll-shows-a-strong-support-for-the-eu-in-montenegro\/\"},\"author\":{\"name\":\"007designstudio@gmail.com\",\"@id\":\"https:\/\/webalkans.eu\/bs\/#\/schema\/person\/95a8ea19ef21de3b7766e9b65ffdb4da\"},\"headline\":\"Istra\u017eivanje javnog mnjenja pokazuje da gra\u0111ani Crne Gore daju sna\u017enu podr\u0161ku pristupu EU\",\"datePublished\":\"2022-06-21T05:24:40+00:00\",\"dateModified\":\"2022-07-01T10:13:02+00:00\",\"mainEntityOfPage\":{\"@id\":\"https:\/\/webalkans.eu\/bs\/news\/public-opinion-poll-shows-a-strong-support-for-the-eu-in-montenegro\/\"},\"wordCount\":198,\"publisher\":{\"@id\":\"https:\/\/webalkans.eu\/bs\/#organization\"},\"image\":{\"@id\":\"https:\/\/webalkans.eu\/bs\/news\/public-opinion-poll-shows-a-strong-support-for-the-eu-in-montenegro\/#primaryimage\"},\"thumbnailUrl\":\"https:\/\/webalkans.eu\/wp-content\/uploads\/2022\/06\/2-3.jpeg\",\"inLanguage\":\"bs-BA\"},{\"@type\":\"WebPage\",\"@id\":\"https:\/\/webalkans.eu\/bs\/news\/public-opinion-poll-shows-a-strong-support-for-the-eu-in-montenegro\/\",\"url\":\"https:\/\/webalkans.eu\/bs\/news\/public-opinion-poll-shows-a-strong-support-for-the-eu-in-montenegro\/\",\"name\":\"Istra\u017eivanje javnog mnjenja pokazuje da gra\u0111ani Crne Gore daju sna\u017enu podr\u0161ku pristupu EU News | WeBalkans\",\"isPartOf\":{\"@id\":\"https:\/\/webalkans.eu\/bs\/#website\"},\"primaryImageOfPage\":{\"@id\":\"https:\/\/webalkans.eu\/bs\/news\/public-opinion-poll-shows-a-strong-support-for-the-eu-in-montenegro\/#primaryimage\"},\"image\":{\"@id\":\"https:\/\/webalkans.eu\/bs\/news\/public-opinion-poll-shows-a-strong-support-for-the-eu-in-montenegro\/#primaryimage\"},\"thumbnailUrl\":\"https:\/\/webalkans.eu\/wp-content\/uploads\/2022\/06\/2-3.jpeg\",\"datePublished\":\"2022-06-21T05:24:40+00:00\",\"dateModified\":\"2022-07-01T10:13:02+00:00\",\"description\":\"Istra\u017eivanje javnog mnjenja pokazuje da gra\u0111ani Crne Gore daju sna\u017enu podr\u0161ku pristupu EU\",\"breadcrumb\":{\"@id\":\"https:\/\/webalkans.eu\/bs\/news\/public-opinion-poll-shows-a-strong-support-for-the-eu-in-montenegro\/#breadcrumb\"},\"inLanguage\":\"bs-BA\",\"potentialAction\":[{\"@type\":\"ReadAction\",\"target\":[\"https:\/\/webalkans.eu\/bs\/news\/public-opinion-poll-shows-a-strong-support-for-the-eu-in-montenegro\/\"]}]},{\"@type\":\"ImageObject\",\"inLanguage\":\"bs-BA\",\"@id\":\"https:\/\/webalkans.eu\/bs\/news\/public-opinion-poll-shows-a-strong-support-for-the-eu-in-montenegro\/#primaryimage\",\"url\":\"https:\/\/webalkans.eu\/wp-content\/uploads\/2022\/06\/2-3.jpeg\",\"contentUrl\":\"https:\/\/webalkans.eu\/wp-content\/uploads\/2022\/06\/2-3.jpeg\",\"width\":960,\"height\":641},{\"@type\":\"BreadcrumbList\",\"@id\":\"https:\/\/webalkans.eu\/bs\/news\/public-opinion-poll-shows-a-strong-support-for-the-eu-in-montenegro\/#breadcrumb\",\"itemListElement\":[{\"@type\":\"ListItem\",\"position\":1,\"name\":\"Home\",\"item\":\"https:\/\/webalkans.eu\/bs\/homepage\/\"},{\"@type\":\"ListItem\",\"position\":2,\"name\":\"Istra\u017eivanje javnog mnjenja pokazuje da gra\u0111ani Crne Gore daju sna\u017enu podr\u0161ku pristupu EU\"}]},{\"@type\":\"WebSite\",\"@id\":\"https:\/\/webalkans.eu\/bs\/#website\",\"url\":\"https:\/\/webalkans.eu\/bs\/\",\"name\":\"WeBalkans | EU Projects in the Western Balkans\",\"description\":\"\",\"publisher\":{\"@id\":\"https:\/\/webalkans.eu\/bs\/#organization\"},\"potentialAction\":[{\"@type\":\"SearchAction\",\"target\":{\"@type\":\"EntryPoint\",\"urlTemplate\":\"https:\/\/webalkans.eu\/bs\/?s={search_term_string}\"},\"query-input\":{\"@type\":\"PropertyValueSpecification\",\"valueRequired\":true,\"valueName\":\"search_term_string\"}}],\"inLanguage\":\"bs-BA\"},{\"@type\":\"Organization\",\"@id\":\"https:\/\/webalkans.eu\/bs\/#organization\",\"name\":\"European Union\",\"url\":\"https:\/\/webalkans.eu\/bs\/\",\"logo\":{\"@type\":\"ImageObject\",\"inLanguage\":\"bs-BA\",\"@id\":\"https:\/\/webalkans.eu\/bs\/#\/schema\/logo\/image\/\",\"url\":\"https:\/\/webalkans.eu\/wp-content\/uploads\/2020\/11\/eu_flag.jpg\",\"contentUrl\":\"https:\/\/webalkans.eu\/wp-content\/uploads\/2020\/11\/eu_flag.jpg\",\"width\":600,\"height\":401,\"caption\":\"European Union\"},\"image\":{\"@id\":\"https:\/\/webalkans.eu\/bs\/#\/schema\/logo\/image\/\"},\"sameAs\":[\"https:\/\/www.facebook.com\/webalkans.eu\",\"https:\/\/x.com\/WeBalkans\"]},{\"@type\":\"Person\",\"@id\":\"https:\/\/webalkans.eu\/bs\/#\/schema\/person\/95a8ea19ef21de3b7766e9b65ffdb4da\",\"name\":\"007designstudio@gmail.com\"}]}<\/script>\n<!-- \/ Yoast SEO plugin. -->","yoast_head_json":{"title":"Istra\u017eivanje javnog mnjenja pokazuje da gra\u0111ani Crne Gore daju sna\u017enu podr\u0161ku pristupu EU News | WeBalkans","description":"Istra\u017eivanje javnog mnjenja pokazuje da gra\u0111ani Crne Gore daju sna\u017enu podr\u0161ku pristupu EU","robots":{"index":"index","follow":"follow","max-snippet":"max-snippet:-1","max-image-preview":"max-image-preview:large","max-video-preview":"max-video-preview:-1"},"canonical":"https:\/\/webalkans.eu\/bs\/news\/public-opinion-poll-shows-a-strong-support-for-the-eu-in-montenegro\/","og_locale":"bs_BA","og_type":"article","og_title":"Istra\u017eivanje javnog mnjenja pokazuje da gra\u0111ani Crne Gore daju sna\u017enu podr\u0161ku pristupu EU News | WeBalkans","og_description":"Istra\u017eivanje javnog mnjenja pokazuje da gra\u0111ani Crne Gore daju sna\u017enu podr\u0161ku pristupu EU","og_url":"https:\/\/webalkans.eu\/bs\/news\/public-opinion-poll-shows-a-strong-support-for-the-eu-in-montenegro\/","og_site_name":"WeBalkans | EU Projects in the Western Balkans","article_publisher":"https:\/\/www.facebook.com\/webalkans.eu","article_published_time":"2022-06-21T05:24:40+00:00","article_modified_time":"2022-07-01T10:13:02+00:00","og_image":[{"width":960,"height":641,"url":"https:\/\/webalkans.eu\/wp-content\/uploads\/2022\/06\/2-3.jpeg","type":"image\/jpeg"}],"author":"007designstudio@gmail.com","twitter_card":"summary_large_image","twitter_creator":"@WeBalkans","twitter_site":"@WeBalkans","twitter_misc":{"Written by":"007designstudio@gmail.com","Est. reading time":"1 minuta"},"schema":{"@context":"https:\/\/schema.org","@graph":[{"@type":"Article","@id":"https:\/\/webalkans.eu\/bs\/news\/public-opinion-poll-shows-a-strong-support-for-the-eu-in-montenegro\/#article","isPartOf":{"@id":"https:\/\/webalkans.eu\/bs\/news\/public-opinion-poll-shows-a-strong-support-for-the-eu-in-montenegro\/"},"author":{"name":"007designstudio@gmail.com","@id":"https:\/\/webalkans.eu\/bs\/#\/schema\/person\/95a8ea19ef21de3b7766e9b65ffdb4da"},"headline":"Istra\u017eivanje javnog mnjenja pokazuje da gra\u0111ani Crne Gore daju sna\u017enu podr\u0161ku pristupu EU","datePublished":"2022-06-21T05:24:40+00:00","dateModified":"2022-07-01T10:13:02+00:00","mainEntityOfPage":{"@id":"https:\/\/webalkans.eu\/bs\/news\/public-opinion-poll-shows-a-strong-support-for-the-eu-in-montenegro\/"},"wordCount":198,"publisher":{"@id":"https:\/\/webalkans.eu\/bs\/#organization"},"image":{"@id":"https:\/\/webalkans.eu\/bs\/news\/public-opinion-poll-shows-a-strong-support-for-the-eu-in-montenegro\/#primaryimage"},"thumbnailUrl":"https:\/\/webalkans.eu\/wp-content\/uploads\/2022\/06\/2-3.jpeg","inLanguage":"bs-BA"},{"@type":"WebPage","@id":"https:\/\/webalkans.eu\/bs\/news\/public-opinion-poll-shows-a-strong-support-for-the-eu-in-montenegro\/","url":"https:\/\/webalkans.eu\/bs\/news\/public-opinion-poll-shows-a-strong-support-for-the-eu-in-montenegro\/","name":"Istra\u017eivanje javnog mnjenja pokazuje da gra\u0111ani Crne Gore daju sna\u017enu podr\u0161ku pristupu EU News | WeBalkans","isPartOf":{"@id":"https:\/\/webalkans.eu\/bs\/#website"},"primaryImageOfPage":{"@id":"https:\/\/webalkans.eu\/bs\/news\/public-opinion-poll-shows-a-strong-support-for-the-eu-in-montenegro\/#primaryimage"},"image":{"@id":"https:\/\/webalkans.eu\/bs\/news\/public-opinion-poll-shows-a-strong-support-for-the-eu-in-montenegro\/#primaryimage"},"thumbnailUrl":"https:\/\/webalkans.eu\/wp-content\/uploads\/2022\/06\/2-3.jpeg","datePublished":"2022-06-21T05:24:40+00:00","dateModified":"2022-07-01T10:13:02+00:00","description":"Istra\u017eivanje javnog mnjenja pokazuje da gra\u0111ani Crne Gore daju sna\u017enu podr\u0161ku pristupu EU","breadcrumb":{"@id":"https:\/\/webalkans.eu\/bs\/news\/public-opinion-poll-shows-a-strong-support-for-the-eu-in-montenegro\/#breadcrumb"},"inLanguage":"bs-BA","potentialAction":[{"@type":"ReadAction","target":["https:\/\/webalkans.eu\/bs\/news\/public-opinion-poll-shows-a-strong-support-for-the-eu-in-montenegro\/"]}]},{"@type":"ImageObject","inLanguage":"bs-BA","@id":"https:\/\/webalkans.eu\/bs\/news\/public-opinion-poll-shows-a-strong-support-for-the-eu-in-montenegro\/#primaryimage","url":"https:\/\/webalkans.eu\/wp-content\/uploads\/2022\/06\/2-3.jpeg","contentUrl":"https:\/\/webalkans.eu\/wp-content\/uploads\/2022\/06\/2-3.jpeg","width":960,"height":641},{"@type":"BreadcrumbList","@id":"https:\/\/webalkans.eu\/bs\/news\/public-opinion-poll-shows-a-strong-support-for-the-eu-in-montenegro\/#breadcrumb","itemListElement":[{"@type":"ListItem","position":1,"name":"Home","item":"https:\/\/webalkans.eu\/bs\/homepage\/"},{"@type":"ListItem","position":2,"name":"Istra\u017eivanje javnog mnjenja pokazuje da gra\u0111ani Crne Gore daju sna\u017enu podr\u0161ku pristupu EU"}]},{"@type":"WebSite","@id":"https:\/\/webalkans.eu\/bs\/#website","url":"https:\/\/webalkans.eu\/bs\/","name":"WeBalkans | EU Projects in the Western Balkans","description":"","publisher":{"@id":"https:\/\/webalkans.eu\/bs\/#organization"},"potentialAction":[{"@type":"SearchAction","target":{"@type":"EntryPoint","urlTemplate":"https:\/\/webalkans.eu\/bs\/?s={search_term_string}"},"query-input":{"@type":"PropertyValueSpecification","valueRequired":true,"valueName":"search_term_string"}}],"inLanguage":"bs-BA"},{"@type":"Organization","@id":"https:\/\/webalkans.eu\/bs\/#organization","name":"European Union","url":"https:\/\/webalkans.eu\/bs\/","logo":{"@type":"ImageObject","inLanguage":"bs-BA","@id":"https:\/\/webalkans.eu\/bs\/#\/schema\/logo\/image\/","url":"https:\/\/webalkans.eu\/wp-content\/uploads\/2020\/11\/eu_flag.jpg","contentUrl":"https:\/\/webalkans.eu\/wp-content\/uploads\/2020\/11\/eu_flag.jpg","width":600,"height":401,"caption":"European Union"},"image":{"@id":"https:\/\/webalkans.eu\/bs\/#\/schema\/logo\/image\/"},"sameAs":["https:\/\/www.facebook.com\/webalkans.eu","https:\/\/x.com\/WeBalkans"]},{"@type":"Person","@id":"https:\/\/webalkans.eu\/bs\/#\/schema\/person\/95a8ea19ef21de3b7766e9b65ffdb4da","name":"007designstudio@gmail.com"}]}},"_links":{"self":[{"href":"https:\/\/webalkans.eu\/bs\/wp-json\/wp\/v2\/posts\/683362"}],"collection":[{"href":"https:\/\/webalkans.eu\/bs\/wp-json\/wp\/v2\/posts"}],"about":[{"href":"https:\/\/webalkans.eu\/bs\/wp-json\/wp\/v2\/types\/post"}],"author":[{"embeddable":true,"href":"https:\/\/webalkans.eu\/bs\/wp-json\/wp\/v2\/users\/152227"}],"replies":[{"embeddable":true,"href":"https:\/\/webalkans.eu\/bs\/wp-json\/wp\/v2\/comments?post=683362"}],"version-history":[{"count":0,"href":"https:\/\/webalkans.eu\/bs\/wp-json\/wp\/v2\/posts\/683362\/revisions"}],"wp:featuredmedia":[{"embeddable":true,"href":"https:\/\/webalkans.eu\/bs\/wp-json\/wp\/v2\/media\/664658"}],"wp:attachment":[{"href":"https:\/\/webalkans.eu\/bs\/wp-json\/wp\/v2\/media?parent=683362"}],"wp:term":[{"taxonomy":"country-for-news","embeddable":true,"href":"https:\/\/webalkans.eu\/bs\/wp-json\/wp\/v2\/country-for-news?post=683362"}],"curies":[{"name":"wp","href":"https:\/\/api.w.org\/{rel}","templated":true}]}}