
{"id":631576,"date":"2022-06-01T19:42:45","date_gmt":"2022-06-01T17:42:45","guid":{"rendered":"https:\/\/webalkans.eu\/news\/yeas-participate-in-debate-caravan-in-serbia\/"},"modified":"2022-06-08T13:42:49","modified_gmt":"2022-06-08T11:42:49","slug":"yeas-participate-in-debate-caravan-in-serbia","status":"publish","type":"post","link":"https:\/\/webalkans.eu\/bs\/news\/yeas-participate-in-debate-caravan-in-serbia\/","title":{"rendered":"YEA u\u010destvuju u debatnom karavanu u Srbiji"},"content":{"rendered":"<p style=\"font-weight: 400;\">Mladi evropski ambasadori (YEA) iz Srbije Adrijana Nikitovi\u0107 i Dimitrije Prokopovi\u0107 u\u010destvovali su u Debatnom karavanu Evropske \u0161kole debate koji se odr\u017eavao od 23. do 26. maja. Ovaj karavan su organizovali EU info centri u Srbiji uz podr\u0161ku Delegacije EU u Srbiji, kao i projekat EUzaTebe &#8211; \u201cEU za kulturno nasle\u0111e i turizam\u201d.<\/p>\n<p>&nbsp;<\/p>\n<p style=\"font-weight: 400;\">U \u010detvorodnevnom Karavanu, zajedno sa u\u010desnicima iz Evropske \u0161kole debate, YEAs su posjetili Felix Romuliana, Golubac, Kladovo, Negotin, Smederevo, Srebrno jezero i Zaje\u010dar. U Kladovu, Negotinu i Smederevu Adrijana i Dimitrije su predstavili YEA mre\u017eu i promovisali tre\u0107i YEA poziv za prijavu. Dimitrije je promovisao poziv za prijavu za YEA i u lokalnim medijima. Drugog dana, ambasador EU u Srbiji Emanuele Giaufret posjetio je Karavan i sa u\u010desnicima razgovarao o budu\u0107nosti EU i Srbije.<\/p>\n<p>&nbsp;<\/p>\n<p style=\"font-weight: 400;\">Platforma Mladi evropski ambasadori je kreativna mre\u017ea mladih aktivista iz cijelog Zapadnog Balkana (Albanije, Bosne i Hercegovine, Kosova, Crne Gore, Sjeverne Makedonije i Srbije). YEA dolaze iz razli\u010ditih sredina, ali svi dijele zajedni\u010dku viziju: Zapadni Balkan ujedinjen u razli\u010ditosti. Zajedno u\u010de jedni o drugima i o EU, prate kreativne projekte, sti\u010du nove vje\u0161tine, povezuju se putem dru\u0161tvenih medija i organizuju inspirativne doga\u0111aje \u2013 uvijek vo\u0111eni idejom da je aktivizam mladih najmo\u0107nija snaga dru\u0161tvenih promjena.<\/p>\n<p>&nbsp;<\/p>\n<p style=\"font-weight: 400;\">Ciljevi mre\u017ee su: dijeljenje vrijednosti EU; podizanje svijesti o saradnji EU sa svojim partnerima na Zapadnom Balkanu; prikazivanje opipljivih rezultata ove saradnje; davanje doprinosa dijalogu o politici o razli\u010ditim temama i pove\u0107anje gra\u0111anskog aktivizma.<\/p>\n","protected":false},"excerpt":{"rendered":"<p>Mladi evropski ambasadori (YEA) iz Srbije Adrijana Nikitovi\u0107 i Dimitrije Prokopovi\u0107 u\u010destvovali su u Debatnom karavanu Evropske \u0161kole debate koji se odr\u017eavao od 23. do <\/p>\n","protected":false},"author":152227,"featured_media":620668,"comment_status":"closed","ping_status":"closed","sticky":false,"template":"","format":"standard","meta":{"_acf_changed":false,"_monsterinsights_skip_tracking":false,"_monsterinsights_sitenote_active":false,"_monsterinsights_sitenote_note":"","_monsterinsights_sitenote_category":0,"footnotes":""},"country-for-news":[442],"class_list":["post-631576","post","type-post","status-publish","format-standard","has-post-thumbnail","hentry","wb_theme-culture-and-youth","country-for-news-serbia"],"acf":[],"yoast_head":"<!-- This site is optimized with the Yoast SEO plugin v25.3.1 - https:\/\/yoast.com\/wordpress\/plugins\/seo\/ -->\n<title>YEA u\u010destvuju u debatnom karavanu u Srbiji News | WeBalkans<\/title>\n<meta name=\"description\" content=\"YEA u\u010destvuju u debatnom karavanu u Srbiji\" \/>\n<meta name=\"robots\" content=\"index, follow, max-snippet:-1, max-image-preview:large, max-video-preview:-1\" \/>\n<link rel=\"canonical\" href=\"https:\/\/webalkans.eu\/bs\/news\/yeas-participate-in-debate-caravan-in-serbia\/\" \/>\n<meta property=\"og:locale\" content=\"bs_BA\" \/>\n<meta property=\"og:type\" content=\"article\" \/>\n<meta property=\"og:title\" content=\"YEA u\u010destvuju u debatnom karavanu u Srbiji News | WeBalkans\" \/>\n<meta property=\"og:description\" content=\"YEA u\u010destvuju u debatnom karavanu u Srbiji\" \/>\n<meta property=\"og:url\" content=\"https:\/\/webalkans.eu\/bs\/news\/yeas-participate-in-debate-caravan-in-serbia\/\" \/>\n<meta property=\"og:site_name\" content=\"WeBalkans | EU Projects in the Western Balkans\" \/>\n<meta property=\"article:publisher\" content=\"https:\/\/www.facebook.com\/webalkans.eu\" \/>\n<meta property=\"article:published_time\" content=\"2022-06-01T17:42:45+00:00\" \/>\n<meta property=\"article:modified_time\" content=\"2022-06-08T11:42:49+00:00\" \/>\n<meta property=\"og:image\" content=\"https:\/\/webalkans.eu\/wp-content\/uploads\/2022\/06\/6.jpg\" \/>\n\t<meta property=\"og:image:width\" content=\"2048\" \/>\n\t<meta property=\"og:image:height\" content=\"2048\" \/>\n\t<meta property=\"og:image:type\" content=\"image\/jpeg\" \/>\n<meta name=\"author\" content=\"007designstudio@gmail.com\" \/>\n<meta name=\"twitter:card\" content=\"summary_large_image\" \/>\n<meta name=\"twitter:creator\" content=\"@WeBalkans\" \/>\n<meta name=\"twitter:site\" content=\"@WeBalkans\" \/>\n<meta name=\"twitter:label1\" content=\"Written by\" \/>\n\t<meta name=\"twitter:data1\" content=\"007designstudio@gmail.com\" \/>\n\t<meta name=\"twitter:label2\" content=\"Est. reading time\" \/>\n\t<meta name=\"twitter:data2\" content=\"1 minuta\" \/>\n<script type=\"application\/ld+json\" class=\"yoast-schema-graph\">{\"@context\":\"https:\/\/schema.org\",\"@graph\":[{\"@type\":\"Article\",\"@id\":\"https:\/\/webalkans.eu\/bs\/news\/yeas-participate-in-debate-caravan-in-serbia\/#article\",\"isPartOf\":{\"@id\":\"https:\/\/webalkans.eu\/bs\/news\/yeas-participate-in-debate-caravan-in-serbia\/\"},\"author\":{\"name\":\"007designstudio@gmail.com\",\"@id\":\"https:\/\/webalkans.eu\/bs\/#\/schema\/person\/95a8ea19ef21de3b7766e9b65ffdb4da\"},\"headline\":\"YEA u\u010destvuju u debatnom karavanu u Srbiji\",\"datePublished\":\"2022-06-01T17:42:45+00:00\",\"dateModified\":\"2022-06-08T11:42:49+00:00\",\"mainEntityOfPage\":{\"@id\":\"https:\/\/webalkans.eu\/bs\/news\/yeas-participate-in-debate-caravan-in-serbia\/\"},\"wordCount\":269,\"publisher\":{\"@id\":\"https:\/\/webalkans.eu\/bs\/#organization\"},\"image\":{\"@id\":\"https:\/\/webalkans.eu\/bs\/news\/yeas-participate-in-debate-caravan-in-serbia\/#primaryimage\"},\"thumbnailUrl\":\"https:\/\/webalkans.eu\/wp-content\/uploads\/2022\/06\/6.jpg\",\"inLanguage\":\"bs-BA\"},{\"@type\":\"WebPage\",\"@id\":\"https:\/\/webalkans.eu\/bs\/news\/yeas-participate-in-debate-caravan-in-serbia\/\",\"url\":\"https:\/\/webalkans.eu\/bs\/news\/yeas-participate-in-debate-caravan-in-serbia\/\",\"name\":\"YEA u\u010destvuju u debatnom karavanu u Srbiji News | WeBalkans\",\"isPartOf\":{\"@id\":\"https:\/\/webalkans.eu\/bs\/#website\"},\"primaryImageOfPage\":{\"@id\":\"https:\/\/webalkans.eu\/bs\/news\/yeas-participate-in-debate-caravan-in-serbia\/#primaryimage\"},\"image\":{\"@id\":\"https:\/\/webalkans.eu\/bs\/news\/yeas-participate-in-debate-caravan-in-serbia\/#primaryimage\"},\"thumbnailUrl\":\"https:\/\/webalkans.eu\/wp-content\/uploads\/2022\/06\/6.jpg\",\"datePublished\":\"2022-06-01T17:42:45+00:00\",\"dateModified\":\"2022-06-08T11:42:49+00:00\",\"description\":\"YEA u\u010destvuju u debatnom karavanu u Srbiji\",\"breadcrumb\":{\"@id\":\"https:\/\/webalkans.eu\/bs\/news\/yeas-participate-in-debate-caravan-in-serbia\/#breadcrumb\"},\"inLanguage\":\"bs-BA\",\"potentialAction\":[{\"@type\":\"ReadAction\",\"target\":[\"https:\/\/webalkans.eu\/bs\/news\/yeas-participate-in-debate-caravan-in-serbia\/\"]}]},{\"@type\":\"ImageObject\",\"inLanguage\":\"bs-BA\",\"@id\":\"https:\/\/webalkans.eu\/bs\/news\/yeas-participate-in-debate-caravan-in-serbia\/#primaryimage\",\"url\":\"https:\/\/webalkans.eu\/wp-content\/uploads\/2022\/06\/6.jpg\",\"contentUrl\":\"https:\/\/webalkans.eu\/wp-content\/uploads\/2022\/06\/6.jpg\",\"width\":2048,\"height\":2048},{\"@type\":\"BreadcrumbList\",\"@id\":\"https:\/\/webalkans.eu\/bs\/news\/yeas-participate-in-debate-caravan-in-serbia\/#breadcrumb\",\"itemListElement\":[{\"@type\":\"ListItem\",\"position\":1,\"name\":\"Home\",\"item\":\"https:\/\/webalkans.eu\/bs\/homepage\/\"},{\"@type\":\"ListItem\",\"position\":2,\"name\":\"YEA u\u010destvuju u debatnom karavanu u Srbiji\"}]},{\"@type\":\"WebSite\",\"@id\":\"https:\/\/webalkans.eu\/bs\/#website\",\"url\":\"https:\/\/webalkans.eu\/bs\/\",\"name\":\"WeBalkans | EU Projects in the Western Balkans\",\"description\":\"\",\"publisher\":{\"@id\":\"https:\/\/webalkans.eu\/bs\/#organization\"},\"potentialAction\":[{\"@type\":\"SearchAction\",\"target\":{\"@type\":\"EntryPoint\",\"urlTemplate\":\"https:\/\/webalkans.eu\/bs\/?s={search_term_string}\"},\"query-input\":{\"@type\":\"PropertyValueSpecification\",\"valueRequired\":true,\"valueName\":\"search_term_string\"}}],\"inLanguage\":\"bs-BA\"},{\"@type\":\"Organization\",\"@id\":\"https:\/\/webalkans.eu\/bs\/#organization\",\"name\":\"European Union\",\"url\":\"https:\/\/webalkans.eu\/bs\/\",\"logo\":{\"@type\":\"ImageObject\",\"inLanguage\":\"bs-BA\",\"@id\":\"https:\/\/webalkans.eu\/bs\/#\/schema\/logo\/image\/\",\"url\":\"https:\/\/webalkans.eu\/wp-content\/uploads\/2020\/11\/eu_flag.jpg\",\"contentUrl\":\"https:\/\/webalkans.eu\/wp-content\/uploads\/2020\/11\/eu_flag.jpg\",\"width\":600,\"height\":401,\"caption\":\"European Union\"},\"image\":{\"@id\":\"https:\/\/webalkans.eu\/bs\/#\/schema\/logo\/image\/\"},\"sameAs\":[\"https:\/\/www.facebook.com\/webalkans.eu\",\"https:\/\/x.com\/WeBalkans\"]},{\"@type\":\"Person\",\"@id\":\"https:\/\/webalkans.eu\/bs\/#\/schema\/person\/95a8ea19ef21de3b7766e9b65ffdb4da\",\"name\":\"007designstudio@gmail.com\"}]}<\/script>\n<!-- \/ Yoast SEO plugin. -->","yoast_head_json":{"title":"YEA u\u010destvuju u debatnom karavanu u Srbiji News | WeBalkans","description":"YEA u\u010destvuju u debatnom karavanu u Srbiji","robots":{"index":"index","follow":"follow","max-snippet":"max-snippet:-1","max-image-preview":"max-image-preview:large","max-video-preview":"max-video-preview:-1"},"canonical":"https:\/\/webalkans.eu\/bs\/news\/yeas-participate-in-debate-caravan-in-serbia\/","og_locale":"bs_BA","og_type":"article","og_title":"YEA u\u010destvuju u debatnom karavanu u Srbiji News | WeBalkans","og_description":"YEA u\u010destvuju u debatnom karavanu u Srbiji","og_url":"https:\/\/webalkans.eu\/bs\/news\/yeas-participate-in-debate-caravan-in-serbia\/","og_site_name":"WeBalkans | EU Projects in the Western Balkans","article_publisher":"https:\/\/www.facebook.com\/webalkans.eu","article_published_time":"2022-06-01T17:42:45+00:00","article_modified_time":"2022-06-08T11:42:49+00:00","og_image":[{"width":2048,"height":2048,"url":"https:\/\/webalkans.eu\/wp-content\/uploads\/2022\/06\/6.jpg","type":"image\/jpeg"}],"author":"007designstudio@gmail.com","twitter_card":"summary_large_image","twitter_creator":"@WeBalkans","twitter_site":"@WeBalkans","twitter_misc":{"Written by":"007designstudio@gmail.com","Est. reading time":"1 minuta"},"schema":{"@context":"https:\/\/schema.org","@graph":[{"@type":"Article","@id":"https:\/\/webalkans.eu\/bs\/news\/yeas-participate-in-debate-caravan-in-serbia\/#article","isPartOf":{"@id":"https:\/\/webalkans.eu\/bs\/news\/yeas-participate-in-debate-caravan-in-serbia\/"},"author":{"name":"007designstudio@gmail.com","@id":"https:\/\/webalkans.eu\/bs\/#\/schema\/person\/95a8ea19ef21de3b7766e9b65ffdb4da"},"headline":"YEA u\u010destvuju u debatnom karavanu u Srbiji","datePublished":"2022-06-01T17:42:45+00:00","dateModified":"2022-06-08T11:42:49+00:00","mainEntityOfPage":{"@id":"https:\/\/webalkans.eu\/bs\/news\/yeas-participate-in-debate-caravan-in-serbia\/"},"wordCount":269,"publisher":{"@id":"https:\/\/webalkans.eu\/bs\/#organization"},"image":{"@id":"https:\/\/webalkans.eu\/bs\/news\/yeas-participate-in-debate-caravan-in-serbia\/#primaryimage"},"thumbnailUrl":"https:\/\/webalkans.eu\/wp-content\/uploads\/2022\/06\/6.jpg","inLanguage":"bs-BA"},{"@type":"WebPage","@id":"https:\/\/webalkans.eu\/bs\/news\/yeas-participate-in-debate-caravan-in-serbia\/","url":"https:\/\/webalkans.eu\/bs\/news\/yeas-participate-in-debate-caravan-in-serbia\/","name":"YEA u\u010destvuju u debatnom karavanu u Srbiji News | WeBalkans","isPartOf":{"@id":"https:\/\/webalkans.eu\/bs\/#website"},"primaryImageOfPage":{"@id":"https:\/\/webalkans.eu\/bs\/news\/yeas-participate-in-debate-caravan-in-serbia\/#primaryimage"},"image":{"@id":"https:\/\/webalkans.eu\/bs\/news\/yeas-participate-in-debate-caravan-in-serbia\/#primaryimage"},"thumbnailUrl":"https:\/\/webalkans.eu\/wp-content\/uploads\/2022\/06\/6.jpg","datePublished":"2022-06-01T17:42:45+00:00","dateModified":"2022-06-08T11:42:49+00:00","description":"YEA u\u010destvuju u debatnom karavanu u Srbiji","breadcrumb":{"@id":"https:\/\/webalkans.eu\/bs\/news\/yeas-participate-in-debate-caravan-in-serbia\/#breadcrumb"},"inLanguage":"bs-BA","potentialAction":[{"@type":"ReadAction","target":["https:\/\/webalkans.eu\/bs\/news\/yeas-participate-in-debate-caravan-in-serbia\/"]}]},{"@type":"ImageObject","inLanguage":"bs-BA","@id":"https:\/\/webalkans.eu\/bs\/news\/yeas-participate-in-debate-caravan-in-serbia\/#primaryimage","url":"https:\/\/webalkans.eu\/wp-content\/uploads\/2022\/06\/6.jpg","contentUrl":"https:\/\/webalkans.eu\/wp-content\/uploads\/2022\/06\/6.jpg","width":2048,"height":2048},{"@type":"BreadcrumbList","@id":"https:\/\/webalkans.eu\/bs\/news\/yeas-participate-in-debate-caravan-in-serbia\/#breadcrumb","itemListElement":[{"@type":"ListItem","position":1,"name":"Home","item":"https:\/\/webalkans.eu\/bs\/homepage\/"},{"@type":"ListItem","position":2,"name":"YEA u\u010destvuju u debatnom karavanu u Srbiji"}]},{"@type":"WebSite","@id":"https:\/\/webalkans.eu\/bs\/#website","url":"https:\/\/webalkans.eu\/bs\/","name":"WeBalkans | EU Projects in the Western Balkans","description":"","publisher":{"@id":"https:\/\/webalkans.eu\/bs\/#organization"},"potentialAction":[{"@type":"SearchAction","target":{"@type":"EntryPoint","urlTemplate":"https:\/\/webalkans.eu\/bs\/?s={search_term_string}"},"query-input":{"@type":"PropertyValueSpecification","valueRequired":true,"valueName":"search_term_string"}}],"inLanguage":"bs-BA"},{"@type":"Organization","@id":"https:\/\/webalkans.eu\/bs\/#organization","name":"European Union","url":"https:\/\/webalkans.eu\/bs\/","logo":{"@type":"ImageObject","inLanguage":"bs-BA","@id":"https:\/\/webalkans.eu\/bs\/#\/schema\/logo\/image\/","url":"https:\/\/webalkans.eu\/wp-content\/uploads\/2020\/11\/eu_flag.jpg","contentUrl":"https:\/\/webalkans.eu\/wp-content\/uploads\/2020\/11\/eu_flag.jpg","width":600,"height":401,"caption":"European Union"},"image":{"@id":"https:\/\/webalkans.eu\/bs\/#\/schema\/logo\/image\/"},"sameAs":["https:\/\/www.facebook.com\/webalkans.eu","https:\/\/x.com\/WeBalkans"]},{"@type":"Person","@id":"https:\/\/webalkans.eu\/bs\/#\/schema\/person\/95a8ea19ef21de3b7766e9b65ffdb4da","name":"007designstudio@gmail.com"}]}},"_links":{"self":[{"href":"https:\/\/webalkans.eu\/bs\/wp-json\/wp\/v2\/posts\/631576"}],"collection":[{"href":"https:\/\/webalkans.eu\/bs\/wp-json\/wp\/v2\/posts"}],"about":[{"href":"https:\/\/webalkans.eu\/bs\/wp-json\/wp\/v2\/types\/post"}],"author":[{"embeddable":true,"href":"https:\/\/webalkans.eu\/bs\/wp-json\/wp\/v2\/users\/152227"}],"replies":[{"embeddable":true,"href":"https:\/\/webalkans.eu\/bs\/wp-json\/wp\/v2\/comments?post=631576"}],"version-history":[{"count":0,"href":"https:\/\/webalkans.eu\/bs\/wp-json\/wp\/v2\/posts\/631576\/revisions"}],"wp:featuredmedia":[{"embeddable":true,"href":"https:\/\/webalkans.eu\/bs\/wp-json\/wp\/v2\/media\/620668"}],"wp:attachment":[{"href":"https:\/\/webalkans.eu\/bs\/wp-json\/wp\/v2\/media?parent=631576"}],"wp:term":[{"taxonomy":"country-for-news","embeddable":true,"href":"https:\/\/webalkans.eu\/bs\/wp-json\/wp\/v2\/country-for-news?post=631576"}],"curies":[{"name":"wp","href":"https:\/\/api.w.org\/{rel}","templated":true}]}}