
{"id":591112,"date":"2022-04-27T14:17:45","date_gmt":"2022-04-27T12:17:45","guid":{"rendered":"https:\/\/webalkans.eu\/news\/media-integrity-in-the-age-of-disinformation\/"},"modified":"2022-05-09T17:43:07","modified_gmt":"2022-05-09T15:43:07","slug":"media-integrity-in-the-age-of-disinformation","status":"publish","type":"post","link":"https:\/\/webalkans.eu\/bs\/news\/media-integrity-in-the-age-of-disinformation\/","title":{"rendered":"Integritet medija u doba dezinformacija"},"content":{"rendered":"<p style=\"font-weight: 400;\">Obilje\u017eavaju\u0107i 30. godi\u0161njicu po\u010detka rata u Bosni i Hercegovini, a u vrijeme ruske agresije na Ukrajinu, Evropska slu\u017eba za vanjsko djelovanje je spojila je vode\u0107e me\u0111unarodne novinare i mlade novinare sa Zapadnog Balkana u saradnji sa Delegacijom EU u BiH da razgovaraju o integritetu medija u doba dezinformacija.<\/p>\n<p>&nbsp;<\/p>\n<p style=\"font-weight: 400;\">\n<p style=\"font-weight: 400;\">Na panelu u Sarajevu u\u010destvovalo je nekoliko najuglednijih me\u0111unarodnih novinara, koji su ostavili neizbrisiv trag u novinarstvu u posljednjih 30 godina. Javili su se linkom iz vi\u0161e gradova \u0161irom Evrope: Christiane Amanpour (CNN) i R\u00e9my Ourdan (Le Monde) iz Ukrajine, Javier Espinosa (El Mundo) iz Madrida, Roger Cohen (The New York Times) iz Pariza i Ed Vulliamy (The Guardian i Observer) iz Londona, dok su Aida \u010cerkez (biv\u0161a dopisnica Associated Pressa iz BiH) i Nadina Mali\u010dbegovi\u0107 (Al Jazeera Balkans) bile u Sarajevu zajedno sa Filipom Luki\u0107em (N1 Beograd) koji je bio moderator diskusije.<\/p>\n<p>&nbsp;<\/p>\n<p style=\"font-weight: 400;\">\n<p style=\"font-weight: 400;\">U\u010desnici su razgovarali o izazovima ratnog izvje\u0161tavanja, ulozi novih tehnologija, etici i profesionalizmu, dezinformacijama, medijskoj manipulaciji i sigurnosti novinara. Manipulacija informacijama i dezinformacije izazov su i u vremenima mira, kad imaju za cilj da antagoniziraju i polariziraju dru\u0161tva, prodube tenzije, obmanu javnost i na kraju destabiliziraju dru\u0161tva i demokratiju.<\/p>\n<p>&nbsp;<\/p>\n<p style=\"font-weight: 400;\">\n<p style=\"font-weight: 400;\">Dvadeset mladih novinara iz regiona Zapadnog Balkana otputovalo je u Sarajevo kako bi u\u010destvovali u ovoj diskusiji koja je bila u sklopu \u0161ire studijske posjete s ciljem da im pru\u017ei priliku da u\u010de od vrhunskih stru\u010dnjaka u njihovoj bran\u0161i, ali i da me\u0111usobno razmjene iskustva. Ovaj projekat je dio napora Radne grupe EEAS Stratcom za Zapadni Balkan da podigne svijest o \u2013 i izgradi otpornost na \u2013 manipulaciju informacijama i dezinformacijama, kako bi se osna\u017eila dru\u0161tava Zapadnog Balkana da se nose s izazovom dezinformacija. Ulaganje u slobodu medija i profesionalno novinarstvo je izuzetno zna\u010dajano za rje\u0161avanje problema dezinformacija jer poma\u017ee u izgradnji dobro informisanih dru\u0161tava i ja\u010dih demokratija.<\/p>\n<p>&nbsp;<\/p>\n<p style=\"font-weight: 400;\">Doga\u0111aj je odr\u017ean u Sarajevu i online 7. aprila. Panel diskusija je preno\u0161ena \u0161irom svijeta i dobila je zna\u010dajnu pa\u017enju u lokalnim i regionalnim medijima, a nekoliko TV stanica ju je prenosilo u\u017eivo.<\/p>\n","protected":false},"excerpt":{"rendered":"<p>Obilje\u017eavaju\u0107i 30. godi\u0161njicu po\u010detka rata u Bosni i Hercegovini, a u vrijeme ruske agresije na Ukrajinu, Evropska slu\u017eba za vanjsko djelovanje je spojila je vode\u0107e <\/p>\n","protected":false},"author":152227,"featured_media":583232,"comment_status":"closed","ping_status":"closed","sticky":false,"template":"","format":"standard","meta":{"_acf_changed":false,"_monsterinsights_skip_tracking":false,"_monsterinsights_sitenote_active":false,"_monsterinsights_sitenote_note":"","_monsterinsights_sitenote_category":0,"footnotes":""},"country-for-news":[416,420,425,432,438,442],"class_list":["post-591112","post","type-post","status-publish","format-standard","has-post-thumbnail","hentry","wb_theme-democracy-and-fundamental-rights","country-for-news-albania","country-for-news-bosnia-and-herzegovina","country-for-news-kosovo","country-for-news-montenegro","country-for-news-north-macedonia","country-for-news-serbia"],"acf":[],"yoast_head":"<!-- This site is optimized with the Yoast SEO plugin v25.3.1 - https:\/\/yoast.com\/wordpress\/plugins\/seo\/ -->\n<title>Integritet medija u doba dezinformacija News | WeBalkans<\/title>\n<meta name=\"description\" content=\"Integritet medija u doba dezinformacija\" \/>\n<meta name=\"robots\" content=\"index, follow, max-snippet:-1, max-image-preview:large, max-video-preview:-1\" \/>\n<link rel=\"canonical\" href=\"https:\/\/webalkans.eu\/bs\/news\/media-integrity-in-the-age-of-disinformation\/\" \/>\n<meta property=\"og:locale\" content=\"bs_BA\" \/>\n<meta property=\"og:type\" content=\"article\" \/>\n<meta property=\"og:title\" content=\"Integritet medija u doba dezinformacija News | WeBalkans\" \/>\n<meta property=\"og:description\" content=\"Integritet medija u doba dezinformacija\" \/>\n<meta property=\"og:url\" content=\"https:\/\/webalkans.eu\/bs\/news\/media-integrity-in-the-age-of-disinformation\/\" \/>\n<meta property=\"og:site_name\" content=\"WeBalkans | EU Projects in the Western Balkans\" \/>\n<meta property=\"article:publisher\" content=\"https:\/\/www.facebook.com\/webalkans.eu\" \/>\n<meta property=\"article:published_time\" content=\"2022-04-27T12:17:45+00:00\" \/>\n<meta property=\"article:modified_time\" content=\"2022-05-09T15:43:07+00:00\" \/>\n<meta property=\"og:image\" content=\"https:\/\/webalkans.eu\/wp-content\/uploads\/2022\/04\/4-2.jpeg\" \/>\n\t<meta property=\"og:image:width\" content=\"1117\" \/>\n\t<meta property=\"og:image:height\" content=\"608\" \/>\n\t<meta property=\"og:image:type\" content=\"image\/jpeg\" \/>\n<meta name=\"author\" content=\"007designstudio@gmail.com\" \/>\n<meta name=\"twitter:card\" content=\"summary_large_image\" \/>\n<meta name=\"twitter:creator\" content=\"@WeBalkans\" \/>\n<meta name=\"twitter:site\" content=\"@WeBalkans\" \/>\n<meta name=\"twitter:label1\" content=\"Written by\" \/>\n\t<meta name=\"twitter:data1\" content=\"007designstudio@gmail.com\" \/>\n\t<meta name=\"twitter:label2\" content=\"Est. reading time\" \/>\n\t<meta name=\"twitter:data2\" content=\"2 minute\" \/>\n<script type=\"application\/ld+json\" class=\"yoast-schema-graph\">{\"@context\":\"https:\/\/schema.org\",\"@graph\":[{\"@type\":\"Article\",\"@id\":\"https:\/\/webalkans.eu\/bs\/news\/media-integrity-in-the-age-of-disinformation\/#article\",\"isPartOf\":{\"@id\":\"https:\/\/webalkans.eu\/bs\/news\/media-integrity-in-the-age-of-disinformation\/\"},\"author\":{\"name\":\"007designstudio@gmail.com\",\"@id\":\"https:\/\/webalkans.eu\/bs\/#\/schema\/person\/95a8ea19ef21de3b7766e9b65ffdb4da\"},\"headline\":\"Integritet medija u doba dezinformacija\",\"datePublished\":\"2022-04-27T12:17:45+00:00\",\"dateModified\":\"2022-05-09T15:43:07+00:00\",\"mainEntityOfPage\":{\"@id\":\"https:\/\/webalkans.eu\/bs\/news\/media-integrity-in-the-age-of-disinformation\/\"},\"wordCount\":372,\"publisher\":{\"@id\":\"https:\/\/webalkans.eu\/bs\/#organization\"},\"image\":{\"@id\":\"https:\/\/webalkans.eu\/bs\/news\/media-integrity-in-the-age-of-disinformation\/#primaryimage\"},\"thumbnailUrl\":\"https:\/\/webalkans.eu\/wp-content\/uploads\/2022\/04\/4-2.jpeg\",\"inLanguage\":\"bs-BA\"},{\"@type\":\"WebPage\",\"@id\":\"https:\/\/webalkans.eu\/bs\/news\/media-integrity-in-the-age-of-disinformation\/\",\"url\":\"https:\/\/webalkans.eu\/bs\/news\/media-integrity-in-the-age-of-disinformation\/\",\"name\":\"Integritet medija u doba dezinformacija News | WeBalkans\",\"isPartOf\":{\"@id\":\"https:\/\/webalkans.eu\/bs\/#website\"},\"primaryImageOfPage\":{\"@id\":\"https:\/\/webalkans.eu\/bs\/news\/media-integrity-in-the-age-of-disinformation\/#primaryimage\"},\"image\":{\"@id\":\"https:\/\/webalkans.eu\/bs\/news\/media-integrity-in-the-age-of-disinformation\/#primaryimage\"},\"thumbnailUrl\":\"https:\/\/webalkans.eu\/wp-content\/uploads\/2022\/04\/4-2.jpeg\",\"datePublished\":\"2022-04-27T12:17:45+00:00\",\"dateModified\":\"2022-05-09T15:43:07+00:00\",\"description\":\"Integritet medija u doba dezinformacija\",\"breadcrumb\":{\"@id\":\"https:\/\/webalkans.eu\/bs\/news\/media-integrity-in-the-age-of-disinformation\/#breadcrumb\"},\"inLanguage\":\"bs-BA\",\"potentialAction\":[{\"@type\":\"ReadAction\",\"target\":[\"https:\/\/webalkans.eu\/bs\/news\/media-integrity-in-the-age-of-disinformation\/\"]}]},{\"@type\":\"ImageObject\",\"inLanguage\":\"bs-BA\",\"@id\":\"https:\/\/webalkans.eu\/bs\/news\/media-integrity-in-the-age-of-disinformation\/#primaryimage\",\"url\":\"https:\/\/webalkans.eu\/wp-content\/uploads\/2022\/04\/4-2.jpeg\",\"contentUrl\":\"https:\/\/webalkans.eu\/wp-content\/uploads\/2022\/04\/4-2.jpeg\",\"width\":1117,\"height\":608},{\"@type\":\"BreadcrumbList\",\"@id\":\"https:\/\/webalkans.eu\/bs\/news\/media-integrity-in-the-age-of-disinformation\/#breadcrumb\",\"itemListElement\":[{\"@type\":\"ListItem\",\"position\":1,\"name\":\"Home\",\"item\":\"https:\/\/webalkans.eu\/bs\/homepage\/\"},{\"@type\":\"ListItem\",\"position\":2,\"name\":\"Integritet medija u doba dezinformacija\"}]},{\"@type\":\"WebSite\",\"@id\":\"https:\/\/webalkans.eu\/bs\/#website\",\"url\":\"https:\/\/webalkans.eu\/bs\/\",\"name\":\"WeBalkans | EU Projects in the Western Balkans\",\"description\":\"\",\"publisher\":{\"@id\":\"https:\/\/webalkans.eu\/bs\/#organization\"},\"potentialAction\":[{\"@type\":\"SearchAction\",\"target\":{\"@type\":\"EntryPoint\",\"urlTemplate\":\"https:\/\/webalkans.eu\/bs\/?s={search_term_string}\"},\"query-input\":{\"@type\":\"PropertyValueSpecification\",\"valueRequired\":true,\"valueName\":\"search_term_string\"}}],\"inLanguage\":\"bs-BA\"},{\"@type\":\"Organization\",\"@id\":\"https:\/\/webalkans.eu\/bs\/#organization\",\"name\":\"European Union\",\"url\":\"https:\/\/webalkans.eu\/bs\/\",\"logo\":{\"@type\":\"ImageObject\",\"inLanguage\":\"bs-BA\",\"@id\":\"https:\/\/webalkans.eu\/bs\/#\/schema\/logo\/image\/\",\"url\":\"https:\/\/webalkans.eu\/wp-content\/uploads\/2020\/11\/eu_flag.jpg\",\"contentUrl\":\"https:\/\/webalkans.eu\/wp-content\/uploads\/2020\/11\/eu_flag.jpg\",\"width\":600,\"height\":401,\"caption\":\"European Union\"},\"image\":{\"@id\":\"https:\/\/webalkans.eu\/bs\/#\/schema\/logo\/image\/\"},\"sameAs\":[\"https:\/\/www.facebook.com\/webalkans.eu\",\"https:\/\/x.com\/WeBalkans\"]},{\"@type\":\"Person\",\"@id\":\"https:\/\/webalkans.eu\/bs\/#\/schema\/person\/95a8ea19ef21de3b7766e9b65ffdb4da\",\"name\":\"007designstudio@gmail.com\"}]}<\/script>\n<!-- \/ Yoast SEO plugin. -->","yoast_head_json":{"title":"Integritet medija u doba dezinformacija News | WeBalkans","description":"Integritet medija u doba dezinformacija","robots":{"index":"index","follow":"follow","max-snippet":"max-snippet:-1","max-image-preview":"max-image-preview:large","max-video-preview":"max-video-preview:-1"},"canonical":"https:\/\/webalkans.eu\/bs\/news\/media-integrity-in-the-age-of-disinformation\/","og_locale":"bs_BA","og_type":"article","og_title":"Integritet medija u doba dezinformacija News | WeBalkans","og_description":"Integritet medija u doba dezinformacija","og_url":"https:\/\/webalkans.eu\/bs\/news\/media-integrity-in-the-age-of-disinformation\/","og_site_name":"WeBalkans | EU Projects in the Western Balkans","article_publisher":"https:\/\/www.facebook.com\/webalkans.eu","article_published_time":"2022-04-27T12:17:45+00:00","article_modified_time":"2022-05-09T15:43:07+00:00","og_image":[{"width":1117,"height":608,"url":"https:\/\/webalkans.eu\/wp-content\/uploads\/2022\/04\/4-2.jpeg","type":"image\/jpeg"}],"author":"007designstudio@gmail.com","twitter_card":"summary_large_image","twitter_creator":"@WeBalkans","twitter_site":"@WeBalkans","twitter_misc":{"Written by":"007designstudio@gmail.com","Est. reading time":"2 minute"},"schema":{"@context":"https:\/\/schema.org","@graph":[{"@type":"Article","@id":"https:\/\/webalkans.eu\/bs\/news\/media-integrity-in-the-age-of-disinformation\/#article","isPartOf":{"@id":"https:\/\/webalkans.eu\/bs\/news\/media-integrity-in-the-age-of-disinformation\/"},"author":{"name":"007designstudio@gmail.com","@id":"https:\/\/webalkans.eu\/bs\/#\/schema\/person\/95a8ea19ef21de3b7766e9b65ffdb4da"},"headline":"Integritet medija u doba dezinformacija","datePublished":"2022-04-27T12:17:45+00:00","dateModified":"2022-05-09T15:43:07+00:00","mainEntityOfPage":{"@id":"https:\/\/webalkans.eu\/bs\/news\/media-integrity-in-the-age-of-disinformation\/"},"wordCount":372,"publisher":{"@id":"https:\/\/webalkans.eu\/bs\/#organization"},"image":{"@id":"https:\/\/webalkans.eu\/bs\/news\/media-integrity-in-the-age-of-disinformation\/#primaryimage"},"thumbnailUrl":"https:\/\/webalkans.eu\/wp-content\/uploads\/2022\/04\/4-2.jpeg","inLanguage":"bs-BA"},{"@type":"WebPage","@id":"https:\/\/webalkans.eu\/bs\/news\/media-integrity-in-the-age-of-disinformation\/","url":"https:\/\/webalkans.eu\/bs\/news\/media-integrity-in-the-age-of-disinformation\/","name":"Integritet medija u doba dezinformacija News | WeBalkans","isPartOf":{"@id":"https:\/\/webalkans.eu\/bs\/#website"},"primaryImageOfPage":{"@id":"https:\/\/webalkans.eu\/bs\/news\/media-integrity-in-the-age-of-disinformation\/#primaryimage"},"image":{"@id":"https:\/\/webalkans.eu\/bs\/news\/media-integrity-in-the-age-of-disinformation\/#primaryimage"},"thumbnailUrl":"https:\/\/webalkans.eu\/wp-content\/uploads\/2022\/04\/4-2.jpeg","datePublished":"2022-04-27T12:17:45+00:00","dateModified":"2022-05-09T15:43:07+00:00","description":"Integritet medija u doba dezinformacija","breadcrumb":{"@id":"https:\/\/webalkans.eu\/bs\/news\/media-integrity-in-the-age-of-disinformation\/#breadcrumb"},"inLanguage":"bs-BA","potentialAction":[{"@type":"ReadAction","target":["https:\/\/webalkans.eu\/bs\/news\/media-integrity-in-the-age-of-disinformation\/"]}]},{"@type":"ImageObject","inLanguage":"bs-BA","@id":"https:\/\/webalkans.eu\/bs\/news\/media-integrity-in-the-age-of-disinformation\/#primaryimage","url":"https:\/\/webalkans.eu\/wp-content\/uploads\/2022\/04\/4-2.jpeg","contentUrl":"https:\/\/webalkans.eu\/wp-content\/uploads\/2022\/04\/4-2.jpeg","width":1117,"height":608},{"@type":"BreadcrumbList","@id":"https:\/\/webalkans.eu\/bs\/news\/media-integrity-in-the-age-of-disinformation\/#breadcrumb","itemListElement":[{"@type":"ListItem","position":1,"name":"Home","item":"https:\/\/webalkans.eu\/bs\/homepage\/"},{"@type":"ListItem","position":2,"name":"Integritet medija u doba dezinformacija"}]},{"@type":"WebSite","@id":"https:\/\/webalkans.eu\/bs\/#website","url":"https:\/\/webalkans.eu\/bs\/","name":"WeBalkans | EU Projects in the Western Balkans","description":"","publisher":{"@id":"https:\/\/webalkans.eu\/bs\/#organization"},"potentialAction":[{"@type":"SearchAction","target":{"@type":"EntryPoint","urlTemplate":"https:\/\/webalkans.eu\/bs\/?s={search_term_string}"},"query-input":{"@type":"PropertyValueSpecification","valueRequired":true,"valueName":"search_term_string"}}],"inLanguage":"bs-BA"},{"@type":"Organization","@id":"https:\/\/webalkans.eu\/bs\/#organization","name":"European Union","url":"https:\/\/webalkans.eu\/bs\/","logo":{"@type":"ImageObject","inLanguage":"bs-BA","@id":"https:\/\/webalkans.eu\/bs\/#\/schema\/logo\/image\/","url":"https:\/\/webalkans.eu\/wp-content\/uploads\/2020\/11\/eu_flag.jpg","contentUrl":"https:\/\/webalkans.eu\/wp-content\/uploads\/2020\/11\/eu_flag.jpg","width":600,"height":401,"caption":"European Union"},"image":{"@id":"https:\/\/webalkans.eu\/bs\/#\/schema\/logo\/image\/"},"sameAs":["https:\/\/www.facebook.com\/webalkans.eu","https:\/\/x.com\/WeBalkans"]},{"@type":"Person","@id":"https:\/\/webalkans.eu\/bs\/#\/schema\/person\/95a8ea19ef21de3b7766e9b65ffdb4da","name":"007designstudio@gmail.com"}]}},"_links":{"self":[{"href":"https:\/\/webalkans.eu\/bs\/wp-json\/wp\/v2\/posts\/591112"}],"collection":[{"href":"https:\/\/webalkans.eu\/bs\/wp-json\/wp\/v2\/posts"}],"about":[{"href":"https:\/\/webalkans.eu\/bs\/wp-json\/wp\/v2\/types\/post"}],"author":[{"embeddable":true,"href":"https:\/\/webalkans.eu\/bs\/wp-json\/wp\/v2\/users\/152227"}],"replies":[{"embeddable":true,"href":"https:\/\/webalkans.eu\/bs\/wp-json\/wp\/v2\/comments?post=591112"}],"version-history":[{"count":0,"href":"https:\/\/webalkans.eu\/bs\/wp-json\/wp\/v2\/posts\/591112\/revisions"}],"wp:featuredmedia":[{"embeddable":true,"href":"https:\/\/webalkans.eu\/bs\/wp-json\/wp\/v2\/media\/583232"}],"wp:attachment":[{"href":"https:\/\/webalkans.eu\/bs\/wp-json\/wp\/v2\/media?parent=591112"}],"wp:term":[{"taxonomy":"country-for-news","embeddable":true,"href":"https:\/\/webalkans.eu\/bs\/wp-json\/wp\/v2\/country-for-news?post=591112"}],"curies":[{"name":"wp","href":"https:\/\/api.w.org\/{rel}","templated":true}]}}