
{"id":587674,"date":"2022-04-25T17:59:15","date_gmt":"2022-04-25T15:59:15","guid":{"rendered":"https:\/\/webalkans.eu\/news\/e12-million-for-serbia-from-eu-solidarity-fund\/"},"modified":"2022-05-04T09:37:32","modified_gmt":"2022-05-04T07:37:32","slug":"e12-million-for-serbia-from-eu-solidarity-fund","status":"publish","type":"post","link":"https:\/\/webalkans.eu\/bs\/news\/e12-million-for-serbia-from-eu-solidarity-fund\/","title":{"rendered":"Srbiji se dodijeljuje 12 miliona eura iz Fonda solidarnosti EU"},"content":{"rendered":"<p style=\"font-weight: 400;\">Jadranka Joksimovi\u0107 \u2013 ministarka za evropske integracije i nacionalna IPA ( Instrument pretpristupne pomo\u0107i) koordinatorka \u2013 potpisala je 13. aprila u ime Republike Srbije Sporazum o povjeravanju, kojim Evropska unija daje Srbiji grant od oko 12 miliona eura. Sredstva dolaze iz Fonda solidarnosti EU i namijenjena su za finansiranje hitnih aktivnosti u borbi protiv Covid-19, kao i za sprovo\u0111enje drugih mjera koje \u0107e pomo\u0107i u oporavku zdravstvenog sistema Srbije tako \u0161to \u0107e pokriti neke tro\u0161kove nastale tokom krize javnog zdravlja usljed pandemije.<\/p>\n<p>&nbsp;<\/p>\n<p style=\"font-weight: 400;\">Ambasador EU u Srbiji Emanuele \u017diofre opisao je grant kao \u201ejo\u0161 jedan izraz na\u0161e posve\u0107enosti podr\u0161ci Srbiji u borbi protiv pandemije\u201c. On je rekao: \u201eU borbi protiv Covida, EU je od po\u010detka pandemije podr\u017eavala Srbiju. Finansirali smo kargo letove za transport medicinske robe; finansirali smo medicinske radnike i zna\u010dajno pomogli Srbiji u kupovini vakcina; a Srbija je dobila kola hitne pomo\u0107i i za\u0161titne maske. Za vi\u0161e od 20 godina, EU je ulo\u017eila vi\u0161e od 516 miliona eura u zdravstveni sektor Srbije. Mnoge bolnice \u0161irom zemlje finansira EU.\u201d<\/p>\n<p>&nbsp;<\/p>\n<p style=\"font-weight: 400;\">Nakon odluke Evropske komisije iz 2021. godine, Fond solidarnosti Evropske unije obezbijedio je 530 miliona eura za borbu protiv Covid-19. Novac je oti\u0161ao u 17 dr\u017eava \u010dlanica i tri zemlje sa statusom kandidata. Na po\u010detku pandemije Srbiji su obezbije\u0111ena sredstva za nabavku dezinfekcijskih sredstava, li\u010dne za\u0161titne opreme i medicinske opreme.<\/p>\n","protected":false},"excerpt":{"rendered":"<p>Jadranka Joksimovi\u0107 \u2013 ministarka za evropske integracije i nacionalna IPA ( Instrument pretpristupne pomo\u0107i) koordinatorka \u2013 potpisala je 13. aprila u ime Republike Srbije Sporazum <\/p>\n","protected":false},"author":152227,"featured_media":581839,"comment_status":"closed","ping_status":"closed","sticky":false,"template":"","format":"standard","meta":{"_acf_changed":false,"_monsterinsights_skip_tracking":false,"_monsterinsights_sitenote_active":false,"_monsterinsights_sitenote_note":"","_monsterinsights_sitenote_category":0,"footnotes":""},"country-for-news":[442],"class_list":["post-587674","post","type-post","status-publish","format-standard","has-post-thumbnail","hentry","wb_theme-equality-and-fair-society","country-for-news-serbia"],"acf":[],"yoast_head":"<!-- This site is optimized with the Yoast SEO plugin v25.3.1 - https:\/\/yoast.com\/wordpress\/plugins\/seo\/ -->\n<title>Srbiji se dodijeljuje 12 miliona eura iz Fonda solidarnosti EU News | WeBalkans<\/title>\n<meta name=\"description\" content=\"Srbiji se dodijeljuje 12 miliona eura iz Fonda solidarnosti EU\" \/>\n<meta name=\"robots\" content=\"index, follow, max-snippet:-1, max-image-preview:large, max-video-preview:-1\" \/>\n<link rel=\"canonical\" href=\"https:\/\/webalkans.eu\/bs\/news\/e12-million-for-serbia-from-eu-solidarity-fund\/\" \/>\n<meta property=\"og:locale\" content=\"bs_BA\" \/>\n<meta property=\"og:type\" content=\"article\" \/>\n<meta property=\"og:title\" content=\"Srbiji se dodijeljuje 12 miliona eura iz Fonda solidarnosti EU News | WeBalkans\" \/>\n<meta property=\"og:description\" content=\"Srbiji se dodijeljuje 12 miliona eura iz Fonda solidarnosti EU\" \/>\n<meta property=\"og:url\" content=\"https:\/\/webalkans.eu\/bs\/news\/e12-million-for-serbia-from-eu-solidarity-fund\/\" \/>\n<meta property=\"og:site_name\" content=\"WeBalkans | EU Projects in the Western Balkans\" \/>\n<meta property=\"article:publisher\" content=\"https:\/\/www.facebook.com\/webalkans.eu\" \/>\n<meta property=\"article:published_time\" content=\"2022-04-25T15:59:15+00:00\" \/>\n<meta property=\"article:modified_time\" content=\"2022-05-04T07:37:32+00:00\" \/>\n<meta property=\"og:image\" content=\"https:\/\/webalkans.eu\/wp-content\/uploads\/2022\/04\/3-3.jpeg\" \/>\n\t<meta property=\"og:image:width\" content=\"2560\" \/>\n\t<meta property=\"og:image:height\" content=\"1707\" \/>\n\t<meta property=\"og:image:type\" content=\"image\/jpeg\" \/>\n<meta name=\"author\" content=\"007designstudio@gmail.com\" \/>\n<meta name=\"twitter:card\" content=\"summary_large_image\" \/>\n<meta name=\"twitter:creator\" content=\"@WeBalkans\" \/>\n<meta name=\"twitter:site\" content=\"@WeBalkans\" \/>\n<meta name=\"twitter:label1\" content=\"Written by\" \/>\n\t<meta name=\"twitter:data1\" content=\"007designstudio@gmail.com\" \/>\n\t<meta name=\"twitter:label2\" content=\"Est. reading time\" \/>\n\t<meta name=\"twitter:data2\" content=\"1 minuta\" \/>\n<script type=\"application\/ld+json\" class=\"yoast-schema-graph\">{\"@context\":\"https:\/\/schema.org\",\"@graph\":[{\"@type\":\"Article\",\"@id\":\"https:\/\/webalkans.eu\/bs\/news\/e12-million-for-serbia-from-eu-solidarity-fund\/#article\",\"isPartOf\":{\"@id\":\"https:\/\/webalkans.eu\/bs\/news\/e12-million-for-serbia-from-eu-solidarity-fund\/\"},\"author\":{\"name\":\"007designstudio@gmail.com\",\"@id\":\"https:\/\/webalkans.eu\/bs\/#\/schema\/person\/95a8ea19ef21de3b7766e9b65ffdb4da\"},\"headline\":\"Srbiji se dodijeljuje 12 miliona eura iz Fonda solidarnosti EU\",\"datePublished\":\"2022-04-25T15:59:15+00:00\",\"dateModified\":\"2022-05-04T07:37:32+00:00\",\"mainEntityOfPage\":{\"@id\":\"https:\/\/webalkans.eu\/bs\/news\/e12-million-for-serbia-from-eu-solidarity-fund\/\"},\"wordCount\":241,\"publisher\":{\"@id\":\"https:\/\/webalkans.eu\/bs\/#organization\"},\"image\":{\"@id\":\"https:\/\/webalkans.eu\/bs\/news\/e12-million-for-serbia-from-eu-solidarity-fund\/#primaryimage\"},\"thumbnailUrl\":\"https:\/\/webalkans.eu\/wp-content\/uploads\/2022\/04\/3-3.jpeg\",\"inLanguage\":\"bs-BA\"},{\"@type\":\"WebPage\",\"@id\":\"https:\/\/webalkans.eu\/bs\/news\/e12-million-for-serbia-from-eu-solidarity-fund\/\",\"url\":\"https:\/\/webalkans.eu\/bs\/news\/e12-million-for-serbia-from-eu-solidarity-fund\/\",\"name\":\"Srbiji se dodijeljuje 12 miliona eura iz Fonda solidarnosti EU News | WeBalkans\",\"isPartOf\":{\"@id\":\"https:\/\/webalkans.eu\/bs\/#website\"},\"primaryImageOfPage\":{\"@id\":\"https:\/\/webalkans.eu\/bs\/news\/e12-million-for-serbia-from-eu-solidarity-fund\/#primaryimage\"},\"image\":{\"@id\":\"https:\/\/webalkans.eu\/bs\/news\/e12-million-for-serbia-from-eu-solidarity-fund\/#primaryimage\"},\"thumbnailUrl\":\"https:\/\/webalkans.eu\/wp-content\/uploads\/2022\/04\/3-3.jpeg\",\"datePublished\":\"2022-04-25T15:59:15+00:00\",\"dateModified\":\"2022-05-04T07:37:32+00:00\",\"description\":\"Srbiji se dodijeljuje 12 miliona eura iz Fonda solidarnosti EU\",\"breadcrumb\":{\"@id\":\"https:\/\/webalkans.eu\/bs\/news\/e12-million-for-serbia-from-eu-solidarity-fund\/#breadcrumb\"},\"inLanguage\":\"bs-BA\",\"potentialAction\":[{\"@type\":\"ReadAction\",\"target\":[\"https:\/\/webalkans.eu\/bs\/news\/e12-million-for-serbia-from-eu-solidarity-fund\/\"]}]},{\"@type\":\"ImageObject\",\"inLanguage\":\"bs-BA\",\"@id\":\"https:\/\/webalkans.eu\/bs\/news\/e12-million-for-serbia-from-eu-solidarity-fund\/#primaryimage\",\"url\":\"https:\/\/webalkans.eu\/wp-content\/uploads\/2022\/04\/3-3.jpeg\",\"contentUrl\":\"https:\/\/webalkans.eu\/wp-content\/uploads\/2022\/04\/3-3.jpeg\",\"width\":2560,\"height\":1707},{\"@type\":\"BreadcrumbList\",\"@id\":\"https:\/\/webalkans.eu\/bs\/news\/e12-million-for-serbia-from-eu-solidarity-fund\/#breadcrumb\",\"itemListElement\":[{\"@type\":\"ListItem\",\"position\":1,\"name\":\"Home\",\"item\":\"https:\/\/webalkans.eu\/bs\/homepage\/\"},{\"@type\":\"ListItem\",\"position\":2,\"name\":\"Srbiji se dodijeljuje 12 miliona eura iz Fonda solidarnosti EU\"}]},{\"@type\":\"WebSite\",\"@id\":\"https:\/\/webalkans.eu\/bs\/#website\",\"url\":\"https:\/\/webalkans.eu\/bs\/\",\"name\":\"WeBalkans | EU Projects in the Western Balkans\",\"description\":\"\",\"publisher\":{\"@id\":\"https:\/\/webalkans.eu\/bs\/#organization\"},\"potentialAction\":[{\"@type\":\"SearchAction\",\"target\":{\"@type\":\"EntryPoint\",\"urlTemplate\":\"https:\/\/webalkans.eu\/bs\/?s={search_term_string}\"},\"query-input\":{\"@type\":\"PropertyValueSpecification\",\"valueRequired\":true,\"valueName\":\"search_term_string\"}}],\"inLanguage\":\"bs-BA\"},{\"@type\":\"Organization\",\"@id\":\"https:\/\/webalkans.eu\/bs\/#organization\",\"name\":\"European Union\",\"url\":\"https:\/\/webalkans.eu\/bs\/\",\"logo\":{\"@type\":\"ImageObject\",\"inLanguage\":\"bs-BA\",\"@id\":\"https:\/\/webalkans.eu\/bs\/#\/schema\/logo\/image\/\",\"url\":\"https:\/\/webalkans.eu\/wp-content\/uploads\/2020\/11\/eu_flag.jpg\",\"contentUrl\":\"https:\/\/webalkans.eu\/wp-content\/uploads\/2020\/11\/eu_flag.jpg\",\"width\":600,\"height\":401,\"caption\":\"European Union\"},\"image\":{\"@id\":\"https:\/\/webalkans.eu\/bs\/#\/schema\/logo\/image\/\"},\"sameAs\":[\"https:\/\/www.facebook.com\/webalkans.eu\",\"https:\/\/x.com\/WeBalkans\"]},{\"@type\":\"Person\",\"@id\":\"https:\/\/webalkans.eu\/bs\/#\/schema\/person\/95a8ea19ef21de3b7766e9b65ffdb4da\",\"name\":\"007designstudio@gmail.com\"}]}<\/script>\n<!-- \/ Yoast SEO plugin. -->","yoast_head_json":{"title":"Srbiji se dodijeljuje 12 miliona eura iz Fonda solidarnosti EU News | WeBalkans","description":"Srbiji se dodijeljuje 12 miliona eura iz Fonda solidarnosti EU","robots":{"index":"index","follow":"follow","max-snippet":"max-snippet:-1","max-image-preview":"max-image-preview:large","max-video-preview":"max-video-preview:-1"},"canonical":"https:\/\/webalkans.eu\/bs\/news\/e12-million-for-serbia-from-eu-solidarity-fund\/","og_locale":"bs_BA","og_type":"article","og_title":"Srbiji se dodijeljuje 12 miliona eura iz Fonda solidarnosti EU News | WeBalkans","og_description":"Srbiji se dodijeljuje 12 miliona eura iz Fonda solidarnosti EU","og_url":"https:\/\/webalkans.eu\/bs\/news\/e12-million-for-serbia-from-eu-solidarity-fund\/","og_site_name":"WeBalkans | EU Projects in the Western Balkans","article_publisher":"https:\/\/www.facebook.com\/webalkans.eu","article_published_time":"2022-04-25T15:59:15+00:00","article_modified_time":"2022-05-04T07:37:32+00:00","og_image":[{"width":2560,"height":1707,"url":"https:\/\/webalkans.eu\/wp-content\/uploads\/2022\/04\/3-3.jpeg","type":"image\/jpeg"}],"author":"007designstudio@gmail.com","twitter_card":"summary_large_image","twitter_creator":"@WeBalkans","twitter_site":"@WeBalkans","twitter_misc":{"Written by":"007designstudio@gmail.com","Est. reading time":"1 minuta"},"schema":{"@context":"https:\/\/schema.org","@graph":[{"@type":"Article","@id":"https:\/\/webalkans.eu\/bs\/news\/e12-million-for-serbia-from-eu-solidarity-fund\/#article","isPartOf":{"@id":"https:\/\/webalkans.eu\/bs\/news\/e12-million-for-serbia-from-eu-solidarity-fund\/"},"author":{"name":"007designstudio@gmail.com","@id":"https:\/\/webalkans.eu\/bs\/#\/schema\/person\/95a8ea19ef21de3b7766e9b65ffdb4da"},"headline":"Srbiji se dodijeljuje 12 miliona eura iz Fonda solidarnosti EU","datePublished":"2022-04-25T15:59:15+00:00","dateModified":"2022-05-04T07:37:32+00:00","mainEntityOfPage":{"@id":"https:\/\/webalkans.eu\/bs\/news\/e12-million-for-serbia-from-eu-solidarity-fund\/"},"wordCount":241,"publisher":{"@id":"https:\/\/webalkans.eu\/bs\/#organization"},"image":{"@id":"https:\/\/webalkans.eu\/bs\/news\/e12-million-for-serbia-from-eu-solidarity-fund\/#primaryimage"},"thumbnailUrl":"https:\/\/webalkans.eu\/wp-content\/uploads\/2022\/04\/3-3.jpeg","inLanguage":"bs-BA"},{"@type":"WebPage","@id":"https:\/\/webalkans.eu\/bs\/news\/e12-million-for-serbia-from-eu-solidarity-fund\/","url":"https:\/\/webalkans.eu\/bs\/news\/e12-million-for-serbia-from-eu-solidarity-fund\/","name":"Srbiji se dodijeljuje 12 miliona eura iz Fonda solidarnosti EU News | WeBalkans","isPartOf":{"@id":"https:\/\/webalkans.eu\/bs\/#website"},"primaryImageOfPage":{"@id":"https:\/\/webalkans.eu\/bs\/news\/e12-million-for-serbia-from-eu-solidarity-fund\/#primaryimage"},"image":{"@id":"https:\/\/webalkans.eu\/bs\/news\/e12-million-for-serbia-from-eu-solidarity-fund\/#primaryimage"},"thumbnailUrl":"https:\/\/webalkans.eu\/wp-content\/uploads\/2022\/04\/3-3.jpeg","datePublished":"2022-04-25T15:59:15+00:00","dateModified":"2022-05-04T07:37:32+00:00","description":"Srbiji se dodijeljuje 12 miliona eura iz Fonda solidarnosti EU","breadcrumb":{"@id":"https:\/\/webalkans.eu\/bs\/news\/e12-million-for-serbia-from-eu-solidarity-fund\/#breadcrumb"},"inLanguage":"bs-BA","potentialAction":[{"@type":"ReadAction","target":["https:\/\/webalkans.eu\/bs\/news\/e12-million-for-serbia-from-eu-solidarity-fund\/"]}]},{"@type":"ImageObject","inLanguage":"bs-BA","@id":"https:\/\/webalkans.eu\/bs\/news\/e12-million-for-serbia-from-eu-solidarity-fund\/#primaryimage","url":"https:\/\/webalkans.eu\/wp-content\/uploads\/2022\/04\/3-3.jpeg","contentUrl":"https:\/\/webalkans.eu\/wp-content\/uploads\/2022\/04\/3-3.jpeg","width":2560,"height":1707},{"@type":"BreadcrumbList","@id":"https:\/\/webalkans.eu\/bs\/news\/e12-million-for-serbia-from-eu-solidarity-fund\/#breadcrumb","itemListElement":[{"@type":"ListItem","position":1,"name":"Home","item":"https:\/\/webalkans.eu\/bs\/homepage\/"},{"@type":"ListItem","position":2,"name":"Srbiji se dodijeljuje 12 miliona eura iz Fonda solidarnosti EU"}]},{"@type":"WebSite","@id":"https:\/\/webalkans.eu\/bs\/#website","url":"https:\/\/webalkans.eu\/bs\/","name":"WeBalkans | EU Projects in the Western Balkans","description":"","publisher":{"@id":"https:\/\/webalkans.eu\/bs\/#organization"},"potentialAction":[{"@type":"SearchAction","target":{"@type":"EntryPoint","urlTemplate":"https:\/\/webalkans.eu\/bs\/?s={search_term_string}"},"query-input":{"@type":"PropertyValueSpecification","valueRequired":true,"valueName":"search_term_string"}}],"inLanguage":"bs-BA"},{"@type":"Organization","@id":"https:\/\/webalkans.eu\/bs\/#organization","name":"European Union","url":"https:\/\/webalkans.eu\/bs\/","logo":{"@type":"ImageObject","inLanguage":"bs-BA","@id":"https:\/\/webalkans.eu\/bs\/#\/schema\/logo\/image\/","url":"https:\/\/webalkans.eu\/wp-content\/uploads\/2020\/11\/eu_flag.jpg","contentUrl":"https:\/\/webalkans.eu\/wp-content\/uploads\/2020\/11\/eu_flag.jpg","width":600,"height":401,"caption":"European Union"},"image":{"@id":"https:\/\/webalkans.eu\/bs\/#\/schema\/logo\/image\/"},"sameAs":["https:\/\/www.facebook.com\/webalkans.eu","https:\/\/x.com\/WeBalkans"]},{"@type":"Person","@id":"https:\/\/webalkans.eu\/bs\/#\/schema\/person\/95a8ea19ef21de3b7766e9b65ffdb4da","name":"007designstudio@gmail.com"}]}},"_links":{"self":[{"href":"https:\/\/webalkans.eu\/bs\/wp-json\/wp\/v2\/posts\/587674"}],"collection":[{"href":"https:\/\/webalkans.eu\/bs\/wp-json\/wp\/v2\/posts"}],"about":[{"href":"https:\/\/webalkans.eu\/bs\/wp-json\/wp\/v2\/types\/post"}],"author":[{"embeddable":true,"href":"https:\/\/webalkans.eu\/bs\/wp-json\/wp\/v2\/users\/152227"}],"replies":[{"embeddable":true,"href":"https:\/\/webalkans.eu\/bs\/wp-json\/wp\/v2\/comments?post=587674"}],"version-history":[{"count":0,"href":"https:\/\/webalkans.eu\/bs\/wp-json\/wp\/v2\/posts\/587674\/revisions"}],"wp:featuredmedia":[{"embeddable":true,"href":"https:\/\/webalkans.eu\/bs\/wp-json\/wp\/v2\/media\/581839"}],"wp:attachment":[{"href":"https:\/\/webalkans.eu\/bs\/wp-json\/wp\/v2\/media?parent=587674"}],"wp:term":[{"taxonomy":"country-for-news","embeddable":true,"href":"https:\/\/webalkans.eu\/bs\/wp-json\/wp\/v2\/country-for-news?post=587674"}],"curies":[{"name":"wp","href":"https:\/\/api.w.org\/{rel}","templated":true}]}}