
{"id":578438,"date":"2022-04-15T12:45:58","date_gmt":"2022-04-15T10:45:58","guid":{"rendered":"https:\/\/webalkans.eu\/news\/open-call-for-eu-investigative-journalism-award\/"},"modified":"2022-04-20T15:27:19","modified_gmt":"2022-04-20T13:27:19","slug":"open-call-for-eu-investigative-journalism-award","status":"publish","type":"post","link":"https:\/\/webalkans.eu\/bs\/news\/open-call-for-eu-investigative-journalism-award\/","title":{"rendered":"Otvoren je poziv za dodjelu nagrade EU za istra\u017eiva\u010dko novinarstvo"},"content":{"rendered":"<p style=\"font-weight: 400;\">Raspisan je otvoreni poziv za nominacije pri\u010da za dodjelu nagrade EU za istra\u017eiva\u010dko novinarstvo za 2022. Pojedinci ili grupe novinara sa Zapadnog Balkana i Turske imaju pravo da prijave svoje istra\u017eiva\u010dke pri\u010de, u bilo kojim novinarskim oblicima (\u0161tampanim, onlajn, radio i TV), koje su objavljene ili emitovane u medijima u svakoj zemlji na slu\u017ebenim, manjinskim ili me\u0111unarodnim jezicima tokom 2021. godine. Rok za prijavu je do 8. maja 2022.<\/p>\n<p>&nbsp;<\/p>\n<p style=\"font-weight: 400;\">Mogu\u0107e je nominovati istra\u017eiva\u010dke pri\u010de koje se odnose na slobodu izra\u017eavanja, vladavinu prava, transparentnost, zloupotrebu mo\u0107i i osnovnih prava, korupciju i organizovani kriminal. Nagradni fond u svakoj zemlji iznosi 10.000 eura, od \u010dega \u0107e najbolja pri\u010da osvojiti 5.000 eura, drugoplasirana 3.000 eura i tre\u0107eplasirana 2.000 eura.<\/p>\n<p>&nbsp;<\/p>\n<p style=\"font-weight: 400;\">Nagrade EU za istra\u017eiva\u010dko novinarstvo na Zapadnom Balkanu i Turskoj imaju za cilj da proslave i promovi\u0161u izuzetna dostignu\u0107a istra\u017eiva\u010dkih novinara, kao i da skrenu pa\u017enju na kvalitetno novinarstvo u regionu. Nagrade su dio teku\u0107eg projekta \u201cPodizanje kvaliteta vijesti i nezavisnog novinarstva u zemljama Zapadnog Balkana i Turskoj\u201d, koji finansira Evropska unija.<\/p>\n","protected":false},"excerpt":{"rendered":"<p>Raspisan je otvoreni poziv za nominacije pri\u010da za dodjelu nagrade EU za istra\u017eiva\u010dko novinarstvo za 2022. Pojedinci ili grupe novinara sa Zapadnog Balkana i Turske <\/p>\n","protected":false},"author":152227,"featured_media":574703,"comment_status":"closed","ping_status":"closed","sticky":false,"template":"","format":"standard","meta":{"_acf_changed":false,"_monsterinsights_skip_tracking":false,"_monsterinsights_sitenote_active":false,"_monsterinsights_sitenote_note":"","_monsterinsights_sitenote_category":0,"footnotes":""},"country-for-news":[438,442,416,420,425,432],"class_list":["post-578438","post","type-post","status-publish","format-standard","has-post-thumbnail","hentry","wb_theme-democracy-and-fundamental-rights","country-for-news-north-macedonia","country-for-news-serbia","country-for-news-albania","country-for-news-bosnia-and-herzegovina","country-for-news-kosovo","country-for-news-montenegro"],"acf":[],"yoast_head":"<!-- This site is optimized with the Yoast SEO plugin v25.3.1 - https:\/\/yoast.com\/wordpress\/plugins\/seo\/ -->\n<title>Otvoren je poziv za dodjelu nagrade EU za istra\u017eiva\u010dko novinarstvo News | WeBalkans<\/title>\n<meta name=\"description\" content=\"Otvoren je poziv za dodjelu nagrade EU za istra\u017eiva\u010dko novinarstvo\" \/>\n<meta name=\"robots\" content=\"index, follow, max-snippet:-1, max-image-preview:large, max-video-preview:-1\" \/>\n<link rel=\"canonical\" href=\"https:\/\/webalkans.eu\/bs\/news\/open-call-for-eu-investigative-journalism-award\/\" \/>\n<meta property=\"og:locale\" content=\"bs_BA\" \/>\n<meta property=\"og:type\" content=\"article\" \/>\n<meta property=\"og:title\" content=\"Otvoren je poziv za dodjelu nagrade EU za istra\u017eiva\u010dko novinarstvo News | WeBalkans\" \/>\n<meta property=\"og:description\" content=\"Otvoren je poziv za dodjelu nagrade EU za istra\u017eiva\u010dko novinarstvo\" \/>\n<meta property=\"og:url\" content=\"https:\/\/webalkans.eu\/bs\/news\/open-call-for-eu-investigative-journalism-award\/\" \/>\n<meta property=\"og:site_name\" content=\"WeBalkans | EU Projects in the Western Balkans\" \/>\n<meta property=\"article:publisher\" content=\"https:\/\/www.facebook.com\/webalkans.eu\" \/>\n<meta property=\"article:published_time\" content=\"2022-04-15T10:45:58+00:00\" \/>\n<meta property=\"article:modified_time\" content=\"2022-04-20T13:27:19+00:00\" \/>\n<meta property=\"og:image\" content=\"https:\/\/webalkans.eu\/wp-content\/uploads\/2022\/04\/Safe-Journalists.jpg\" \/>\n\t<meta property=\"og:image:width\" content=\"640\" \/>\n\t<meta property=\"og:image:height\" content=\"480\" \/>\n\t<meta property=\"og:image:type\" content=\"image\/jpeg\" \/>\n<meta name=\"author\" content=\"007designstudio@gmail.com\" \/>\n<meta name=\"twitter:card\" content=\"summary_large_image\" \/>\n<meta name=\"twitter:creator\" content=\"@WeBalkans\" \/>\n<meta name=\"twitter:site\" content=\"@WeBalkans\" \/>\n<meta name=\"twitter:label1\" content=\"Written by\" \/>\n\t<meta name=\"twitter:data1\" content=\"007designstudio@gmail.com\" \/>\n\t<meta name=\"twitter:label2\" content=\"Est. reading time\" \/>\n\t<meta name=\"twitter:data2\" content=\"1 minuta\" \/>\n<script type=\"application\/ld+json\" class=\"yoast-schema-graph\">{\"@context\":\"https:\/\/schema.org\",\"@graph\":[{\"@type\":\"Article\",\"@id\":\"https:\/\/webalkans.eu\/bs\/news\/open-call-for-eu-investigative-journalism-award\/#article\",\"isPartOf\":{\"@id\":\"https:\/\/webalkans.eu\/bs\/news\/open-call-for-eu-investigative-journalism-award\/\"},\"author\":{\"name\":\"007designstudio@gmail.com\",\"@id\":\"https:\/\/webalkans.eu\/bs\/#\/schema\/person\/95a8ea19ef21de3b7766e9b65ffdb4da\"},\"headline\":\"Otvoren je poziv za dodjelu nagrade EU za istra\u017eiva\u010dko novinarstvo\",\"datePublished\":\"2022-04-15T10:45:58+00:00\",\"dateModified\":\"2022-04-20T13:27:19+00:00\",\"mainEntityOfPage\":{\"@id\":\"https:\/\/webalkans.eu\/bs\/news\/open-call-for-eu-investigative-journalism-award\/\"},\"wordCount\":197,\"publisher\":{\"@id\":\"https:\/\/webalkans.eu\/bs\/#organization\"},\"image\":{\"@id\":\"https:\/\/webalkans.eu\/bs\/news\/open-call-for-eu-investigative-journalism-award\/#primaryimage\"},\"thumbnailUrl\":\"https:\/\/webalkans.eu\/wp-content\/uploads\/2022\/04\/Safe-Journalists.jpg\",\"inLanguage\":\"bs-BA\"},{\"@type\":\"WebPage\",\"@id\":\"https:\/\/webalkans.eu\/bs\/news\/open-call-for-eu-investigative-journalism-award\/\",\"url\":\"https:\/\/webalkans.eu\/bs\/news\/open-call-for-eu-investigative-journalism-award\/\",\"name\":\"Otvoren je poziv za dodjelu nagrade EU za istra\u017eiva\u010dko novinarstvo News | WeBalkans\",\"isPartOf\":{\"@id\":\"https:\/\/webalkans.eu\/bs\/#website\"},\"primaryImageOfPage\":{\"@id\":\"https:\/\/webalkans.eu\/bs\/news\/open-call-for-eu-investigative-journalism-award\/#primaryimage\"},\"image\":{\"@id\":\"https:\/\/webalkans.eu\/bs\/news\/open-call-for-eu-investigative-journalism-award\/#primaryimage\"},\"thumbnailUrl\":\"https:\/\/webalkans.eu\/wp-content\/uploads\/2022\/04\/Safe-Journalists.jpg\",\"datePublished\":\"2022-04-15T10:45:58+00:00\",\"dateModified\":\"2022-04-20T13:27:19+00:00\",\"description\":\"Otvoren je poziv za dodjelu nagrade EU za istra\u017eiva\u010dko novinarstvo\",\"breadcrumb\":{\"@id\":\"https:\/\/webalkans.eu\/bs\/news\/open-call-for-eu-investigative-journalism-award\/#breadcrumb\"},\"inLanguage\":\"bs-BA\",\"potentialAction\":[{\"@type\":\"ReadAction\",\"target\":[\"https:\/\/webalkans.eu\/bs\/news\/open-call-for-eu-investigative-journalism-award\/\"]}]},{\"@type\":\"ImageObject\",\"inLanguage\":\"bs-BA\",\"@id\":\"https:\/\/webalkans.eu\/bs\/news\/open-call-for-eu-investigative-journalism-award\/#primaryimage\",\"url\":\"https:\/\/webalkans.eu\/wp-content\/uploads\/2022\/04\/Safe-Journalists.jpg\",\"contentUrl\":\"https:\/\/webalkans.eu\/wp-content\/uploads\/2022\/04\/Safe-Journalists.jpg\",\"width\":640,\"height\":480},{\"@type\":\"BreadcrumbList\",\"@id\":\"https:\/\/webalkans.eu\/bs\/news\/open-call-for-eu-investigative-journalism-award\/#breadcrumb\",\"itemListElement\":[{\"@type\":\"ListItem\",\"position\":1,\"name\":\"Home\",\"item\":\"https:\/\/webalkans.eu\/bs\/homepage\/\"},{\"@type\":\"ListItem\",\"position\":2,\"name\":\"Otvoren je poziv za dodjelu nagrade EU za istra\u017eiva\u010dko novinarstvo\"}]},{\"@type\":\"WebSite\",\"@id\":\"https:\/\/webalkans.eu\/bs\/#website\",\"url\":\"https:\/\/webalkans.eu\/bs\/\",\"name\":\"WeBalkans | EU Projects in the Western Balkans\",\"description\":\"\",\"publisher\":{\"@id\":\"https:\/\/webalkans.eu\/bs\/#organization\"},\"potentialAction\":[{\"@type\":\"SearchAction\",\"target\":{\"@type\":\"EntryPoint\",\"urlTemplate\":\"https:\/\/webalkans.eu\/bs\/?s={search_term_string}\"},\"query-input\":{\"@type\":\"PropertyValueSpecification\",\"valueRequired\":true,\"valueName\":\"search_term_string\"}}],\"inLanguage\":\"bs-BA\"},{\"@type\":\"Organization\",\"@id\":\"https:\/\/webalkans.eu\/bs\/#organization\",\"name\":\"European Union\",\"url\":\"https:\/\/webalkans.eu\/bs\/\",\"logo\":{\"@type\":\"ImageObject\",\"inLanguage\":\"bs-BA\",\"@id\":\"https:\/\/webalkans.eu\/bs\/#\/schema\/logo\/image\/\",\"url\":\"https:\/\/webalkans.eu\/wp-content\/uploads\/2020\/11\/eu_flag.jpg\",\"contentUrl\":\"https:\/\/webalkans.eu\/wp-content\/uploads\/2020\/11\/eu_flag.jpg\",\"width\":600,\"height\":401,\"caption\":\"European Union\"},\"image\":{\"@id\":\"https:\/\/webalkans.eu\/bs\/#\/schema\/logo\/image\/\"},\"sameAs\":[\"https:\/\/www.facebook.com\/webalkans.eu\",\"https:\/\/x.com\/WeBalkans\"]},{\"@type\":\"Person\",\"@id\":\"https:\/\/webalkans.eu\/bs\/#\/schema\/person\/95a8ea19ef21de3b7766e9b65ffdb4da\",\"name\":\"007designstudio@gmail.com\"}]}<\/script>\n<!-- \/ Yoast SEO plugin. -->","yoast_head_json":{"title":"Otvoren je poziv za dodjelu nagrade EU za istra\u017eiva\u010dko novinarstvo News | WeBalkans","description":"Otvoren je poziv za dodjelu nagrade EU za istra\u017eiva\u010dko novinarstvo","robots":{"index":"index","follow":"follow","max-snippet":"max-snippet:-1","max-image-preview":"max-image-preview:large","max-video-preview":"max-video-preview:-1"},"canonical":"https:\/\/webalkans.eu\/bs\/news\/open-call-for-eu-investigative-journalism-award\/","og_locale":"bs_BA","og_type":"article","og_title":"Otvoren je poziv za dodjelu nagrade EU za istra\u017eiva\u010dko novinarstvo News | WeBalkans","og_description":"Otvoren je poziv za dodjelu nagrade EU za istra\u017eiva\u010dko novinarstvo","og_url":"https:\/\/webalkans.eu\/bs\/news\/open-call-for-eu-investigative-journalism-award\/","og_site_name":"WeBalkans | EU Projects in the Western Balkans","article_publisher":"https:\/\/www.facebook.com\/webalkans.eu","article_published_time":"2022-04-15T10:45:58+00:00","article_modified_time":"2022-04-20T13:27:19+00:00","og_image":[{"width":640,"height":480,"url":"https:\/\/webalkans.eu\/wp-content\/uploads\/2022\/04\/Safe-Journalists.jpg","type":"image\/jpeg"}],"author":"007designstudio@gmail.com","twitter_card":"summary_large_image","twitter_creator":"@WeBalkans","twitter_site":"@WeBalkans","twitter_misc":{"Written by":"007designstudio@gmail.com","Est. reading time":"1 minuta"},"schema":{"@context":"https:\/\/schema.org","@graph":[{"@type":"Article","@id":"https:\/\/webalkans.eu\/bs\/news\/open-call-for-eu-investigative-journalism-award\/#article","isPartOf":{"@id":"https:\/\/webalkans.eu\/bs\/news\/open-call-for-eu-investigative-journalism-award\/"},"author":{"name":"007designstudio@gmail.com","@id":"https:\/\/webalkans.eu\/bs\/#\/schema\/person\/95a8ea19ef21de3b7766e9b65ffdb4da"},"headline":"Otvoren je poziv za dodjelu nagrade EU za istra\u017eiva\u010dko novinarstvo","datePublished":"2022-04-15T10:45:58+00:00","dateModified":"2022-04-20T13:27:19+00:00","mainEntityOfPage":{"@id":"https:\/\/webalkans.eu\/bs\/news\/open-call-for-eu-investigative-journalism-award\/"},"wordCount":197,"publisher":{"@id":"https:\/\/webalkans.eu\/bs\/#organization"},"image":{"@id":"https:\/\/webalkans.eu\/bs\/news\/open-call-for-eu-investigative-journalism-award\/#primaryimage"},"thumbnailUrl":"https:\/\/webalkans.eu\/wp-content\/uploads\/2022\/04\/Safe-Journalists.jpg","inLanguage":"bs-BA"},{"@type":"WebPage","@id":"https:\/\/webalkans.eu\/bs\/news\/open-call-for-eu-investigative-journalism-award\/","url":"https:\/\/webalkans.eu\/bs\/news\/open-call-for-eu-investigative-journalism-award\/","name":"Otvoren je poziv za dodjelu nagrade EU za istra\u017eiva\u010dko novinarstvo News | WeBalkans","isPartOf":{"@id":"https:\/\/webalkans.eu\/bs\/#website"},"primaryImageOfPage":{"@id":"https:\/\/webalkans.eu\/bs\/news\/open-call-for-eu-investigative-journalism-award\/#primaryimage"},"image":{"@id":"https:\/\/webalkans.eu\/bs\/news\/open-call-for-eu-investigative-journalism-award\/#primaryimage"},"thumbnailUrl":"https:\/\/webalkans.eu\/wp-content\/uploads\/2022\/04\/Safe-Journalists.jpg","datePublished":"2022-04-15T10:45:58+00:00","dateModified":"2022-04-20T13:27:19+00:00","description":"Otvoren je poziv za dodjelu nagrade EU za istra\u017eiva\u010dko novinarstvo","breadcrumb":{"@id":"https:\/\/webalkans.eu\/bs\/news\/open-call-for-eu-investigative-journalism-award\/#breadcrumb"},"inLanguage":"bs-BA","potentialAction":[{"@type":"ReadAction","target":["https:\/\/webalkans.eu\/bs\/news\/open-call-for-eu-investigative-journalism-award\/"]}]},{"@type":"ImageObject","inLanguage":"bs-BA","@id":"https:\/\/webalkans.eu\/bs\/news\/open-call-for-eu-investigative-journalism-award\/#primaryimage","url":"https:\/\/webalkans.eu\/wp-content\/uploads\/2022\/04\/Safe-Journalists.jpg","contentUrl":"https:\/\/webalkans.eu\/wp-content\/uploads\/2022\/04\/Safe-Journalists.jpg","width":640,"height":480},{"@type":"BreadcrumbList","@id":"https:\/\/webalkans.eu\/bs\/news\/open-call-for-eu-investigative-journalism-award\/#breadcrumb","itemListElement":[{"@type":"ListItem","position":1,"name":"Home","item":"https:\/\/webalkans.eu\/bs\/homepage\/"},{"@type":"ListItem","position":2,"name":"Otvoren je poziv za dodjelu nagrade EU za istra\u017eiva\u010dko novinarstvo"}]},{"@type":"WebSite","@id":"https:\/\/webalkans.eu\/bs\/#website","url":"https:\/\/webalkans.eu\/bs\/","name":"WeBalkans | EU Projects in the Western Balkans","description":"","publisher":{"@id":"https:\/\/webalkans.eu\/bs\/#organization"},"potentialAction":[{"@type":"SearchAction","target":{"@type":"EntryPoint","urlTemplate":"https:\/\/webalkans.eu\/bs\/?s={search_term_string}"},"query-input":{"@type":"PropertyValueSpecification","valueRequired":true,"valueName":"search_term_string"}}],"inLanguage":"bs-BA"},{"@type":"Organization","@id":"https:\/\/webalkans.eu\/bs\/#organization","name":"European Union","url":"https:\/\/webalkans.eu\/bs\/","logo":{"@type":"ImageObject","inLanguage":"bs-BA","@id":"https:\/\/webalkans.eu\/bs\/#\/schema\/logo\/image\/","url":"https:\/\/webalkans.eu\/wp-content\/uploads\/2020\/11\/eu_flag.jpg","contentUrl":"https:\/\/webalkans.eu\/wp-content\/uploads\/2020\/11\/eu_flag.jpg","width":600,"height":401,"caption":"European Union"},"image":{"@id":"https:\/\/webalkans.eu\/bs\/#\/schema\/logo\/image\/"},"sameAs":["https:\/\/www.facebook.com\/webalkans.eu","https:\/\/x.com\/WeBalkans"]},{"@type":"Person","@id":"https:\/\/webalkans.eu\/bs\/#\/schema\/person\/95a8ea19ef21de3b7766e9b65ffdb4da","name":"007designstudio@gmail.com"}]}},"_links":{"self":[{"href":"https:\/\/webalkans.eu\/bs\/wp-json\/wp\/v2\/posts\/578438"}],"collection":[{"href":"https:\/\/webalkans.eu\/bs\/wp-json\/wp\/v2\/posts"}],"about":[{"href":"https:\/\/webalkans.eu\/bs\/wp-json\/wp\/v2\/types\/post"}],"author":[{"embeddable":true,"href":"https:\/\/webalkans.eu\/bs\/wp-json\/wp\/v2\/users\/152227"}],"replies":[{"embeddable":true,"href":"https:\/\/webalkans.eu\/bs\/wp-json\/wp\/v2\/comments?post=578438"}],"version-history":[{"count":0,"href":"https:\/\/webalkans.eu\/bs\/wp-json\/wp\/v2\/posts\/578438\/revisions"}],"wp:featuredmedia":[{"embeddable":true,"href":"https:\/\/webalkans.eu\/bs\/wp-json\/wp\/v2\/media\/574703"}],"wp:attachment":[{"href":"https:\/\/webalkans.eu\/bs\/wp-json\/wp\/v2\/media?parent=578438"}],"wp:term":[{"taxonomy":"country-for-news","embeddable":true,"href":"https:\/\/webalkans.eu\/bs\/wp-json\/wp\/v2\/country-for-news?post=578438"}],"curies":[{"name":"wp","href":"https:\/\/api.w.org\/{rel}","templated":true}]}}