
{"id":574943,"date":"2022-03-29T12:40:00","date_gmt":"2022-03-29T10:40:00","guid":{"rendered":"https:\/\/webalkans.eu\/news\/block-the-hatred-share-the-love-campaign-launched-in-tirana\/"},"modified":"2022-04-15T17:46:44","modified_gmt":"2022-04-15T15:46:44","slug":"block-the-hatred-share-the-love-campaign-launched-in-tirana","status":"publish","type":"post","link":"https:\/\/webalkans.eu\/bs\/news\/block-the-hatred-share-the-love-campaign-launched-in-tirana\/","title":{"rendered":"U Tirani pokrenuta kampanja \u201cBlokiraj mr\u017enju. Podijeli ljubav!\u201d"},"content":{"rendered":"<p style=\"font-weight: 400;\">\u201eBlokiraj mr\u017enju. Podijeli ljubav!\u201d kampanja protiv govora mr\u017enje pokrenuta u Tirani 25. marta. Ceremonija otvaranja okupila je lidere javnog mnijenja, aktiviste i predstavnike vlasti koji su podigli svoj glas protiv govora mr\u017enje i obe\u0107ali da \u0107e promovisati ravnopravno dru\u0161tvo, bez mr\u017enje i diskriminacije.<\/p>\n<p>&nbsp;<\/p>\n<p style=\"font-weight: 400;\">\u0160ef politi\u010dkog odsjeka Evropske delegacije u Albaniji, Alexis Hupin, istakao je zna\u010daj politi\u010dkog djelovanja u procesu borbe protiv govora mr\u017enje. \u201c\u017delim da vas pozovem da zajedno nastavimo ovu borbu, da osu\u0111ujemo slu\u010dajeve govora mr\u017enje, da prijavimo slu\u010dajeve zlo\u010dina iz mr\u017enje i da ra\u010dunamo jedni na druge u tome, te da Albaniju u\u010dinimo boljim mjestom za \u017eivot, mjestom gdje nema diskriminacije, mr\u017enje i gdje svi imaju jednake mogu\u0107nosti.&#8221;<\/p>\n<p>&nbsp;<\/p>\n<p style=\"font-weight: 400;\">Daniela Korto\u00e7i, mlada evropska ambasadorka (YEA) iz Albanije rekla je da \u201eKao YEA izjavljujem, da je na\u0161 glavni fokus \u010diniti svrsishodan uticaj na cijelom zapadnom Balkanu. Uticaj na mlade podrazumjeva da moramo vi\u0161e slu\u0161ati jedni druge i dijeliti svoja iskustva i pri\u010de u vezi s mr\u017enjom na internetu i kako smo je pobijedili. Zato hajde da zapo\u010dnemo ovu kampanju: Blokiraj mr\u017enju. Podijeli ljubav.&#8221;<\/p>\n<p>&nbsp;<\/p>\n<p style=\"font-weight: 400;\">Kampanja \u201eBlokiraj mr\u017enju. Podijeli ljubav!\u201d je pokret za podizanje svijesti koji je za\u017eivio na Zapadnom Balkanu pro\u0161le godine kako bi se informisale i anga\u017eovale lokalne zajednice u borbi protiv razli\u010ditih oblika govora mr\u017enje usmjerenih na osjetljive grupe i pojedince kao \u0161to su LGBTI zajednice, imigranti, osobe sa posebnim potrebama i etni\u010dke manjine. Kampanja \u0107e se nastaviti i u narednim mjesecima nizom javnih doga\u0111aja koji se promovi\u0161u putem web stranica i dru\u0161tvenih mre\u017ea, ali i u mainstream medijima.<\/p>\n<p>&nbsp;<\/p>\n<p style=\"font-weight: 400;\">Kampanja se provodi u okviru inicijative Promocija razli\u010ditosti i jednakosti u Albaniji Promotion of diversity and equality in Albania, dijelom je zajedni\u010dkog Horizontalnog fonda Evropske unije i Vije\u0107a Evrope za zapadni Balkan i Tursku 2019-2022 Horizontal Facility for the Western Balkans and Turkey 2019-2022, koji podr\u017eava reforme u oblastima ljudskih prava, vladavine prava i demokratiju u skladu sa evropskim standardima, a u okviru procesa pro\u0161irenja EU.<\/p>\n","protected":false},"excerpt":{"rendered":"<p>\u201eBlokiraj mr\u017enju. Podijeli ljubav!\u201d kampanja protiv govora mr\u017enje pokrenuta u Tirani 25. marta. Ceremonija otvaranja okupila je lidere javnog mnijenja, aktiviste i predstavnike vlasti koji <\/p>\n","protected":false},"author":152227,"featured_media":563293,"comment_status":"closed","ping_status":"closed","sticky":false,"template":"","format":"standard","meta":{"_acf_changed":false,"_monsterinsights_skip_tracking":false,"_monsterinsights_sitenote_active":false,"_monsterinsights_sitenote_note":"","_monsterinsights_sitenote_category":0,"footnotes":""},"country-for-news":[416,420,425,432,438,442],"class_list":["post-574943","post","type-post","status-publish","format-standard","has-post-thumbnail","hentry","wb_theme-equality-and-fair-society","country-for-news-albania","country-for-news-bosnia-and-herzegovina","country-for-news-kosovo","country-for-news-montenegro","country-for-news-north-macedonia","country-for-news-serbia"],"acf":[],"yoast_head":"<!-- This site is optimized with the Yoast SEO plugin v25.3.1 - https:\/\/yoast.com\/wordpress\/plugins\/seo\/ -->\n<title>U Tirani pokrenuta kampanja \u201cBlokiraj mr\u017enju. Podijeli ljubav!\u201d News | WeBalkans<\/title>\n<meta name=\"description\" content=\"U Tirani pokrenuta kampanja \u201cBlokiraj mr\u017enju. Podijeli ljubav!\u201d\" \/>\n<meta name=\"robots\" content=\"index, follow, max-snippet:-1, max-image-preview:large, max-video-preview:-1\" \/>\n<link rel=\"canonical\" href=\"https:\/\/webalkans.eu\/bs\/news\/block-the-hatred-share-the-love-campaign-launched-in-tirana\/\" \/>\n<meta property=\"og:locale\" content=\"bs_BA\" \/>\n<meta property=\"og:type\" content=\"article\" \/>\n<meta property=\"og:title\" content=\"U Tirani pokrenuta kampanja \u201cBlokiraj mr\u017enju. Podijeli ljubav!\u201d News | WeBalkans\" \/>\n<meta property=\"og:description\" content=\"U Tirani pokrenuta kampanja \u201cBlokiraj mr\u017enju. Podijeli ljubav!\u201d\" \/>\n<meta property=\"og:url\" content=\"https:\/\/webalkans.eu\/bs\/news\/block-the-hatred-share-the-love-campaign-launched-in-tirana\/\" \/>\n<meta property=\"og:site_name\" content=\"WeBalkans | EU Projects in the Western Balkans\" \/>\n<meta property=\"article:publisher\" content=\"https:\/\/www.facebook.com\/webalkans.eu\" \/>\n<meta property=\"article:published_time\" content=\"2022-03-29T10:40:00+00:00\" \/>\n<meta property=\"article:modified_time\" content=\"2022-04-15T15:46:44+00:00\" \/>\n<meta property=\"og:image\" content=\"https:\/\/webalkans.eu\/wp-content\/uploads\/2022\/03\/Daniela-Kortoci_YEA-scaled.jpeg\" \/>\n\t<meta property=\"og:image:width\" content=\"2560\" \/>\n\t<meta property=\"og:image:height\" content=\"1707\" \/>\n\t<meta property=\"og:image:type\" content=\"image\/jpeg\" \/>\n<meta name=\"author\" content=\"007designstudio@gmail.com\" \/>\n<meta name=\"twitter:card\" content=\"summary_large_image\" \/>\n<meta name=\"twitter:creator\" content=\"@WeBalkans\" \/>\n<meta name=\"twitter:site\" content=\"@WeBalkans\" \/>\n<meta name=\"twitter:label1\" content=\"Written by\" \/>\n\t<meta name=\"twitter:data1\" content=\"007designstudio@gmail.com\" \/>\n\t<meta name=\"twitter:label2\" content=\"Est. reading time\" \/>\n\t<meta name=\"twitter:data2\" content=\"2 minute\" \/>\n<script type=\"application\/ld+json\" class=\"yoast-schema-graph\">{\"@context\":\"https:\/\/schema.org\",\"@graph\":[{\"@type\":\"Article\",\"@id\":\"https:\/\/webalkans.eu\/bs\/news\/block-the-hatred-share-the-love-campaign-launched-in-tirana\/#article\",\"isPartOf\":{\"@id\":\"https:\/\/webalkans.eu\/bs\/news\/block-the-hatred-share-the-love-campaign-launched-in-tirana\/\"},\"author\":{\"name\":\"007designstudio@gmail.com\",\"@id\":\"https:\/\/webalkans.eu\/bs\/#\/schema\/person\/95a8ea19ef21de3b7766e9b65ffdb4da\"},\"headline\":\"U Tirani pokrenuta kampanja \u201cBlokiraj mr\u017enju. Podijeli ljubav!\u201d\",\"datePublished\":\"2022-03-29T10:40:00+00:00\",\"dateModified\":\"2022-04-15T15:46:44+00:00\",\"mainEntityOfPage\":{\"@id\":\"https:\/\/webalkans.eu\/bs\/news\/block-the-hatred-share-the-love-campaign-launched-in-tirana\/\"},\"wordCount\":371,\"publisher\":{\"@id\":\"https:\/\/webalkans.eu\/bs\/#organization\"},\"image\":{\"@id\":\"https:\/\/webalkans.eu\/bs\/news\/block-the-hatred-share-the-love-campaign-launched-in-tirana\/#primaryimage\"},\"thumbnailUrl\":\"https:\/\/webalkans.eu\/wp-content\/uploads\/2022\/03\/Daniela-Kortoci_YEA-scaled.jpeg\",\"inLanguage\":\"bs-BA\"},{\"@type\":\"WebPage\",\"@id\":\"https:\/\/webalkans.eu\/bs\/news\/block-the-hatred-share-the-love-campaign-launched-in-tirana\/\",\"url\":\"https:\/\/webalkans.eu\/bs\/news\/block-the-hatred-share-the-love-campaign-launched-in-tirana\/\",\"name\":\"U Tirani pokrenuta kampanja \u201cBlokiraj mr\u017enju. Podijeli ljubav!\u201d News | WeBalkans\",\"isPartOf\":{\"@id\":\"https:\/\/webalkans.eu\/bs\/#website\"},\"primaryImageOfPage\":{\"@id\":\"https:\/\/webalkans.eu\/bs\/news\/block-the-hatred-share-the-love-campaign-launched-in-tirana\/#primaryimage\"},\"image\":{\"@id\":\"https:\/\/webalkans.eu\/bs\/news\/block-the-hatred-share-the-love-campaign-launched-in-tirana\/#primaryimage\"},\"thumbnailUrl\":\"https:\/\/webalkans.eu\/wp-content\/uploads\/2022\/03\/Daniela-Kortoci_YEA-scaled.jpeg\",\"datePublished\":\"2022-03-29T10:40:00+00:00\",\"dateModified\":\"2022-04-15T15:46:44+00:00\",\"description\":\"U Tirani pokrenuta kampanja \u201cBlokiraj mr\u017enju. Podijeli ljubav!\u201d\",\"breadcrumb\":{\"@id\":\"https:\/\/webalkans.eu\/bs\/news\/block-the-hatred-share-the-love-campaign-launched-in-tirana\/#breadcrumb\"},\"inLanguage\":\"bs-BA\",\"potentialAction\":[{\"@type\":\"ReadAction\",\"target\":[\"https:\/\/webalkans.eu\/bs\/news\/block-the-hatred-share-the-love-campaign-launched-in-tirana\/\"]}]},{\"@type\":\"ImageObject\",\"inLanguage\":\"bs-BA\",\"@id\":\"https:\/\/webalkans.eu\/bs\/news\/block-the-hatred-share-the-love-campaign-launched-in-tirana\/#primaryimage\",\"url\":\"https:\/\/webalkans.eu\/wp-content\/uploads\/2022\/03\/Daniela-Kortoci_YEA-scaled.jpeg\",\"contentUrl\":\"https:\/\/webalkans.eu\/wp-content\/uploads\/2022\/03\/Daniela-Kortoci_YEA-scaled.jpeg\",\"width\":2560,\"height\":1707},{\"@type\":\"BreadcrumbList\",\"@id\":\"https:\/\/webalkans.eu\/bs\/news\/block-the-hatred-share-the-love-campaign-launched-in-tirana\/#breadcrumb\",\"itemListElement\":[{\"@type\":\"ListItem\",\"position\":1,\"name\":\"Home\",\"item\":\"https:\/\/webalkans.eu\/bs\/homepage\/\"},{\"@type\":\"ListItem\",\"position\":2,\"name\":\"U Tirani pokrenuta kampanja \u201cBlokiraj mr\u017enju. Podijeli ljubav!\u201d\"}]},{\"@type\":\"WebSite\",\"@id\":\"https:\/\/webalkans.eu\/bs\/#website\",\"url\":\"https:\/\/webalkans.eu\/bs\/\",\"name\":\"WeBalkans | EU Projects in the Western Balkans\",\"description\":\"\",\"publisher\":{\"@id\":\"https:\/\/webalkans.eu\/bs\/#organization\"},\"potentialAction\":[{\"@type\":\"SearchAction\",\"target\":{\"@type\":\"EntryPoint\",\"urlTemplate\":\"https:\/\/webalkans.eu\/bs\/?s={search_term_string}\"},\"query-input\":{\"@type\":\"PropertyValueSpecification\",\"valueRequired\":true,\"valueName\":\"search_term_string\"}}],\"inLanguage\":\"bs-BA\"},{\"@type\":\"Organization\",\"@id\":\"https:\/\/webalkans.eu\/bs\/#organization\",\"name\":\"European Union\",\"url\":\"https:\/\/webalkans.eu\/bs\/\",\"logo\":{\"@type\":\"ImageObject\",\"inLanguage\":\"bs-BA\",\"@id\":\"https:\/\/webalkans.eu\/bs\/#\/schema\/logo\/image\/\",\"url\":\"https:\/\/webalkans.eu\/wp-content\/uploads\/2020\/11\/eu_flag.jpg\",\"contentUrl\":\"https:\/\/webalkans.eu\/wp-content\/uploads\/2020\/11\/eu_flag.jpg\",\"width\":600,\"height\":401,\"caption\":\"European Union\"},\"image\":{\"@id\":\"https:\/\/webalkans.eu\/bs\/#\/schema\/logo\/image\/\"},\"sameAs\":[\"https:\/\/www.facebook.com\/webalkans.eu\",\"https:\/\/x.com\/WeBalkans\"]},{\"@type\":\"Person\",\"@id\":\"https:\/\/webalkans.eu\/bs\/#\/schema\/person\/95a8ea19ef21de3b7766e9b65ffdb4da\",\"name\":\"007designstudio@gmail.com\"}]}<\/script>\n<!-- \/ Yoast SEO plugin. -->","yoast_head_json":{"title":"U Tirani pokrenuta kampanja \u201cBlokiraj mr\u017enju. Podijeli ljubav!\u201d News | WeBalkans","description":"U Tirani pokrenuta kampanja \u201cBlokiraj mr\u017enju. Podijeli ljubav!\u201d","robots":{"index":"index","follow":"follow","max-snippet":"max-snippet:-1","max-image-preview":"max-image-preview:large","max-video-preview":"max-video-preview:-1"},"canonical":"https:\/\/webalkans.eu\/bs\/news\/block-the-hatred-share-the-love-campaign-launched-in-tirana\/","og_locale":"bs_BA","og_type":"article","og_title":"U Tirani pokrenuta kampanja \u201cBlokiraj mr\u017enju. Podijeli ljubav!\u201d News | WeBalkans","og_description":"U Tirani pokrenuta kampanja \u201cBlokiraj mr\u017enju. Podijeli ljubav!\u201d","og_url":"https:\/\/webalkans.eu\/bs\/news\/block-the-hatred-share-the-love-campaign-launched-in-tirana\/","og_site_name":"WeBalkans | EU Projects in the Western Balkans","article_publisher":"https:\/\/www.facebook.com\/webalkans.eu","article_published_time":"2022-03-29T10:40:00+00:00","article_modified_time":"2022-04-15T15:46:44+00:00","og_image":[{"width":2560,"height":1707,"url":"https:\/\/webalkans.eu\/wp-content\/uploads\/2022\/03\/Daniela-Kortoci_YEA-scaled.jpeg","type":"image\/jpeg"}],"author":"007designstudio@gmail.com","twitter_card":"summary_large_image","twitter_creator":"@WeBalkans","twitter_site":"@WeBalkans","twitter_misc":{"Written by":"007designstudio@gmail.com","Est. reading time":"2 minute"},"schema":{"@context":"https:\/\/schema.org","@graph":[{"@type":"Article","@id":"https:\/\/webalkans.eu\/bs\/news\/block-the-hatred-share-the-love-campaign-launched-in-tirana\/#article","isPartOf":{"@id":"https:\/\/webalkans.eu\/bs\/news\/block-the-hatred-share-the-love-campaign-launched-in-tirana\/"},"author":{"name":"007designstudio@gmail.com","@id":"https:\/\/webalkans.eu\/bs\/#\/schema\/person\/95a8ea19ef21de3b7766e9b65ffdb4da"},"headline":"U Tirani pokrenuta kampanja \u201cBlokiraj mr\u017enju. Podijeli ljubav!\u201d","datePublished":"2022-03-29T10:40:00+00:00","dateModified":"2022-04-15T15:46:44+00:00","mainEntityOfPage":{"@id":"https:\/\/webalkans.eu\/bs\/news\/block-the-hatred-share-the-love-campaign-launched-in-tirana\/"},"wordCount":371,"publisher":{"@id":"https:\/\/webalkans.eu\/bs\/#organization"},"image":{"@id":"https:\/\/webalkans.eu\/bs\/news\/block-the-hatred-share-the-love-campaign-launched-in-tirana\/#primaryimage"},"thumbnailUrl":"https:\/\/webalkans.eu\/wp-content\/uploads\/2022\/03\/Daniela-Kortoci_YEA-scaled.jpeg","inLanguage":"bs-BA"},{"@type":"WebPage","@id":"https:\/\/webalkans.eu\/bs\/news\/block-the-hatred-share-the-love-campaign-launched-in-tirana\/","url":"https:\/\/webalkans.eu\/bs\/news\/block-the-hatred-share-the-love-campaign-launched-in-tirana\/","name":"U Tirani pokrenuta kampanja \u201cBlokiraj mr\u017enju. Podijeli ljubav!\u201d News | WeBalkans","isPartOf":{"@id":"https:\/\/webalkans.eu\/bs\/#website"},"primaryImageOfPage":{"@id":"https:\/\/webalkans.eu\/bs\/news\/block-the-hatred-share-the-love-campaign-launched-in-tirana\/#primaryimage"},"image":{"@id":"https:\/\/webalkans.eu\/bs\/news\/block-the-hatred-share-the-love-campaign-launched-in-tirana\/#primaryimage"},"thumbnailUrl":"https:\/\/webalkans.eu\/wp-content\/uploads\/2022\/03\/Daniela-Kortoci_YEA-scaled.jpeg","datePublished":"2022-03-29T10:40:00+00:00","dateModified":"2022-04-15T15:46:44+00:00","description":"U Tirani pokrenuta kampanja \u201cBlokiraj mr\u017enju. Podijeli ljubav!\u201d","breadcrumb":{"@id":"https:\/\/webalkans.eu\/bs\/news\/block-the-hatred-share-the-love-campaign-launched-in-tirana\/#breadcrumb"},"inLanguage":"bs-BA","potentialAction":[{"@type":"ReadAction","target":["https:\/\/webalkans.eu\/bs\/news\/block-the-hatred-share-the-love-campaign-launched-in-tirana\/"]}]},{"@type":"ImageObject","inLanguage":"bs-BA","@id":"https:\/\/webalkans.eu\/bs\/news\/block-the-hatred-share-the-love-campaign-launched-in-tirana\/#primaryimage","url":"https:\/\/webalkans.eu\/wp-content\/uploads\/2022\/03\/Daniela-Kortoci_YEA-scaled.jpeg","contentUrl":"https:\/\/webalkans.eu\/wp-content\/uploads\/2022\/03\/Daniela-Kortoci_YEA-scaled.jpeg","width":2560,"height":1707},{"@type":"BreadcrumbList","@id":"https:\/\/webalkans.eu\/bs\/news\/block-the-hatred-share-the-love-campaign-launched-in-tirana\/#breadcrumb","itemListElement":[{"@type":"ListItem","position":1,"name":"Home","item":"https:\/\/webalkans.eu\/bs\/homepage\/"},{"@type":"ListItem","position":2,"name":"U Tirani pokrenuta kampanja \u201cBlokiraj mr\u017enju. Podijeli ljubav!\u201d"}]},{"@type":"WebSite","@id":"https:\/\/webalkans.eu\/bs\/#website","url":"https:\/\/webalkans.eu\/bs\/","name":"WeBalkans | EU Projects in the Western Balkans","description":"","publisher":{"@id":"https:\/\/webalkans.eu\/bs\/#organization"},"potentialAction":[{"@type":"SearchAction","target":{"@type":"EntryPoint","urlTemplate":"https:\/\/webalkans.eu\/bs\/?s={search_term_string}"},"query-input":{"@type":"PropertyValueSpecification","valueRequired":true,"valueName":"search_term_string"}}],"inLanguage":"bs-BA"},{"@type":"Organization","@id":"https:\/\/webalkans.eu\/bs\/#organization","name":"European Union","url":"https:\/\/webalkans.eu\/bs\/","logo":{"@type":"ImageObject","inLanguage":"bs-BA","@id":"https:\/\/webalkans.eu\/bs\/#\/schema\/logo\/image\/","url":"https:\/\/webalkans.eu\/wp-content\/uploads\/2020\/11\/eu_flag.jpg","contentUrl":"https:\/\/webalkans.eu\/wp-content\/uploads\/2020\/11\/eu_flag.jpg","width":600,"height":401,"caption":"European Union"},"image":{"@id":"https:\/\/webalkans.eu\/bs\/#\/schema\/logo\/image\/"},"sameAs":["https:\/\/www.facebook.com\/webalkans.eu","https:\/\/x.com\/WeBalkans"]},{"@type":"Person","@id":"https:\/\/webalkans.eu\/bs\/#\/schema\/person\/95a8ea19ef21de3b7766e9b65ffdb4da","name":"007designstudio@gmail.com"}]}},"_links":{"self":[{"href":"https:\/\/webalkans.eu\/bs\/wp-json\/wp\/v2\/posts\/574943"}],"collection":[{"href":"https:\/\/webalkans.eu\/bs\/wp-json\/wp\/v2\/posts"}],"about":[{"href":"https:\/\/webalkans.eu\/bs\/wp-json\/wp\/v2\/types\/post"}],"author":[{"embeddable":true,"href":"https:\/\/webalkans.eu\/bs\/wp-json\/wp\/v2\/users\/152227"}],"replies":[{"embeddable":true,"href":"https:\/\/webalkans.eu\/bs\/wp-json\/wp\/v2\/comments?post=574943"}],"version-history":[{"count":0,"href":"https:\/\/webalkans.eu\/bs\/wp-json\/wp\/v2\/posts\/574943\/revisions"}],"wp:featuredmedia":[{"embeddable":true,"href":"https:\/\/webalkans.eu\/bs\/wp-json\/wp\/v2\/media\/563293"}],"wp:attachment":[{"href":"https:\/\/webalkans.eu\/bs\/wp-json\/wp\/v2\/media?parent=574943"}],"wp:term":[{"taxonomy":"country-for-news","embeddable":true,"href":"https:\/\/webalkans.eu\/bs\/wp-json\/wp\/v2\/country-for-news?post=574943"}],"curies":[{"name":"wp","href":"https:\/\/api.w.org\/{rel}","templated":true}]}}