
{"id":574920,"date":"2022-04-07T15:56:48","date_gmt":"2022-04-07T13:56:48","guid":{"rendered":"https:\/\/webalkans.eu\/news\/eu-funded-solar-plant-in-north-macedonia-starts-producing-electricity\/"},"modified":"2022-04-15T17:36:13","modified_gmt":"2022-04-15T15:36:13","slug":"eu-funded-solar-plant-in-north-macedonia-starts-producing-electricity","status":"publish","type":"post","link":"https:\/\/webalkans.eu\/bs\/news\/eu-funded-solar-plant-in-north-macedonia-starts-producing-electricity\/","title":{"rendered":"Sjeverno-Makedonska solarna elektrana, koju finansira EU, po\u010dinje proizvoditi elektri\u010dnu energiju"},"content":{"rendered":"<p style=\"font-weight: 400;\">Prva velika solarna elektrana u Sjevernoj Makedoniji priklju\u010dena je na elektri\u010dnu mre\u017eu i ve\u0107 proizvodi \u010distu elektri\u010dnu energiju. Elektrana je finansirana uz podr\u0161ku bilateralnih donatora Investicionog okvira za Zapadni Balkan (WBIF) i Evropske banke za obnovu i razvoj (EBRD).<\/p>\n<p>&nbsp;<\/p>\n<p style=\"font-weight: 400;\">Fotonaponsku elektranu od 10 MW izgradilo je javno preduze\u0107e AD Elektrani na Sjeverna Makedonija (ESM) na lokaciji gdje je nekada bio rudnik lignita Oslomej. Izgradnja ovog postrojenja je dio ve\u0107eg plana koji se odnosi na \u010di\u0161\u0107enje te lokacije, stvaranje razli\u010ditih izvora energije i rad na dekarbonizaciji. O\u010dekuje se da \u0107e elektrana proizvoditi skoro 15 GWh elektri\u010dne energije i u\u0161tedjeti 12.177 tona CO2 godi\u0161nje.<\/p>\n<p>&nbsp;<\/p>\n<p style=\"font-weight: 400;\">Po\u0161tuju\u0107i stavove Tima za Evropu, EBRD je obezbijedila zajam od 5,9 miliona eura, koji je bio neophodna dopuna postoje\u0107ih investicija, ta\u010dnije, postoje\u0107eg granta u iznosu 1,6 miliona eura, dobijenog od bilateralnih donatora WBIF-a, i 1.3 miliona eura dobijenih iz dr\u017eavnih sredstava. Pored toga, Italija je podr\u017eala projekat finansiranjem procjene tehni\u010dke izvodljivosti.<\/p>\n<p>&nbsp;<\/p>\n<p style=\"font-weight: 400;\">Solarna elektrana Oslomej 1 jedan je od 21 vode\u0107eg projekta u regionu Zapadnog Balkana <a href=\"https:\/\/wbif.eu\/storage\/app\/media\/News\/2022%20Endorsed%20flagships%20February\/WBIF%202022%20Endorsed%20Flagship%20Projects%2024.02.22.pdf\">21 flagship projects in the Western Balkan region<\/a> koji je odabran za finansiranje EU kroz WBIF 2022. U Ekonomskom i investicionom planu EU za Zapadni Balkan 2021-2027 ovaj projekat je okarakterisan kao Vode\u0107i projekat 4, projekat za obnovljive izvore energije.<\/p>\n","protected":false},"excerpt":{"rendered":"<p>Prva velika solarna elektrana u Sjevernoj Makedoniji priklju\u010dena je na elektri\u010dnu mre\u017eu i ve\u0107 proizvodi \u010distu elektri\u010dnu energiju. Elektrana je finansirana uz podr\u0161ku bilateralnih donatora <\/p>\n","protected":false},"author":152227,"featured_media":569269,"comment_status":"closed","ping_status":"closed","sticky":false,"template":"","format":"standard","meta":{"_acf_changed":false,"_monsterinsights_skip_tracking":false,"_monsterinsights_sitenote_active":false,"_monsterinsights_sitenote_note":"","_monsterinsights_sitenote_category":0,"footnotes":""},"country-for-news":[438],"class_list":["post-574920","post","type-post","status-publish","format-standard","has-post-thumbnail","hentry","wb_theme-connectivity","country-for-news-north-macedonia"],"acf":[],"yoast_head":"<!-- This site is optimized with the Yoast SEO plugin v25.3.1 - https:\/\/yoast.com\/wordpress\/plugins\/seo\/ -->\n<title>Sjeverno-Makedonska solarna elektrana, koju finansira EU, po\u010dinje proizvoditi elektri\u010dnu energiju News | WeBalkans<\/title>\n<meta name=\"description\" content=\"Sjeverno-Makedonska solarna elektrana, koju finansira EU, po\u010dinje proizvoditi elektri\u010dnu energiju\" \/>\n<meta name=\"robots\" content=\"index, follow, max-snippet:-1, max-image-preview:large, max-video-preview:-1\" \/>\n<link rel=\"canonical\" href=\"https:\/\/webalkans.eu\/bs\/news\/eu-funded-solar-plant-in-north-macedonia-starts-producing-electricity\/\" \/>\n<meta property=\"og:locale\" content=\"bs_BA\" \/>\n<meta property=\"og:type\" content=\"article\" \/>\n<meta property=\"og:title\" content=\"Sjeverno-Makedonska solarna elektrana, koju finansira EU, po\u010dinje proizvoditi elektri\u010dnu energiju News | WeBalkans\" \/>\n<meta property=\"og:description\" content=\"Sjeverno-Makedonska solarna elektrana, koju finansira EU, po\u010dinje proizvoditi elektri\u010dnu energiju\" \/>\n<meta property=\"og:url\" content=\"https:\/\/webalkans.eu\/bs\/news\/eu-funded-solar-plant-in-north-macedonia-starts-producing-electricity\/\" \/>\n<meta property=\"og:site_name\" content=\"WeBalkans | EU Projects in the Western Balkans\" \/>\n<meta property=\"article:publisher\" content=\"https:\/\/www.facebook.com\/webalkans.eu\" \/>\n<meta property=\"article:published_time\" content=\"2022-04-07T13:56:48+00:00\" \/>\n<meta property=\"article:modified_time\" content=\"2022-04-15T15:36:13+00:00\" \/>\n<meta property=\"og:image\" content=\"https:\/\/webalkans.eu\/wp-content\/uploads\/2022\/04\/3.jpeg\" \/>\n\t<meta property=\"og:image:width\" content=\"1024\" \/>\n\t<meta property=\"og:image:height\" content=\"567\" \/>\n\t<meta property=\"og:image:type\" content=\"image\/jpeg\" \/>\n<meta name=\"author\" content=\"007designstudio@gmail.com\" \/>\n<meta name=\"twitter:card\" content=\"summary_large_image\" \/>\n<meta name=\"twitter:creator\" content=\"@WeBalkans\" \/>\n<meta name=\"twitter:site\" content=\"@WeBalkans\" \/>\n<meta name=\"twitter:label1\" content=\"Written by\" \/>\n\t<meta name=\"twitter:data1\" content=\"007designstudio@gmail.com\" \/>\n\t<meta name=\"twitter:label2\" content=\"Est. reading time\" \/>\n\t<meta name=\"twitter:data2\" content=\"1 minuta\" \/>\n<script type=\"application\/ld+json\" class=\"yoast-schema-graph\">{\"@context\":\"https:\/\/schema.org\",\"@graph\":[{\"@type\":\"Article\",\"@id\":\"https:\/\/webalkans.eu\/bs\/news\/eu-funded-solar-plant-in-north-macedonia-starts-producing-electricity\/#article\",\"isPartOf\":{\"@id\":\"https:\/\/webalkans.eu\/bs\/news\/eu-funded-solar-plant-in-north-macedonia-starts-producing-electricity\/\"},\"author\":{\"name\":\"007designstudio@gmail.com\",\"@id\":\"https:\/\/webalkans.eu\/bs\/#\/schema\/person\/95a8ea19ef21de3b7766e9b65ffdb4da\"},\"headline\":\"Sjeverno-Makedonska solarna elektrana, koju finansira EU, po\u010dinje proizvoditi elektri\u010dnu energiju\",\"datePublished\":\"2022-04-07T13:56:48+00:00\",\"dateModified\":\"2022-04-15T15:36:13+00:00\",\"mainEntityOfPage\":{\"@id\":\"https:\/\/webalkans.eu\/bs\/news\/eu-funded-solar-plant-in-north-macedonia-starts-producing-electricity\/\"},\"wordCount\":234,\"publisher\":{\"@id\":\"https:\/\/webalkans.eu\/bs\/#organization\"},\"image\":{\"@id\":\"https:\/\/webalkans.eu\/bs\/news\/eu-funded-solar-plant-in-north-macedonia-starts-producing-electricity\/#primaryimage\"},\"thumbnailUrl\":\"https:\/\/webalkans.eu\/wp-content\/uploads\/2022\/04\/3.jpeg\",\"inLanguage\":\"bs-BA\"},{\"@type\":\"WebPage\",\"@id\":\"https:\/\/webalkans.eu\/bs\/news\/eu-funded-solar-plant-in-north-macedonia-starts-producing-electricity\/\",\"url\":\"https:\/\/webalkans.eu\/bs\/news\/eu-funded-solar-plant-in-north-macedonia-starts-producing-electricity\/\",\"name\":\"Sjeverno-Makedonska solarna elektrana, koju finansira EU, po\u010dinje proizvoditi elektri\u010dnu energiju News | WeBalkans\",\"isPartOf\":{\"@id\":\"https:\/\/webalkans.eu\/bs\/#website\"},\"primaryImageOfPage\":{\"@id\":\"https:\/\/webalkans.eu\/bs\/news\/eu-funded-solar-plant-in-north-macedonia-starts-producing-electricity\/#primaryimage\"},\"image\":{\"@id\":\"https:\/\/webalkans.eu\/bs\/news\/eu-funded-solar-plant-in-north-macedonia-starts-producing-electricity\/#primaryimage\"},\"thumbnailUrl\":\"https:\/\/webalkans.eu\/wp-content\/uploads\/2022\/04\/3.jpeg\",\"datePublished\":\"2022-04-07T13:56:48+00:00\",\"dateModified\":\"2022-04-15T15:36:13+00:00\",\"description\":\"Sjeverno-Makedonska solarna elektrana, koju finansira EU, po\u010dinje proizvoditi elektri\u010dnu energiju\",\"breadcrumb\":{\"@id\":\"https:\/\/webalkans.eu\/bs\/news\/eu-funded-solar-plant-in-north-macedonia-starts-producing-electricity\/#breadcrumb\"},\"inLanguage\":\"bs-BA\",\"potentialAction\":[{\"@type\":\"ReadAction\",\"target\":[\"https:\/\/webalkans.eu\/bs\/news\/eu-funded-solar-plant-in-north-macedonia-starts-producing-electricity\/\"]}]},{\"@type\":\"ImageObject\",\"inLanguage\":\"bs-BA\",\"@id\":\"https:\/\/webalkans.eu\/bs\/news\/eu-funded-solar-plant-in-north-macedonia-starts-producing-electricity\/#primaryimage\",\"url\":\"https:\/\/webalkans.eu\/wp-content\/uploads\/2022\/04\/3.jpeg\",\"contentUrl\":\"https:\/\/webalkans.eu\/wp-content\/uploads\/2022\/04\/3.jpeg\",\"width\":1024,\"height\":567},{\"@type\":\"BreadcrumbList\",\"@id\":\"https:\/\/webalkans.eu\/bs\/news\/eu-funded-solar-plant-in-north-macedonia-starts-producing-electricity\/#breadcrumb\",\"itemListElement\":[{\"@type\":\"ListItem\",\"position\":1,\"name\":\"Home\",\"item\":\"https:\/\/webalkans.eu\/bs\/homepage\/\"},{\"@type\":\"ListItem\",\"position\":2,\"name\":\"Sjeverno-Makedonska solarna elektrana, koju finansira EU, po\u010dinje proizvoditi elektri\u010dnu energiju\"}]},{\"@type\":\"WebSite\",\"@id\":\"https:\/\/webalkans.eu\/bs\/#website\",\"url\":\"https:\/\/webalkans.eu\/bs\/\",\"name\":\"WeBalkans | EU Projects in the Western Balkans\",\"description\":\"\",\"publisher\":{\"@id\":\"https:\/\/webalkans.eu\/bs\/#organization\"},\"potentialAction\":[{\"@type\":\"SearchAction\",\"target\":{\"@type\":\"EntryPoint\",\"urlTemplate\":\"https:\/\/webalkans.eu\/bs\/?s={search_term_string}\"},\"query-input\":{\"@type\":\"PropertyValueSpecification\",\"valueRequired\":true,\"valueName\":\"search_term_string\"}}],\"inLanguage\":\"bs-BA\"},{\"@type\":\"Organization\",\"@id\":\"https:\/\/webalkans.eu\/bs\/#organization\",\"name\":\"European Union\",\"url\":\"https:\/\/webalkans.eu\/bs\/\",\"logo\":{\"@type\":\"ImageObject\",\"inLanguage\":\"bs-BA\",\"@id\":\"https:\/\/webalkans.eu\/bs\/#\/schema\/logo\/image\/\",\"url\":\"https:\/\/webalkans.eu\/wp-content\/uploads\/2020\/11\/eu_flag.jpg\",\"contentUrl\":\"https:\/\/webalkans.eu\/wp-content\/uploads\/2020\/11\/eu_flag.jpg\",\"width\":600,\"height\":401,\"caption\":\"European Union\"},\"image\":{\"@id\":\"https:\/\/webalkans.eu\/bs\/#\/schema\/logo\/image\/\"},\"sameAs\":[\"https:\/\/www.facebook.com\/webalkans.eu\",\"https:\/\/x.com\/WeBalkans\"]},{\"@type\":\"Person\",\"@id\":\"https:\/\/webalkans.eu\/bs\/#\/schema\/person\/95a8ea19ef21de3b7766e9b65ffdb4da\",\"name\":\"007designstudio@gmail.com\"}]}<\/script>\n<!-- \/ Yoast SEO plugin. -->","yoast_head_json":{"title":"Sjeverno-Makedonska solarna elektrana, koju finansira EU, po\u010dinje proizvoditi elektri\u010dnu energiju News | WeBalkans","description":"Sjeverno-Makedonska solarna elektrana, koju finansira EU, po\u010dinje proizvoditi elektri\u010dnu energiju","robots":{"index":"index","follow":"follow","max-snippet":"max-snippet:-1","max-image-preview":"max-image-preview:large","max-video-preview":"max-video-preview:-1"},"canonical":"https:\/\/webalkans.eu\/bs\/news\/eu-funded-solar-plant-in-north-macedonia-starts-producing-electricity\/","og_locale":"bs_BA","og_type":"article","og_title":"Sjeverno-Makedonska solarna elektrana, koju finansira EU, po\u010dinje proizvoditi elektri\u010dnu energiju News | WeBalkans","og_description":"Sjeverno-Makedonska solarna elektrana, koju finansira EU, po\u010dinje proizvoditi elektri\u010dnu energiju","og_url":"https:\/\/webalkans.eu\/bs\/news\/eu-funded-solar-plant-in-north-macedonia-starts-producing-electricity\/","og_site_name":"WeBalkans | EU Projects in the Western Balkans","article_publisher":"https:\/\/www.facebook.com\/webalkans.eu","article_published_time":"2022-04-07T13:56:48+00:00","article_modified_time":"2022-04-15T15:36:13+00:00","og_image":[{"width":1024,"height":567,"url":"https:\/\/webalkans.eu\/wp-content\/uploads\/2022\/04\/3.jpeg","type":"image\/jpeg"}],"author":"007designstudio@gmail.com","twitter_card":"summary_large_image","twitter_creator":"@WeBalkans","twitter_site":"@WeBalkans","twitter_misc":{"Written by":"007designstudio@gmail.com","Est. reading time":"1 minuta"},"schema":{"@context":"https:\/\/schema.org","@graph":[{"@type":"Article","@id":"https:\/\/webalkans.eu\/bs\/news\/eu-funded-solar-plant-in-north-macedonia-starts-producing-electricity\/#article","isPartOf":{"@id":"https:\/\/webalkans.eu\/bs\/news\/eu-funded-solar-plant-in-north-macedonia-starts-producing-electricity\/"},"author":{"name":"007designstudio@gmail.com","@id":"https:\/\/webalkans.eu\/bs\/#\/schema\/person\/95a8ea19ef21de3b7766e9b65ffdb4da"},"headline":"Sjeverno-Makedonska solarna elektrana, koju finansira EU, po\u010dinje proizvoditi elektri\u010dnu energiju","datePublished":"2022-04-07T13:56:48+00:00","dateModified":"2022-04-15T15:36:13+00:00","mainEntityOfPage":{"@id":"https:\/\/webalkans.eu\/bs\/news\/eu-funded-solar-plant-in-north-macedonia-starts-producing-electricity\/"},"wordCount":234,"publisher":{"@id":"https:\/\/webalkans.eu\/bs\/#organization"},"image":{"@id":"https:\/\/webalkans.eu\/bs\/news\/eu-funded-solar-plant-in-north-macedonia-starts-producing-electricity\/#primaryimage"},"thumbnailUrl":"https:\/\/webalkans.eu\/wp-content\/uploads\/2022\/04\/3.jpeg","inLanguage":"bs-BA"},{"@type":"WebPage","@id":"https:\/\/webalkans.eu\/bs\/news\/eu-funded-solar-plant-in-north-macedonia-starts-producing-electricity\/","url":"https:\/\/webalkans.eu\/bs\/news\/eu-funded-solar-plant-in-north-macedonia-starts-producing-electricity\/","name":"Sjeverno-Makedonska solarna elektrana, koju finansira EU, po\u010dinje proizvoditi elektri\u010dnu energiju News | WeBalkans","isPartOf":{"@id":"https:\/\/webalkans.eu\/bs\/#website"},"primaryImageOfPage":{"@id":"https:\/\/webalkans.eu\/bs\/news\/eu-funded-solar-plant-in-north-macedonia-starts-producing-electricity\/#primaryimage"},"image":{"@id":"https:\/\/webalkans.eu\/bs\/news\/eu-funded-solar-plant-in-north-macedonia-starts-producing-electricity\/#primaryimage"},"thumbnailUrl":"https:\/\/webalkans.eu\/wp-content\/uploads\/2022\/04\/3.jpeg","datePublished":"2022-04-07T13:56:48+00:00","dateModified":"2022-04-15T15:36:13+00:00","description":"Sjeverno-Makedonska solarna elektrana, koju finansira EU, po\u010dinje proizvoditi elektri\u010dnu energiju","breadcrumb":{"@id":"https:\/\/webalkans.eu\/bs\/news\/eu-funded-solar-plant-in-north-macedonia-starts-producing-electricity\/#breadcrumb"},"inLanguage":"bs-BA","potentialAction":[{"@type":"ReadAction","target":["https:\/\/webalkans.eu\/bs\/news\/eu-funded-solar-plant-in-north-macedonia-starts-producing-electricity\/"]}]},{"@type":"ImageObject","inLanguage":"bs-BA","@id":"https:\/\/webalkans.eu\/bs\/news\/eu-funded-solar-plant-in-north-macedonia-starts-producing-electricity\/#primaryimage","url":"https:\/\/webalkans.eu\/wp-content\/uploads\/2022\/04\/3.jpeg","contentUrl":"https:\/\/webalkans.eu\/wp-content\/uploads\/2022\/04\/3.jpeg","width":1024,"height":567},{"@type":"BreadcrumbList","@id":"https:\/\/webalkans.eu\/bs\/news\/eu-funded-solar-plant-in-north-macedonia-starts-producing-electricity\/#breadcrumb","itemListElement":[{"@type":"ListItem","position":1,"name":"Home","item":"https:\/\/webalkans.eu\/bs\/homepage\/"},{"@type":"ListItem","position":2,"name":"Sjeverno-Makedonska solarna elektrana, koju finansira EU, po\u010dinje proizvoditi elektri\u010dnu energiju"}]},{"@type":"WebSite","@id":"https:\/\/webalkans.eu\/bs\/#website","url":"https:\/\/webalkans.eu\/bs\/","name":"WeBalkans | EU Projects in the Western Balkans","description":"","publisher":{"@id":"https:\/\/webalkans.eu\/bs\/#organization"},"potentialAction":[{"@type":"SearchAction","target":{"@type":"EntryPoint","urlTemplate":"https:\/\/webalkans.eu\/bs\/?s={search_term_string}"},"query-input":{"@type":"PropertyValueSpecification","valueRequired":true,"valueName":"search_term_string"}}],"inLanguage":"bs-BA"},{"@type":"Organization","@id":"https:\/\/webalkans.eu\/bs\/#organization","name":"European Union","url":"https:\/\/webalkans.eu\/bs\/","logo":{"@type":"ImageObject","inLanguage":"bs-BA","@id":"https:\/\/webalkans.eu\/bs\/#\/schema\/logo\/image\/","url":"https:\/\/webalkans.eu\/wp-content\/uploads\/2020\/11\/eu_flag.jpg","contentUrl":"https:\/\/webalkans.eu\/wp-content\/uploads\/2020\/11\/eu_flag.jpg","width":600,"height":401,"caption":"European Union"},"image":{"@id":"https:\/\/webalkans.eu\/bs\/#\/schema\/logo\/image\/"},"sameAs":["https:\/\/www.facebook.com\/webalkans.eu","https:\/\/x.com\/WeBalkans"]},{"@type":"Person","@id":"https:\/\/webalkans.eu\/bs\/#\/schema\/person\/95a8ea19ef21de3b7766e9b65ffdb4da","name":"007designstudio@gmail.com"}]}},"_links":{"self":[{"href":"https:\/\/webalkans.eu\/bs\/wp-json\/wp\/v2\/posts\/574920"}],"collection":[{"href":"https:\/\/webalkans.eu\/bs\/wp-json\/wp\/v2\/posts"}],"about":[{"href":"https:\/\/webalkans.eu\/bs\/wp-json\/wp\/v2\/types\/post"}],"author":[{"embeddable":true,"href":"https:\/\/webalkans.eu\/bs\/wp-json\/wp\/v2\/users\/152227"}],"replies":[{"embeddable":true,"href":"https:\/\/webalkans.eu\/bs\/wp-json\/wp\/v2\/comments?post=574920"}],"version-history":[{"count":0,"href":"https:\/\/webalkans.eu\/bs\/wp-json\/wp\/v2\/posts\/574920\/revisions"}],"wp:featuredmedia":[{"embeddable":true,"href":"https:\/\/webalkans.eu\/bs\/wp-json\/wp\/v2\/media\/569269"}],"wp:attachment":[{"href":"https:\/\/webalkans.eu\/bs\/wp-json\/wp\/v2\/media?parent=574920"}],"wp:term":[{"taxonomy":"country-for-news","embeddable":true,"href":"https:\/\/webalkans.eu\/bs\/wp-json\/wp\/v2\/country-for-news?post=574920"}],"curies":[{"name":"wp","href":"https:\/\/api.w.org\/{rel}","templated":true}]}}