
{"id":568884,"date":"2022-03-17T12:06:40","date_gmt":"2022-03-17T11:06:40","guid":{"rendered":"https:\/\/webalkans.eu\/news\/eu-in-north-macedonia-presents-first-ever-european-woman-of-the-year-award\/"},"modified":"2022-04-07T09:56:53","modified_gmt":"2022-04-07T07:56:53","slug":"eu-in-north-macedonia-presents-first-ever-european-woman-of-the-year-award","status":"publish","type":"post","link":"https:\/\/webalkans.eu\/bs\/news\/eu-in-north-macedonia-presents-first-ever-european-woman-of-the-year-award\/","title":{"rendered":"EU u Sjevernoj Makedoniji dodjeljuje prvu nagradu za Evropljanku godine"},"content":{"rendered":"<p style=\"font-weight: 400;\">Pet izvanrednih \u017eena koje \u010dine doprinos dru\u0161tvu u svojim oblastima i daju inspiraciju dru\u0161tvu u cjelini nominirano je od strane #TeamEurope u Sjevernoj Makedoniji za nagradu 2022 European Woman of the Year Award.<\/p>\n<p>&nbsp;<\/p>\n<p style=\"font-weight: 400;\">Pet nominovanih za ovu nagradu su nacionalna koordinatorka za transplantaciju Maja Mojsova Mijovska, alpinistkinja Ilina Arsova, filmska rediteljka i spisateljica Dina Duma, direktorka Nacionalne galerije Dita Starova Qerimi i osniva\u010dica kompanije MaMa Organa Natalija Burgieva. Predlo\u017eili su ih ambasadori Hrvatske (Nives Tiganj), Njema\u010dke (Anke Holstein), Rumunije (Monica Axinte), \u0160vedske (Kristen Forsgren Bengtsson) i EU (David Geer).<\/p>\n<p>&nbsp;<\/p>\n<p style=\"font-weight: 400;\">\u201cObilje\u017eavamo Me\u0111unarodni dan \u017eena odavanjem po\u010dasti pet izuzetnih \u017eena koje su pokazale da je samo nebo granica u ostvarivanju snova i koje rade za op\u0161te dobro. Njihove pri\u010de su inspirativne. Razbijaju predrasude. Oni dokazuju da rod nema nikakve veze sa sposobno\u0161\u0107u i da kapacitet i posve\u0107enost nemaju rod\u201d, rekao je ambasador Geer na ceremoniji kojoj je prisustvovala i prva dama Elizabeta Gjorgievska.<\/p>\n<p>&nbsp;<\/p>\n<p style=\"font-weight: 400;\">Delegacijska nagrada \u00adEvropljanka godine &#8211; European Woman of the Year Award \u2013 \u00a0je dopuna nagradi Evropljanin godine &#8211; the European of the Year Award- \u00a0koju je Delegacija uvela 2019. \u2013 ima za cilj podizanje svijesti o preprekama za rodnu ravnopravnost, uz odavanje priznanja \u017eenama koje vode druge svojim dobrim primjerom i poma\u017eu da svijet postane mjesto gdje svi imaju jednaka prava.<\/p>\n","protected":false},"excerpt":{"rendered":"<p>Pet izvanrednih \u017eena koje \u010dine doprinos dru\u0161tvu u svojim oblastima i daju inspiraciju dru\u0161tvu u cjelini nominirano je od strane #TeamEurope u Sjevernoj Makedoniji za <\/p>\n","protected":false},"author":152227,"featured_media":555815,"comment_status":"closed","ping_status":"closed","sticky":false,"template":"","format":"standard","meta":{"_acf_changed":false,"_monsterinsights_skip_tracking":false,"_monsterinsights_sitenote_active":false,"_monsterinsights_sitenote_note":"","_monsterinsights_sitenote_category":0,"footnotes":""},"country-for-news":[438],"class_list":["post-568884","post","type-post","status-publish","format-standard","has-post-thumbnail","hentry","wb_theme-equality-and-fair-society","country-for-news-north-macedonia"],"acf":[],"yoast_head":"<!-- This site is optimized with the Yoast SEO plugin v25.3.1 - https:\/\/yoast.com\/wordpress\/plugins\/seo\/ -->\n<title>EU u Sjevernoj Makedoniji dodjeljuje prvu nagradu za Evropljanku godine News | WeBalkans<\/title>\n<meta name=\"description\" content=\"Pet izvanrednih \u017eena koje \u010dine doprinos dru\u0161tvu u svojim oblastima i daju inspiraciju dru\u0161tvu u cjelini nominirano je od strane #TeamEurope u Sjevernoj Makedoniji za nagradu 2022 European Woman of the Year Award.\" \/>\n<meta name=\"robots\" content=\"index, follow, max-snippet:-1, max-image-preview:large, max-video-preview:-1\" \/>\n<link rel=\"canonical\" href=\"https:\/\/webalkans.eu\/bs\/news\/eu-in-north-macedonia-presents-first-ever-european-woman-of-the-year-award\/\" \/>\n<meta property=\"og:locale\" content=\"bs_BA\" \/>\n<meta property=\"og:type\" content=\"article\" \/>\n<meta property=\"og:title\" content=\"EU u Sjevernoj Makedoniji dodjeljuje prvu nagradu za Evropljanku godine News | WeBalkans\" \/>\n<meta property=\"og:description\" content=\"Pet izvanrednih \u017eena koje \u010dine doprinos dru\u0161tvu u svojim oblastima i daju inspiraciju dru\u0161tvu u cjelini nominirano je od strane #TeamEurope u Sjevernoj Makedoniji za nagradu 2022 European Woman of the Year Award.\" \/>\n<meta property=\"og:url\" content=\"https:\/\/webalkans.eu\/bs\/news\/eu-in-north-macedonia-presents-first-ever-european-woman-of-the-year-award\/\" \/>\n<meta property=\"og:site_name\" content=\"WeBalkans | EU Projects in the Western Balkans\" \/>\n<meta property=\"article:publisher\" content=\"https:\/\/www.facebook.com\/webalkans.eu\" \/>\n<meta property=\"article:published_time\" content=\"2022-03-17T11:06:40+00:00\" \/>\n<meta property=\"article:modified_time\" content=\"2022-04-07T07:56:53+00:00\" \/>\n<meta property=\"og:image\" content=\"https:\/\/webalkans.eu\/wp-content\/uploads\/2022\/03\/1-3.jpeg\" \/>\n\t<meta property=\"og:image:width\" content=\"750\" \/>\n\t<meta property=\"og:image:height\" content=\"501\" \/>\n\t<meta property=\"og:image:type\" content=\"image\/jpeg\" \/>\n<meta name=\"author\" content=\"007designstudio@gmail.com\" \/>\n<meta name=\"twitter:card\" content=\"summary_large_image\" \/>\n<meta name=\"twitter:creator\" content=\"@WeBalkans\" \/>\n<meta name=\"twitter:site\" content=\"@WeBalkans\" \/>\n<meta name=\"twitter:label1\" content=\"Written by\" \/>\n\t<meta name=\"twitter:data1\" content=\"007designstudio@gmail.com\" \/>\n\t<meta name=\"twitter:label2\" content=\"Est. reading time\" \/>\n\t<meta name=\"twitter:data2\" content=\"1 minuta\" \/>\n<script type=\"application\/ld+json\" class=\"yoast-schema-graph\">{\"@context\":\"https:\/\/schema.org\",\"@graph\":[{\"@type\":\"Article\",\"@id\":\"https:\/\/webalkans.eu\/bs\/news\/eu-in-north-macedonia-presents-first-ever-european-woman-of-the-year-award\/#article\",\"isPartOf\":{\"@id\":\"https:\/\/webalkans.eu\/bs\/news\/eu-in-north-macedonia-presents-first-ever-european-woman-of-the-year-award\/\"},\"author\":{\"name\":\"007designstudio@gmail.com\",\"@id\":\"https:\/\/webalkans.eu\/bs\/#\/schema\/person\/95a8ea19ef21de3b7766e9b65ffdb4da\"},\"headline\":\"EU u Sjevernoj Makedoniji dodjeljuje prvu nagradu za Evropljanku godine\",\"datePublished\":\"2022-03-17T11:06:40+00:00\",\"dateModified\":\"2022-04-07T07:56:53+00:00\",\"mainEntityOfPage\":{\"@id\":\"https:\/\/webalkans.eu\/bs\/news\/eu-in-north-macedonia-presents-first-ever-european-woman-of-the-year-award\/\"},\"wordCount\":234,\"publisher\":{\"@id\":\"https:\/\/webalkans.eu\/bs\/#organization\"},\"image\":{\"@id\":\"https:\/\/webalkans.eu\/bs\/news\/eu-in-north-macedonia-presents-first-ever-european-woman-of-the-year-award\/#primaryimage\"},\"thumbnailUrl\":\"https:\/\/webalkans.eu\/wp-content\/uploads\/2022\/03\/1-3.jpeg\",\"inLanguage\":\"bs-BA\"},{\"@type\":\"WebPage\",\"@id\":\"https:\/\/webalkans.eu\/bs\/news\/eu-in-north-macedonia-presents-first-ever-european-woman-of-the-year-award\/\",\"url\":\"https:\/\/webalkans.eu\/bs\/news\/eu-in-north-macedonia-presents-first-ever-european-woman-of-the-year-award\/\",\"name\":\"EU u Sjevernoj Makedoniji dodjeljuje prvu nagradu za Evropljanku godine News | WeBalkans\",\"isPartOf\":{\"@id\":\"https:\/\/webalkans.eu\/bs\/#website\"},\"primaryImageOfPage\":{\"@id\":\"https:\/\/webalkans.eu\/bs\/news\/eu-in-north-macedonia-presents-first-ever-european-woman-of-the-year-award\/#primaryimage\"},\"image\":{\"@id\":\"https:\/\/webalkans.eu\/bs\/news\/eu-in-north-macedonia-presents-first-ever-european-woman-of-the-year-award\/#primaryimage\"},\"thumbnailUrl\":\"https:\/\/webalkans.eu\/wp-content\/uploads\/2022\/03\/1-3.jpeg\",\"datePublished\":\"2022-03-17T11:06:40+00:00\",\"dateModified\":\"2022-04-07T07:56:53+00:00\",\"description\":\"Pet izvanrednih \u017eena koje \u010dine doprinos dru\u0161tvu u svojim oblastima i daju inspiraciju dru\u0161tvu u cjelini nominirano je od strane #TeamEurope u Sjevernoj Makedoniji za nagradu 2022 European Woman of the Year Award.\",\"breadcrumb\":{\"@id\":\"https:\/\/webalkans.eu\/bs\/news\/eu-in-north-macedonia-presents-first-ever-european-woman-of-the-year-award\/#breadcrumb\"},\"inLanguage\":\"bs-BA\",\"potentialAction\":[{\"@type\":\"ReadAction\",\"target\":[\"https:\/\/webalkans.eu\/bs\/news\/eu-in-north-macedonia-presents-first-ever-european-woman-of-the-year-award\/\"]}]},{\"@type\":\"ImageObject\",\"inLanguage\":\"bs-BA\",\"@id\":\"https:\/\/webalkans.eu\/bs\/news\/eu-in-north-macedonia-presents-first-ever-european-woman-of-the-year-award\/#primaryimage\",\"url\":\"https:\/\/webalkans.eu\/wp-content\/uploads\/2022\/03\/1-3.jpeg\",\"contentUrl\":\"https:\/\/webalkans.eu\/wp-content\/uploads\/2022\/03\/1-3.jpeg\",\"width\":750,\"height\":501},{\"@type\":\"BreadcrumbList\",\"@id\":\"https:\/\/webalkans.eu\/bs\/news\/eu-in-north-macedonia-presents-first-ever-european-woman-of-the-year-award\/#breadcrumb\",\"itemListElement\":[{\"@type\":\"ListItem\",\"position\":1,\"name\":\"Home\",\"item\":\"https:\/\/webalkans.eu\/bs\/homepage\/\"},{\"@type\":\"ListItem\",\"position\":2,\"name\":\"EU u Sjevernoj Makedoniji dodjeljuje prvu nagradu za Evropljanku godine\"}]},{\"@type\":\"WebSite\",\"@id\":\"https:\/\/webalkans.eu\/bs\/#website\",\"url\":\"https:\/\/webalkans.eu\/bs\/\",\"name\":\"WeBalkans | EU Projects in the Western Balkans\",\"description\":\"\",\"publisher\":{\"@id\":\"https:\/\/webalkans.eu\/bs\/#organization\"},\"potentialAction\":[{\"@type\":\"SearchAction\",\"target\":{\"@type\":\"EntryPoint\",\"urlTemplate\":\"https:\/\/webalkans.eu\/bs\/?s={search_term_string}\"},\"query-input\":{\"@type\":\"PropertyValueSpecification\",\"valueRequired\":true,\"valueName\":\"search_term_string\"}}],\"inLanguage\":\"bs-BA\"},{\"@type\":\"Organization\",\"@id\":\"https:\/\/webalkans.eu\/bs\/#organization\",\"name\":\"European Union\",\"url\":\"https:\/\/webalkans.eu\/bs\/\",\"logo\":{\"@type\":\"ImageObject\",\"inLanguage\":\"bs-BA\",\"@id\":\"https:\/\/webalkans.eu\/bs\/#\/schema\/logo\/image\/\",\"url\":\"https:\/\/webalkans.eu\/wp-content\/uploads\/2020\/11\/eu_flag.jpg\",\"contentUrl\":\"https:\/\/webalkans.eu\/wp-content\/uploads\/2020\/11\/eu_flag.jpg\",\"width\":600,\"height\":401,\"caption\":\"European Union\"},\"image\":{\"@id\":\"https:\/\/webalkans.eu\/bs\/#\/schema\/logo\/image\/\"},\"sameAs\":[\"https:\/\/www.facebook.com\/webalkans.eu\",\"https:\/\/x.com\/WeBalkans\"]},{\"@type\":\"Person\",\"@id\":\"https:\/\/webalkans.eu\/bs\/#\/schema\/person\/95a8ea19ef21de3b7766e9b65ffdb4da\",\"name\":\"007designstudio@gmail.com\"}]}<\/script>\n<!-- \/ Yoast SEO plugin. -->","yoast_head_json":{"title":"EU u Sjevernoj Makedoniji dodjeljuje prvu nagradu za Evropljanku godine News | WeBalkans","description":"Pet izvanrednih \u017eena koje \u010dine doprinos dru\u0161tvu u svojim oblastima i daju inspiraciju dru\u0161tvu u cjelini nominirano je od strane #TeamEurope u Sjevernoj Makedoniji za nagradu 2022 European Woman of the Year Award.","robots":{"index":"index","follow":"follow","max-snippet":"max-snippet:-1","max-image-preview":"max-image-preview:large","max-video-preview":"max-video-preview:-1"},"canonical":"https:\/\/webalkans.eu\/bs\/news\/eu-in-north-macedonia-presents-first-ever-european-woman-of-the-year-award\/","og_locale":"bs_BA","og_type":"article","og_title":"EU u Sjevernoj Makedoniji dodjeljuje prvu nagradu za Evropljanku godine News | WeBalkans","og_description":"Pet izvanrednih \u017eena koje \u010dine doprinos dru\u0161tvu u svojim oblastima i daju inspiraciju dru\u0161tvu u cjelini nominirano je od strane #TeamEurope u Sjevernoj Makedoniji za nagradu 2022 European Woman of the Year Award.","og_url":"https:\/\/webalkans.eu\/bs\/news\/eu-in-north-macedonia-presents-first-ever-european-woman-of-the-year-award\/","og_site_name":"WeBalkans | EU Projects in the Western Balkans","article_publisher":"https:\/\/www.facebook.com\/webalkans.eu","article_published_time":"2022-03-17T11:06:40+00:00","article_modified_time":"2022-04-07T07:56:53+00:00","og_image":[{"width":750,"height":501,"url":"https:\/\/webalkans.eu\/wp-content\/uploads\/2022\/03\/1-3.jpeg","type":"image\/jpeg"}],"author":"007designstudio@gmail.com","twitter_card":"summary_large_image","twitter_creator":"@WeBalkans","twitter_site":"@WeBalkans","twitter_misc":{"Written by":"007designstudio@gmail.com","Est. reading time":"1 minuta"},"schema":{"@context":"https:\/\/schema.org","@graph":[{"@type":"Article","@id":"https:\/\/webalkans.eu\/bs\/news\/eu-in-north-macedonia-presents-first-ever-european-woman-of-the-year-award\/#article","isPartOf":{"@id":"https:\/\/webalkans.eu\/bs\/news\/eu-in-north-macedonia-presents-first-ever-european-woman-of-the-year-award\/"},"author":{"name":"007designstudio@gmail.com","@id":"https:\/\/webalkans.eu\/bs\/#\/schema\/person\/95a8ea19ef21de3b7766e9b65ffdb4da"},"headline":"EU u Sjevernoj Makedoniji dodjeljuje prvu nagradu za Evropljanku godine","datePublished":"2022-03-17T11:06:40+00:00","dateModified":"2022-04-07T07:56:53+00:00","mainEntityOfPage":{"@id":"https:\/\/webalkans.eu\/bs\/news\/eu-in-north-macedonia-presents-first-ever-european-woman-of-the-year-award\/"},"wordCount":234,"publisher":{"@id":"https:\/\/webalkans.eu\/bs\/#organization"},"image":{"@id":"https:\/\/webalkans.eu\/bs\/news\/eu-in-north-macedonia-presents-first-ever-european-woman-of-the-year-award\/#primaryimage"},"thumbnailUrl":"https:\/\/webalkans.eu\/wp-content\/uploads\/2022\/03\/1-3.jpeg","inLanguage":"bs-BA"},{"@type":"WebPage","@id":"https:\/\/webalkans.eu\/bs\/news\/eu-in-north-macedonia-presents-first-ever-european-woman-of-the-year-award\/","url":"https:\/\/webalkans.eu\/bs\/news\/eu-in-north-macedonia-presents-first-ever-european-woman-of-the-year-award\/","name":"EU u Sjevernoj Makedoniji dodjeljuje prvu nagradu za Evropljanku godine News | WeBalkans","isPartOf":{"@id":"https:\/\/webalkans.eu\/bs\/#website"},"primaryImageOfPage":{"@id":"https:\/\/webalkans.eu\/bs\/news\/eu-in-north-macedonia-presents-first-ever-european-woman-of-the-year-award\/#primaryimage"},"image":{"@id":"https:\/\/webalkans.eu\/bs\/news\/eu-in-north-macedonia-presents-first-ever-european-woman-of-the-year-award\/#primaryimage"},"thumbnailUrl":"https:\/\/webalkans.eu\/wp-content\/uploads\/2022\/03\/1-3.jpeg","datePublished":"2022-03-17T11:06:40+00:00","dateModified":"2022-04-07T07:56:53+00:00","description":"Pet izvanrednih \u017eena koje \u010dine doprinos dru\u0161tvu u svojim oblastima i daju inspiraciju dru\u0161tvu u cjelini nominirano je od strane #TeamEurope u Sjevernoj Makedoniji za nagradu 2022 European Woman of the Year Award.","breadcrumb":{"@id":"https:\/\/webalkans.eu\/bs\/news\/eu-in-north-macedonia-presents-first-ever-european-woman-of-the-year-award\/#breadcrumb"},"inLanguage":"bs-BA","potentialAction":[{"@type":"ReadAction","target":["https:\/\/webalkans.eu\/bs\/news\/eu-in-north-macedonia-presents-first-ever-european-woman-of-the-year-award\/"]}]},{"@type":"ImageObject","inLanguage":"bs-BA","@id":"https:\/\/webalkans.eu\/bs\/news\/eu-in-north-macedonia-presents-first-ever-european-woman-of-the-year-award\/#primaryimage","url":"https:\/\/webalkans.eu\/wp-content\/uploads\/2022\/03\/1-3.jpeg","contentUrl":"https:\/\/webalkans.eu\/wp-content\/uploads\/2022\/03\/1-3.jpeg","width":750,"height":501},{"@type":"BreadcrumbList","@id":"https:\/\/webalkans.eu\/bs\/news\/eu-in-north-macedonia-presents-first-ever-european-woman-of-the-year-award\/#breadcrumb","itemListElement":[{"@type":"ListItem","position":1,"name":"Home","item":"https:\/\/webalkans.eu\/bs\/homepage\/"},{"@type":"ListItem","position":2,"name":"EU u Sjevernoj Makedoniji dodjeljuje prvu nagradu za Evropljanku godine"}]},{"@type":"WebSite","@id":"https:\/\/webalkans.eu\/bs\/#website","url":"https:\/\/webalkans.eu\/bs\/","name":"WeBalkans | EU Projects in the Western Balkans","description":"","publisher":{"@id":"https:\/\/webalkans.eu\/bs\/#organization"},"potentialAction":[{"@type":"SearchAction","target":{"@type":"EntryPoint","urlTemplate":"https:\/\/webalkans.eu\/bs\/?s={search_term_string}"},"query-input":{"@type":"PropertyValueSpecification","valueRequired":true,"valueName":"search_term_string"}}],"inLanguage":"bs-BA"},{"@type":"Organization","@id":"https:\/\/webalkans.eu\/bs\/#organization","name":"European Union","url":"https:\/\/webalkans.eu\/bs\/","logo":{"@type":"ImageObject","inLanguage":"bs-BA","@id":"https:\/\/webalkans.eu\/bs\/#\/schema\/logo\/image\/","url":"https:\/\/webalkans.eu\/wp-content\/uploads\/2020\/11\/eu_flag.jpg","contentUrl":"https:\/\/webalkans.eu\/wp-content\/uploads\/2020\/11\/eu_flag.jpg","width":600,"height":401,"caption":"European Union"},"image":{"@id":"https:\/\/webalkans.eu\/bs\/#\/schema\/logo\/image\/"},"sameAs":["https:\/\/www.facebook.com\/webalkans.eu","https:\/\/x.com\/WeBalkans"]},{"@type":"Person","@id":"https:\/\/webalkans.eu\/bs\/#\/schema\/person\/95a8ea19ef21de3b7766e9b65ffdb4da","name":"007designstudio@gmail.com"}]}},"_links":{"self":[{"href":"https:\/\/webalkans.eu\/bs\/wp-json\/wp\/v2\/posts\/568884"}],"collection":[{"href":"https:\/\/webalkans.eu\/bs\/wp-json\/wp\/v2\/posts"}],"about":[{"href":"https:\/\/webalkans.eu\/bs\/wp-json\/wp\/v2\/types\/post"}],"author":[{"embeddable":true,"href":"https:\/\/webalkans.eu\/bs\/wp-json\/wp\/v2\/users\/152227"}],"replies":[{"embeddable":true,"href":"https:\/\/webalkans.eu\/bs\/wp-json\/wp\/v2\/comments?post=568884"}],"version-history":[{"count":0,"href":"https:\/\/webalkans.eu\/bs\/wp-json\/wp\/v2\/posts\/568884\/revisions"}],"wp:featuredmedia":[{"embeddable":true,"href":"https:\/\/webalkans.eu\/bs\/wp-json\/wp\/v2\/media\/555815"}],"wp:attachment":[{"href":"https:\/\/webalkans.eu\/bs\/wp-json\/wp\/v2\/media?parent=568884"}],"wp:term":[{"taxonomy":"country-for-news","embeddable":true,"href":"https:\/\/webalkans.eu\/bs\/wp-json\/wp\/v2\/country-for-news?post=568884"}],"curies":[{"name":"wp","href":"https:\/\/api.w.org\/{rel}","templated":true}]}}