
{"id":568865,"date":"2022-03-15T11:39:50","date_gmt":"2022-03-15T10:39:50","guid":{"rendered":"https:\/\/webalkans.eu\/news\/eib-reaffirms-commitment-to-green-transition-in-north-macedonia\/"},"modified":"2022-04-07T09:47:42","modified_gmt":"2022-04-07T07:47:42","slug":"eib-reaffirms-commitment-to-green-transition-in-north-macedonia","status":"publish","type":"post","link":"https:\/\/webalkans.eu\/bs\/news\/eib-reaffirms-commitment-to-green-transition-in-north-macedonia\/","title":{"rendered":"EIB ponovo potvr\u0111uje opredijeljenost za zelenu tranziciju u Sjevernoj Makedoniji"},"content":{"rendered":"<p style=\"font-weight: 400;\">Tokom posjete Sjevernoj Makedoniji, potpredsjednik Evropske investicione banke (EIB) potvrdio je opredijeljenost EU banke zelenoj tranziciji. Potpredsjednica Lilyana Pavlova iznijela je podr\u0161ku za dekarbonizaciju od EIB \u2013 kreditnog ogranka EU \u2013 kroz klju\u010dne projekte navedene u Ekonomskom i investicionom planu.<\/p>\n<p>&nbsp;<\/p>\n<p style=\"font-weight: 400;\">Bilateralni sastanci sa premijerom Dimitrom Kova\u010devskim i ministrima uklju\u010duju\u0107i ministra finansija Fatmira Besimija, sa gradona\u010delnikom Skoplja i \u0161efom Delegacije EU u Severnoj Makedoniji pomogli su da se identifikuju nove mogu\u0107nosti za pro\u0161irenje saradnje u okviru novog ogranka EIB Global. Globalni ogranak ima za cilj pove\u0107anje podr\u0161ke zemljama izvan Evropske unije.<\/p>\n<p>&nbsp;<\/p>\n<p style=\"font-weight: 400;\">Potpredsjednica Pavlova je istakla podr\u0161ku razvoju moderne \u017eeljezni\u010dke infrastrukture, energetske mre\u017ee i infrastrukture za vodu i otpadne vode kako bi se zemlja prilagodila klimatskim promjenama i za\u0161titila \u017eivotnu sredinu. Banka tako\u0111e namjerava da razvije nove instrumente garancije i podjele rizika za privatni sektor u saradnji sa Evropskom komisijom.<\/p>\n<p>&nbsp;<\/p>\n<p style=\"font-weight: 400;\">Od po\u010detka pandemije COVID-19, EIB je oslobodila sredstva u iznosu 156 miliona eura za Sjevernu Makedoniju kako bi omogu\u0107ila br\u017ei oporavak malim i srednjim preduze\u0107ima i olak\u0161ala izgradnju nove plinske mre\u017ee neophodne za stabilno i sigurno snabdijevanje energijom. . Gledaju\u0107i unaprijed, banka \u0107e tako\u0111e pomo\u0107i svojim partnerima u Sjevernoj Makedoniji da pove\u0107aju kapacitete za pripremu i implementaciju projekata, \u0161to \u0107e pomo\u0107i u realizaciji investicija visokog u\u010dinka za dobrobit zemlje i njenih gra\u0111ana.<\/p>\n","protected":false},"excerpt":{"rendered":"<p>Tokom posjete Sjevernoj Makedoniji, potpredsjednik Evropske investicione banke (EIB) potvrdio je opredijeljenost EU banke zelenoj tranziciji. Potpredsjednica Lilyana Pavlova iznijela je podr\u0161ku za dekarbonizaciju od <\/p>\n","protected":false},"author":152227,"featured_media":553675,"comment_status":"closed","ping_status":"closed","sticky":false,"template":"","format":"standard","meta":{"_acf_changed":false,"_monsterinsights_skip_tracking":false,"_monsterinsights_sitenote_active":false,"_monsterinsights_sitenote_note":"","_monsterinsights_sitenote_category":0,"footnotes":""},"country-for-news":[438],"class_list":["post-568865","post","type-post","status-publish","format-standard","has-post-thumbnail","hentry","wb_theme-environment","country-for-news-north-macedonia"],"acf":[],"yoast_head":"<!-- This site is optimized with the Yoast SEO plugin v25.3.1 - https:\/\/yoast.com\/wordpress\/plugins\/seo\/ -->\n<title>EIB ponovo potvr\u0111uje opredijeljenost za zelenu tranziciju u Sjevernoj Makedoniji News | WeBalkans<\/title>\n<meta name=\"description\" content=\"On a visit to North Macedonia, the Vice-President of the European Investment Bank (EIB) reaffirmed the EU bank\u2019s commitment to green transition.\" \/>\n<meta name=\"robots\" content=\"index, follow, max-snippet:-1, max-image-preview:large, max-video-preview:-1\" \/>\n<link rel=\"canonical\" href=\"https:\/\/webalkans.eu\/bs\/news\/eib-reaffirms-commitment-to-green-transition-in-north-macedonia\/\" \/>\n<meta property=\"og:locale\" content=\"bs_BA\" \/>\n<meta property=\"og:type\" content=\"article\" \/>\n<meta property=\"og:title\" content=\"EIB ponovo potvr\u0111uje opredijeljenost za zelenu tranziciju u Sjevernoj Makedoniji News | WeBalkans\" \/>\n<meta property=\"og:description\" content=\"On a visit to North Macedonia, the Vice-President of the European Investment Bank (EIB) reaffirmed the EU bank\u2019s commitment to green transition.\" \/>\n<meta property=\"og:url\" content=\"https:\/\/webalkans.eu\/bs\/news\/eib-reaffirms-commitment-to-green-transition-in-north-macedonia\/\" \/>\n<meta property=\"og:site_name\" content=\"WeBalkans | EU Projects in the Western Balkans\" \/>\n<meta property=\"article:publisher\" content=\"https:\/\/www.facebook.com\/webalkans.eu\" \/>\n<meta property=\"article:published_time\" content=\"2022-03-15T10:39:50+00:00\" \/>\n<meta property=\"article:modified_time\" content=\"2022-04-07T07:47:42+00:00\" \/>\n<meta property=\"og:image\" content=\"https:\/\/webalkans.eu\/wp-content\/uploads\/2022\/03\/1-1.jpg\" \/>\n\t<meta property=\"og:image:width\" content=\"2400\" \/>\n\t<meta property=\"og:image:height\" content=\"1600\" \/>\n\t<meta property=\"og:image:type\" content=\"image\/jpeg\" \/>\n<meta name=\"author\" content=\"007designstudio@gmail.com\" \/>\n<meta name=\"twitter:card\" content=\"summary_large_image\" \/>\n<meta name=\"twitter:creator\" content=\"@WeBalkans\" \/>\n<meta name=\"twitter:site\" content=\"@WeBalkans\" \/>\n<meta name=\"twitter:label1\" content=\"Written by\" \/>\n\t<meta name=\"twitter:data1\" content=\"007designstudio@gmail.com\" \/>\n\t<meta name=\"twitter:label2\" content=\"Est. reading time\" \/>\n\t<meta name=\"twitter:data2\" content=\"1 minuta\" \/>\n<script type=\"application\/ld+json\" class=\"yoast-schema-graph\">{\"@context\":\"https:\/\/schema.org\",\"@graph\":[{\"@type\":\"Article\",\"@id\":\"https:\/\/webalkans.eu\/bs\/news\/eib-reaffirms-commitment-to-green-transition-in-north-macedonia\/#article\",\"isPartOf\":{\"@id\":\"https:\/\/webalkans.eu\/bs\/news\/eib-reaffirms-commitment-to-green-transition-in-north-macedonia\/\"},\"author\":{\"name\":\"007designstudio@gmail.com\",\"@id\":\"https:\/\/webalkans.eu\/bs\/#\/schema\/person\/95a8ea19ef21de3b7766e9b65ffdb4da\"},\"headline\":\"EIB ponovo potvr\u0111uje opredijeljenost za zelenu tranziciju u Sjevernoj Makedoniji\",\"datePublished\":\"2022-03-15T10:39:50+00:00\",\"dateModified\":\"2022-04-07T07:47:42+00:00\",\"mainEntityOfPage\":{\"@id\":\"https:\/\/webalkans.eu\/bs\/news\/eib-reaffirms-commitment-to-green-transition-in-north-macedonia\/\"},\"wordCount\":248,\"publisher\":{\"@id\":\"https:\/\/webalkans.eu\/bs\/#organization\"},\"image\":{\"@id\":\"https:\/\/webalkans.eu\/bs\/news\/eib-reaffirms-commitment-to-green-transition-in-north-macedonia\/#primaryimage\"},\"thumbnailUrl\":\"https:\/\/webalkans.eu\/wp-content\/uploads\/2022\/03\/1-1.jpg\",\"inLanguage\":\"bs-BA\"},{\"@type\":\"WebPage\",\"@id\":\"https:\/\/webalkans.eu\/bs\/news\/eib-reaffirms-commitment-to-green-transition-in-north-macedonia\/\",\"url\":\"https:\/\/webalkans.eu\/bs\/news\/eib-reaffirms-commitment-to-green-transition-in-north-macedonia\/\",\"name\":\"EIB ponovo potvr\u0111uje opredijeljenost za zelenu tranziciju u Sjevernoj Makedoniji News | WeBalkans\",\"isPartOf\":{\"@id\":\"https:\/\/webalkans.eu\/bs\/#website\"},\"primaryImageOfPage\":{\"@id\":\"https:\/\/webalkans.eu\/bs\/news\/eib-reaffirms-commitment-to-green-transition-in-north-macedonia\/#primaryimage\"},\"image\":{\"@id\":\"https:\/\/webalkans.eu\/bs\/news\/eib-reaffirms-commitment-to-green-transition-in-north-macedonia\/#primaryimage\"},\"thumbnailUrl\":\"https:\/\/webalkans.eu\/wp-content\/uploads\/2022\/03\/1-1.jpg\",\"datePublished\":\"2022-03-15T10:39:50+00:00\",\"dateModified\":\"2022-04-07T07:47:42+00:00\",\"description\":\"On a visit to North Macedonia, the Vice-President of the European Investment Bank (EIB) reaffirmed the EU bank\u2019s commitment to green transition.\",\"breadcrumb\":{\"@id\":\"https:\/\/webalkans.eu\/bs\/news\/eib-reaffirms-commitment-to-green-transition-in-north-macedonia\/#breadcrumb\"},\"inLanguage\":\"bs-BA\",\"potentialAction\":[{\"@type\":\"ReadAction\",\"target\":[\"https:\/\/webalkans.eu\/bs\/news\/eib-reaffirms-commitment-to-green-transition-in-north-macedonia\/\"]}]},{\"@type\":\"ImageObject\",\"inLanguage\":\"bs-BA\",\"@id\":\"https:\/\/webalkans.eu\/bs\/news\/eib-reaffirms-commitment-to-green-transition-in-north-macedonia\/#primaryimage\",\"url\":\"https:\/\/webalkans.eu\/wp-content\/uploads\/2022\/03\/1-1.jpg\",\"contentUrl\":\"https:\/\/webalkans.eu\/wp-content\/uploads\/2022\/03\/1-1.jpg\",\"width\":2400,\"height\":1600},{\"@type\":\"BreadcrumbList\",\"@id\":\"https:\/\/webalkans.eu\/bs\/news\/eib-reaffirms-commitment-to-green-transition-in-north-macedonia\/#breadcrumb\",\"itemListElement\":[{\"@type\":\"ListItem\",\"position\":1,\"name\":\"Home\",\"item\":\"https:\/\/webalkans.eu\/bs\/homepage\/\"},{\"@type\":\"ListItem\",\"position\":2,\"name\":\"EIB ponovo potvr\u0111uje opredijeljenost za zelenu tranziciju u Sjevernoj Makedoniji\"}]},{\"@type\":\"WebSite\",\"@id\":\"https:\/\/webalkans.eu\/bs\/#website\",\"url\":\"https:\/\/webalkans.eu\/bs\/\",\"name\":\"WeBalkans | EU Projects in the Western Balkans\",\"description\":\"\",\"publisher\":{\"@id\":\"https:\/\/webalkans.eu\/bs\/#organization\"},\"potentialAction\":[{\"@type\":\"SearchAction\",\"target\":{\"@type\":\"EntryPoint\",\"urlTemplate\":\"https:\/\/webalkans.eu\/bs\/?s={search_term_string}\"},\"query-input\":{\"@type\":\"PropertyValueSpecification\",\"valueRequired\":true,\"valueName\":\"search_term_string\"}}],\"inLanguage\":\"bs-BA\"},{\"@type\":\"Organization\",\"@id\":\"https:\/\/webalkans.eu\/bs\/#organization\",\"name\":\"European Union\",\"url\":\"https:\/\/webalkans.eu\/bs\/\",\"logo\":{\"@type\":\"ImageObject\",\"inLanguage\":\"bs-BA\",\"@id\":\"https:\/\/webalkans.eu\/bs\/#\/schema\/logo\/image\/\",\"url\":\"https:\/\/webalkans.eu\/wp-content\/uploads\/2020\/11\/eu_flag.jpg\",\"contentUrl\":\"https:\/\/webalkans.eu\/wp-content\/uploads\/2020\/11\/eu_flag.jpg\",\"width\":600,\"height\":401,\"caption\":\"European Union\"},\"image\":{\"@id\":\"https:\/\/webalkans.eu\/bs\/#\/schema\/logo\/image\/\"},\"sameAs\":[\"https:\/\/www.facebook.com\/webalkans.eu\",\"https:\/\/x.com\/WeBalkans\"]},{\"@type\":\"Person\",\"@id\":\"https:\/\/webalkans.eu\/bs\/#\/schema\/person\/95a8ea19ef21de3b7766e9b65ffdb4da\",\"name\":\"007designstudio@gmail.com\"}]}<\/script>\n<!-- \/ Yoast SEO plugin. -->","yoast_head_json":{"title":"EIB ponovo potvr\u0111uje opredijeljenost za zelenu tranziciju u Sjevernoj Makedoniji News | WeBalkans","description":"On a visit to North Macedonia, the Vice-President of the European Investment Bank (EIB) reaffirmed the EU bank\u2019s commitment to green transition.","robots":{"index":"index","follow":"follow","max-snippet":"max-snippet:-1","max-image-preview":"max-image-preview:large","max-video-preview":"max-video-preview:-1"},"canonical":"https:\/\/webalkans.eu\/bs\/news\/eib-reaffirms-commitment-to-green-transition-in-north-macedonia\/","og_locale":"bs_BA","og_type":"article","og_title":"EIB ponovo potvr\u0111uje opredijeljenost za zelenu tranziciju u Sjevernoj Makedoniji News | WeBalkans","og_description":"On a visit to North Macedonia, the Vice-President of the European Investment Bank (EIB) reaffirmed the EU bank\u2019s commitment to green transition.","og_url":"https:\/\/webalkans.eu\/bs\/news\/eib-reaffirms-commitment-to-green-transition-in-north-macedonia\/","og_site_name":"WeBalkans | EU Projects in the Western Balkans","article_publisher":"https:\/\/www.facebook.com\/webalkans.eu","article_published_time":"2022-03-15T10:39:50+00:00","article_modified_time":"2022-04-07T07:47:42+00:00","og_image":[{"width":2400,"height":1600,"url":"https:\/\/webalkans.eu\/wp-content\/uploads\/2022\/03\/1-1.jpg","type":"image\/jpeg"}],"author":"007designstudio@gmail.com","twitter_card":"summary_large_image","twitter_creator":"@WeBalkans","twitter_site":"@WeBalkans","twitter_misc":{"Written by":"007designstudio@gmail.com","Est. reading time":"1 minuta"},"schema":{"@context":"https:\/\/schema.org","@graph":[{"@type":"Article","@id":"https:\/\/webalkans.eu\/bs\/news\/eib-reaffirms-commitment-to-green-transition-in-north-macedonia\/#article","isPartOf":{"@id":"https:\/\/webalkans.eu\/bs\/news\/eib-reaffirms-commitment-to-green-transition-in-north-macedonia\/"},"author":{"name":"007designstudio@gmail.com","@id":"https:\/\/webalkans.eu\/bs\/#\/schema\/person\/95a8ea19ef21de3b7766e9b65ffdb4da"},"headline":"EIB ponovo potvr\u0111uje opredijeljenost za zelenu tranziciju u Sjevernoj Makedoniji","datePublished":"2022-03-15T10:39:50+00:00","dateModified":"2022-04-07T07:47:42+00:00","mainEntityOfPage":{"@id":"https:\/\/webalkans.eu\/bs\/news\/eib-reaffirms-commitment-to-green-transition-in-north-macedonia\/"},"wordCount":248,"publisher":{"@id":"https:\/\/webalkans.eu\/bs\/#organization"},"image":{"@id":"https:\/\/webalkans.eu\/bs\/news\/eib-reaffirms-commitment-to-green-transition-in-north-macedonia\/#primaryimage"},"thumbnailUrl":"https:\/\/webalkans.eu\/wp-content\/uploads\/2022\/03\/1-1.jpg","inLanguage":"bs-BA"},{"@type":"WebPage","@id":"https:\/\/webalkans.eu\/bs\/news\/eib-reaffirms-commitment-to-green-transition-in-north-macedonia\/","url":"https:\/\/webalkans.eu\/bs\/news\/eib-reaffirms-commitment-to-green-transition-in-north-macedonia\/","name":"EIB ponovo potvr\u0111uje opredijeljenost za zelenu tranziciju u Sjevernoj Makedoniji News | WeBalkans","isPartOf":{"@id":"https:\/\/webalkans.eu\/bs\/#website"},"primaryImageOfPage":{"@id":"https:\/\/webalkans.eu\/bs\/news\/eib-reaffirms-commitment-to-green-transition-in-north-macedonia\/#primaryimage"},"image":{"@id":"https:\/\/webalkans.eu\/bs\/news\/eib-reaffirms-commitment-to-green-transition-in-north-macedonia\/#primaryimage"},"thumbnailUrl":"https:\/\/webalkans.eu\/wp-content\/uploads\/2022\/03\/1-1.jpg","datePublished":"2022-03-15T10:39:50+00:00","dateModified":"2022-04-07T07:47:42+00:00","description":"On a visit to North Macedonia, the Vice-President of the European Investment Bank (EIB) reaffirmed the EU bank\u2019s commitment to green transition.","breadcrumb":{"@id":"https:\/\/webalkans.eu\/bs\/news\/eib-reaffirms-commitment-to-green-transition-in-north-macedonia\/#breadcrumb"},"inLanguage":"bs-BA","potentialAction":[{"@type":"ReadAction","target":["https:\/\/webalkans.eu\/bs\/news\/eib-reaffirms-commitment-to-green-transition-in-north-macedonia\/"]}]},{"@type":"ImageObject","inLanguage":"bs-BA","@id":"https:\/\/webalkans.eu\/bs\/news\/eib-reaffirms-commitment-to-green-transition-in-north-macedonia\/#primaryimage","url":"https:\/\/webalkans.eu\/wp-content\/uploads\/2022\/03\/1-1.jpg","contentUrl":"https:\/\/webalkans.eu\/wp-content\/uploads\/2022\/03\/1-1.jpg","width":2400,"height":1600},{"@type":"BreadcrumbList","@id":"https:\/\/webalkans.eu\/bs\/news\/eib-reaffirms-commitment-to-green-transition-in-north-macedonia\/#breadcrumb","itemListElement":[{"@type":"ListItem","position":1,"name":"Home","item":"https:\/\/webalkans.eu\/bs\/homepage\/"},{"@type":"ListItem","position":2,"name":"EIB ponovo potvr\u0111uje opredijeljenost za zelenu tranziciju u Sjevernoj Makedoniji"}]},{"@type":"WebSite","@id":"https:\/\/webalkans.eu\/bs\/#website","url":"https:\/\/webalkans.eu\/bs\/","name":"WeBalkans | EU Projects in the Western Balkans","description":"","publisher":{"@id":"https:\/\/webalkans.eu\/bs\/#organization"},"potentialAction":[{"@type":"SearchAction","target":{"@type":"EntryPoint","urlTemplate":"https:\/\/webalkans.eu\/bs\/?s={search_term_string}"},"query-input":{"@type":"PropertyValueSpecification","valueRequired":true,"valueName":"search_term_string"}}],"inLanguage":"bs-BA"},{"@type":"Organization","@id":"https:\/\/webalkans.eu\/bs\/#organization","name":"European Union","url":"https:\/\/webalkans.eu\/bs\/","logo":{"@type":"ImageObject","inLanguage":"bs-BA","@id":"https:\/\/webalkans.eu\/bs\/#\/schema\/logo\/image\/","url":"https:\/\/webalkans.eu\/wp-content\/uploads\/2020\/11\/eu_flag.jpg","contentUrl":"https:\/\/webalkans.eu\/wp-content\/uploads\/2020\/11\/eu_flag.jpg","width":600,"height":401,"caption":"European Union"},"image":{"@id":"https:\/\/webalkans.eu\/bs\/#\/schema\/logo\/image\/"},"sameAs":["https:\/\/www.facebook.com\/webalkans.eu","https:\/\/x.com\/WeBalkans"]},{"@type":"Person","@id":"https:\/\/webalkans.eu\/bs\/#\/schema\/person\/95a8ea19ef21de3b7766e9b65ffdb4da","name":"007designstudio@gmail.com"}]}},"_links":{"self":[{"href":"https:\/\/webalkans.eu\/bs\/wp-json\/wp\/v2\/posts\/568865"}],"collection":[{"href":"https:\/\/webalkans.eu\/bs\/wp-json\/wp\/v2\/posts"}],"about":[{"href":"https:\/\/webalkans.eu\/bs\/wp-json\/wp\/v2\/types\/post"}],"author":[{"embeddable":true,"href":"https:\/\/webalkans.eu\/bs\/wp-json\/wp\/v2\/users\/152227"}],"replies":[{"embeddable":true,"href":"https:\/\/webalkans.eu\/bs\/wp-json\/wp\/v2\/comments?post=568865"}],"version-history":[{"count":0,"href":"https:\/\/webalkans.eu\/bs\/wp-json\/wp\/v2\/posts\/568865\/revisions"}],"wp:featuredmedia":[{"embeddable":true,"href":"https:\/\/webalkans.eu\/bs\/wp-json\/wp\/v2\/media\/553675"}],"wp:attachment":[{"href":"https:\/\/webalkans.eu\/bs\/wp-json\/wp\/v2\/media?parent=568865"}],"wp:term":[{"taxonomy":"country-for-news","embeddable":true,"href":"https:\/\/webalkans.eu\/bs\/wp-json\/wp\/v2\/country-for-news?post=568865"}],"curies":[{"name":"wp","href":"https:\/\/api.w.org\/{rel}","templated":true}]}}