
{"id":545009,"date":"2022-03-01T11:49:23","date_gmt":"2022-03-01T10:49:23","guid":{"rendered":"https:\/\/webalkans.eu\/news\/commissioner-varhelyi-attends-western-balkans-investment-summit-2022\/"},"modified":"2022-03-07T12:37:12","modified_gmt":"2022-03-07T11:37:12","slug":"commissioner-varhelyi-attends-western-balkans-investment-summit-2022","status":"publish","type":"post","link":"https:\/\/webalkans.eu\/bs\/news\/commissioner-varhelyi-attends-western-balkans-investment-summit-2022\/","title":{"rendered":"Komesar V\u00e1rhelyi prisustvuje Investicionom samitu Zapadnog Balkana 2022"},"content":{"rendered":"<p>Evropska banka za obnovu i razvoj (EBRD) ju\u010de je do\u010dekala evropskog komesara za susjedstvo i pro\u0161irenje Olivera V\u00e1rhelyija i \u0161efove vlada Albanije (<a href=\"https:\/\/www.ebrd.com\/albania.html\">Albania<\/a>), Bosne i Hercegovine (<a href=\"https:\/\/www.ebrd.com\/ebrd-in-bosnia-and-herzegovina.html\">Bosnia and Herzegovina<\/a>), Kosova (<a href=\"https:\/\/www.ebrd.com\/kosovo.html\">Kosovo<\/a>), Crne Gore (<a href=\"https:\/\/www.ebrd.com\/montenegro-country.html\">Montenegro<\/a>), Sjeverne Makedonije (<a href=\"https:\/\/www.ebrd.com\/north-macedonia.html\">North Macedonia<\/a>) \u00a0i Srbije (<a href=\"https:\/\/www.ebrd.com\/serbia.html\">Serbia<\/a>)\u00a0na Investicionom samitu Zapadnog Balkana 2022 (<a href=\"https:\/\/www.ebrd.com\/news\/events\/western-balkans-investment-summit-2022.html\">Western Balkans Investment Summit 2022<\/a>) .<\/p>\n<p>&nbsp;<\/p>\n<p>Doga\u0111aj je otvorila predsjednica EBRD-a Odile Renaud Basso (<a href=\"https:\/\/www.ebrd.com\/who-we-are\/ebrd-president-odile-renaud-basso\">EBRD President Odile Renaud Basso<\/a>), koja je u svom govoru naglasila (<a href=\"https:\/\/www.ebrd.com\/news\/speeches\/the-ebrd-plays-a-key-role-in-the-western-balkans-.html\">stressed in her speech<\/a>) da je regionalna saradnja od vitalnog zna\u010daja za ekonomske izglede i politi\u010dku stabilnost Zapadnog Balkana.<\/p>\n<p>&nbsp;<\/p>\n<p>U svom obra\u0107anju, evropski komesar za susjedstvo i pro\u0161irenje Oliv\u00e9r V\u00e1rhelyi iznio je planove Evropske unije (<a href=\"https:\/\/www.ebrd.com\/who-we-are\/structure-and-management\/shareholders\/european-union.html\">European Union<\/a>\u2019s) da poja\u010da finasijsku podr\u0161ku regionu na 30 milijardi eura u narednim godinama. Sprovedeno u partnerstvu sa institucionalnim i privatnim investitorima, finansiranje ima za cilj da ubrza socijalnu i ekonomsku konvergenciju regiona sa EU i o\u010dekuje se da \u0107e pove\u0107ati bruto doma\u0107i proizvod regiona za 3,6%.<\/p>\n<p>&nbsp;<\/p>\n<p>\u201eEvropa se ne zavr\u0161ava u Zagrebu ili Budimpe\u0161ti\u201c, rekao je V\u00e1rhelyi. \u201cZapadni Balkan tako\u0111e prirodno pripada ovdje .\u201d<\/p>\n<p>&nbsp;<\/p>\n<p>U svojim govorima i odgovorima na pitanja investitora, \u010delnici vlada sumirali su svoje investicione prioritete. Svi lideri su govorili o planovima za razvoj obnovljivih izvora energije, koji zahtijevaju regionalni energetski sistem koji \u0107e izbalansirati priliv obnovljivih izvora energije u nacionalne mre\u017ee, a u nekim zemljama, iziskivati i izmjenu zakonodavstva kako bi se omogu\u0107ila velika privatna ulaganja.<\/p>\n<p>&nbsp;<\/p>\n<p>Dana\u0161nji doga\u0111aj bio je peti samit EBRD-a te vrste. U sjedi\u0161tu EBRD-a u Londonu u februaru 2014. odr\u017ean je inauguracijski samit Zapadnog Balkana (<a href=\"https:\/\/www.ebrd.com\/news\/2014\/western-balkans-investment-forum-at-the-ebrd.html\">Western Balkans Summit<\/a>), koji je po prvi put okupio sve premijere regiona.<\/p>\n","protected":false},"excerpt":{"rendered":"<p>Evropska banka za obnovu i razvoj (EBRD) ju\u010de je do\u010dekala evropskog komesara za susjedstvo i pro\u0161irenje Olivera V\u00e1rhelyija i \u0161efove vlada Albanije (Albania), Bosne i <\/p>\n","protected":false},"author":152227,"featured_media":537855,"comment_status":"closed","ping_status":"closed","sticky":false,"template":"","format":"standard","meta":{"_acf_changed":false,"_monsterinsights_skip_tracking":false,"_monsterinsights_sitenote_active":false,"_monsterinsights_sitenote_note":"","_monsterinsights_sitenote_category":0,"footnotes":""},"country-for-news":[416,420,425,432,438,442],"class_list":["post-545009","post","type-post","status-publish","format-standard","has-post-thumbnail","hentry","wb_theme-environment","wb_theme-environmental-protection","wb_theme-connectivity","wb_theme-digitalisation","wb_theme-energy","wb_theme-transport","country-for-news-albania","country-for-news-bosnia-and-herzegovina","country-for-news-kosovo","country-for-news-montenegro","country-for-news-north-macedonia","country-for-news-serbia"],"acf":[],"yoast_head":"<!-- This site is optimized with the Yoast SEO plugin v25.3.1 - https:\/\/yoast.com\/wordpress\/plugins\/seo\/ -->\n<title>Komesar V\u00e1rhelyi prisustvuje Investicionom samitu Zapadnog Balkana 2022 News | WeBalkans<\/title>\n<meta name=\"description\" content=\"Komesar V\u00e1rhelyi prisustvuje Investicionom samitu Zapadnog Balkana 2022\" \/>\n<meta name=\"robots\" content=\"index, follow, max-snippet:-1, max-image-preview:large, max-video-preview:-1\" \/>\n<link rel=\"canonical\" href=\"https:\/\/webalkans.eu\/bs\/news\/commissioner-varhelyi-attends-western-balkans-investment-summit-2022\/\" \/>\n<meta property=\"og:locale\" content=\"bs_BA\" \/>\n<meta property=\"og:type\" content=\"article\" \/>\n<meta property=\"og:title\" content=\"Komesar V\u00e1rhelyi prisustvuje Investicionom samitu Zapadnog Balkana 2022 News | WeBalkans\" \/>\n<meta property=\"og:description\" content=\"Komesar V\u00e1rhelyi prisustvuje Investicionom samitu Zapadnog Balkana 2022\" \/>\n<meta property=\"og:url\" content=\"https:\/\/webalkans.eu\/bs\/news\/commissioner-varhelyi-attends-western-balkans-investment-summit-2022\/\" \/>\n<meta property=\"og:site_name\" content=\"WeBalkans | EU Projects in the Western Balkans\" \/>\n<meta property=\"article:publisher\" content=\"https:\/\/www.facebook.com\/webalkans.eu\" \/>\n<meta property=\"article:published_time\" content=\"2022-03-01T10:49:23+00:00\" \/>\n<meta property=\"article:modified_time\" content=\"2022-03-07T11:37:12+00:00\" \/>\n<meta property=\"og:image\" content=\"https:\/\/webalkans.eu\/wp-content\/uploads\/2022\/03\/Varhely.jpg\" \/>\n\t<meta property=\"og:image:width\" content=\"799\" \/>\n\t<meta property=\"og:image:height\" content=\"776\" \/>\n\t<meta property=\"og:image:type\" content=\"image\/jpeg\" \/>\n<meta name=\"author\" content=\"007designstudio@gmail.com\" \/>\n<meta name=\"twitter:card\" content=\"summary_large_image\" \/>\n<meta name=\"twitter:creator\" content=\"@WeBalkans\" \/>\n<meta name=\"twitter:site\" content=\"@WeBalkans\" \/>\n<meta name=\"twitter:label1\" content=\"Written by\" \/>\n\t<meta name=\"twitter:data1\" content=\"007designstudio@gmail.com\" \/>\n\t<meta name=\"twitter:label2\" content=\"Est. reading time\" \/>\n\t<meta name=\"twitter:data2\" content=\"2 minute\" \/>\n<script type=\"application\/ld+json\" class=\"yoast-schema-graph\">{\"@context\":\"https:\/\/schema.org\",\"@graph\":[{\"@type\":\"Article\",\"@id\":\"https:\/\/webalkans.eu\/bs\/news\/commissioner-varhelyi-attends-western-balkans-investment-summit-2022\/#article\",\"isPartOf\":{\"@id\":\"https:\/\/webalkans.eu\/bs\/news\/commissioner-varhelyi-attends-western-balkans-investment-summit-2022\/\"},\"author\":{\"name\":\"007designstudio@gmail.com\",\"@id\":\"https:\/\/webalkans.eu\/bs\/#\/schema\/person\/95a8ea19ef21de3b7766e9b65ffdb4da\"},\"headline\":\"Komesar V\u00e1rhelyi prisustvuje Investicionom samitu Zapadnog Balkana 2022\",\"datePublished\":\"2022-03-01T10:49:23+00:00\",\"dateModified\":\"2022-03-07T11:37:12+00:00\",\"mainEntityOfPage\":{\"@id\":\"https:\/\/webalkans.eu\/bs\/news\/commissioner-varhelyi-attends-western-balkans-investment-summit-2022\/\"},\"wordCount\":296,\"publisher\":{\"@id\":\"https:\/\/webalkans.eu\/bs\/#organization\"},\"image\":{\"@id\":\"https:\/\/webalkans.eu\/bs\/news\/commissioner-varhelyi-attends-western-balkans-investment-summit-2022\/#primaryimage\"},\"thumbnailUrl\":\"https:\/\/webalkans.eu\/wp-content\/uploads\/2022\/03\/Varhely.jpg\",\"inLanguage\":\"bs-BA\"},{\"@type\":\"WebPage\",\"@id\":\"https:\/\/webalkans.eu\/bs\/news\/commissioner-varhelyi-attends-western-balkans-investment-summit-2022\/\",\"url\":\"https:\/\/webalkans.eu\/bs\/news\/commissioner-varhelyi-attends-western-balkans-investment-summit-2022\/\",\"name\":\"Komesar V\u00e1rhelyi prisustvuje Investicionom samitu Zapadnog Balkana 2022 News | WeBalkans\",\"isPartOf\":{\"@id\":\"https:\/\/webalkans.eu\/bs\/#website\"},\"primaryImageOfPage\":{\"@id\":\"https:\/\/webalkans.eu\/bs\/news\/commissioner-varhelyi-attends-western-balkans-investment-summit-2022\/#primaryimage\"},\"image\":{\"@id\":\"https:\/\/webalkans.eu\/bs\/news\/commissioner-varhelyi-attends-western-balkans-investment-summit-2022\/#primaryimage\"},\"thumbnailUrl\":\"https:\/\/webalkans.eu\/wp-content\/uploads\/2022\/03\/Varhely.jpg\",\"datePublished\":\"2022-03-01T10:49:23+00:00\",\"dateModified\":\"2022-03-07T11:37:12+00:00\",\"description\":\"Komesar V\u00e1rhelyi prisustvuje Investicionom samitu Zapadnog Balkana 2022\",\"breadcrumb\":{\"@id\":\"https:\/\/webalkans.eu\/bs\/news\/commissioner-varhelyi-attends-western-balkans-investment-summit-2022\/#breadcrumb\"},\"inLanguage\":\"bs-BA\",\"potentialAction\":[{\"@type\":\"ReadAction\",\"target\":[\"https:\/\/webalkans.eu\/bs\/news\/commissioner-varhelyi-attends-western-balkans-investment-summit-2022\/\"]}]},{\"@type\":\"ImageObject\",\"inLanguage\":\"bs-BA\",\"@id\":\"https:\/\/webalkans.eu\/bs\/news\/commissioner-varhelyi-attends-western-balkans-investment-summit-2022\/#primaryimage\",\"url\":\"https:\/\/webalkans.eu\/wp-content\/uploads\/2022\/03\/Varhely.jpg\",\"contentUrl\":\"https:\/\/webalkans.eu\/wp-content\/uploads\/2022\/03\/Varhely.jpg\",\"width\":799,\"height\":776},{\"@type\":\"BreadcrumbList\",\"@id\":\"https:\/\/webalkans.eu\/bs\/news\/commissioner-varhelyi-attends-western-balkans-investment-summit-2022\/#breadcrumb\",\"itemListElement\":[{\"@type\":\"ListItem\",\"position\":1,\"name\":\"Home\",\"item\":\"https:\/\/webalkans.eu\/bs\/homepage\/\"},{\"@type\":\"ListItem\",\"position\":2,\"name\":\"Komesar V\u00e1rhelyi prisustvuje Investicionom samitu Zapadnog Balkana 2022\"}]},{\"@type\":\"WebSite\",\"@id\":\"https:\/\/webalkans.eu\/bs\/#website\",\"url\":\"https:\/\/webalkans.eu\/bs\/\",\"name\":\"WeBalkans | EU Projects in the Western Balkans\",\"description\":\"\",\"publisher\":{\"@id\":\"https:\/\/webalkans.eu\/bs\/#organization\"},\"potentialAction\":[{\"@type\":\"SearchAction\",\"target\":{\"@type\":\"EntryPoint\",\"urlTemplate\":\"https:\/\/webalkans.eu\/bs\/?s={search_term_string}\"},\"query-input\":{\"@type\":\"PropertyValueSpecification\",\"valueRequired\":true,\"valueName\":\"search_term_string\"}}],\"inLanguage\":\"bs-BA\"},{\"@type\":\"Organization\",\"@id\":\"https:\/\/webalkans.eu\/bs\/#organization\",\"name\":\"European Union\",\"url\":\"https:\/\/webalkans.eu\/bs\/\",\"logo\":{\"@type\":\"ImageObject\",\"inLanguage\":\"bs-BA\",\"@id\":\"https:\/\/webalkans.eu\/bs\/#\/schema\/logo\/image\/\",\"url\":\"https:\/\/webalkans.eu\/wp-content\/uploads\/2020\/11\/eu_flag.jpg\",\"contentUrl\":\"https:\/\/webalkans.eu\/wp-content\/uploads\/2020\/11\/eu_flag.jpg\",\"width\":600,\"height\":401,\"caption\":\"European Union\"},\"image\":{\"@id\":\"https:\/\/webalkans.eu\/bs\/#\/schema\/logo\/image\/\"},\"sameAs\":[\"https:\/\/www.facebook.com\/webalkans.eu\",\"https:\/\/x.com\/WeBalkans\"]},{\"@type\":\"Person\",\"@id\":\"https:\/\/webalkans.eu\/bs\/#\/schema\/person\/95a8ea19ef21de3b7766e9b65ffdb4da\",\"name\":\"007designstudio@gmail.com\"}]}<\/script>\n<!-- \/ Yoast SEO plugin. -->","yoast_head_json":{"title":"Komesar V\u00e1rhelyi prisustvuje Investicionom samitu Zapadnog Balkana 2022 News | WeBalkans","description":"Komesar V\u00e1rhelyi prisustvuje Investicionom samitu Zapadnog Balkana 2022","robots":{"index":"index","follow":"follow","max-snippet":"max-snippet:-1","max-image-preview":"max-image-preview:large","max-video-preview":"max-video-preview:-1"},"canonical":"https:\/\/webalkans.eu\/bs\/news\/commissioner-varhelyi-attends-western-balkans-investment-summit-2022\/","og_locale":"bs_BA","og_type":"article","og_title":"Komesar V\u00e1rhelyi prisustvuje Investicionom samitu Zapadnog Balkana 2022 News | WeBalkans","og_description":"Komesar V\u00e1rhelyi prisustvuje Investicionom samitu Zapadnog Balkana 2022","og_url":"https:\/\/webalkans.eu\/bs\/news\/commissioner-varhelyi-attends-western-balkans-investment-summit-2022\/","og_site_name":"WeBalkans | EU Projects in the Western Balkans","article_publisher":"https:\/\/www.facebook.com\/webalkans.eu","article_published_time":"2022-03-01T10:49:23+00:00","article_modified_time":"2022-03-07T11:37:12+00:00","og_image":[{"width":799,"height":776,"url":"https:\/\/webalkans.eu\/wp-content\/uploads\/2022\/03\/Varhely.jpg","type":"image\/jpeg"}],"author":"007designstudio@gmail.com","twitter_card":"summary_large_image","twitter_creator":"@WeBalkans","twitter_site":"@WeBalkans","twitter_misc":{"Written by":"007designstudio@gmail.com","Est. reading time":"2 minute"},"schema":{"@context":"https:\/\/schema.org","@graph":[{"@type":"Article","@id":"https:\/\/webalkans.eu\/bs\/news\/commissioner-varhelyi-attends-western-balkans-investment-summit-2022\/#article","isPartOf":{"@id":"https:\/\/webalkans.eu\/bs\/news\/commissioner-varhelyi-attends-western-balkans-investment-summit-2022\/"},"author":{"name":"007designstudio@gmail.com","@id":"https:\/\/webalkans.eu\/bs\/#\/schema\/person\/95a8ea19ef21de3b7766e9b65ffdb4da"},"headline":"Komesar V\u00e1rhelyi prisustvuje Investicionom samitu Zapadnog Balkana 2022","datePublished":"2022-03-01T10:49:23+00:00","dateModified":"2022-03-07T11:37:12+00:00","mainEntityOfPage":{"@id":"https:\/\/webalkans.eu\/bs\/news\/commissioner-varhelyi-attends-western-balkans-investment-summit-2022\/"},"wordCount":296,"publisher":{"@id":"https:\/\/webalkans.eu\/bs\/#organization"},"image":{"@id":"https:\/\/webalkans.eu\/bs\/news\/commissioner-varhelyi-attends-western-balkans-investment-summit-2022\/#primaryimage"},"thumbnailUrl":"https:\/\/webalkans.eu\/wp-content\/uploads\/2022\/03\/Varhely.jpg","inLanguage":"bs-BA"},{"@type":"WebPage","@id":"https:\/\/webalkans.eu\/bs\/news\/commissioner-varhelyi-attends-western-balkans-investment-summit-2022\/","url":"https:\/\/webalkans.eu\/bs\/news\/commissioner-varhelyi-attends-western-balkans-investment-summit-2022\/","name":"Komesar V\u00e1rhelyi prisustvuje Investicionom samitu Zapadnog Balkana 2022 News | WeBalkans","isPartOf":{"@id":"https:\/\/webalkans.eu\/bs\/#website"},"primaryImageOfPage":{"@id":"https:\/\/webalkans.eu\/bs\/news\/commissioner-varhelyi-attends-western-balkans-investment-summit-2022\/#primaryimage"},"image":{"@id":"https:\/\/webalkans.eu\/bs\/news\/commissioner-varhelyi-attends-western-balkans-investment-summit-2022\/#primaryimage"},"thumbnailUrl":"https:\/\/webalkans.eu\/wp-content\/uploads\/2022\/03\/Varhely.jpg","datePublished":"2022-03-01T10:49:23+00:00","dateModified":"2022-03-07T11:37:12+00:00","description":"Komesar V\u00e1rhelyi prisustvuje Investicionom samitu Zapadnog Balkana 2022","breadcrumb":{"@id":"https:\/\/webalkans.eu\/bs\/news\/commissioner-varhelyi-attends-western-balkans-investment-summit-2022\/#breadcrumb"},"inLanguage":"bs-BA","potentialAction":[{"@type":"ReadAction","target":["https:\/\/webalkans.eu\/bs\/news\/commissioner-varhelyi-attends-western-balkans-investment-summit-2022\/"]}]},{"@type":"ImageObject","inLanguage":"bs-BA","@id":"https:\/\/webalkans.eu\/bs\/news\/commissioner-varhelyi-attends-western-balkans-investment-summit-2022\/#primaryimage","url":"https:\/\/webalkans.eu\/wp-content\/uploads\/2022\/03\/Varhely.jpg","contentUrl":"https:\/\/webalkans.eu\/wp-content\/uploads\/2022\/03\/Varhely.jpg","width":799,"height":776},{"@type":"BreadcrumbList","@id":"https:\/\/webalkans.eu\/bs\/news\/commissioner-varhelyi-attends-western-balkans-investment-summit-2022\/#breadcrumb","itemListElement":[{"@type":"ListItem","position":1,"name":"Home","item":"https:\/\/webalkans.eu\/bs\/homepage\/"},{"@type":"ListItem","position":2,"name":"Komesar V\u00e1rhelyi prisustvuje Investicionom samitu Zapadnog Balkana 2022"}]},{"@type":"WebSite","@id":"https:\/\/webalkans.eu\/bs\/#website","url":"https:\/\/webalkans.eu\/bs\/","name":"WeBalkans | EU Projects in the Western Balkans","description":"","publisher":{"@id":"https:\/\/webalkans.eu\/bs\/#organization"},"potentialAction":[{"@type":"SearchAction","target":{"@type":"EntryPoint","urlTemplate":"https:\/\/webalkans.eu\/bs\/?s={search_term_string}"},"query-input":{"@type":"PropertyValueSpecification","valueRequired":true,"valueName":"search_term_string"}}],"inLanguage":"bs-BA"},{"@type":"Organization","@id":"https:\/\/webalkans.eu\/bs\/#organization","name":"European Union","url":"https:\/\/webalkans.eu\/bs\/","logo":{"@type":"ImageObject","inLanguage":"bs-BA","@id":"https:\/\/webalkans.eu\/bs\/#\/schema\/logo\/image\/","url":"https:\/\/webalkans.eu\/wp-content\/uploads\/2020\/11\/eu_flag.jpg","contentUrl":"https:\/\/webalkans.eu\/wp-content\/uploads\/2020\/11\/eu_flag.jpg","width":600,"height":401,"caption":"European Union"},"image":{"@id":"https:\/\/webalkans.eu\/bs\/#\/schema\/logo\/image\/"},"sameAs":["https:\/\/www.facebook.com\/webalkans.eu","https:\/\/x.com\/WeBalkans"]},{"@type":"Person","@id":"https:\/\/webalkans.eu\/bs\/#\/schema\/person\/95a8ea19ef21de3b7766e9b65ffdb4da","name":"007designstudio@gmail.com"}]}},"_links":{"self":[{"href":"https:\/\/webalkans.eu\/bs\/wp-json\/wp\/v2\/posts\/545009"}],"collection":[{"href":"https:\/\/webalkans.eu\/bs\/wp-json\/wp\/v2\/posts"}],"about":[{"href":"https:\/\/webalkans.eu\/bs\/wp-json\/wp\/v2\/types\/post"}],"author":[{"embeddable":true,"href":"https:\/\/webalkans.eu\/bs\/wp-json\/wp\/v2\/users\/152227"}],"replies":[{"embeddable":true,"href":"https:\/\/webalkans.eu\/bs\/wp-json\/wp\/v2\/comments?post=545009"}],"version-history":[{"count":0,"href":"https:\/\/webalkans.eu\/bs\/wp-json\/wp\/v2\/posts\/545009\/revisions"}],"wp:featuredmedia":[{"embeddable":true,"href":"https:\/\/webalkans.eu\/bs\/wp-json\/wp\/v2\/media\/537855"}],"wp:attachment":[{"href":"https:\/\/webalkans.eu\/bs\/wp-json\/wp\/v2\/media?parent=545009"}],"wp:term":[{"taxonomy":"country-for-news","embeddable":true,"href":"https:\/\/webalkans.eu\/bs\/wp-json\/wp\/v2\/country-for-news?post=545009"}],"curies":[{"name":"wp","href":"https:\/\/api.w.org\/{rel}","templated":true}]}}