
{"id":544970,"date":"2022-02-28T18:34:00","date_gmt":"2022-02-28T17:34:00","guid":{"rendered":"https:\/\/webalkans.eu\/news\/the-future-of-europe-in-a-mural\/"},"modified":"2022-03-07T12:23:20","modified_gmt":"2022-03-07T11:23:20","slug":"the-future-of-europe-in-a-mural","status":"publish","type":"post","link":"https:\/\/webalkans.eu\/bs\/news\/the-future-of-europe-in-a-mural\/","title":{"rendered":"Budu\u0107nost Evrope u muralu"},"content":{"rendered":"<p>Delegacija Evropske unije u Srbiji, u saradnji sa kompanijom New Moment New Ideas i u partnerstvu sa Gradskim vije\u0107em za kulturu Novog Sada i Fondacijom Novi Sad 2022, poziva umjetnike da se prijave za u\u010de\u0161\u0107e na inicijativi Naslikaj mi budu\u0107nost Evrope. Za u\u010de\u0161\u0107e u ovoj inicijativi u Novom Sadu, ovogodi\u0161njoj Evropskoj prestolnici kulture, umjetnici moraju biti starosti od 18 do 35 godina i moraju biti iz Srbije, iz drugih krajeva zapadnog Balkana ili Evrope.<\/p>\n<p>&nbsp;<\/p>\n<p>Kroz mural i aktivno anga\u017eovanje u drugim kulturnim aktivnostima u Novom Sadu, odabrani umjetnici \u0107e pokazati svoju umjetni\u010dku izvrsnost, sposobnost da promi\u0161ljaju o dru\u0161tveno anga\u017eovanim temama i daju svoju viziju budu\u0107nosti evropskog kontinenta. Umjetnici koji \u017eele da u\u010destvuju u Nacrtaj mi budu\u0107nost Evrope trebaju se prijaviti sa kratkom biografijom, portfoliom i skicom svoje vizije na datu temu, koriste\u0107i formular sa <a href=\"https:\/\/futureofeurope.newmoment.com\/\">futureofeurope.newmoment.com<\/a>. Web stranica nudi i druge detalje o prijavi za ovu inicijativu i doga\u0111ajima oko pripreme i izrade murala.<\/p>\n<p>&nbsp;<\/p>\n<p>Prijave se primaju do 18. marta. Osam odabranih umjetnika \u0107e zajedno oslikavati zid preko Petrovaradinske tvr\u0111ave tokom boravka u Novom Sadu od 18. aprila do 9. maja. Mural \u0107e biti zvani\u010dno otkriven u sklopu proslave Dana Evrope 9. maja.<\/p>\n","protected":false},"excerpt":{"rendered":"<p>Delegacija Evropske unije u Srbiji, u saradnji sa kompanijom New Moment New Ideas i u partnerstvu sa Gradskim vije\u0107em za kulturu Novog Sada i Fondacijom <\/p>\n","protected":false},"author":152227,"featured_media":537372,"comment_status":"closed","ping_status":"closed","sticky":false,"template":"","format":"standard","meta":{"_acf_changed":false,"_monsterinsights_skip_tracking":false,"_monsterinsights_sitenote_active":false,"_monsterinsights_sitenote_note":"","_monsterinsights_sitenote_category":0,"footnotes":""},"country-for-news":[442],"class_list":["post-544970","post","type-post","status-publish","format-standard","has-post-thumbnail","hentry","wb_theme-culture-and-youth","country-for-news-serbia"],"acf":[],"yoast_head":"<!-- This site is optimized with the Yoast SEO plugin v25.3.1 - https:\/\/yoast.com\/wordpress\/plugins\/seo\/ -->\n<title>Budu\u0107nost Evrope u muralu News | WeBalkans<\/title>\n<meta name=\"description\" content=\"The Delegation of the European Union to Serbia, in cooperation with the New Moment New Ideas company and in partnership with the Novi Sad city council for culture and the Novi Sad 2022 Foundation, is inviting artists to apply to Paint Me the Future of Europe.\" \/>\n<meta name=\"robots\" content=\"index, follow, max-snippet:-1, max-image-preview:large, max-video-preview:-1\" \/>\n<link rel=\"canonical\" href=\"https:\/\/webalkans.eu\/bs\/news\/the-future-of-europe-in-a-mural\/\" \/>\n<meta property=\"og:locale\" content=\"bs_BA\" \/>\n<meta property=\"og:type\" content=\"article\" \/>\n<meta property=\"og:title\" content=\"Budu\u0107nost Evrope u muralu News | WeBalkans\" \/>\n<meta property=\"og:description\" content=\"The Delegation of the European Union to Serbia, in cooperation with the New Moment New Ideas company and in partnership with the Novi Sad city council for culture and the Novi Sad 2022 Foundation, is inviting artists to apply to Paint Me the Future of Europe.\" \/>\n<meta property=\"og:url\" content=\"https:\/\/webalkans.eu\/bs\/news\/the-future-of-europe-in-a-mural\/\" \/>\n<meta property=\"og:site_name\" content=\"WeBalkans | EU Projects in the Western Balkans\" \/>\n<meta property=\"article:publisher\" content=\"https:\/\/www.facebook.com\/webalkans.eu\" \/>\n<meta property=\"article:published_time\" content=\"2022-02-28T17:34:00+00:00\" \/>\n<meta property=\"article:modified_time\" content=\"2022-03-07T11:23:20+00:00\" \/>\n<meta property=\"og:image\" content=\"https:\/\/webalkans.eu\/wp-content\/uploads\/2022\/02\/5-.png\" \/>\n\t<meta property=\"og:image:width\" content=\"1450\" \/>\n\t<meta property=\"og:image:height\" content=\"858\" \/>\n\t<meta property=\"og:image:type\" content=\"image\/png\" \/>\n<meta name=\"author\" content=\"007designstudio@gmail.com\" \/>\n<meta name=\"twitter:card\" content=\"summary_large_image\" \/>\n<meta name=\"twitter:creator\" content=\"@WeBalkans\" \/>\n<meta name=\"twitter:site\" content=\"@WeBalkans\" \/>\n<meta name=\"twitter:label1\" content=\"Written by\" \/>\n\t<meta name=\"twitter:data1\" content=\"007designstudio@gmail.com\" \/>\n\t<meta name=\"twitter:label2\" content=\"Est. reading time\" \/>\n\t<meta name=\"twitter:data2\" content=\"1 minuta\" \/>\n<script type=\"application\/ld+json\" class=\"yoast-schema-graph\">{\"@context\":\"https:\/\/schema.org\",\"@graph\":[{\"@type\":\"Article\",\"@id\":\"https:\/\/webalkans.eu\/bs\/news\/the-future-of-europe-in-a-mural\/#article\",\"isPartOf\":{\"@id\":\"https:\/\/webalkans.eu\/bs\/news\/the-future-of-europe-in-a-mural\/\"},\"author\":{\"name\":\"007designstudio@gmail.com\",\"@id\":\"https:\/\/webalkans.eu\/bs\/#\/schema\/person\/95a8ea19ef21de3b7766e9b65ffdb4da\"},\"headline\":\"Budu\u0107nost Evrope u muralu\",\"datePublished\":\"2022-02-28T17:34:00+00:00\",\"dateModified\":\"2022-03-07T11:23:20+00:00\",\"mainEntityOfPage\":{\"@id\":\"https:\/\/webalkans.eu\/bs\/news\/the-future-of-europe-in-a-mural\/\"},\"wordCount\":213,\"publisher\":{\"@id\":\"https:\/\/webalkans.eu\/bs\/#organization\"},\"image\":{\"@id\":\"https:\/\/webalkans.eu\/bs\/news\/the-future-of-europe-in-a-mural\/#primaryimage\"},\"thumbnailUrl\":\"https:\/\/webalkans.eu\/wp-content\/uploads\/2022\/02\/5-.png\",\"inLanguage\":\"bs-BA\"},{\"@type\":\"WebPage\",\"@id\":\"https:\/\/webalkans.eu\/bs\/news\/the-future-of-europe-in-a-mural\/\",\"url\":\"https:\/\/webalkans.eu\/bs\/news\/the-future-of-europe-in-a-mural\/\",\"name\":\"Budu\u0107nost Evrope u muralu News | WeBalkans\",\"isPartOf\":{\"@id\":\"https:\/\/webalkans.eu\/bs\/#website\"},\"primaryImageOfPage\":{\"@id\":\"https:\/\/webalkans.eu\/bs\/news\/the-future-of-europe-in-a-mural\/#primaryimage\"},\"image\":{\"@id\":\"https:\/\/webalkans.eu\/bs\/news\/the-future-of-europe-in-a-mural\/#primaryimage\"},\"thumbnailUrl\":\"https:\/\/webalkans.eu\/wp-content\/uploads\/2022\/02\/5-.png\",\"datePublished\":\"2022-02-28T17:34:00+00:00\",\"dateModified\":\"2022-03-07T11:23:20+00:00\",\"description\":\"The Delegation of the European Union to Serbia, in cooperation with the New Moment New Ideas company and in partnership with the Novi Sad city council for culture and the Novi Sad 2022 Foundation, is inviting artists to apply to Paint Me the Future of Europe.\",\"breadcrumb\":{\"@id\":\"https:\/\/webalkans.eu\/bs\/news\/the-future-of-europe-in-a-mural\/#breadcrumb\"},\"inLanguage\":\"bs-BA\",\"potentialAction\":[{\"@type\":\"ReadAction\",\"target\":[\"https:\/\/webalkans.eu\/bs\/news\/the-future-of-europe-in-a-mural\/\"]}]},{\"@type\":\"ImageObject\",\"inLanguage\":\"bs-BA\",\"@id\":\"https:\/\/webalkans.eu\/bs\/news\/the-future-of-europe-in-a-mural\/#primaryimage\",\"url\":\"https:\/\/webalkans.eu\/wp-content\/uploads\/2022\/02\/5-.png\",\"contentUrl\":\"https:\/\/webalkans.eu\/wp-content\/uploads\/2022\/02\/5-.png\",\"width\":1450,\"height\":858},{\"@type\":\"BreadcrumbList\",\"@id\":\"https:\/\/webalkans.eu\/bs\/news\/the-future-of-europe-in-a-mural\/#breadcrumb\",\"itemListElement\":[{\"@type\":\"ListItem\",\"position\":1,\"name\":\"Home\",\"item\":\"https:\/\/webalkans.eu\/bs\/homepage\/\"},{\"@type\":\"ListItem\",\"position\":2,\"name\":\"Budu\u0107nost Evrope u muralu\"}]},{\"@type\":\"WebSite\",\"@id\":\"https:\/\/webalkans.eu\/bs\/#website\",\"url\":\"https:\/\/webalkans.eu\/bs\/\",\"name\":\"WeBalkans | EU Projects in the Western Balkans\",\"description\":\"\",\"publisher\":{\"@id\":\"https:\/\/webalkans.eu\/bs\/#organization\"},\"potentialAction\":[{\"@type\":\"SearchAction\",\"target\":{\"@type\":\"EntryPoint\",\"urlTemplate\":\"https:\/\/webalkans.eu\/bs\/?s={search_term_string}\"},\"query-input\":{\"@type\":\"PropertyValueSpecification\",\"valueRequired\":true,\"valueName\":\"search_term_string\"}}],\"inLanguage\":\"bs-BA\"},{\"@type\":\"Organization\",\"@id\":\"https:\/\/webalkans.eu\/bs\/#organization\",\"name\":\"European Union\",\"url\":\"https:\/\/webalkans.eu\/bs\/\",\"logo\":{\"@type\":\"ImageObject\",\"inLanguage\":\"bs-BA\",\"@id\":\"https:\/\/webalkans.eu\/bs\/#\/schema\/logo\/image\/\",\"url\":\"https:\/\/webalkans.eu\/wp-content\/uploads\/2020\/11\/eu_flag.jpg\",\"contentUrl\":\"https:\/\/webalkans.eu\/wp-content\/uploads\/2020\/11\/eu_flag.jpg\",\"width\":600,\"height\":401,\"caption\":\"European Union\"},\"image\":{\"@id\":\"https:\/\/webalkans.eu\/bs\/#\/schema\/logo\/image\/\"},\"sameAs\":[\"https:\/\/www.facebook.com\/webalkans.eu\",\"https:\/\/x.com\/WeBalkans\"]},{\"@type\":\"Person\",\"@id\":\"https:\/\/webalkans.eu\/bs\/#\/schema\/person\/95a8ea19ef21de3b7766e9b65ffdb4da\",\"name\":\"007designstudio@gmail.com\"}]}<\/script>\n<!-- \/ Yoast SEO plugin. -->","yoast_head_json":{"title":"Budu\u0107nost Evrope u muralu News | WeBalkans","description":"The Delegation of the European Union to Serbia, in cooperation with the New Moment New Ideas company and in partnership with the Novi Sad city council for culture and the Novi Sad 2022 Foundation, is inviting artists to apply to Paint Me the Future of Europe.","robots":{"index":"index","follow":"follow","max-snippet":"max-snippet:-1","max-image-preview":"max-image-preview:large","max-video-preview":"max-video-preview:-1"},"canonical":"https:\/\/webalkans.eu\/bs\/news\/the-future-of-europe-in-a-mural\/","og_locale":"bs_BA","og_type":"article","og_title":"Budu\u0107nost Evrope u muralu News | WeBalkans","og_description":"The Delegation of the European Union to Serbia, in cooperation with the New Moment New Ideas company and in partnership with the Novi Sad city council for culture and the Novi Sad 2022 Foundation, is inviting artists to apply to Paint Me the Future of Europe.","og_url":"https:\/\/webalkans.eu\/bs\/news\/the-future-of-europe-in-a-mural\/","og_site_name":"WeBalkans | EU Projects in the Western Balkans","article_publisher":"https:\/\/www.facebook.com\/webalkans.eu","article_published_time":"2022-02-28T17:34:00+00:00","article_modified_time":"2022-03-07T11:23:20+00:00","og_image":[{"width":1450,"height":858,"url":"https:\/\/webalkans.eu\/wp-content\/uploads\/2022\/02\/5-.png","type":"image\/png"}],"author":"007designstudio@gmail.com","twitter_card":"summary_large_image","twitter_creator":"@WeBalkans","twitter_site":"@WeBalkans","twitter_misc":{"Written by":"007designstudio@gmail.com","Est. reading time":"1 minuta"},"schema":{"@context":"https:\/\/schema.org","@graph":[{"@type":"Article","@id":"https:\/\/webalkans.eu\/bs\/news\/the-future-of-europe-in-a-mural\/#article","isPartOf":{"@id":"https:\/\/webalkans.eu\/bs\/news\/the-future-of-europe-in-a-mural\/"},"author":{"name":"007designstudio@gmail.com","@id":"https:\/\/webalkans.eu\/bs\/#\/schema\/person\/95a8ea19ef21de3b7766e9b65ffdb4da"},"headline":"Budu\u0107nost Evrope u muralu","datePublished":"2022-02-28T17:34:00+00:00","dateModified":"2022-03-07T11:23:20+00:00","mainEntityOfPage":{"@id":"https:\/\/webalkans.eu\/bs\/news\/the-future-of-europe-in-a-mural\/"},"wordCount":213,"publisher":{"@id":"https:\/\/webalkans.eu\/bs\/#organization"},"image":{"@id":"https:\/\/webalkans.eu\/bs\/news\/the-future-of-europe-in-a-mural\/#primaryimage"},"thumbnailUrl":"https:\/\/webalkans.eu\/wp-content\/uploads\/2022\/02\/5-.png","inLanguage":"bs-BA"},{"@type":"WebPage","@id":"https:\/\/webalkans.eu\/bs\/news\/the-future-of-europe-in-a-mural\/","url":"https:\/\/webalkans.eu\/bs\/news\/the-future-of-europe-in-a-mural\/","name":"Budu\u0107nost Evrope u muralu News | WeBalkans","isPartOf":{"@id":"https:\/\/webalkans.eu\/bs\/#website"},"primaryImageOfPage":{"@id":"https:\/\/webalkans.eu\/bs\/news\/the-future-of-europe-in-a-mural\/#primaryimage"},"image":{"@id":"https:\/\/webalkans.eu\/bs\/news\/the-future-of-europe-in-a-mural\/#primaryimage"},"thumbnailUrl":"https:\/\/webalkans.eu\/wp-content\/uploads\/2022\/02\/5-.png","datePublished":"2022-02-28T17:34:00+00:00","dateModified":"2022-03-07T11:23:20+00:00","description":"The Delegation of the European Union to Serbia, in cooperation with the New Moment New Ideas company and in partnership with the Novi Sad city council for culture and the Novi Sad 2022 Foundation, is inviting artists to apply to Paint Me the Future of Europe.","breadcrumb":{"@id":"https:\/\/webalkans.eu\/bs\/news\/the-future-of-europe-in-a-mural\/#breadcrumb"},"inLanguage":"bs-BA","potentialAction":[{"@type":"ReadAction","target":["https:\/\/webalkans.eu\/bs\/news\/the-future-of-europe-in-a-mural\/"]}]},{"@type":"ImageObject","inLanguage":"bs-BA","@id":"https:\/\/webalkans.eu\/bs\/news\/the-future-of-europe-in-a-mural\/#primaryimage","url":"https:\/\/webalkans.eu\/wp-content\/uploads\/2022\/02\/5-.png","contentUrl":"https:\/\/webalkans.eu\/wp-content\/uploads\/2022\/02\/5-.png","width":1450,"height":858},{"@type":"BreadcrumbList","@id":"https:\/\/webalkans.eu\/bs\/news\/the-future-of-europe-in-a-mural\/#breadcrumb","itemListElement":[{"@type":"ListItem","position":1,"name":"Home","item":"https:\/\/webalkans.eu\/bs\/homepage\/"},{"@type":"ListItem","position":2,"name":"Budu\u0107nost Evrope u muralu"}]},{"@type":"WebSite","@id":"https:\/\/webalkans.eu\/bs\/#website","url":"https:\/\/webalkans.eu\/bs\/","name":"WeBalkans | EU Projects in the Western Balkans","description":"","publisher":{"@id":"https:\/\/webalkans.eu\/bs\/#organization"},"potentialAction":[{"@type":"SearchAction","target":{"@type":"EntryPoint","urlTemplate":"https:\/\/webalkans.eu\/bs\/?s={search_term_string}"},"query-input":{"@type":"PropertyValueSpecification","valueRequired":true,"valueName":"search_term_string"}}],"inLanguage":"bs-BA"},{"@type":"Organization","@id":"https:\/\/webalkans.eu\/bs\/#organization","name":"European Union","url":"https:\/\/webalkans.eu\/bs\/","logo":{"@type":"ImageObject","inLanguage":"bs-BA","@id":"https:\/\/webalkans.eu\/bs\/#\/schema\/logo\/image\/","url":"https:\/\/webalkans.eu\/wp-content\/uploads\/2020\/11\/eu_flag.jpg","contentUrl":"https:\/\/webalkans.eu\/wp-content\/uploads\/2020\/11\/eu_flag.jpg","width":600,"height":401,"caption":"European Union"},"image":{"@id":"https:\/\/webalkans.eu\/bs\/#\/schema\/logo\/image\/"},"sameAs":["https:\/\/www.facebook.com\/webalkans.eu","https:\/\/x.com\/WeBalkans"]},{"@type":"Person","@id":"https:\/\/webalkans.eu\/bs\/#\/schema\/person\/95a8ea19ef21de3b7766e9b65ffdb4da","name":"007designstudio@gmail.com"}]}},"_links":{"self":[{"href":"https:\/\/webalkans.eu\/bs\/wp-json\/wp\/v2\/posts\/544970"}],"collection":[{"href":"https:\/\/webalkans.eu\/bs\/wp-json\/wp\/v2\/posts"}],"about":[{"href":"https:\/\/webalkans.eu\/bs\/wp-json\/wp\/v2\/types\/post"}],"author":[{"embeddable":true,"href":"https:\/\/webalkans.eu\/bs\/wp-json\/wp\/v2\/users\/152227"}],"replies":[{"embeddable":true,"href":"https:\/\/webalkans.eu\/bs\/wp-json\/wp\/v2\/comments?post=544970"}],"version-history":[{"count":0,"href":"https:\/\/webalkans.eu\/bs\/wp-json\/wp\/v2\/posts\/544970\/revisions"}],"wp:featuredmedia":[{"embeddable":true,"href":"https:\/\/webalkans.eu\/bs\/wp-json\/wp\/v2\/media\/537372"}],"wp:attachment":[{"href":"https:\/\/webalkans.eu\/bs\/wp-json\/wp\/v2\/media?parent=544970"}],"wp:term":[{"taxonomy":"country-for-news","embeddable":true,"href":"https:\/\/webalkans.eu\/bs\/wp-json\/wp\/v2\/country-for-news?post=544970"}],"curies":[{"name":"wp","href":"https:\/\/api.w.org\/{rel}","templated":true}]}}