
{"id":537898,"date":"2022-02-21T09:37:27","date_gmt":"2022-02-21T08:37:27","guid":{"rendered":"https:\/\/webalkans.eu\/news\/rcc-launches-western-balkans-women-entrepreneurs-of-the-year-award\/"},"modified":"2022-03-01T12:15:42","modified_gmt":"2022-03-01T11:15:42","slug":"rcc-launches-western-balkans-women-entrepreneurs-of-the-year-award","status":"publish","type":"post","link":"https:\/\/webalkans.eu\/bs\/news\/rcc-launches-western-balkans-women-entrepreneurs-of-the-year-award\/","title":{"rendered":"RCC ustanovilo priznanje \u017dena preduzetnica godine sa Zapadnog Balkana"},"content":{"rendered":"<p>Vije\u0107e za regionalnu saradnju (RCC) pokrenulo je inicijativu \u017dene preduzetnice godine sa Zapadnog Balkana za odavanje priznanja \u017eenama koje su pokrenule i razvile vlastiti biznis i doprinijele stvaranju novih i odr\u017eivih poslova na kojima \u0107e biti uposlene druge \u017eene i mu\u0161karci u na\u0161em regionu.<\/p>\n<p>&nbsp;<\/p>\n<p>Takmi\u010denje se odr\u017eava za \u0161est kategorija: \u017dena preduzetnica koja se zala\u017ee za za\u0161titu \u017eivotne sredine, Kreativna \u017eena preduzetnica, \u017dena preduzetnica u oblasti putovanja i ugostiteljstva, Romkinja preduzetnica, Start-up \u017eena preduzetnica i Mlada \u017eena preduzetnica. Nominacije \u0107e se primati do 4. marta.<\/p>\n<p>&nbsp;<\/p>\n<p>Pobjednice koje \u017eiri odabere bit \u0107e progla\u0161ene na Regionalnoj konferenciji za \u017eene preduzetnice Zapadnog Balkana 11. marta u Tirani. Pobjednice \u0107e tako\u0111e imati priliku da predstave svoje poslovanje na tom doga\u0111aju.<\/p>\n<p>&nbsp;<\/p>\n<p>\u0160est \u017eena preduzetnica godine sa Zapadnog Balkana (2021) \u0107e dobiti do 20 dana mentorstva u periodu od 5 mjeseci; \u010dlanstvo i status \u010dlana koji doprinosi Regionalnom centru za preduzetnice; promovisanje putem komunikacijskih kanala RCC-a; i poziv na razne doga\u0111aje u organizaciji RCC-a kako bi izlo\u017eile svoje uspje\u0161ne pri\u010de.<\/p>\n<p>&nbsp;<\/p>\n<p>Ova inicijativa se organizuje kao dio <a href=\"https:\/\/www.rcc.int\/docs\/543\/common-regional-market-action-plan\">Common Regional Market Action Plan 2021-2024<\/a> i <u>\u00a0<\/u>RCC Plana za \u017eensko ekonomsko osna\u017eivanje (<a href=\"https:\/\/www.rcc.int\/campaigns\/3\/we-women-empowerment\">RCC Women Economic Empowerment Agenda<\/a>)<strong>.<\/strong><strong>\u00a0<\/strong>Projekat je sufinansiran od strane Evropske unije.<\/p>\n","protected":false},"excerpt":{"rendered":"<p>Vije\u0107e za regionalnu saradnju (RCC) pokrenulo je inicijativu \u017dene preduzetnice godine sa Zapadnog Balkana za odavanje priznanja \u017eenama koje su pokrenule i razvile vlastiti biznis <\/p>\n","protected":false},"author":152227,"featured_media":530835,"comment_status":"closed","ping_status":"closed","sticky":false,"template":"","format":"standard","meta":{"_acf_changed":false,"_monsterinsights_skip_tracking":false,"_monsterinsights_sitenote_active":false,"_monsterinsights_sitenote_note":"","_monsterinsights_sitenote_category":0,"footnotes":""},"country-for-news":[416,420,425,432,438,442],"class_list":["post-537898","post","type-post","status-publish","format-standard","has-post-thumbnail","hentry","wb_theme-economy","country-for-news-albania","country-for-news-bosnia-and-herzegovina","country-for-news-kosovo","country-for-news-montenegro","country-for-news-north-macedonia","country-for-news-serbia"],"acf":[],"yoast_head":"<!-- This site is optimized with the Yoast SEO plugin v25.3.1 - https:\/\/yoast.com\/wordpress\/plugins\/seo\/ -->\n<title>RCC ustanovilo priznanje \u017dena preduzetnica godine sa Zapadnog Balkana News | WeBalkans<\/title>\n<meta name=\"description\" content=\"Vije\u0107e za regionalnu saradnju (RCC) pokrenulo je inicijativu \u017dene preduzetnice godine sa Zapadnog Balkana\" \/>\n<meta name=\"robots\" content=\"index, follow, max-snippet:-1, max-image-preview:large, max-video-preview:-1\" \/>\n<link rel=\"canonical\" href=\"https:\/\/webalkans.eu\/bs\/news\/rcc-launches-western-balkans-women-entrepreneurs-of-the-year-award\/\" \/>\n<meta property=\"og:locale\" content=\"bs_BA\" \/>\n<meta property=\"og:type\" content=\"article\" \/>\n<meta property=\"og:title\" content=\"RCC ustanovilo priznanje \u017dena preduzetnica godine sa Zapadnog Balkana News | WeBalkans\" \/>\n<meta property=\"og:description\" content=\"Vije\u0107e za regionalnu saradnju (RCC) pokrenulo je inicijativu \u017dene preduzetnice godine sa Zapadnog Balkana\" \/>\n<meta property=\"og:url\" content=\"https:\/\/webalkans.eu\/bs\/news\/rcc-launches-western-balkans-women-entrepreneurs-of-the-year-award\/\" \/>\n<meta property=\"og:site_name\" content=\"WeBalkans | EU Projects in the Western Balkans\" \/>\n<meta property=\"article:publisher\" content=\"https:\/\/www.facebook.com\/webalkans.eu\" \/>\n<meta property=\"article:published_time\" content=\"2022-02-21T08:37:27+00:00\" \/>\n<meta property=\"article:modified_time\" content=\"2022-03-01T11:15:42+00:00\" \/>\n<meta property=\"og:image\" content=\"https:\/\/webalkans.eu\/wp-content\/uploads\/2022\/02\/1-2.jpeg\" \/>\n\t<meta property=\"og:image:width\" content=\"1920\" \/>\n\t<meta property=\"og:image:height\" content=\"1080\" \/>\n\t<meta property=\"og:image:type\" content=\"image\/jpeg\" \/>\n<meta name=\"author\" content=\"007designstudio@gmail.com\" \/>\n<meta name=\"twitter:card\" content=\"summary_large_image\" \/>\n<meta name=\"twitter:creator\" content=\"@WeBalkans\" \/>\n<meta name=\"twitter:site\" content=\"@WeBalkans\" \/>\n<meta name=\"twitter:label1\" content=\"Written by\" \/>\n\t<meta name=\"twitter:data1\" content=\"007designstudio@gmail.com\" \/>\n\t<meta name=\"twitter:label2\" content=\"Est. reading time\" \/>\n\t<meta name=\"twitter:data2\" content=\"1 minuta\" \/>\n<script type=\"application\/ld+json\" class=\"yoast-schema-graph\">{\"@context\":\"https:\/\/schema.org\",\"@graph\":[{\"@type\":\"Article\",\"@id\":\"https:\/\/webalkans.eu\/bs\/news\/rcc-launches-western-balkans-women-entrepreneurs-of-the-year-award\/#article\",\"isPartOf\":{\"@id\":\"https:\/\/webalkans.eu\/bs\/news\/rcc-launches-western-balkans-women-entrepreneurs-of-the-year-award\/\"},\"author\":{\"name\":\"007designstudio@gmail.com\",\"@id\":\"https:\/\/webalkans.eu\/bs\/#\/schema\/person\/95a8ea19ef21de3b7766e9b65ffdb4da\"},\"headline\":\"RCC ustanovilo priznanje \u017dena preduzetnica godine sa Zapadnog Balkana\",\"datePublished\":\"2022-02-21T08:37:27+00:00\",\"dateModified\":\"2022-03-01T11:15:42+00:00\",\"mainEntityOfPage\":{\"@id\":\"https:\/\/webalkans.eu\/bs\/news\/rcc-launches-western-balkans-women-entrepreneurs-of-the-year-award\/\"},\"wordCount\":219,\"publisher\":{\"@id\":\"https:\/\/webalkans.eu\/bs\/#organization\"},\"image\":{\"@id\":\"https:\/\/webalkans.eu\/bs\/news\/rcc-launches-western-balkans-women-entrepreneurs-of-the-year-award\/#primaryimage\"},\"thumbnailUrl\":\"https:\/\/webalkans.eu\/wp-content\/uploads\/2022\/02\/1-2.jpeg\",\"inLanguage\":\"bs-BA\"},{\"@type\":\"WebPage\",\"@id\":\"https:\/\/webalkans.eu\/bs\/news\/rcc-launches-western-balkans-women-entrepreneurs-of-the-year-award\/\",\"url\":\"https:\/\/webalkans.eu\/bs\/news\/rcc-launches-western-balkans-women-entrepreneurs-of-the-year-award\/\",\"name\":\"RCC ustanovilo priznanje \u017dena preduzetnica godine sa Zapadnog Balkana News | WeBalkans\",\"isPartOf\":{\"@id\":\"https:\/\/webalkans.eu\/bs\/#website\"},\"primaryImageOfPage\":{\"@id\":\"https:\/\/webalkans.eu\/bs\/news\/rcc-launches-western-balkans-women-entrepreneurs-of-the-year-award\/#primaryimage\"},\"image\":{\"@id\":\"https:\/\/webalkans.eu\/bs\/news\/rcc-launches-western-balkans-women-entrepreneurs-of-the-year-award\/#primaryimage\"},\"thumbnailUrl\":\"https:\/\/webalkans.eu\/wp-content\/uploads\/2022\/02\/1-2.jpeg\",\"datePublished\":\"2022-02-21T08:37:27+00:00\",\"dateModified\":\"2022-03-01T11:15:42+00:00\",\"description\":\"Vije\u0107e za regionalnu saradnju (RCC) pokrenulo je inicijativu \u017dene preduzetnice godine sa Zapadnog Balkana\",\"breadcrumb\":{\"@id\":\"https:\/\/webalkans.eu\/bs\/news\/rcc-launches-western-balkans-women-entrepreneurs-of-the-year-award\/#breadcrumb\"},\"inLanguage\":\"bs-BA\",\"potentialAction\":[{\"@type\":\"ReadAction\",\"target\":[\"https:\/\/webalkans.eu\/bs\/news\/rcc-launches-western-balkans-women-entrepreneurs-of-the-year-award\/\"]}]},{\"@type\":\"ImageObject\",\"inLanguage\":\"bs-BA\",\"@id\":\"https:\/\/webalkans.eu\/bs\/news\/rcc-launches-western-balkans-women-entrepreneurs-of-the-year-award\/#primaryimage\",\"url\":\"https:\/\/webalkans.eu\/wp-content\/uploads\/2022\/02\/1-2.jpeg\",\"contentUrl\":\"https:\/\/webalkans.eu\/wp-content\/uploads\/2022\/02\/1-2.jpeg\",\"width\":1920,\"height\":1080},{\"@type\":\"BreadcrumbList\",\"@id\":\"https:\/\/webalkans.eu\/bs\/news\/rcc-launches-western-balkans-women-entrepreneurs-of-the-year-award\/#breadcrumb\",\"itemListElement\":[{\"@type\":\"ListItem\",\"position\":1,\"name\":\"Home\",\"item\":\"https:\/\/webalkans.eu\/bs\/homepage\/\"},{\"@type\":\"ListItem\",\"position\":2,\"name\":\"RCC ustanovilo priznanje \u017dena preduzetnica godine sa Zapadnog Balkana\"}]},{\"@type\":\"WebSite\",\"@id\":\"https:\/\/webalkans.eu\/bs\/#website\",\"url\":\"https:\/\/webalkans.eu\/bs\/\",\"name\":\"WeBalkans | EU Projects in the Western Balkans\",\"description\":\"\",\"publisher\":{\"@id\":\"https:\/\/webalkans.eu\/bs\/#organization\"},\"potentialAction\":[{\"@type\":\"SearchAction\",\"target\":{\"@type\":\"EntryPoint\",\"urlTemplate\":\"https:\/\/webalkans.eu\/bs\/?s={search_term_string}\"},\"query-input\":{\"@type\":\"PropertyValueSpecification\",\"valueRequired\":true,\"valueName\":\"search_term_string\"}}],\"inLanguage\":\"bs-BA\"},{\"@type\":\"Organization\",\"@id\":\"https:\/\/webalkans.eu\/bs\/#organization\",\"name\":\"European Union\",\"url\":\"https:\/\/webalkans.eu\/bs\/\",\"logo\":{\"@type\":\"ImageObject\",\"inLanguage\":\"bs-BA\",\"@id\":\"https:\/\/webalkans.eu\/bs\/#\/schema\/logo\/image\/\",\"url\":\"https:\/\/webalkans.eu\/wp-content\/uploads\/2020\/11\/eu_flag.jpg\",\"contentUrl\":\"https:\/\/webalkans.eu\/wp-content\/uploads\/2020\/11\/eu_flag.jpg\",\"width\":600,\"height\":401,\"caption\":\"European Union\"},\"image\":{\"@id\":\"https:\/\/webalkans.eu\/bs\/#\/schema\/logo\/image\/\"},\"sameAs\":[\"https:\/\/www.facebook.com\/webalkans.eu\",\"https:\/\/x.com\/WeBalkans\"]},{\"@type\":\"Person\",\"@id\":\"https:\/\/webalkans.eu\/bs\/#\/schema\/person\/95a8ea19ef21de3b7766e9b65ffdb4da\",\"name\":\"007designstudio@gmail.com\"}]}<\/script>\n<!-- \/ Yoast SEO plugin. -->","yoast_head_json":{"title":"RCC ustanovilo priznanje \u017dena preduzetnica godine sa Zapadnog Balkana News | WeBalkans","description":"Vije\u0107e za regionalnu saradnju (RCC) pokrenulo je inicijativu \u017dene preduzetnice godine sa Zapadnog Balkana","robots":{"index":"index","follow":"follow","max-snippet":"max-snippet:-1","max-image-preview":"max-image-preview:large","max-video-preview":"max-video-preview:-1"},"canonical":"https:\/\/webalkans.eu\/bs\/news\/rcc-launches-western-balkans-women-entrepreneurs-of-the-year-award\/","og_locale":"bs_BA","og_type":"article","og_title":"RCC ustanovilo priznanje \u017dena preduzetnica godine sa Zapadnog Balkana News | WeBalkans","og_description":"Vije\u0107e za regionalnu saradnju (RCC) pokrenulo je inicijativu \u017dene preduzetnice godine sa Zapadnog Balkana","og_url":"https:\/\/webalkans.eu\/bs\/news\/rcc-launches-western-balkans-women-entrepreneurs-of-the-year-award\/","og_site_name":"WeBalkans | EU Projects in the Western Balkans","article_publisher":"https:\/\/www.facebook.com\/webalkans.eu","article_published_time":"2022-02-21T08:37:27+00:00","article_modified_time":"2022-03-01T11:15:42+00:00","og_image":[{"width":1920,"height":1080,"url":"https:\/\/webalkans.eu\/wp-content\/uploads\/2022\/02\/1-2.jpeg","type":"image\/jpeg"}],"author":"007designstudio@gmail.com","twitter_card":"summary_large_image","twitter_creator":"@WeBalkans","twitter_site":"@WeBalkans","twitter_misc":{"Written by":"007designstudio@gmail.com","Est. reading time":"1 minuta"},"schema":{"@context":"https:\/\/schema.org","@graph":[{"@type":"Article","@id":"https:\/\/webalkans.eu\/bs\/news\/rcc-launches-western-balkans-women-entrepreneurs-of-the-year-award\/#article","isPartOf":{"@id":"https:\/\/webalkans.eu\/bs\/news\/rcc-launches-western-balkans-women-entrepreneurs-of-the-year-award\/"},"author":{"name":"007designstudio@gmail.com","@id":"https:\/\/webalkans.eu\/bs\/#\/schema\/person\/95a8ea19ef21de3b7766e9b65ffdb4da"},"headline":"RCC ustanovilo priznanje \u017dena preduzetnica godine sa Zapadnog Balkana","datePublished":"2022-02-21T08:37:27+00:00","dateModified":"2022-03-01T11:15:42+00:00","mainEntityOfPage":{"@id":"https:\/\/webalkans.eu\/bs\/news\/rcc-launches-western-balkans-women-entrepreneurs-of-the-year-award\/"},"wordCount":219,"publisher":{"@id":"https:\/\/webalkans.eu\/bs\/#organization"},"image":{"@id":"https:\/\/webalkans.eu\/bs\/news\/rcc-launches-western-balkans-women-entrepreneurs-of-the-year-award\/#primaryimage"},"thumbnailUrl":"https:\/\/webalkans.eu\/wp-content\/uploads\/2022\/02\/1-2.jpeg","inLanguage":"bs-BA"},{"@type":"WebPage","@id":"https:\/\/webalkans.eu\/bs\/news\/rcc-launches-western-balkans-women-entrepreneurs-of-the-year-award\/","url":"https:\/\/webalkans.eu\/bs\/news\/rcc-launches-western-balkans-women-entrepreneurs-of-the-year-award\/","name":"RCC ustanovilo priznanje \u017dena preduzetnica godine sa Zapadnog Balkana News | WeBalkans","isPartOf":{"@id":"https:\/\/webalkans.eu\/bs\/#website"},"primaryImageOfPage":{"@id":"https:\/\/webalkans.eu\/bs\/news\/rcc-launches-western-balkans-women-entrepreneurs-of-the-year-award\/#primaryimage"},"image":{"@id":"https:\/\/webalkans.eu\/bs\/news\/rcc-launches-western-balkans-women-entrepreneurs-of-the-year-award\/#primaryimage"},"thumbnailUrl":"https:\/\/webalkans.eu\/wp-content\/uploads\/2022\/02\/1-2.jpeg","datePublished":"2022-02-21T08:37:27+00:00","dateModified":"2022-03-01T11:15:42+00:00","description":"Vije\u0107e za regionalnu saradnju (RCC) pokrenulo je inicijativu \u017dene preduzetnice godine sa Zapadnog Balkana","breadcrumb":{"@id":"https:\/\/webalkans.eu\/bs\/news\/rcc-launches-western-balkans-women-entrepreneurs-of-the-year-award\/#breadcrumb"},"inLanguage":"bs-BA","potentialAction":[{"@type":"ReadAction","target":["https:\/\/webalkans.eu\/bs\/news\/rcc-launches-western-balkans-women-entrepreneurs-of-the-year-award\/"]}]},{"@type":"ImageObject","inLanguage":"bs-BA","@id":"https:\/\/webalkans.eu\/bs\/news\/rcc-launches-western-balkans-women-entrepreneurs-of-the-year-award\/#primaryimage","url":"https:\/\/webalkans.eu\/wp-content\/uploads\/2022\/02\/1-2.jpeg","contentUrl":"https:\/\/webalkans.eu\/wp-content\/uploads\/2022\/02\/1-2.jpeg","width":1920,"height":1080},{"@type":"BreadcrumbList","@id":"https:\/\/webalkans.eu\/bs\/news\/rcc-launches-western-balkans-women-entrepreneurs-of-the-year-award\/#breadcrumb","itemListElement":[{"@type":"ListItem","position":1,"name":"Home","item":"https:\/\/webalkans.eu\/bs\/homepage\/"},{"@type":"ListItem","position":2,"name":"RCC ustanovilo priznanje \u017dena preduzetnica godine sa Zapadnog Balkana"}]},{"@type":"WebSite","@id":"https:\/\/webalkans.eu\/bs\/#website","url":"https:\/\/webalkans.eu\/bs\/","name":"WeBalkans | EU Projects in the Western Balkans","description":"","publisher":{"@id":"https:\/\/webalkans.eu\/bs\/#organization"},"potentialAction":[{"@type":"SearchAction","target":{"@type":"EntryPoint","urlTemplate":"https:\/\/webalkans.eu\/bs\/?s={search_term_string}"},"query-input":{"@type":"PropertyValueSpecification","valueRequired":true,"valueName":"search_term_string"}}],"inLanguage":"bs-BA"},{"@type":"Organization","@id":"https:\/\/webalkans.eu\/bs\/#organization","name":"European Union","url":"https:\/\/webalkans.eu\/bs\/","logo":{"@type":"ImageObject","inLanguage":"bs-BA","@id":"https:\/\/webalkans.eu\/bs\/#\/schema\/logo\/image\/","url":"https:\/\/webalkans.eu\/wp-content\/uploads\/2020\/11\/eu_flag.jpg","contentUrl":"https:\/\/webalkans.eu\/wp-content\/uploads\/2020\/11\/eu_flag.jpg","width":600,"height":401,"caption":"European Union"},"image":{"@id":"https:\/\/webalkans.eu\/bs\/#\/schema\/logo\/image\/"},"sameAs":["https:\/\/www.facebook.com\/webalkans.eu","https:\/\/x.com\/WeBalkans"]},{"@type":"Person","@id":"https:\/\/webalkans.eu\/bs\/#\/schema\/person\/95a8ea19ef21de3b7766e9b65ffdb4da","name":"007designstudio@gmail.com"}]}},"_links":{"self":[{"href":"https:\/\/webalkans.eu\/bs\/wp-json\/wp\/v2\/posts\/537898"}],"collection":[{"href":"https:\/\/webalkans.eu\/bs\/wp-json\/wp\/v2\/posts"}],"about":[{"href":"https:\/\/webalkans.eu\/bs\/wp-json\/wp\/v2\/types\/post"}],"author":[{"embeddable":true,"href":"https:\/\/webalkans.eu\/bs\/wp-json\/wp\/v2\/users\/152227"}],"replies":[{"embeddable":true,"href":"https:\/\/webalkans.eu\/bs\/wp-json\/wp\/v2\/comments?post=537898"}],"version-history":[{"count":0,"href":"https:\/\/webalkans.eu\/bs\/wp-json\/wp\/v2\/posts\/537898\/revisions"}],"wp:featuredmedia":[{"embeddable":true,"href":"https:\/\/webalkans.eu\/bs\/wp-json\/wp\/v2\/media\/530835"}],"wp:attachment":[{"href":"https:\/\/webalkans.eu\/bs\/wp-json\/wp\/v2\/media?parent=537898"}],"wp:term":[{"taxonomy":"country-for-news","embeddable":true,"href":"https:\/\/webalkans.eu\/bs\/wp-json\/wp\/v2\/country-for-news?post=537898"}],"curies":[{"name":"wp","href":"https:\/\/api.w.org\/{rel}","templated":true}]}}