
{"id":521557,"date":"2022-02-04T19:37:03","date_gmt":"2022-02-04T18:37:03","guid":{"rendered":"https:\/\/webalkans.eu\/news\/e500000-eib-grant-to-ensure-sustainable-urban-mobility-in-nis-serbia\/"},"modified":"2022-02-11T17:02:52","modified_gmt":"2022-02-11T16:02:52","slug":"e500000-eib-grant-to-ensure-sustainable-urban-mobility-in-nis-serbia","status":"publish","type":"post","link":"https:\/\/webalkans.eu\/bs\/news\/e500000-eib-grant-to-ensure-sustainable-urban-mobility-in-nis-serbia\/","title":{"rendered":"\u20ac500.000 grant EIB za obezbije\u0111ivanje odr\u017eive urbane mobilnosti u Ni\u0161u, Srbija"},"content":{"rendered":"<p>Evropska investiciona banka (EIB) \u2013 kreditni ogranak EU \u2013 potpisala je sporazum o saradnji sa gradom Ni\u0161 u Srbiji u cilju finansiranja pripreme plana odr\u017eive urbane mobilnosti, omogu\u0107uju\u0107i gradu da na osnovu informativnih osnova donosi investicione odluke u vezi sa svojom saobra\u0107ajnom mre\u017eom. Uzimaju\u0107i u obzir postoje\u0107e obrasce putovanja, razvojne trendove i ciljeve strate\u0161kog planiranja op\u0161tine, plan odr\u017eive urbane mobilnosti pomo\u0107i \u0107e da se ostvari optimizacija ulaganja kako bi se obezbijedila efikasna, sigurna, prakti\u010dna mobilnost koja bi se ujedno manje oslanja na ugljenik. Tehni\u010dka pomo\u0107 \u0107e omogu\u0107iti Ni\u0161u da istra\u017ei mogu\u0107nosti koje \u0107e se ukazati uklanjanjem teretnog saobra\u0107aja sa postoje\u0107eg me\u0111ugradskog \u017eeljezni\u010dkog puta koji prelazi grad.<\/p>\n<p>&nbsp;<\/p>\n<p>Plan odr\u017eive urbane mobilnosti i investicije koje \u0107e zbog njega uslijediti, pomo\u0107i \u0107e Ni\u0161u da raste pru\u017eiv\u0161i mu podr\u0161ku u vidu visokokvalitetne, dobro integrisane saobra\u0107ajne mre\u017ee, \u010dime \u0107e se pove\u0107ati privla\u010dnost grada kao mjesta za \u017eivot i ulaganje. Trenutno se ukazuje tehni\u010dka pomo\u0107 obezbije\u0111ena od strane Tima za Evropu i zajedni\u010dke inicijative za finansiranje urbanih projekata izme\u0111u EIB-a i Fran\u00e7aise de D\u00e9veloppement (AFD), s ciljem da pru\u017ei podr\u0161ku ambicioznim projektima urbanog razvoja.<\/p>\n","protected":false},"excerpt":{"rendered":"<p>Evropska investiciona banka (EIB) \u2013 kreditni ogranak EU \u2013 potpisala je sporazum o saradnji sa gradom Ni\u0161 u Srbiji u cilju finansiranja pripreme plana odr\u017eive <\/p>\n","protected":false},"author":152227,"featured_media":515103,"comment_status":"closed","ping_status":"closed","sticky":false,"template":"","format":"standard","meta":{"_acf_changed":false,"_monsterinsights_skip_tracking":false,"_monsterinsights_sitenote_active":false,"_monsterinsights_sitenote_note":"","_monsterinsights_sitenote_category":0,"footnotes":""},"country-for-news":[442],"class_list":["post-521557","post","type-post","status-publish","format-standard","has-post-thumbnail","hentry","wb_theme-connectivity","country-for-news-serbia"],"acf":[],"yoast_head":"<!-- This site is optimized with the Yoast SEO plugin v25.3.1 - https:\/\/yoast.com\/wordpress\/plugins\/seo\/ -->\n<title>\u20ac500.000 grant EIB za obezbije\u0111ivanje odr\u017eive urbane mobilnosti u Ni\u0161u, Srbija News | WeBalkans<\/title>\n<meta name=\"description\" content=\"Evropska investiciona banka (EIB) \u2013 kreditni ogranak EU \u2013 potpisala je sporazum o saradnji sa gradom Ni\u0161 u Srbiji\" \/>\n<meta name=\"robots\" content=\"index, follow, max-snippet:-1, max-image-preview:large, max-video-preview:-1\" \/>\n<link rel=\"canonical\" href=\"https:\/\/webalkans.eu\/bs\/news\/e500000-eib-grant-to-ensure-sustainable-urban-mobility-in-nis-serbia\/\" \/>\n<meta property=\"og:locale\" content=\"bs_BA\" \/>\n<meta property=\"og:type\" content=\"article\" \/>\n<meta property=\"og:title\" content=\"\u20ac500.000 grant EIB za obezbije\u0111ivanje odr\u017eive urbane mobilnosti u Ni\u0161u, Srbija News | WeBalkans\" \/>\n<meta property=\"og:description\" content=\"Evropska investiciona banka (EIB) \u2013 kreditni ogranak EU \u2013 potpisala je sporazum o saradnji sa gradom Ni\u0161 u Srbiji\" \/>\n<meta property=\"og:url\" content=\"https:\/\/webalkans.eu\/bs\/news\/e500000-eib-grant-to-ensure-sustainable-urban-mobility-in-nis-serbia\/\" \/>\n<meta property=\"og:site_name\" content=\"WeBalkans | EU Projects in the Western Balkans\" \/>\n<meta property=\"article:publisher\" content=\"https:\/\/www.facebook.com\/webalkans.eu\" \/>\n<meta property=\"article:published_time\" content=\"2022-02-04T18:37:03+00:00\" \/>\n<meta property=\"article:modified_time\" content=\"2022-02-11T16:02:52+00:00\" \/>\n<meta property=\"og:image\" content=\"https:\/\/webalkans.eu\/wp-content\/uploads\/2022\/02\/1-scaled.jpg\" \/>\n\t<meta property=\"og:image:width\" content=\"2560\" \/>\n\t<meta property=\"og:image:height\" content=\"1703\" \/>\n\t<meta property=\"og:image:type\" content=\"image\/jpeg\" \/>\n<meta name=\"author\" content=\"007designstudio@gmail.com\" \/>\n<meta name=\"twitter:card\" content=\"summary_large_image\" \/>\n<meta name=\"twitter:creator\" content=\"@WeBalkans\" \/>\n<meta name=\"twitter:site\" content=\"@WeBalkans\" \/>\n<meta name=\"twitter:label1\" content=\"Written by\" \/>\n\t<meta name=\"twitter:data1\" content=\"007designstudio@gmail.com\" \/>\n\t<meta name=\"twitter:label2\" content=\"Est. reading time\" \/>\n\t<meta name=\"twitter:data2\" content=\"1 minuta\" \/>\n<script type=\"application\/ld+json\" class=\"yoast-schema-graph\">{\"@context\":\"https:\/\/schema.org\",\"@graph\":[{\"@type\":\"Article\",\"@id\":\"https:\/\/webalkans.eu\/bs\/news\/e500000-eib-grant-to-ensure-sustainable-urban-mobility-in-nis-serbia\/#article\",\"isPartOf\":{\"@id\":\"https:\/\/webalkans.eu\/bs\/news\/e500000-eib-grant-to-ensure-sustainable-urban-mobility-in-nis-serbia\/\"},\"author\":{\"name\":\"007designstudio@gmail.com\",\"@id\":\"https:\/\/webalkans.eu\/bs\/#\/schema\/person\/95a8ea19ef21de3b7766e9b65ffdb4da\"},\"headline\":\"\u20ac500.000 grant EIB za obezbije\u0111ivanje odr\u017eive urbane mobilnosti u Ni\u0161u, Srbija\",\"datePublished\":\"2022-02-04T18:37:03+00:00\",\"dateModified\":\"2022-02-11T16:02:52+00:00\",\"mainEntityOfPage\":{\"@id\":\"https:\/\/webalkans.eu\/bs\/news\/e500000-eib-grant-to-ensure-sustainable-urban-mobility-in-nis-serbia\/\"},\"wordCount\":229,\"publisher\":{\"@id\":\"https:\/\/webalkans.eu\/bs\/#organization\"},\"image\":{\"@id\":\"https:\/\/webalkans.eu\/bs\/news\/e500000-eib-grant-to-ensure-sustainable-urban-mobility-in-nis-serbia\/#primaryimage\"},\"thumbnailUrl\":\"https:\/\/webalkans.eu\/wp-content\/uploads\/2022\/02\/1-scaled.jpg\",\"inLanguage\":\"bs-BA\"},{\"@type\":\"WebPage\",\"@id\":\"https:\/\/webalkans.eu\/bs\/news\/e500000-eib-grant-to-ensure-sustainable-urban-mobility-in-nis-serbia\/\",\"url\":\"https:\/\/webalkans.eu\/bs\/news\/e500000-eib-grant-to-ensure-sustainable-urban-mobility-in-nis-serbia\/\",\"name\":\"\u20ac500.000 grant EIB za obezbije\u0111ivanje odr\u017eive urbane mobilnosti u Ni\u0161u, Srbija News | WeBalkans\",\"isPartOf\":{\"@id\":\"https:\/\/webalkans.eu\/bs\/#website\"},\"primaryImageOfPage\":{\"@id\":\"https:\/\/webalkans.eu\/bs\/news\/e500000-eib-grant-to-ensure-sustainable-urban-mobility-in-nis-serbia\/#primaryimage\"},\"image\":{\"@id\":\"https:\/\/webalkans.eu\/bs\/news\/e500000-eib-grant-to-ensure-sustainable-urban-mobility-in-nis-serbia\/#primaryimage\"},\"thumbnailUrl\":\"https:\/\/webalkans.eu\/wp-content\/uploads\/2022\/02\/1-scaled.jpg\",\"datePublished\":\"2022-02-04T18:37:03+00:00\",\"dateModified\":\"2022-02-11T16:02:52+00:00\",\"description\":\"Evropska investiciona banka (EIB) \u2013 kreditni ogranak EU \u2013 potpisala je sporazum o saradnji sa gradom Ni\u0161 u Srbiji\",\"breadcrumb\":{\"@id\":\"https:\/\/webalkans.eu\/bs\/news\/e500000-eib-grant-to-ensure-sustainable-urban-mobility-in-nis-serbia\/#breadcrumb\"},\"inLanguage\":\"bs-BA\",\"potentialAction\":[{\"@type\":\"ReadAction\",\"target\":[\"https:\/\/webalkans.eu\/bs\/news\/e500000-eib-grant-to-ensure-sustainable-urban-mobility-in-nis-serbia\/\"]}]},{\"@type\":\"ImageObject\",\"inLanguage\":\"bs-BA\",\"@id\":\"https:\/\/webalkans.eu\/bs\/news\/e500000-eib-grant-to-ensure-sustainable-urban-mobility-in-nis-serbia\/#primaryimage\",\"url\":\"https:\/\/webalkans.eu\/wp-content\/uploads\/2022\/02\/1-scaled.jpg\",\"contentUrl\":\"https:\/\/webalkans.eu\/wp-content\/uploads\/2022\/02\/1-scaled.jpg\",\"width\":2560,\"height\":1703},{\"@type\":\"BreadcrumbList\",\"@id\":\"https:\/\/webalkans.eu\/bs\/news\/e500000-eib-grant-to-ensure-sustainable-urban-mobility-in-nis-serbia\/#breadcrumb\",\"itemListElement\":[{\"@type\":\"ListItem\",\"position\":1,\"name\":\"Home\",\"item\":\"https:\/\/webalkans.eu\/bs\/homepage\/\"},{\"@type\":\"ListItem\",\"position\":2,\"name\":\"\u20ac500.000 grant EIB za obezbije\u0111ivanje odr\u017eive urbane mobilnosti u Ni\u0161u, Srbija\"}]},{\"@type\":\"WebSite\",\"@id\":\"https:\/\/webalkans.eu\/bs\/#website\",\"url\":\"https:\/\/webalkans.eu\/bs\/\",\"name\":\"WeBalkans | EU Projects in the Western Balkans\",\"description\":\"\",\"publisher\":{\"@id\":\"https:\/\/webalkans.eu\/bs\/#organization\"},\"potentialAction\":[{\"@type\":\"SearchAction\",\"target\":{\"@type\":\"EntryPoint\",\"urlTemplate\":\"https:\/\/webalkans.eu\/bs\/?s={search_term_string}\"},\"query-input\":{\"@type\":\"PropertyValueSpecification\",\"valueRequired\":true,\"valueName\":\"search_term_string\"}}],\"inLanguage\":\"bs-BA\"},{\"@type\":\"Organization\",\"@id\":\"https:\/\/webalkans.eu\/bs\/#organization\",\"name\":\"European Union\",\"url\":\"https:\/\/webalkans.eu\/bs\/\",\"logo\":{\"@type\":\"ImageObject\",\"inLanguage\":\"bs-BA\",\"@id\":\"https:\/\/webalkans.eu\/bs\/#\/schema\/logo\/image\/\",\"url\":\"https:\/\/webalkans.eu\/wp-content\/uploads\/2020\/11\/eu_flag.jpg\",\"contentUrl\":\"https:\/\/webalkans.eu\/wp-content\/uploads\/2020\/11\/eu_flag.jpg\",\"width\":600,\"height\":401,\"caption\":\"European Union\"},\"image\":{\"@id\":\"https:\/\/webalkans.eu\/bs\/#\/schema\/logo\/image\/\"},\"sameAs\":[\"https:\/\/www.facebook.com\/webalkans.eu\",\"https:\/\/x.com\/WeBalkans\"]},{\"@type\":\"Person\",\"@id\":\"https:\/\/webalkans.eu\/bs\/#\/schema\/person\/95a8ea19ef21de3b7766e9b65ffdb4da\",\"name\":\"007designstudio@gmail.com\"}]}<\/script>\n<!-- \/ Yoast SEO plugin. -->","yoast_head_json":{"title":"\u20ac500.000 grant EIB za obezbije\u0111ivanje odr\u017eive urbane mobilnosti u Ni\u0161u, Srbija News | WeBalkans","description":"Evropska investiciona banka (EIB) \u2013 kreditni ogranak EU \u2013 potpisala je sporazum o saradnji sa gradom Ni\u0161 u Srbiji","robots":{"index":"index","follow":"follow","max-snippet":"max-snippet:-1","max-image-preview":"max-image-preview:large","max-video-preview":"max-video-preview:-1"},"canonical":"https:\/\/webalkans.eu\/bs\/news\/e500000-eib-grant-to-ensure-sustainable-urban-mobility-in-nis-serbia\/","og_locale":"bs_BA","og_type":"article","og_title":"\u20ac500.000 grant EIB za obezbije\u0111ivanje odr\u017eive urbane mobilnosti u Ni\u0161u, Srbija News | WeBalkans","og_description":"Evropska investiciona banka (EIB) \u2013 kreditni ogranak EU \u2013 potpisala je sporazum o saradnji sa gradom Ni\u0161 u Srbiji","og_url":"https:\/\/webalkans.eu\/bs\/news\/e500000-eib-grant-to-ensure-sustainable-urban-mobility-in-nis-serbia\/","og_site_name":"WeBalkans | EU Projects in the Western Balkans","article_publisher":"https:\/\/www.facebook.com\/webalkans.eu","article_published_time":"2022-02-04T18:37:03+00:00","article_modified_time":"2022-02-11T16:02:52+00:00","og_image":[{"width":2560,"height":1703,"url":"https:\/\/webalkans.eu\/wp-content\/uploads\/2022\/02\/1-scaled.jpg","type":"image\/jpeg"}],"author":"007designstudio@gmail.com","twitter_card":"summary_large_image","twitter_creator":"@WeBalkans","twitter_site":"@WeBalkans","twitter_misc":{"Written by":"007designstudio@gmail.com","Est. reading time":"1 minuta"},"schema":{"@context":"https:\/\/schema.org","@graph":[{"@type":"Article","@id":"https:\/\/webalkans.eu\/bs\/news\/e500000-eib-grant-to-ensure-sustainable-urban-mobility-in-nis-serbia\/#article","isPartOf":{"@id":"https:\/\/webalkans.eu\/bs\/news\/e500000-eib-grant-to-ensure-sustainable-urban-mobility-in-nis-serbia\/"},"author":{"name":"007designstudio@gmail.com","@id":"https:\/\/webalkans.eu\/bs\/#\/schema\/person\/95a8ea19ef21de3b7766e9b65ffdb4da"},"headline":"\u20ac500.000 grant EIB za obezbije\u0111ivanje odr\u017eive urbane mobilnosti u Ni\u0161u, Srbija","datePublished":"2022-02-04T18:37:03+00:00","dateModified":"2022-02-11T16:02:52+00:00","mainEntityOfPage":{"@id":"https:\/\/webalkans.eu\/bs\/news\/e500000-eib-grant-to-ensure-sustainable-urban-mobility-in-nis-serbia\/"},"wordCount":229,"publisher":{"@id":"https:\/\/webalkans.eu\/bs\/#organization"},"image":{"@id":"https:\/\/webalkans.eu\/bs\/news\/e500000-eib-grant-to-ensure-sustainable-urban-mobility-in-nis-serbia\/#primaryimage"},"thumbnailUrl":"https:\/\/webalkans.eu\/wp-content\/uploads\/2022\/02\/1-scaled.jpg","inLanguage":"bs-BA"},{"@type":"WebPage","@id":"https:\/\/webalkans.eu\/bs\/news\/e500000-eib-grant-to-ensure-sustainable-urban-mobility-in-nis-serbia\/","url":"https:\/\/webalkans.eu\/bs\/news\/e500000-eib-grant-to-ensure-sustainable-urban-mobility-in-nis-serbia\/","name":"\u20ac500.000 grant EIB za obezbije\u0111ivanje odr\u017eive urbane mobilnosti u Ni\u0161u, Srbija News | WeBalkans","isPartOf":{"@id":"https:\/\/webalkans.eu\/bs\/#website"},"primaryImageOfPage":{"@id":"https:\/\/webalkans.eu\/bs\/news\/e500000-eib-grant-to-ensure-sustainable-urban-mobility-in-nis-serbia\/#primaryimage"},"image":{"@id":"https:\/\/webalkans.eu\/bs\/news\/e500000-eib-grant-to-ensure-sustainable-urban-mobility-in-nis-serbia\/#primaryimage"},"thumbnailUrl":"https:\/\/webalkans.eu\/wp-content\/uploads\/2022\/02\/1-scaled.jpg","datePublished":"2022-02-04T18:37:03+00:00","dateModified":"2022-02-11T16:02:52+00:00","description":"Evropska investiciona banka (EIB) \u2013 kreditni ogranak EU \u2013 potpisala je sporazum o saradnji sa gradom Ni\u0161 u Srbiji","breadcrumb":{"@id":"https:\/\/webalkans.eu\/bs\/news\/e500000-eib-grant-to-ensure-sustainable-urban-mobility-in-nis-serbia\/#breadcrumb"},"inLanguage":"bs-BA","potentialAction":[{"@type":"ReadAction","target":["https:\/\/webalkans.eu\/bs\/news\/e500000-eib-grant-to-ensure-sustainable-urban-mobility-in-nis-serbia\/"]}]},{"@type":"ImageObject","inLanguage":"bs-BA","@id":"https:\/\/webalkans.eu\/bs\/news\/e500000-eib-grant-to-ensure-sustainable-urban-mobility-in-nis-serbia\/#primaryimage","url":"https:\/\/webalkans.eu\/wp-content\/uploads\/2022\/02\/1-scaled.jpg","contentUrl":"https:\/\/webalkans.eu\/wp-content\/uploads\/2022\/02\/1-scaled.jpg","width":2560,"height":1703},{"@type":"BreadcrumbList","@id":"https:\/\/webalkans.eu\/bs\/news\/e500000-eib-grant-to-ensure-sustainable-urban-mobility-in-nis-serbia\/#breadcrumb","itemListElement":[{"@type":"ListItem","position":1,"name":"Home","item":"https:\/\/webalkans.eu\/bs\/homepage\/"},{"@type":"ListItem","position":2,"name":"\u20ac500.000 grant EIB za obezbije\u0111ivanje odr\u017eive urbane mobilnosti u Ni\u0161u, Srbija"}]},{"@type":"WebSite","@id":"https:\/\/webalkans.eu\/bs\/#website","url":"https:\/\/webalkans.eu\/bs\/","name":"WeBalkans | EU Projects in the Western Balkans","description":"","publisher":{"@id":"https:\/\/webalkans.eu\/bs\/#organization"},"potentialAction":[{"@type":"SearchAction","target":{"@type":"EntryPoint","urlTemplate":"https:\/\/webalkans.eu\/bs\/?s={search_term_string}"},"query-input":{"@type":"PropertyValueSpecification","valueRequired":true,"valueName":"search_term_string"}}],"inLanguage":"bs-BA"},{"@type":"Organization","@id":"https:\/\/webalkans.eu\/bs\/#organization","name":"European Union","url":"https:\/\/webalkans.eu\/bs\/","logo":{"@type":"ImageObject","inLanguage":"bs-BA","@id":"https:\/\/webalkans.eu\/bs\/#\/schema\/logo\/image\/","url":"https:\/\/webalkans.eu\/wp-content\/uploads\/2020\/11\/eu_flag.jpg","contentUrl":"https:\/\/webalkans.eu\/wp-content\/uploads\/2020\/11\/eu_flag.jpg","width":600,"height":401,"caption":"European Union"},"image":{"@id":"https:\/\/webalkans.eu\/bs\/#\/schema\/logo\/image\/"},"sameAs":["https:\/\/www.facebook.com\/webalkans.eu","https:\/\/x.com\/WeBalkans"]},{"@type":"Person","@id":"https:\/\/webalkans.eu\/bs\/#\/schema\/person\/95a8ea19ef21de3b7766e9b65ffdb4da","name":"007designstudio@gmail.com"}]}},"_links":{"self":[{"href":"https:\/\/webalkans.eu\/bs\/wp-json\/wp\/v2\/posts\/521557"}],"collection":[{"href":"https:\/\/webalkans.eu\/bs\/wp-json\/wp\/v2\/posts"}],"about":[{"href":"https:\/\/webalkans.eu\/bs\/wp-json\/wp\/v2\/types\/post"}],"author":[{"embeddable":true,"href":"https:\/\/webalkans.eu\/bs\/wp-json\/wp\/v2\/users\/152227"}],"replies":[{"embeddable":true,"href":"https:\/\/webalkans.eu\/bs\/wp-json\/wp\/v2\/comments?post=521557"}],"version-history":[{"count":0,"href":"https:\/\/webalkans.eu\/bs\/wp-json\/wp\/v2\/posts\/521557\/revisions"}],"wp:featuredmedia":[{"embeddable":true,"href":"https:\/\/webalkans.eu\/bs\/wp-json\/wp\/v2\/media\/515103"}],"wp:attachment":[{"href":"https:\/\/webalkans.eu\/bs\/wp-json\/wp\/v2\/media?parent=521557"}],"wp:term":[{"taxonomy":"country-for-news","embeddable":true,"href":"https:\/\/webalkans.eu\/bs\/wp-json\/wp\/v2\/country-for-news?post=521557"}],"curies":[{"name":"wp","href":"https:\/\/api.w.org\/{rel}","templated":true}]}}